{"id":132244,"date":"2025-11-29T09:25:00","date_gmt":"2025-11-29T12:25:00","guid":{"rendered":"https:\/\/www.em.com.br\/emfoco\/?p=132244"},"modified":"2025-11-28T19:00:14","modified_gmt":"2025-11-28T22:00:14","slug":"o-eletrodomestico-que-pode-dobrar-sua-conta-de-luz-sem-voce-desconfiar","status":"publish","type":"post","link":"https:\/\/www.em.com.br\/emfoco\/2025\/11\/29\/o-eletrodomestico-que-pode-dobrar-sua-conta-de-luz-sem-voce-desconfiar\/","title":{"rendered":"O eletrodom\u00e9stico que pode dobrar sua conta de luz sem voc\u00ea desconfiar"},"content":{"rendered":"\n<p>Muita gente aposta que o ar-condicionado ou a geladeira s\u00e3o sempre os maiores vil\u00f5es da conta de luz, mas a verdadeira surpresa est\u00e1 na <strong>m\u00e1quina de lavar roupas<\/strong>, que pode quase dobrar o consumo quando utilizada de forma incorreta \u2014 tudo por causa de h\u00e1bitos simples que passam despercebidos no dia a dia.<\/p>\n\n\n\n<h2 class=\"wp-block-heading\">Por que a m\u00e1quina de lavar pode gastar tanta energia sem voc\u00ea perceber?<\/h2>\n\n\n\n<p>O principal erro \u00e9 selecionar ciclos longos ou \u00e1gua quente sem necessidade, j\u00e1 que aquecer \u00e1gua \u00e9 uma das fun\u00e7\u00f5es que mais exige da <strong>lavadora<\/strong>. A maioria das roupas n\u00e3o precisa desse recurso, e us\u00e1-lo sem motivo aumenta imediatamente o gasto de energia.<\/p>\n\n\n\n<p>Outro fator que eleva o consumo \u00e9 lavar poucas pe\u00e7as por vez ou sobrecarregar o tambor. Isso afeta o trabalho dos <strong>sensores internos<\/strong>, que podem repetir etapas, prolongar o funcionamento e at\u00e9 acionar novos ciclos para tentar corrigir o desequil\u00edbrio, ampliando o uso de eletricidade.<\/p>\n\n\n\n<figure class=\"wp-block-image size-large\"><img loading=\"lazy\" decoding=\"async\" width=\"1024\" height=\"576\" src=\"https:\/\/www.em.com.br\/emfoco\/wp-content\/uploads\/2025\/11\/maquina-de-lavar_1764189309869-1024x576.jpg\" alt=\"O eletrodom\u00e9stico que pode dobrar sua conta de luz sem voc\u00ea desconfiar\" class=\"wp-image-132276\" srcset=\"https:\/\/www.em.com.br\/emfoco\/wp-content\/uploads\/2025\/11\/maquina-de-lavar_1764189309869-1024x576.jpg 1024w, https:\/\/www.em.com.br\/emfoco\/wp-content\/uploads\/2025\/11\/maquina-de-lavar_1764189309869-300x169.jpg 300w, https:\/\/www.em.com.br\/emfoco\/wp-content\/uploads\/2025\/11\/maquina-de-lavar_1764189309869-768x432.jpg 768w, https:\/\/www.em.com.br\/emfoco\/wp-content\/uploads\/2025\/11\/maquina-de-lavar_1764189309869-750x422.jpg 750w, https:\/\/www.em.com.br\/emfoco\/wp-content\/uploads\/2025\/11\/maquina-de-lavar_1764189309869-1140x641.jpg 1140w, https:\/\/www.em.com.br\/emfoco\/wp-content\/uploads\/2025\/11\/maquina-de-lavar_1764189309869.jpg 1280w\" sizes=\"auto, (max-width: 1024px) 100vw, 1024px\" \/><figcaption class=\"wp-element-caption\">\u00c1gua quente e ciclos longos elevam o consumo sem voc\u00ea notar &#8211; Cr\u00e9ditos: depositphotos.com \/ AntonMatyukha<\/figcaption><\/figure>\n\n\n\n<p><em>Leia mais: <strong><a href=\"https:\/\/www.em.com.br\/emfoco\/2025\/11\/22\/os-eletrodomesticos-que-devem-ser-sempre-desligados-quando-sair-de-casa-para-evitar-incendios\/\" target=\"_blank\" rel=\"noreferrer noopener\">Os eletrodom\u00e9sticos que devem ser sempre desligados quando sair de casa para evitar inc\u00eandios<\/a><\/strong><\/em><\/p>\n\n\n\n<h2 class=\"wp-block-heading\">Quais h\u00e1bitos do dia a dia fazem a m\u00e1quina gastar ainda mais energia?<\/h2>\n\n\n\n<p>Muitos comportamentos autom\u00e1ticos aumentam o esfor\u00e7o da lavadora sem que o usu\u00e1rio note. Esses h\u00e1bitos interferem na rota\u00e7\u00e3o, no equil\u00edbrio e no enx\u00e1gue, levando o aparelho a trabalhar mais do que deveria e consumindo energia adicional. Os erros mais comuns incluem:<\/p>\n\n\n\n<ul class=\"wp-block-list\">\n<li><strong>Misturar tecidos pesados com leves<\/strong>, o que desestabiliza o tambor e causa repeti\u00e7\u00e3o de etapas.<\/li>\n\n\n\n<li><strong>Usar sab\u00e3o em excesso<\/strong>, gerando muita espuma e exigindo enx\u00e1gues extras.<\/li>\n\n\n\n<li><strong>Abrir a tampa durante o processo<\/strong>, interrompendo ciclos e for\u00e7ando rein\u00edcios de fun\u00e7\u00f5es.<\/li>\n<\/ul>\n\n\n\n<h2 class=\"wp-block-heading\">M\u00e1quinas frontais gastam menos energia mesmo com erros?<\/h2>\n\n\n\n<p>As m\u00e1quinas frontais tendem a ser mais econ\u00f4micas, pois usam menos \u00e1gua para atingir o mesmo n\u00edvel de limpeza. Por\u00e9m, selecionar <strong>centrifuga\u00e7\u00e3o m\u00e1xima<\/strong> para todos os tecidos aumenta esfor\u00e7o e consumo, especialmente em pe\u00e7as delicadas que n\u00e3o precisam de tanta velocidade.<\/p>\n\n\n\n<p>Outro ponto \u00e9 o ac\u00famulo de <strong><a href=\"https:\/\/www.ype.ind.br\/ype-explica\/como-limpar-maquina-de-lavar\" target=\"_blank\" rel=\"noreferrer noopener\">sujeira <\/a><\/strong>na borracha interna, que atrapalha o desempenho do <strong>motor<\/strong>. Quando a m\u00e1quina encontra resist\u00eancia para girar, o equipamento consome mais energia para manter o ciclo, encarecendo cada lavagem.<\/p>\n\n\n\n<figure class=\"wp-block-image size-large\"><img loading=\"lazy\" decoding=\"async\" width=\"1024\" height=\"576\" src=\"https:\/\/www.em.com.br\/emfoco\/wp-content\/uploads\/2025\/11\/maquina-de-lavar_1764189335576-1024x576.jpg\" alt=\"O eletrodom\u00e9stico que pode dobrar sua conta de luz sem voc\u00ea desconfiar\" class=\"wp-image-132277\" srcset=\"https:\/\/www.em.com.br\/emfoco\/wp-content\/uploads\/2025\/11\/maquina-de-lavar_1764189335576-1024x576.jpg 1024w, https:\/\/www.em.com.br\/emfoco\/wp-content\/uploads\/2025\/11\/maquina-de-lavar_1764189335576-300x169.jpg 300w, https:\/\/www.em.com.br\/emfoco\/wp-content\/uploads\/2025\/11\/maquina-de-lavar_1764189335576-768x432.jpg 768w, https:\/\/www.em.com.br\/emfoco\/wp-content\/uploads\/2025\/11\/maquina-de-lavar_1764189335576-750x422.jpg 750w, https:\/\/www.em.com.br\/emfoco\/wp-content\/uploads\/2025\/11\/maquina-de-lavar_1764189335576-1140x641.jpg 1140w, https:\/\/www.em.com.br\/emfoco\/wp-content\/uploads\/2025\/11\/maquina-de-lavar_1764189335576.jpg 1280w\" sizes=\"auto, (max-width: 1024px) 100vw, 1024px\" \/><figcaption class=\"wp-element-caption\">M\u00e1quinas frontais economizam, mas uso errado aumenta o consumo &#8211; Cr\u00e9ditos: depositphotos.com \/ margostock<\/figcaption><\/figure>\n\n\n\n<h2 class=\"wp-block-heading\">Quais pr\u00e1ticas evitam que a m\u00e1quina vire o grande vil\u00e3o da conta de luz?<\/h2>\n\n\n\n<p>Alguns cuidados simples tornam a lavagem mais leve para o equipamento e reduzem o desperd\u00edcio. Esses ajustes ajudam a evitar sobrecarga, mant\u00eam o ciclo est\u00e1vel e evitam que a m\u00e1quina funcione al\u00e9m do necess\u00e1rio:<\/p>\n\n\n\n<ul class=\"wp-block-list\">\n<li><strong>Evitar hor\u00e1rios de pico<\/strong>, que deixam a rede mais inst\u00e1vel e aumentam o consumo.<\/li>\n\n\n\n<li><strong>Manter o aparelho nivelado<\/strong>, garantindo rota\u00e7\u00e3o adequada e uso eficiente do motor.<\/li>\n\n\n\n<li><strong>Dispensar estabilizadores<\/strong>, que n\u00e3o s\u00e3o indicados para lavadoras e podem elevar o gasto.<\/li>\n<\/ul>\n\n\n\n<p>No fim, a <strong>m\u00e1quina de lavar<\/strong> pode, sim, se tornar a maior vil\u00e3 da conta de luz quando usada do jeito errado \u2014 mas pequenas corre\u00e7\u00f5es, como escolher ciclos adequados, evitar \u00e1gua quente e manter a manuten\u00e7\u00e3o em dia, tornam cada lavagem mais r\u00e1pida, econ\u00f4mica e eficiente.<\/p>\n","protected":false},"excerpt":{"rendered":"<p>Muita gente aposta que o ar-condicionado ou a geladeira s\u00e3o sempre os maiores vil\u00f5es da conta de luz, mas a verdadeira surpresa est\u00e1 na m\u00e1quina de lavar roupas, que pode quase dobrar o consumo quando utilizada de forma incorreta \u2014 tudo por causa de h\u00e1bitos simples que passam despercebidos no dia a dia. Por que [&hellip;]<\/p>\n","protected":false},"author":13,"featured_media":132275,"comment_status":"open","ping_status":"open","sticky":false,"template":"","format":"standard","meta":{"jnews-multi-image_gallery":[],"jnews_single_post":{"format":"standard"},"jnews_primary_category":[],"jnews_social_meta":[],"jnews_override_counter":[],"footnotes":""},"categories":[8819],"tags":[16886,1018,6071],"class_list":["post-132244","post","type-post","status-publish","format-standard","has-post-thumbnail","hentry","category-curiosidades","tag-conta-de-energia","tag-conta-de-luz","tag-eletrodomestico"],"yoast_head":"<!-- This site is optimized with the Yoast SEO plugin v23.8 - https:\/\/yoast.com\/wordpress\/plugins\/seo\/ -->\n<title>O eletrodom\u00e9stico que pode dobrar sua conta de luz sem voc\u00ea desconfiar - Estado de Minas - Em foco<\/title>\n<meta name=\"description\" content=\"Um eletrodom\u00e9stico comum pode consumir mais que o ar-condicionado se usado de forma errada. Veja os erros que aumentam sua conta de luz.\" \/>\n<meta name=\"robots\" content=\"index, follow, max-snippet:-1, max-image-preview:large, max-video-preview:-1\" \/>\n<link rel=\"canonical\" href=\"https:\/\/www.em.com.br\/emfoco\/2025\/11\/29\/o-eletrodomestico-que-pode-dobrar-sua-conta-de-luz-sem-voce-desconfiar\/\" \/>\n<meta property=\"og:locale\" content=\"pt_BR\" \/>\n<meta property=\"og:type\" content=\"article\" \/>\n<meta property=\"og:title\" content=\"O eletrodom\u00e9stico que pode dobrar sua conta de luz sem voc\u00ea desconfiar - Estado de Minas - Em foco\" \/>\n<meta property=\"og:description\" content=\"Um eletrodom\u00e9stico comum pode consumir mais que o ar-condicionado se usado de forma errada. Veja os erros que aumentam sua conta de luz.\" \/>\n<meta property=\"og:url\" content=\"https:\/\/www.em.com.br\/emfoco\/2025\/11\/29\/o-eletrodomestico-que-pode-dobrar-sua-conta-de-luz-sem-voce-desconfiar\/\" \/>\n<meta property=\"og:site_name\" content=\"Estado de Minas - Em foco\" \/>\n<meta property=\"article:published_time\" content=\"2025-11-29T12:25:00+00:00\" \/>\n<meta property=\"article:modified_time\" content=\"2025-11-28T22:00:14+00:00\" \/>\n<meta property=\"og:image\" content=\"https:\/\/www.em.com.br\/emfoco\/wp-content\/uploads\/2025\/11\/mosaico_1764189278579.jpg\" \/>\n\t<meta property=\"og:image:width\" content=\"1280\" \/>\n\t<meta property=\"og:image:height\" content=\"720\" \/>\n\t<meta property=\"og:image:type\" content=\"image\/jpeg\" \/>\n<meta name=\"author\" content=\"Gabriel Martins\" \/>\n<meta name=\"twitter:card\" content=\"summary_large_image\" \/>\n<meta name=\"twitter:label1\" content=\"Escrito por\" \/>\n\t<meta name=\"twitter:data1\" content=\"Gabriel Martins\" \/>\n\t<meta name=\"twitter:label2\" content=\"Est. tempo de leitura\" \/>\n\t<meta name=\"twitter:data2\" content=\"4 minutos\" \/>\n<!-- \/ Yoast SEO plugin. -->","yoast_head_json":{"title":"O eletrodom\u00e9stico que pode dobrar sua conta de luz sem voc\u00ea desconfiar - Estado de Minas - Em foco","description":"Um eletrodom\u00e9stico comum pode consumir mais que o ar-condicionado se usado de forma errada. Veja os erros que aumentam sua conta de luz.","robots":{"index":"index","follow":"follow","max-snippet":"max-snippet:-1","max-image-preview":"max-image-preview:large","max-video-preview":"max-video-preview:-1"},"canonical":"https:\/\/www.em.com.br\/emfoco\/2025\/11\/29\/o-eletrodomestico-que-pode-dobrar-sua-conta-de-luz-sem-voce-desconfiar\/","og_locale":"pt_BR","og_type":"article","og_title":"O eletrodom\u00e9stico que pode dobrar sua conta de luz sem voc\u00ea desconfiar - Estado de Minas - Em foco","og_description":"Um eletrodom\u00e9stico comum pode consumir mais que o ar-condicionado se usado de forma errada. Veja os erros que aumentam sua conta de luz.","og_url":"https:\/\/www.em.com.br\/emfoco\/2025\/11\/29\/o-eletrodomestico-que-pode-dobrar-sua-conta-de-luz-sem-voce-desconfiar\/","og_site_name":"Estado de Minas - Em foco","article_published_time":"2025-11-29T12:25:00+00:00","article_modified_time":"2025-11-28T22:00:14+00:00","og_image":[{"width":1280,"height":720,"url":"https:\/\/www.em.com.br\/emfoco\/wp-content\/uploads\/2025\/11\/mosaico_1764189278579.jpg","type":"image\/jpeg"}],"author":"Gabriel Martins","twitter_card":"summary_large_image","twitter_misc":{"Escrito por":"Gabriel Martins","Est. tempo de leitura":"4 minutos"},"schema":{"@context":"https:\/\/schema.org","@graph":[{"@type":"WebPage","@id":"https:\/\/www.em.com.br\/emfoco\/2025\/11\/29\/o-eletrodomestico-que-pode-dobrar-sua-conta-de-luz-sem-voce-desconfiar\/","url":"https:\/\/www.em.com.br\/emfoco\/2025\/11\/29\/o-eletrodomestico-que-pode-dobrar-sua-conta-de-luz-sem-voce-desconfiar\/","name":"O eletrodom\u00e9stico que pode dobrar sua conta de luz sem voc\u00ea desconfiar - Estado de Minas - Em foco","isPartOf":{"@id":"https:\/\/www.em.com.br\/emfoco\/#website"},"primaryImageOfPage":{"@id":"https:\/\/www.em.com.br\/emfoco\/2025\/11\/29\/o-eletrodomestico-que-pode-dobrar-sua-conta-de-luz-sem-voce-desconfiar\/#primaryimage"},"image":{"@id":"https:\/\/www.em.com.br\/emfoco\/2025\/11\/29\/o-eletrodomestico-que-pode-dobrar-sua-conta-de-luz-sem-voce-desconfiar\/#primaryimage"},"thumbnailUrl":"https:\/\/www.em.com.br\/emfoco\/wp-content\/uploads\/2025\/11\/mosaico_1764189278579.jpg","datePublished":"2025-11-29T12:25:00+00:00","dateModified":"2025-11-28T22:00:14+00:00","author":{"@id":"https:\/\/www.em.com.br\/emfoco\/#\/schema\/person\/1c9ddeab18b98abeffef834667bcf08a"},"description":"Um eletrodom\u00e9stico comum pode consumir mais que o ar-condicionado se usado de forma errada. Veja os erros que aumentam sua conta de luz.","breadcrumb":{"@id":"https:\/\/www.em.com.br\/emfoco\/2025\/11\/29\/o-eletrodomestico-que-pode-dobrar-sua-conta-de-luz-sem-voce-desconfiar\/#breadcrumb"},"inLanguage":"pt-BR","potentialAction":[{"@type":"ReadAction","target":["https:\/\/www.em.com.br\/emfoco\/2025\/11\/29\/o-eletrodomestico-que-pode-dobrar-sua-conta-de-luz-sem-voce-desconfiar\/"]}]},{"@type":"ImageObject","inLanguage":"pt-BR","@id":"https:\/\/www.em.com.br\/emfoco\/2025\/11\/29\/o-eletrodomestico-que-pode-dobrar-sua-conta-de-luz-sem-voce-desconfiar\/#primaryimage","url":"https:\/\/www.em.com.br\/emfoco\/wp-content\/uploads\/2025\/11\/mosaico_1764189278579.jpg","contentUrl":"https:\/\/www.em.com.br\/emfoco\/wp-content\/uploads\/2025\/11\/mosaico_1764189278579.jpg","width":1280,"height":720,"caption":"M\u00e1quina de lavar pode aumentar muito a conta com h\u00e1bitos simples - Cr\u00e9ditos: depositphotos.com \/ F01photo - depositphotos.com \/ ChiccoDodiFC"},{"@type":"BreadcrumbList","@id":"https:\/\/www.em.com.br\/emfoco\/2025\/11\/29\/o-eletrodomestico-que-pode-dobrar-sua-conta-de-luz-sem-voce-desconfiar\/#breadcrumb","itemListElement":[{"@type":"ListItem","position":1,"name":"In\u00edcio","item":"https:\/\/www.em.com.br\/emfoco\/"},{"@type":"ListItem","position":2,"name":"O eletrodom\u00e9stico que pode dobrar sua conta de luz sem voc\u00ea desconfiar"}]},{"@type":"WebSite","@id":"https:\/\/www.em.com.br\/emfoco\/#website","url":"https:\/\/www.em.com.br\/emfoco\/","name":"Estado de Minas - Em foco","description":"Acompanhe as \u00faltimas not\u00edcias e fique bem informado sobre tudo o que acontece em Minas Gerais, Brasil e no mundo.","potentialAction":[{"@type":"SearchAction","target":{"@type":"EntryPoint","urlTemplate":"https:\/\/www.em.com.br\/emfoco\/?s={search_term_string}"},"query-input":{"@type":"PropertyValueSpecification","valueRequired":true,"valueName":"search_term_string"}}],"inLanguage":"pt-BR"},{"@type":"Person","@id":"https:\/\/www.em.com.br\/emfoco\/#\/schema\/person\/1c9ddeab18b98abeffef834667bcf08a","name":"Gabriel Martins","image":{"@type":"ImageObject","inLanguage":"pt-BR","@id":"https:\/\/www.em.com.br\/emfoco\/#\/schema\/person\/image\/","url":"https:\/\/secure.gravatar.com\/avatar\/f0f1e2efdfd88f1ad2cb08c5c2731e50?s=96&d=mm&r=g","contentUrl":"https:\/\/secure.gravatar.com\/avatar\/f0f1e2efdfd88f1ad2cb08c5c2731e50?s=96&d=mm&r=g","caption":"Gabriel Martins"},"sameAs":["https:\/\/www.em.com.br\/emfoco\/"],"url":"https:\/\/www.em.com.br\/emfoco\/author\/gabrielmartinsmyth\/"}]}},"_links":{"self":[{"href":"https:\/\/www.em.com.br\/emfoco\/wp-json\/wp\/v2\/posts\/132244","targetHints":{"allow":["GET"]}}],"collection":[{"href":"https:\/\/www.em.com.br\/emfoco\/wp-json\/wp\/v2\/posts"}],"about":[{"href":"https:\/\/www.em.com.br\/emfoco\/wp-json\/wp\/v2\/types\/post"}],"author":[{"embeddable":true,"href":"https:\/\/www.em.com.br\/emfoco\/wp-json\/wp\/v2\/users\/13"}],"replies":[{"embeddable":true,"href":"https:\/\/www.em.com.br\/emfoco\/wp-json\/wp\/v2\/comments?post=132244"}],"version-history":[{"count":1,"href":"https:\/\/www.em.com.br\/emfoco\/wp-json\/wp\/v2\/posts\/132244\/revisions"}],"predecessor-version":[{"id":132278,"href":"https:\/\/www.em.com.br\/emfoco\/wp-json\/wp\/v2\/posts\/132244\/revisions\/132278"}],"wp:featuredmedia":[{"embeddable":true,"href":"https:\/\/www.em.com.br\/emfoco\/wp-json\/wp\/v2\/media\/132275"}],"wp:attachment":[{"href":"https:\/\/www.em.com.br\/emfoco\/wp-json\/wp\/v2\/media?parent=132244"}],"wp:term":[{"taxonomy":"category","embeddable":true,"href":"https:\/\/www.em.com.br\/emfoco\/wp-json\/wp\/v2\/categories?post=132244"},{"taxonomy":"post_tag","embeddable":true,"href":"https:\/\/www.em.com.br\/emfoco\/wp-json\/wp\/v2\/tags?post=132244"}],"curies":[{"name":"wp","href":"https:\/\/api.w.org\/{rel}","templated":true}]}}