{"id":132103,"date":"2025-11-27T20:35:00","date_gmt":"2025-11-27T23:35:00","guid":{"rendered":"https:\/\/www.em.com.br\/emfoco\/?p=132103"},"modified":"2025-11-26T15:40:30","modified_gmt":"2025-11-26T18:40:30","slug":"vale-a-pena-comprar-kits-prontos-ou-voce-esta-gastando-a-toa","status":"publish","type":"post","link":"https:\/\/www.em.com.br\/emfoco\/2025\/11\/27\/vale-a-pena-comprar-kits-prontos-ou-voce-esta-gastando-a-toa\/","title":{"rendered":"Vale a pena comprar kits prontos ou voc\u00ea est\u00e1 gastando \u00e0 toa?"},"content":{"rendered":"\n<p>A cada in\u00edcio de ano letivo, o mercado de materiais escolares apresenta novidades que acompanham avan\u00e7os tecnol\u00f3gicos e as demandas crescentes na educa\u00e7\u00e3o, trazendo inova\u00e7\u00f5es em produtos para estudantes e fam\u00edlias.<\/p>\n\n\n\n<h2 class=\"wp-block-heading\">Por que mochilas ergon\u00f4micas e tablets?<\/h2>\n\n\n<div class=\"wp-block-image\">\n<figure class=\"aligncenter size-large\"><img loading=\"lazy\" decoding=\"async\" width=\"1024\" height=\"576\" src=\"https:\/\/www.em.com.br\/emfoco\/wp-content\/uploads\/2025\/10\/tablet_1761126319634-1024x576.jpg\" alt=\"\" class=\"wp-image-121578\" srcset=\"https:\/\/www.em.com.br\/emfoco\/wp-content\/uploads\/2025\/10\/tablet_1761126319634-1024x576.jpg 1024w, https:\/\/www.em.com.br\/emfoco\/wp-content\/uploads\/2025\/10\/tablet_1761126319634-300x169.jpg 300w, https:\/\/www.em.com.br\/emfoco\/wp-content\/uploads\/2025\/10\/tablet_1761126319634-768x432.jpg 768w, https:\/\/www.em.com.br\/emfoco\/wp-content\/uploads\/2025\/10\/tablet_1761126319634-750x422.jpg 750w, https:\/\/www.em.com.br\/emfoco\/wp-content\/uploads\/2025\/10\/tablet_1761126319634-1140x641.jpg 1140w, https:\/\/www.em.com.br\/emfoco\/wp-content\/uploads\/2025\/10\/tablet_1761126319634.jpg 1280w\" sizes=\"auto, (max-width: 1024px) 100vw, 1024px\" \/><figcaption class=\"wp-element-caption\">Kits prontos trazem praticidade ou gasto desnecess\u00e1rio? &#8211; Cr\u00e9ditos: depositphotos.com \/ MicEnin<\/figcaption><\/figure><\/div>\n\n\n<p>As mochilas ergon\u00f4micas se consolidaram como tend\u00eancia, pois reduzem riscos de problemas posturais em crian\u00e7as e adolescentes. Com design anat\u00f4mico, al\u00e7as ajust\u00e1veis e materiais leves, s\u00e3o tamb\u00e9m resistentes e muito pr\u00e1ticas.<\/p>\n\n\n\n<p>O uso de tablets educacionais transformou a sala de aula. Esses dispositivos facilitam o acesso a materiais did\u00e1ticos interativos e atualizados, tornando a aprendizagem mais envolvente, al\u00e9m de aliviar o peso dos estudantes por substituir diversos livros impressos.<\/p>\n\n\n\n<h2 class=\"wp-block-heading\">Como comparar pre\u00e7os de forma f\u00e1cil?<\/h2>\n\n\n\n<p>A pesquisa de pre\u00e7os se tornou mais simples com ferramentas digitais, possibilitando economia na compra de materiais escolares. <strong>Aplicativos e sites de compara\u00e7\u00e3o<\/strong> ajudam n\u00e3o s\u00f3 a encontrar as melhores ofertas, mas tamb\u00e9m a manter o or\u00e7amento sob controle.<\/p>\n\n\n\n<p>Antes de finalizar as compras, vale explorar as principais op\u00e7\u00f5es dispon\u00edveis com aux\u00edlio de recursos online, al\u00e9m de aproveitar promo\u00e7\u00f5es e cupons digitais. Veja pr\u00e1ticas recomendadas:<\/p>\n\n\n\n<ul class=\"wp-block-list\">\n<li>Utilize buscadores e comparadores de pre\u00e7os espec\u00edficos para materiais escolares<\/li>\n\n\n\n<li>Cadastre-se em programas de desconto de grandes varejistas<\/li>\n\n\n\n<li>Ative alertas de promo\u00e7\u00f5es para acompanhar quedas de pre\u00e7os<\/li>\n<\/ul>\n\n\n\n<h2 class=\"wp-block-heading\">Kits prontos valem a pena ou n\u00e3o?<\/h2>\n\n\n\n<p>Kits prontos de material escolar aparentam ser op\u00e7\u00e3o conveniente, por\u00e9m, nem sempre representam economia real. Avaliar a qualidade e necessidade de cada item do kit \u00e9 essencial para evitar adquirir produtos desnecess\u00e1rios ou de baixa durabilidade.<\/p>\n\n\n\n<p>Muitas vezes, selecionar itens separadamente garante maior controle do or\u00e7amento, al\u00e9m de proporcionar escolha de marcas reconhecidas e materiais mais adequados \u00e0s necessidades de cada estudante.<\/p>\n\n\n\n<p>Leia mais: <a href=\"https:\/\/www.em.com.br\/emfoco\/2025\/11\/21\/entenda-como-o-credito-facil-garante-sua-independencia-financeira\/\" target=\"_blank\" rel=\"noreferrer noopener\">Entenda como o cr\u00e9dito f\u00e1cil garante sua independ\u00eancia financeira<\/a><\/p>\n\n\n\n<h2 class=\"wp-block-heading\">Por que a pol\u00edtica de troca \u00e9 crucial?<\/h2>\n\n\n<div class=\"wp-block-image\">\n<figure class=\"aligncenter size-large\"><img loading=\"lazy\" decoding=\"async\" width=\"1024\" height=\"576\" src=\"https:\/\/www.em.com.br\/emfoco\/wp-content\/uploads\/2025\/11\/materiais-escolares_1763742272500-1024x576.jpg\" alt=\"\" class=\"wp-image-132142\" srcset=\"https:\/\/www.em.com.br\/emfoco\/wp-content\/uploads\/2025\/11\/materiais-escolares_1763742272500-1024x576.jpg 1024w, https:\/\/www.em.com.br\/emfoco\/wp-content\/uploads\/2025\/11\/materiais-escolares_1763742272500-300x169.jpg 300w, https:\/\/www.em.com.br\/emfoco\/wp-content\/uploads\/2025\/11\/materiais-escolares_1763742272500-768x432.jpg 768w, https:\/\/www.em.com.br\/emfoco\/wp-content\/uploads\/2025\/11\/materiais-escolares_1763742272500-750x422.jpg 750w, https:\/\/www.em.com.br\/emfoco\/wp-content\/uploads\/2025\/11\/materiais-escolares_1763742272500-1140x641.jpg 1140w, https:\/\/www.em.com.br\/emfoco\/wp-content\/uploads\/2025\/11\/materiais-escolares_1763742272500.jpg 1280w\" sizes=\"auto, (max-width: 1024px) 100vw, 1024px\" \/><figcaption class=\"wp-element-caption\">Kits prontos trazem praticidade ou gasto desnecess\u00e1rio? &#8211; Cr\u00e9ditos: depositphotos.com \/ AntonMatyukha<\/figcaption><\/figure><\/div>\n\n\n<p>Entender a pol\u00edtica de troca e devolu\u00e7\u00e3o ao comprar <a href=\"https:\/\/www.gov.br\/fnde\/pt-br\/acesso-a-informacao\/acoes-e-programas\/acoes\/compras-governamentais\/compras-nacionais\/carta-consulta-e-comunicados\/2023\/materiais-escolares-1\" target=\"_blank\" rel=\"noreferrer noopener\">materiais escolares<\/a> online \u00e9 primordial para o consumidor. Essa precau\u00e7\u00e3o previne poss\u00edveis transtornos caso algum item apresente defeito ou n\u00e3o corresponda \u00e0s expectativas.<\/p>\n\n\n\n<p>A leitura atenta dessas pol\u00edticas protege contra preju\u00edzos e assegura satisfa\u00e7\u00e3o na compra, garantindo que uma solu\u00e7\u00e3o r\u00e1pida seja poss\u00edvel caso haja necessidade de devolu\u00e7\u00e3o ou substitui\u00e7\u00e3o de produtos.<\/p>\n\n\n\n<p>Leia mais: <a href=\"https:\/\/www.em.com.br\/emfoco\/2025\/11\/08\/autonoma-ve-a-regra-facil-para-conseguir-o-microcredito-da-caixa-e-bb\/\" target=\"_blank\" rel=\"noreferrer noopener\">Aut\u00f4noma v\u00ea a regra f\u00e1cil para conseguir o microcr\u00e9dito da Caixa e BB<\/a><\/p>\n\n\n\n<h2 class=\"wp-block-heading\">Como encontrar melhor custo-benef\u00edcio?<\/h2>\n\n\n\n<p>Buscar equil\u00edbrio entre custo e benef\u00edcio \u00e9 uma das principais estrat\u00e9gias para garantir qualidade sem excesso de gastos. Materiais de boa proced\u00eancia geralmente possuem maior durabilidade, evitando constantes reposi\u00e7\u00f5es.<\/p>\n\n\n\n<p>Opte por marcas que ofere\u00e7am garantias e aplica\u00e7\u00f5es pr\u00e1ticas para o cotidiano escolar. Assim, \u00e9 poss\u00edvel garantir recursos adequados ao aprendizado, sem comprometer o or\u00e7amento familiar.<\/p>\n","protected":false},"excerpt":{"rendered":"<p>A cada in\u00edcio de ano letivo, o mercado de materiais escolares apresenta novidades que acompanham avan\u00e7os tecnol\u00f3gicos e as demandas crescentes na educa\u00e7\u00e3o, trazendo inova\u00e7\u00f5es em produtos para estudantes e fam\u00edlias. Por que mochilas ergon\u00f4micas e tablets? As mochilas ergon\u00f4micas se consolidaram como tend\u00eancia, pois reduzem riscos de problemas posturais em crian\u00e7as e adolescentes. Com [&hellip;]<\/p>\n","protected":false},"author":20,"featured_media":132141,"comment_status":"open","ping_status":"open","sticky":false,"template":"","format":"standard","meta":{"jnews-multi-image_gallery":[],"jnews_single_post":{"format":"standard"},"jnews_primary_category":[],"jnews_social_meta":[],"jnews_override_counter":[],"footnotes":""},"categories":[28,1],"tags":[1928,19358],"class_list":["post-132103","post","type-post","status-publish","format-standard","has-post-thumbnail","hentry","category-economia","category-noticias","tag-compras","tag-materiais-escolares"],"yoast_head":"<!-- This site is optimized with the Yoast SEO plugin v23.8 - https:\/\/yoast.com\/wordpress\/plugins\/seo\/ -->\n<title>Vale a pena comprar kits prontos ou voc\u00ea est\u00e1 gastando \u00e0 toa? - Estado de Minas - Em foco<\/title>\n<meta name=\"description\" content=\"Entenda se kits prontos valem a pena ou se voc\u00ea pode estar gastando sem necessidade, avalie custo\u2011benef\u00edcio e necessidades reais.\" \/>\n<meta name=\"robots\" content=\"index, follow, max-snippet:-1, max-image-preview:large, max-video-preview:-1\" \/>\n<link rel=\"canonical\" href=\"https:\/\/www.em.com.br\/emfoco\/2025\/11\/27\/vale-a-pena-comprar-kits-prontos-ou-voce-esta-gastando-a-toa\/\" \/>\n<meta property=\"og:locale\" content=\"pt_BR\" \/>\n<meta property=\"og:type\" content=\"article\" \/>\n<meta property=\"og:title\" content=\"Vale a pena comprar kits prontos ou voc\u00ea est\u00e1 gastando \u00e0 toa? - Estado de Minas - Em foco\" \/>\n<meta property=\"og:description\" content=\"Entenda se kits prontos valem a pena ou se voc\u00ea pode estar gastando sem necessidade, avalie custo\u2011benef\u00edcio e necessidades reais.\" \/>\n<meta property=\"og:url\" content=\"https:\/\/www.em.com.br\/emfoco\/2025\/11\/27\/vale-a-pena-comprar-kits-prontos-ou-voce-esta-gastando-a-toa\/\" \/>\n<meta property=\"og:site_name\" content=\"Estado de Minas - Em foco\" \/>\n<meta property=\"article:published_time\" content=\"2025-11-27T23:35:00+00:00\" \/>\n<meta property=\"article:modified_time\" content=\"2025-11-26T18:40:30+00:00\" \/>\n<meta property=\"og:image\" content=\"https:\/\/www.em.com.br\/emfoco\/wp-content\/uploads\/2025\/11\/materiais-escolares_1763742291011.jpg\" \/>\n\t<meta property=\"og:image:width\" content=\"1280\" \/>\n\t<meta property=\"og:image:height\" content=\"720\" \/>\n\t<meta property=\"og:image:type\" content=\"image\/jpeg\" \/>\n<meta name=\"author\" content=\"Ingrid Diniz\" \/>\n<meta name=\"twitter:card\" content=\"summary_large_image\" \/>\n<meta name=\"twitter:label1\" content=\"Escrito por\" \/>\n\t<meta name=\"twitter:data1\" content=\"Ingrid Diniz\" \/>\n\t<meta name=\"twitter:label2\" content=\"Est. tempo de leitura\" \/>\n\t<meta name=\"twitter:data2\" content=\"4 minutos\" \/>\n<!-- \/ Yoast SEO plugin. -->","yoast_head_json":{"title":"Vale a pena comprar kits prontos ou voc\u00ea est\u00e1 gastando \u00e0 toa? - Estado de Minas - Em foco","description":"Entenda se kits prontos valem a pena ou se voc\u00ea pode estar gastando sem necessidade, avalie custo\u2011benef\u00edcio e necessidades reais.","robots":{"index":"index","follow":"follow","max-snippet":"max-snippet:-1","max-image-preview":"max-image-preview:large","max-video-preview":"max-video-preview:-1"},"canonical":"https:\/\/www.em.com.br\/emfoco\/2025\/11\/27\/vale-a-pena-comprar-kits-prontos-ou-voce-esta-gastando-a-toa\/","og_locale":"pt_BR","og_type":"article","og_title":"Vale a pena comprar kits prontos ou voc\u00ea est\u00e1 gastando \u00e0 toa? - Estado de Minas - Em foco","og_description":"Entenda se kits prontos valem a pena ou se voc\u00ea pode estar gastando sem necessidade, avalie custo\u2011benef\u00edcio e necessidades reais.","og_url":"https:\/\/www.em.com.br\/emfoco\/2025\/11\/27\/vale-a-pena-comprar-kits-prontos-ou-voce-esta-gastando-a-toa\/","og_site_name":"Estado de Minas - Em foco","article_published_time":"2025-11-27T23:35:00+00:00","article_modified_time":"2025-11-26T18:40:30+00:00","og_image":[{"width":1280,"height":720,"url":"https:\/\/www.em.com.br\/emfoco\/wp-content\/uploads\/2025\/11\/materiais-escolares_1763742291011.jpg","type":"image\/jpeg"}],"author":"Ingrid Diniz","twitter_card":"summary_large_image","twitter_misc":{"Escrito por":"Ingrid Diniz","Est. tempo de leitura":"4 minutos"},"schema":{"@context":"https:\/\/schema.org","@graph":[{"@type":"WebPage","@id":"https:\/\/www.em.com.br\/emfoco\/2025\/11\/27\/vale-a-pena-comprar-kits-prontos-ou-voce-esta-gastando-a-toa\/","url":"https:\/\/www.em.com.br\/emfoco\/2025\/11\/27\/vale-a-pena-comprar-kits-prontos-ou-voce-esta-gastando-a-toa\/","name":"Vale a pena comprar kits prontos ou voc\u00ea est\u00e1 gastando \u00e0 toa? - Estado de Minas - Em foco","isPartOf":{"@id":"https:\/\/www.em.com.br\/emfoco\/#website"},"primaryImageOfPage":{"@id":"https:\/\/www.em.com.br\/emfoco\/2025\/11\/27\/vale-a-pena-comprar-kits-prontos-ou-voce-esta-gastando-a-toa\/#primaryimage"},"image":{"@id":"https:\/\/www.em.com.br\/emfoco\/2025\/11\/27\/vale-a-pena-comprar-kits-prontos-ou-voce-esta-gastando-a-toa\/#primaryimage"},"thumbnailUrl":"https:\/\/www.em.com.br\/emfoco\/wp-content\/uploads\/2025\/11\/materiais-escolares_1763742291011.jpg","datePublished":"2025-11-27T23:35:00+00:00","dateModified":"2025-11-26T18:40:30+00:00","author":{"@id":"https:\/\/www.em.com.br\/emfoco\/#\/schema\/person\/649e610b4eb8fff87ff394e54fe17b2b"},"description":"Entenda se kits prontos valem a pena ou se voc\u00ea pode estar gastando sem necessidade, avalie custo\u2011benef\u00edcio e necessidades reais.","breadcrumb":{"@id":"https:\/\/www.em.com.br\/emfoco\/2025\/11\/27\/vale-a-pena-comprar-kits-prontos-ou-voce-esta-gastando-a-toa\/#breadcrumb"},"inLanguage":"pt-BR","potentialAction":[{"@type":"ReadAction","target":["https:\/\/www.em.com.br\/emfoco\/2025\/11\/27\/vale-a-pena-comprar-kits-prontos-ou-voce-esta-gastando-a-toa\/"]}]},{"@type":"ImageObject","inLanguage":"pt-BR","@id":"https:\/\/www.em.com.br\/emfoco\/2025\/11\/27\/vale-a-pena-comprar-kits-prontos-ou-voce-esta-gastando-a-toa\/#primaryimage","url":"https:\/\/www.em.com.br\/emfoco\/wp-content\/uploads\/2025\/11\/materiais-escolares_1763742291011.jpg","contentUrl":"https:\/\/www.em.com.br\/emfoco\/wp-content\/uploads\/2025\/11\/materiais-escolares_1763742291011.jpg","width":1280,"height":720,"caption":"Kits prontos trazem praticidade ou gasto desnecess\u00e1rio? - Cr\u00e9ditos: depositphotos.com \/ RostyslavOleksin"},{"@type":"BreadcrumbList","@id":"https:\/\/www.em.com.br\/emfoco\/2025\/11\/27\/vale-a-pena-comprar-kits-prontos-ou-voce-esta-gastando-a-toa\/#breadcrumb","itemListElement":[{"@type":"ListItem","position":1,"name":"In\u00edcio","item":"https:\/\/www.em.com.br\/emfoco\/"},{"@type":"ListItem","position":2,"name":"Vale a pena comprar kits prontos ou voc\u00ea est\u00e1 gastando \u00e0 toa?"}]},{"@type":"WebSite","@id":"https:\/\/www.em.com.br\/emfoco\/#website","url":"https:\/\/www.em.com.br\/emfoco\/","name":"Estado de Minas - Em foco","description":"Acompanhe as \u00faltimas not\u00edcias e fique bem informado sobre tudo o que acontece em Minas Gerais, Brasil e no mundo.","potentialAction":[{"@type":"SearchAction","target":{"@type":"EntryPoint","urlTemplate":"https:\/\/www.em.com.br\/emfoco\/?s={search_term_string}"},"query-input":{"@type":"PropertyValueSpecification","valueRequired":true,"valueName":"search_term_string"}}],"inLanguage":"pt-BR"},{"@type":"Person","@id":"https:\/\/www.em.com.br\/emfoco\/#\/schema\/person\/649e610b4eb8fff87ff394e54fe17b2b","name":"Ingrid Diniz","image":{"@type":"ImageObject","inLanguage":"pt-BR","@id":"https:\/\/www.em.com.br\/emfoco\/#\/schema\/person\/image\/","url":"https:\/\/secure.gravatar.com\/avatar\/a3baa1449ec5c39b4c42babc9d4f3951?s=96&d=mm&r=g","contentUrl":"https:\/\/secure.gravatar.com\/avatar\/a3baa1449ec5c39b4c42babc9d4f3951?s=96&d=mm&r=g","caption":"Ingrid Diniz"},"sameAs":["https:\/\/www.em.com.br\/"],"url":"https:\/\/www.em.com.br\/emfoco\/author\/ingridmyth\/"}]}},"_links":{"self":[{"href":"https:\/\/www.em.com.br\/emfoco\/wp-json\/wp\/v2\/posts\/132103","targetHints":{"allow":["GET"]}}],"collection":[{"href":"https:\/\/www.em.com.br\/emfoco\/wp-json\/wp\/v2\/posts"}],"about":[{"href":"https:\/\/www.em.com.br\/emfoco\/wp-json\/wp\/v2\/types\/post"}],"author":[{"embeddable":true,"href":"https:\/\/www.em.com.br\/emfoco\/wp-json\/wp\/v2\/users\/20"}],"replies":[{"embeddable":true,"href":"https:\/\/www.em.com.br\/emfoco\/wp-json\/wp\/v2\/comments?post=132103"}],"version-history":[{"count":1,"href":"https:\/\/www.em.com.br\/emfoco\/wp-json\/wp\/v2\/posts\/132103\/revisions"}],"predecessor-version":[{"id":132183,"href":"https:\/\/www.em.com.br\/emfoco\/wp-json\/wp\/v2\/posts\/132103\/revisions\/132183"}],"wp:featuredmedia":[{"embeddable":true,"href":"https:\/\/www.em.com.br\/emfoco\/wp-json\/wp\/v2\/media\/132141"}],"wp:attachment":[{"href":"https:\/\/www.em.com.br\/emfoco\/wp-json\/wp\/v2\/media?parent=132103"}],"wp:term":[{"taxonomy":"category","embeddable":true,"href":"https:\/\/www.em.com.br\/emfoco\/wp-json\/wp\/v2\/categories?post=132103"},{"taxonomy":"post_tag","embeddable":true,"href":"https:\/\/www.em.com.br\/emfoco\/wp-json\/wp\/v2\/tags?post=132103"}],"curies":[{"name":"wp","href":"https:\/\/api.w.org\/{rel}","templated":true}]}}