{"id":131976,"date":"2025-11-26T11:00:00","date_gmt":"2025-11-26T14:00:00","guid":{"rendered":"https:\/\/www.em.com.br\/emfoco\/?p=131976"},"modified":"2025-11-26T10:01:54","modified_gmt":"2025-11-26T13:01:54","slug":"se-voce-quer-ter-uma-vida-mais-estavel-aos-50-anos-diga-adeus-a-estes-7-habitos","status":"publish","type":"post","link":"https:\/\/www.em.com.br\/emfoco\/2025\/11\/26\/se-voce-quer-ter-uma-vida-mais-estavel-aos-50-anos-diga-adeus-a-estes-7-habitos\/","title":{"rendered":"Se voc\u00ea quer ter uma vida mais est\u00e1vel aos 50 anos, diga adeus a estes 7 h\u00e1bitos"},"content":{"rendered":"\n<p>Chegar aos 50 anos significa entrar em uma fase decisiva da vida, na qual mais de 70% das pessoas relatam desejar mudan\u00e7as profundas em busca de mais sa\u00fade e bem-estar, segundo pesquisas recentes. \u00c9 um momento marcado por reflex\u00f5es e transforma\u00e7\u00f5es importantes, que podem servir de ponto de partida para uma vida mais equilibrada, plena e consciente. Identificar e modificar h\u00e1bitos prejudiciais passa a ser essencial para conquistar seguran\u00e7a, sa\u00fade e bem-estar duradouros nessa etapa da jornada.<\/p>\n\n\n\n<h2 class=\"wp-block-heading\">Quais h\u00e1bitos limitam o bem-estar ap\u00f3s os 50 anos<\/h2>\n\n\n\n<p>Muitos adultos encontram dificuldade em dizer \u201cn\u00e3o\u201d por querer agradar a todos, o que leva ao esgotamento. Aprender a impor limites saud\u00e1veis \u00e9 um passo fundamental para o autocuidado, entendendo que priorizar suas necessidades, n\u00e3o \u00e9 ego\u00edsmo.<\/p>\n\n\n\n<p>Ao reconhecer esse padr\u00e3o limitante, \u00e9 poss\u00edvel abrir espa\u00e7o para escolhas mais conscientes, protegendo a sa\u00fade f\u00edsica e emocional.<\/p>\n\n\n\n<h2 class=\"wp-block-heading\">Como prevenir problemas de sa\u00fade na meia-idade<\/h2>\n\n\n\n<p>Negligenciar a sa\u00fade preventiva \u00e9 um erro comum, mas a realiza\u00e7\u00e3o de exames regulares e o acompanhamento m\u00e9dico se tornam ainda mais importantes com o tempo.<\/p>\n\n\n\n<figure class=\"wp-block-image\"><img decoding=\"async\" src=\"https:\/\/www.em.com.br\/emfoco\/wp-content\/uploads\/2025\/07\/mulher-50-anos-triste_1753815299070-1024x576.jpg\" alt=\"\"\/><figcaption class=\"wp-element-caption\">A vida ap\u00f3s os 50 ganha for\u00e7a com escolhas conscientes &#8211; Cr\u00e9ditos: depositphotos.com \/ Photodjo<\/figcaption><\/figure>\n\n\n\n<p>Abaixo est\u00e3o alguns cuidados recomendados a partir dos 50 anos para promover uma sa\u00fade duradoura:<\/p>\n\n\n\n<ul class=\"wp-block-list\">\n<li>Exames de rotina peri\u00f3dicos<\/li>\n\n\n\n<li>Pr\u00e1tica de atividade f\u00edsica regular<\/li>\n\n\n\n<li>Alimenta\u00e7\u00e3o balanceada<\/li>\n\n\n\n<li>Acompanhamento psicol\u00f3gico, quando necess\u00e1rio<\/li>\n<\/ul>\n\n\n\n<p>Al\u00e9m disso, pequenas mudan\u00e7as como manter-se hidratado, controlar o estresse e cultivar v\u00ednculos sociais tamb\u00e9m fazem diferen\u00e7a significativa para a preven\u00e7\u00e3o de doen\u00e7as.<\/p>\n\n\n\n<h2 class=\"wp-block-heading\">O que significa viver no piloto autom\u00e1tico aos 50 anos<\/h2>\n\n\n\n<p>Funcionar constantemente no piloto autom\u00e1tico impede que se aproveite plenamente a vida e dificulta tomadas de decis\u00f5es conscientes. O reencontro com o presente nessa fase \u00e9 uma oportunidade valiosa para obter mais satisfa\u00e7\u00e3o nas escolhas di\u00e1rias.<\/p>\n\n\n\n<p>Buscar presen\u00e7a e prop\u00f3sito nas a\u00e7\u00f5es cotidianas faz parte de uma vida mais intencional e gratificante. T\u00e9cnicas como medita\u00e7\u00e3o, respira\u00e7\u00e3o consciente ou novas experi\u00eancias podem ajudar a sair desse modo autom\u00e1tico. No v\u00eddeo abaixo, a psicologa <a href=\"https:\/\/www.youtube.com\/@TamirisKreibich\" target=\"_blank\" rel=\"noreferrer noopener\">Tam\u00edris Kreibich<\/a> fala sobre viver no autom\u00e1tico e como sair disso:<\/p>\n\n\n\n<figure class=\"wp-block-embed is-type-video is-provider-youtube wp-block-embed-youtube wp-embed-aspect-16-9 wp-has-aspect-ratio\"><div class=\"wp-block-embed__wrapper\">\n<div class=\"jeg_video_container jeg_video_content\"><iframe loading=\"lazy\" title=\"Saia do piloto autom\u00e1tico e viva de forma mais plena\" width=\"500\" height=\"281\" src=\"https:\/\/www.youtube.com\/embed\/FI1vDRQFPGs?feature=oembed\" frameborder=\"0\" allow=\"accelerometer; autoplay; clipboard-write; encrypted-media; gyroscope; picture-in-picture; web-share\" referrerpolicy=\"strict-origin-when-cross-origin\" allowfullscreen><\/iframe><\/div>\n<\/div><\/figure>\n\n\n\n<h2 class=\"wp-block-heading\">Por que o sono deve ser prioridade depois dos 50 anos<\/h2>\n\n\n\n<p>O descanso adequado se torna indispens\u00e1vel conforme a idade avan\u00e7a. Sacrificar o sono pode comprometer o bem-estar f\u00edsico, mental e emocional.<\/p>\n\n\n\n<p>Priorizar h\u00e1bitos que favore\u00e7am uma boa qualidade de sono \u00e9 uma estrat\u00e9gia essencial para garantir vitalidade e preven\u00e7\u00e3o de doen\u00e7as.<\/p>\n\n\n\n<p>Rotinas de relaxamento \u00e0 noite, moderar o uso de tecnologias antes de dormir e manter um ambiente agrad\u00e1vel no quarto s\u00e3o atitudes que fortalecem a sa\u00fade nessa fase.<\/p>\n\n\n\n<h2 class=\"wp-block-heading\">Como criar equil\u00edbrio entre rela\u00e7\u00f5es e finan\u00e7as<\/h2>\n\n\n\n<p>Manter rela\u00e7\u00f5es t\u00f3xicas ou desorganiza\u00e7\u00e3o financeira s\u00e3o dois fatores que interferem negativamente no equil\u00edbrio emocional. Avaliar cuidadosamente os relacionamentos e priorizar a sa\u00fade financeira contribuem para tranquilidade a longo prazo.<\/p>\n\n\n\n<p>Planejar a aposentadoria e evitar d\u00edvidas s\u00e3o atitudes que fortalecem a estabilidade e reduzem a ansiedade com o futuro.<\/p>\n\n\n\n<p>Buscar educa\u00e7\u00e3o financeira, alinhar expectativas familiares e fortalecer uma rede de apoio saud\u00e1vel tamb\u00e9m s\u00e3o pontos-chave para essa fase.<\/p>\n\n\n\n<h2 class=\"wp-block-heading\">\u00c9 negativo adiar sonhos e projetos pessoais?<\/h2>\n\n\n\n<p>Adiar projetos e sonhos pessoais pode diminuir a sensa\u00e7\u00e3o de prop\u00f3sito nessa fase da vida. Buscar a realiza\u00e7\u00e3o e ocupar-se com objetivos genu\u00ednos promovem um sentido renovado de satisfa\u00e7\u00e3o e anima\u00e7\u00e3o.<\/p>\n\n\n\n<p>Dedicar tempo \u00e0s verdadeiras aspira\u00e7\u00f5es fortalece sa\u00fade emocional e d\u00e1 significado ao cotidiano. Nunca \u00e9 tarde para retomar planos antigos ou investir em novos talentos.<\/p>\n\n\n\n<p>A meia-idade \u00e9 uma fase prop\u00edcia para refletir, realinhar prioridades e eliminar h\u00e1bitos limitantes. Escolher mudan\u00e7as positivas, priorizar sa\u00fade, autoconhecimento e realiza\u00e7\u00e3o pessoal s\u00e3o caminhos fundamentais para uma exist\u00eancia plena e significativa.&nbsp;<strong>Aos 50 anos<\/strong>, cada decis\u00e3o tem potencial real de transformar a vida de hoje e do futuro. Liberte-se das limita\u00e7\u00f5es do passado: agora \u00e9 o tempo de colocar sua pr\u00f3pria felicidade no centro, escrever novos cap\u00edtulos e mostrar que nunca \u00e9 tarde para florescer.<\/p>\n\n\n\n<p><\/p>\n","protected":false},"excerpt":{"rendered":"<p>Chegar aos 50 anos significa entrar em uma fase decisiva da vida, na qual mais de 70% das pessoas relatam desejar mudan\u00e7as profundas em busca de mais sa\u00fade e bem-estar, segundo pesquisas recentes. \u00c9 um momento marcado por reflex\u00f5es e transforma\u00e7\u00f5es importantes, que podem servir de ponto de partida para uma vida mais equilibrada, plena [&hellip;]<\/p>\n","protected":false},"author":11,"featured_media":131980,"comment_status":"open","ping_status":"open","sticky":false,"template":"","format":"standard","meta":{"jnews-multi-image_gallery":[],"jnews_single_post":{"format":"standard"},"jnews_primary_category":[],"jnews_social_meta":[],"jnews_override_counter":[],"footnotes":""},"categories":[1,9053],"tags":[712,711,266,9040,5963,4891,19324,12756],"class_list":["post-131976","post","type-post","status-publish","format-standard","has-post-thumbnail","hentry","category-noticias","category-saude","tag-autocuidado","tag-bem-estar","tag-equilibrio","tag-habitos","tag-maturidade","tag-meia-idade","tag-mudancas-de-habitos","tag-saude-2"],"yoast_head":"<!-- This site is optimized with the Yoast SEO plugin v23.8 - https:\/\/yoast.com\/wordpress\/plugins\/seo\/ -->\n<title>Se voc\u00ea quer ter uma vida mais est\u00e1vel aos 50 anos, diga adeus a estes 7 h\u00e1bitos - Estado de Minas - Em foco<\/title>\n<meta name=\"description\" content=\"A meia-idade revela h\u00e1bitos que limitam o bem-estar e convida a escolhas maduras, presen\u00e7a no cotidiano e realiza\u00e7\u00e3o de sonhos que antes foram adiados.\" \/>\n<meta name=\"robots\" content=\"index, follow, max-snippet:-1, max-image-preview:large, max-video-preview:-1\" \/>\n<link rel=\"canonical\" href=\"https:\/\/www.em.com.br\/emfoco\/2025\/11\/26\/se-voce-quer-ter-uma-vida-mais-estavel-aos-50-anos-diga-adeus-a-estes-7-habitos\/\" \/>\n<meta property=\"og:locale\" content=\"pt_BR\" \/>\n<meta property=\"og:type\" content=\"article\" \/>\n<meta property=\"og:title\" content=\"Se voc\u00ea quer ter uma vida mais est\u00e1vel aos 50 anos, diga adeus a estes 7 h\u00e1bitos - Estado de Minas - Em foco\" \/>\n<meta property=\"og:description\" content=\"A meia-idade revela h\u00e1bitos que limitam o bem-estar e convida a escolhas maduras, presen\u00e7a no cotidiano e realiza\u00e7\u00e3o de sonhos que antes foram adiados.\" \/>\n<meta property=\"og:url\" content=\"https:\/\/www.em.com.br\/emfoco\/2025\/11\/26\/se-voce-quer-ter-uma-vida-mais-estavel-aos-50-anos-diga-adeus-a-estes-7-habitos\/\" \/>\n<meta property=\"og:site_name\" content=\"Estado de Minas - Em foco\" \/>\n<meta property=\"article:published_time\" content=\"2025-11-26T14:00:00+00:00\" \/>\n<meta property=\"article:modified_time\" content=\"2025-11-26T13:01:54+00:00\" \/>\n<meta property=\"og:image\" content=\"https:\/\/www.em.com.br\/emfoco\/wp-content\/uploads\/2025\/11\/Gemini_Generated_Image_ud518mud518mud51-1.png\" \/>\n\t<meta property=\"og:image:width\" content=\"1280\" \/>\n\t<meta property=\"og:image:height\" content=\"720\" \/>\n\t<meta property=\"og:image:type\" content=\"image\/png\" \/>\n<meta name=\"author\" content=\"Andre\u0301 Rangel\u00a0\" \/>\n<meta name=\"twitter:card\" content=\"summary_large_image\" \/>\n<meta name=\"twitter:label1\" content=\"Escrito por\" \/>\n\t<meta name=\"twitter:data1\" content=\"Andre\u0301 Rangel\u00a0\" \/>\n\t<meta name=\"twitter:label2\" content=\"Est. tempo de leitura\" \/>\n\t<meta name=\"twitter:data2\" content=\"4 minutos\" \/>\n<!-- \/ Yoast SEO plugin. -->","yoast_head_json":{"title":"Se voc\u00ea quer ter uma vida mais est\u00e1vel aos 50 anos, diga adeus a estes 7 h\u00e1bitos - Estado de Minas - Em foco","description":"A meia-idade revela h\u00e1bitos que limitam o bem-estar e convida a escolhas maduras, presen\u00e7a no cotidiano e realiza\u00e7\u00e3o de sonhos que antes foram adiados.","robots":{"index":"index","follow":"follow","max-snippet":"max-snippet:-1","max-image-preview":"max-image-preview:large","max-video-preview":"max-video-preview:-1"},"canonical":"https:\/\/www.em.com.br\/emfoco\/2025\/11\/26\/se-voce-quer-ter-uma-vida-mais-estavel-aos-50-anos-diga-adeus-a-estes-7-habitos\/","og_locale":"pt_BR","og_type":"article","og_title":"Se voc\u00ea quer ter uma vida mais est\u00e1vel aos 50 anos, diga adeus a estes 7 h\u00e1bitos - Estado de Minas - Em foco","og_description":"A meia-idade revela h\u00e1bitos que limitam o bem-estar e convida a escolhas maduras, presen\u00e7a no cotidiano e realiza\u00e7\u00e3o de sonhos que antes foram adiados.","og_url":"https:\/\/www.em.com.br\/emfoco\/2025\/11\/26\/se-voce-quer-ter-uma-vida-mais-estavel-aos-50-anos-diga-adeus-a-estes-7-habitos\/","og_site_name":"Estado de Minas - Em foco","article_published_time":"2025-11-26T14:00:00+00:00","article_modified_time":"2025-11-26T13:01:54+00:00","og_image":[{"width":1280,"height":720,"url":"https:\/\/www.em.com.br\/emfoco\/wp-content\/uploads\/2025\/11\/Gemini_Generated_Image_ud518mud518mud51-1.png","type":"image\/png"}],"author":"Andre\u0301 Rangel\u00a0","twitter_card":"summary_large_image","twitter_misc":{"Escrito por":"Andre\u0301 Rangel\u00a0","Est. tempo de leitura":"4 minutos"},"schema":{"@context":"https:\/\/schema.org","@graph":[{"@type":"WebPage","@id":"https:\/\/www.em.com.br\/emfoco\/2025\/11\/26\/se-voce-quer-ter-uma-vida-mais-estavel-aos-50-anos-diga-adeus-a-estes-7-habitos\/","url":"https:\/\/www.em.com.br\/emfoco\/2025\/11\/26\/se-voce-quer-ter-uma-vida-mais-estavel-aos-50-anos-diga-adeus-a-estes-7-habitos\/","name":"Se voc\u00ea quer ter uma vida mais est\u00e1vel aos 50 anos, diga adeus a estes 7 h\u00e1bitos - Estado de Minas - Em foco","isPartOf":{"@id":"https:\/\/www.em.com.br\/emfoco\/#website"},"primaryImageOfPage":{"@id":"https:\/\/www.em.com.br\/emfoco\/2025\/11\/26\/se-voce-quer-ter-uma-vida-mais-estavel-aos-50-anos-diga-adeus-a-estes-7-habitos\/#primaryimage"},"image":{"@id":"https:\/\/www.em.com.br\/emfoco\/2025\/11\/26\/se-voce-quer-ter-uma-vida-mais-estavel-aos-50-anos-diga-adeus-a-estes-7-habitos\/#primaryimage"},"thumbnailUrl":"https:\/\/www.em.com.br\/emfoco\/wp-content\/uploads\/2025\/11\/Gemini_Generated_Image_ud518mud518mud51-1.png","datePublished":"2025-11-26T14:00:00+00:00","dateModified":"2025-11-26T13:01:54+00:00","author":{"@id":"https:\/\/www.em.com.br\/emfoco\/#\/schema\/person\/60eda09c1fedf0d6891f4cef4b60b8b8"},"description":"A meia-idade revela h\u00e1bitos que limitam o bem-estar e convida a escolhas maduras, presen\u00e7a no cotidiano e realiza\u00e7\u00e3o de sonhos que antes foram adiados.","breadcrumb":{"@id":"https:\/\/www.em.com.br\/emfoco\/2025\/11\/26\/se-voce-quer-ter-uma-vida-mais-estavel-aos-50-anos-diga-adeus-a-estes-7-habitos\/#breadcrumb"},"inLanguage":"pt-BR","potentialAction":[{"@type":"ReadAction","target":["https:\/\/www.em.com.br\/emfoco\/2025\/11\/26\/se-voce-quer-ter-uma-vida-mais-estavel-aos-50-anos-diga-adeus-a-estes-7-habitos\/"]}]},{"@type":"ImageObject","inLanguage":"pt-BR","@id":"https:\/\/www.em.com.br\/emfoco\/2025\/11\/26\/se-voce-quer-ter-uma-vida-mais-estavel-aos-50-anos-diga-adeus-a-estes-7-habitos\/#primaryimage","url":"https:\/\/www.em.com.br\/emfoco\/wp-content\/uploads\/2025\/11\/Gemini_Generated_Image_ud518mud518mud51-1.png","contentUrl":"https:\/\/www.em.com.br\/emfoco\/wp-content\/uploads\/2025\/11\/Gemini_Generated_Image_ud518mud518mud51-1.png","width":1280,"height":720,"caption":"Chegar aos 50 revela h\u00e1bitos que precisam ficar no passado"},{"@type":"BreadcrumbList","@id":"https:\/\/www.em.com.br\/emfoco\/2025\/11\/26\/se-voce-quer-ter-uma-vida-mais-estavel-aos-50-anos-diga-adeus-a-estes-7-habitos\/#breadcrumb","itemListElement":[{"@type":"ListItem","position":1,"name":"In\u00edcio","item":"https:\/\/www.em.com.br\/emfoco\/"},{"@type":"ListItem","position":2,"name":"Se voc\u00ea quer ter uma vida mais est\u00e1vel aos 50 anos, diga adeus a estes 7 h\u00e1bitos"}]},{"@type":"WebSite","@id":"https:\/\/www.em.com.br\/emfoco\/#website","url":"https:\/\/www.em.com.br\/emfoco\/","name":"Estado de Minas - Em foco","description":"Acompanhe as \u00faltimas not\u00edcias e fique bem informado sobre tudo o que acontece em Minas Gerais, Brasil e no mundo.","potentialAction":[{"@type":"SearchAction","target":{"@type":"EntryPoint","urlTemplate":"https:\/\/www.em.com.br\/emfoco\/?s={search_term_string}"},"query-input":{"@type":"PropertyValueSpecification","valueRequired":true,"valueName":"search_term_string"}}],"inLanguage":"pt-BR"},{"@type":"Person","@id":"https:\/\/www.em.com.br\/emfoco\/#\/schema\/person\/60eda09c1fedf0d6891f4cef4b60b8b8","name":"Andre\u0301 Rangel\u00a0","image":{"@type":"ImageObject","inLanguage":"pt-BR","@id":"https:\/\/www.em.com.br\/emfoco\/#\/schema\/person\/image\/","url":"https:\/\/secure.gravatar.com\/avatar\/6234dc814c77c8ef6d8bba622c787efc?s=96&d=mm&r=g","contentUrl":"https:\/\/secure.gravatar.com\/avatar\/6234dc814c77c8ef6d8bba622c787efc?s=96&d=mm&r=g","caption":"Andre\u0301 Rangel\u00a0"},"url":"https:\/\/www.em.com.br\/emfoco\/author\/luizmyth\/"}]}},"_links":{"self":[{"href":"https:\/\/www.em.com.br\/emfoco\/wp-json\/wp\/v2\/posts\/131976","targetHints":{"allow":["GET"]}}],"collection":[{"href":"https:\/\/www.em.com.br\/emfoco\/wp-json\/wp\/v2\/posts"}],"about":[{"href":"https:\/\/www.em.com.br\/emfoco\/wp-json\/wp\/v2\/types\/post"}],"author":[{"embeddable":true,"href":"https:\/\/www.em.com.br\/emfoco\/wp-json\/wp\/v2\/users\/11"}],"replies":[{"embeddable":true,"href":"https:\/\/www.em.com.br\/emfoco\/wp-json\/wp\/v2\/comments?post=131976"}],"version-history":[{"count":3,"href":"https:\/\/www.em.com.br\/emfoco\/wp-json\/wp\/v2\/posts\/131976\/revisions"}],"predecessor-version":[{"id":131982,"href":"https:\/\/www.em.com.br\/emfoco\/wp-json\/wp\/v2\/posts\/131976\/revisions\/131982"}],"wp:featuredmedia":[{"embeddable":true,"href":"https:\/\/www.em.com.br\/emfoco\/wp-json\/wp\/v2\/media\/131980"}],"wp:attachment":[{"href":"https:\/\/www.em.com.br\/emfoco\/wp-json\/wp\/v2\/media?parent=131976"}],"wp:term":[{"taxonomy":"category","embeddable":true,"href":"https:\/\/www.em.com.br\/emfoco\/wp-json\/wp\/v2\/categories?post=131976"},{"taxonomy":"post_tag","embeddable":true,"href":"https:\/\/www.em.com.br\/emfoco\/wp-json\/wp\/v2\/tags?post=131976"}],"curies":[{"name":"wp","href":"https:\/\/api.w.org\/{rel}","templated":true}]}}