{"id":131695,"date":"2025-11-27T19:35:00","date_gmt":"2025-11-27T22:35:00","guid":{"rendered":"https:\/\/www.em.com.br\/emfoco\/?p=131695"},"modified":"2025-11-25T14:37:31","modified_gmt":"2025-11-25T17:37:31","slug":"como-conservar-cheiro-verde-fresco-por-ate-15-dias-na-geladeira","status":"publish","type":"post","link":"https:\/\/www.em.com.br\/emfoco\/2025\/11\/27\/como-conservar-cheiro-verde-fresco-por-ate-15-dias-na-geladeira\/","title":{"rendered":"Como conservar cheiro-verde fresco por at\u00e9 15 dias na geladeira"},"content":{"rendered":"\n<p>Muita gente compra <strong>cheiro-verde fresco<\/strong> para a semana e acaba jogando metade fora porque ele escurece r\u00e1pido. Mas existe um m\u00e9todo simples, usado at\u00e9 em cozinhas profissionais, que mant\u00e9m o tempero perfeito por at\u00e9 15 dias sem perder textura.<\/p>\n\n\n\n<h2 class=\"wp-block-heading\">Por que o cheiro-verde estraga t\u00e3o r\u00e1pido mesmo dentro da geladeira?<\/h2>\n\n\n\n<p>A principal causa do problema \u00e9 a <strong>umidade excessiva<\/strong>, que acelera o escurecimento e faz as folhas perderem textura em poucos dias. Quando salsinha e cebolinha entram molhadas na geladeira, o envelhecimento se torna imediato e inevit\u00e1vel.<\/p>\n\n\n\n<p>Outro fator importante \u00e9 o armazenamento inadequado, j\u00e1 que muitos colocam o tempero em sacos pl\u00e1sticos abafados. Esse ambiente reduz a circula\u00e7\u00e3o de ar, aumenta a condensa\u00e7\u00e3o e prejudica o <strong>aroma natural<\/strong> das folhas antes mesmo de us\u00e1-las.<\/p>\n\n\n\n<figure class=\"wp-block-image size-large\"><img loading=\"lazy\" decoding=\"async\" width=\"1024\" height=\"576\" src=\"https:\/\/www.em.com.br\/emfoco\/wp-content\/uploads\/2025\/11\/Cheiro-verde_1764092183849-1024x576.jpg\" alt=\"Como conservar cheiro-verde fresco por at\u00e9 15 dias na geladeira\" class=\"wp-image-131756\" srcset=\"https:\/\/www.em.com.br\/emfoco\/wp-content\/uploads\/2025\/11\/Cheiro-verde_1764092183849-1024x576.jpg 1024w, https:\/\/www.em.com.br\/emfoco\/wp-content\/uploads\/2025\/11\/Cheiro-verde_1764092183849-300x169.jpg 300w, https:\/\/www.em.com.br\/emfoco\/wp-content\/uploads\/2025\/11\/Cheiro-verde_1764092183849-768x432.jpg 768w, https:\/\/www.em.com.br\/emfoco\/wp-content\/uploads\/2025\/11\/Cheiro-verde_1764092183849-750x422.jpg 750w, https:\/\/www.em.com.br\/emfoco\/wp-content\/uploads\/2025\/11\/Cheiro-verde_1764092183849-1140x641.jpg 1140w, https:\/\/www.em.com.br\/emfoco\/wp-content\/uploads\/2025\/11\/Cheiro-verde_1764092183849.jpg 1280w\" sizes=\"auto, (max-width: 1024px) 100vw, 1024px\" \/><figcaption class=\"wp-element-caption\">Umidade excessiva acelera escurecimento e compromete textura rapidamente &#8211; Cr\u00e9ditos: depositphotos.com \/ brebca<\/figcaption><\/figure>\n\n\n\n<p><em>Leia mais: <strong><a href=\"https:\/\/www.em.com.br\/emfoco\/2025\/11\/23\/como-conservar-frutas-por-mais-tempo-na-geladeira-e-evitar-desperdicio\/\" target=\"_blank\" rel=\"noreferrer noopener\">Como conservar frutas por mais tempo na geladeira e evitar desperd\u00edcio<\/a><\/strong><\/em><\/p>\n\n\n\n<h2 class=\"wp-block-heading\">Quais cuidados tornam o armazenamento muito mais eficiente?<\/h2>\n\n\n\n<p>Antes de guardar as folhas, \u00e9 essencial criar um ambiente controlado que reduza a umidade. A seguir, est\u00e3o os passos b\u00e1sicos que garantem um <strong>resultado duradouro<\/strong> mesmo para quem usa o ingrediente diariamente.<\/p>\n\n\n\n<ul class=\"wp-block-list\">\n<li><strong>Lavagem completa:<\/strong> lave salsinha e cebolinha e remova toda a \u00e1gua das folhas.<\/li>\n\n\n\n<li><strong>Secagem absoluta:<\/strong> qualquer gota acelera a perda de sabor e firmeza.<\/li>\n\n\n\n<li><strong>Pote seco:<\/strong> use vidro limpo com papel-toalha no fundo e por cima.<\/li>\n\n\n\n<li><strong>Monitoramento:<\/strong> troque o papel caso ele fique \u00famido demais.<\/li>\n<\/ul>\n\n\n\n<h2 class=\"wp-block-heading\">Como usar o papel-toalha para manter o tempero fresco por mais tempo?<\/h2>\n\n\n\n<p>O papel-toalha atua como um <strong>absorvente interno<\/strong>, retendo a umidade que naturalmente sai das folhas. Sem \u00e1gua acumulada, o cheiro-verde se mant\u00e9m verde, firme e com aroma est\u00e1vel, prolongando a durabilidade em at\u00e9 15 dias.<\/p>\n\n\n\n<p>Recipientes transparentes facilitam acompanhar a cor das folhas, enquanto potes bem vedados evitam mudan\u00e7as bruscas de temperatura. Guardar na parte superior da geladeira tamb\u00e9m preserva o <strong><a href=\"https:\/\/www.brastemp.com.br\/experience\/casa-e-decor\/pode-colocar-comida-quente-na-geladeira\/\" target=\"_blank\" rel=\"noreferrer noopener\">equil\u00edbrio t\u00e9rmico<\/a><\/strong> e evita condensa\u00e7\u00e3o.<\/p>\n\n\n\n<figure class=\"wp-block-image size-large\"><img loading=\"lazy\" decoding=\"async\" width=\"1024\" height=\"576\" src=\"https:\/\/www.em.com.br\/emfoco\/wp-content\/uploads\/2025\/11\/IA-IMG-56-1024x576.jpg\" alt=\"Como conservar cheiro-verde fresco por at\u00e9 15 dias na geladeira\" class=\"wp-image-131758\" srcset=\"https:\/\/www.em.com.br\/emfoco\/wp-content\/uploads\/2025\/11\/IA-IMG-56-1024x576.jpg 1024w, https:\/\/www.em.com.br\/emfoco\/wp-content\/uploads\/2025\/11\/IA-IMG-56-300x169.jpg 300w, https:\/\/www.em.com.br\/emfoco\/wp-content\/uploads\/2025\/11\/IA-IMG-56-768x432.jpg 768w, https:\/\/www.em.com.br\/emfoco\/wp-content\/uploads\/2025\/11\/IA-IMG-56-750x422.jpg 750w, https:\/\/www.em.com.br\/emfoco\/wp-content\/uploads\/2025\/11\/IA-IMG-56-1140x641.jpg 1140w, https:\/\/www.em.com.br\/emfoco\/wp-content\/uploads\/2025\/11\/IA-IMG-56.jpg 1280w\" sizes=\"auto, (max-width: 1024px) 100vw, 1024px\" \/><figcaption class=\"wp-element-caption\">Papel-toalha controla umidade e mant\u00e9m folhas firmes e verdes &#8211; Cr\u00e9ditos: depositphotos.com \/ brebca<\/figcaption><\/figure>\n\n\n\n<h2 class=\"wp-block-heading\">Quais pr\u00e1ticas ajudam a conservar ainda mais o cheiro-verde?<\/h2>\n\n\n\n<p>Alguns h\u00e1bitos simples garantem folhas soltinhas por v\u00e1rios dias e reduzem o desperd\u00edcio. A seguir, est\u00e3o t\u00e9cnicas pr\u00e1ticas que ajudam a manter o <strong>frescor ideal<\/strong> do cheiro-verde dentro da rotina.<\/p>\n\n\n\n<ul class=\"wp-block-list\">\n<li><strong>Picar antes:<\/strong> armazene picado em potes com papel apenas no fundo.<\/li>\n\n\n\n<li><strong>Evitar o gavet\u00e3o:<\/strong> frutas \u00famidas aceleram o apodrecimento das folhas.<\/li>\n\n\n\n<li><strong>Longe de pl\u00e1stico:<\/strong> n\u00e3o use sacos fechados, pois criam condensa\u00e7\u00e3o.<\/li>\n<\/ul>\n","protected":false},"excerpt":{"rendered":"<p>Muita gente compra cheiro-verde fresco para a semana e acaba jogando metade fora porque ele escurece r\u00e1pido. Mas existe um m\u00e9todo simples, usado at\u00e9 em cozinhas profissionais, que mant\u00e9m o tempero perfeito por at\u00e9 15 dias sem perder textura. Por que o cheiro-verde estraga t\u00e3o r\u00e1pido mesmo dentro da geladeira? A principal causa do problema [&hellip;]<\/p>\n","protected":false},"author":13,"featured_media":131753,"comment_status":"open","ping_status":"open","sticky":false,"template":"","format":"standard","meta":{"jnews-multi-image_gallery":[],"jnews_single_post":{"format":"standard"},"jnews_primary_category":[],"jnews_social_meta":[],"jnews_override_counter":[],"footnotes":""},"categories":[8819],"tags":[19300,13541,6075],"class_list":["post-131695","post","type-post","status-publish","format-standard","has-post-thumbnail","hentry","category-curiosidades","tag-cheiro-verde","tag-conservar-alimentos","tag-folhas"],"yoast_head":"<!-- This site is optimized with the Yoast SEO plugin v23.8 - https:\/\/yoast.com\/wordpress\/plugins\/seo\/ -->\n<title>Como conservar cheiro-verde fresco por at\u00e9 15 dias na geladeira - Estado de Minas - Em foco<\/title>\n<meta name=\"description\" content=\"Cheiro-verde estraga em poucos dias? Aprenda o truque com papel-toalha que mant\u00e9m salsinha e cebolinha frescas por at\u00e9 15 dias.\" \/>\n<meta name=\"robots\" content=\"index, follow, max-snippet:-1, max-image-preview:large, max-video-preview:-1\" \/>\n<link rel=\"canonical\" href=\"https:\/\/www.em.com.br\/emfoco\/2025\/11\/27\/como-conservar-cheiro-verde-fresco-por-ate-15-dias-na-geladeira\/\" \/>\n<meta property=\"og:locale\" content=\"pt_BR\" \/>\n<meta property=\"og:type\" content=\"article\" \/>\n<meta property=\"og:title\" content=\"Como conservar cheiro-verde fresco por at\u00e9 15 dias na geladeira - Estado de Minas - Em foco\" \/>\n<meta property=\"og:description\" content=\"Cheiro-verde estraga em poucos dias? Aprenda o truque com papel-toalha que mant\u00e9m salsinha e cebolinha frescas por at\u00e9 15 dias.\" \/>\n<meta property=\"og:url\" content=\"https:\/\/www.em.com.br\/emfoco\/2025\/11\/27\/como-conservar-cheiro-verde-fresco-por-ate-15-dias-na-geladeira\/\" \/>\n<meta property=\"og:site_name\" content=\"Estado de Minas - Em foco\" \/>\n<meta property=\"article:published_time\" content=\"2025-11-27T22:35:00+00:00\" \/>\n<meta property=\"article:modified_time\" content=\"2025-11-25T17:37:31+00:00\" \/>\n<meta property=\"og:image\" content=\"https:\/\/www.em.com.br\/emfoco\/wp-content\/uploads\/2025\/11\/Cheiro-verde_1764092090785.jpg\" \/>\n\t<meta property=\"og:image:width\" content=\"1280\" \/>\n\t<meta property=\"og:image:height\" content=\"720\" \/>\n\t<meta property=\"og:image:type\" content=\"image\/jpeg\" \/>\n<meta name=\"author\" content=\"Gabriel Martins\" \/>\n<meta name=\"twitter:card\" content=\"summary_large_image\" \/>\n<meta name=\"twitter:label1\" content=\"Escrito por\" \/>\n\t<meta name=\"twitter:data1\" content=\"Gabriel Martins\" \/>\n\t<meta name=\"twitter:label2\" content=\"Est. tempo de leitura\" \/>\n\t<meta name=\"twitter:data2\" content=\"3 minutos\" \/>\n<!-- \/ Yoast SEO plugin. -->","yoast_head_json":{"title":"Como conservar cheiro-verde fresco por at\u00e9 15 dias na geladeira - Estado de Minas - Em foco","description":"Cheiro-verde estraga em poucos dias? Aprenda o truque com papel-toalha que mant\u00e9m salsinha e cebolinha frescas por at\u00e9 15 dias.","robots":{"index":"index","follow":"follow","max-snippet":"max-snippet:-1","max-image-preview":"max-image-preview:large","max-video-preview":"max-video-preview:-1"},"canonical":"https:\/\/www.em.com.br\/emfoco\/2025\/11\/27\/como-conservar-cheiro-verde-fresco-por-ate-15-dias-na-geladeira\/","og_locale":"pt_BR","og_type":"article","og_title":"Como conservar cheiro-verde fresco por at\u00e9 15 dias na geladeira - Estado de Minas - Em foco","og_description":"Cheiro-verde estraga em poucos dias? Aprenda o truque com papel-toalha que mant\u00e9m salsinha e cebolinha frescas por at\u00e9 15 dias.","og_url":"https:\/\/www.em.com.br\/emfoco\/2025\/11\/27\/como-conservar-cheiro-verde-fresco-por-ate-15-dias-na-geladeira\/","og_site_name":"Estado de Minas - Em foco","article_published_time":"2025-11-27T22:35:00+00:00","article_modified_time":"2025-11-25T17:37:31+00:00","og_image":[{"width":1280,"height":720,"url":"https:\/\/www.em.com.br\/emfoco\/wp-content\/uploads\/2025\/11\/Cheiro-verde_1764092090785.jpg","type":"image\/jpeg"}],"author":"Gabriel Martins","twitter_card":"summary_large_image","twitter_misc":{"Escrito por":"Gabriel Martins","Est. tempo de leitura":"3 minutos"},"schema":{"@context":"https:\/\/schema.org","@graph":[{"@type":"WebPage","@id":"https:\/\/www.em.com.br\/emfoco\/2025\/11\/27\/como-conservar-cheiro-verde-fresco-por-ate-15-dias-na-geladeira\/","url":"https:\/\/www.em.com.br\/emfoco\/2025\/11\/27\/como-conservar-cheiro-verde-fresco-por-ate-15-dias-na-geladeira\/","name":"Como conservar cheiro-verde fresco por at\u00e9 15 dias na geladeira - Estado de Minas - Em foco","isPartOf":{"@id":"https:\/\/www.em.com.br\/emfoco\/#website"},"primaryImageOfPage":{"@id":"https:\/\/www.em.com.br\/emfoco\/2025\/11\/27\/como-conservar-cheiro-verde-fresco-por-ate-15-dias-na-geladeira\/#primaryimage"},"image":{"@id":"https:\/\/www.em.com.br\/emfoco\/2025\/11\/27\/como-conservar-cheiro-verde-fresco-por-ate-15-dias-na-geladeira\/#primaryimage"},"thumbnailUrl":"https:\/\/www.em.com.br\/emfoco\/wp-content\/uploads\/2025\/11\/Cheiro-verde_1764092090785.jpg","datePublished":"2025-11-27T22:35:00+00:00","dateModified":"2025-11-25T17:37:31+00:00","author":{"@id":"https:\/\/www.em.com.br\/emfoco\/#\/schema\/person\/1c9ddeab18b98abeffef834667bcf08a"},"description":"Cheiro-verde estraga em poucos dias? Aprenda o truque com papel-toalha que mant\u00e9m salsinha e cebolinha frescas por at\u00e9 15 dias.","breadcrumb":{"@id":"https:\/\/www.em.com.br\/emfoco\/2025\/11\/27\/como-conservar-cheiro-verde-fresco-por-ate-15-dias-na-geladeira\/#breadcrumb"},"inLanguage":"pt-BR","potentialAction":[{"@type":"ReadAction","target":["https:\/\/www.em.com.br\/emfoco\/2025\/11\/27\/como-conservar-cheiro-verde-fresco-por-ate-15-dias-na-geladeira\/"]}]},{"@type":"ImageObject","inLanguage":"pt-BR","@id":"https:\/\/www.em.com.br\/emfoco\/2025\/11\/27\/como-conservar-cheiro-verde-fresco-por-ate-15-dias-na-geladeira\/#primaryimage","url":"https:\/\/www.em.com.br\/emfoco\/wp-content\/uploads\/2025\/11\/Cheiro-verde_1764092090785.jpg","contentUrl":"https:\/\/www.em.com.br\/emfoco\/wp-content\/uploads\/2025\/11\/Cheiro-verde_1764092090785.jpg","width":1280,"height":720,"caption":"M\u00e9todo correto mant\u00e9m cheiro-verde fresco por quinze dias facilmente - Cr\u00e9ditos: depositphotos.com \/ AntonMatyukha"},{"@type":"BreadcrumbList","@id":"https:\/\/www.em.com.br\/emfoco\/2025\/11\/27\/como-conservar-cheiro-verde-fresco-por-ate-15-dias-na-geladeira\/#breadcrumb","itemListElement":[{"@type":"ListItem","position":1,"name":"In\u00edcio","item":"https:\/\/www.em.com.br\/emfoco\/"},{"@type":"ListItem","position":2,"name":"Como conservar cheiro-verde fresco por at\u00e9 15 dias na geladeira"}]},{"@type":"WebSite","@id":"https:\/\/www.em.com.br\/emfoco\/#website","url":"https:\/\/www.em.com.br\/emfoco\/","name":"Estado de Minas - Em foco","description":"Acompanhe as \u00faltimas not\u00edcias e fique bem informado sobre tudo o que acontece em Minas Gerais, Brasil e no mundo.","potentialAction":[{"@type":"SearchAction","target":{"@type":"EntryPoint","urlTemplate":"https:\/\/www.em.com.br\/emfoco\/?s={search_term_string}"},"query-input":{"@type":"PropertyValueSpecification","valueRequired":true,"valueName":"search_term_string"}}],"inLanguage":"pt-BR"},{"@type":"Person","@id":"https:\/\/www.em.com.br\/emfoco\/#\/schema\/person\/1c9ddeab18b98abeffef834667bcf08a","name":"Gabriel Martins","image":{"@type":"ImageObject","inLanguage":"pt-BR","@id":"https:\/\/www.em.com.br\/emfoco\/#\/schema\/person\/image\/","url":"https:\/\/secure.gravatar.com\/avatar\/f0f1e2efdfd88f1ad2cb08c5c2731e50?s=96&d=mm&r=g","contentUrl":"https:\/\/secure.gravatar.com\/avatar\/f0f1e2efdfd88f1ad2cb08c5c2731e50?s=96&d=mm&r=g","caption":"Gabriel Martins"},"sameAs":["https:\/\/www.em.com.br\/emfoco\/"],"url":"https:\/\/www.em.com.br\/emfoco\/author\/gabrielmartinsmyth\/"}]}},"_links":{"self":[{"href":"https:\/\/www.em.com.br\/emfoco\/wp-json\/wp\/v2\/posts\/131695","targetHints":{"allow":["GET"]}}],"collection":[{"href":"https:\/\/www.em.com.br\/emfoco\/wp-json\/wp\/v2\/posts"}],"about":[{"href":"https:\/\/www.em.com.br\/emfoco\/wp-json\/wp\/v2\/types\/post"}],"author":[{"embeddable":true,"href":"https:\/\/www.em.com.br\/emfoco\/wp-json\/wp\/v2\/users\/13"}],"replies":[{"embeddable":true,"href":"https:\/\/www.em.com.br\/emfoco\/wp-json\/wp\/v2\/comments?post=131695"}],"version-history":[{"count":1,"href":"https:\/\/www.em.com.br\/emfoco\/wp-json\/wp\/v2\/posts\/131695\/revisions"}],"predecessor-version":[{"id":131759,"href":"https:\/\/www.em.com.br\/emfoco\/wp-json\/wp\/v2\/posts\/131695\/revisions\/131759"}],"wp:featuredmedia":[{"embeddable":true,"href":"https:\/\/www.em.com.br\/emfoco\/wp-json\/wp\/v2\/media\/131753"}],"wp:attachment":[{"href":"https:\/\/www.em.com.br\/emfoco\/wp-json\/wp\/v2\/media?parent=131695"}],"wp:term":[{"taxonomy":"category","embeddable":true,"href":"https:\/\/www.em.com.br\/emfoco\/wp-json\/wp\/v2\/categories?post=131695"},{"taxonomy":"post_tag","embeddable":true,"href":"https:\/\/www.em.com.br\/emfoco\/wp-json\/wp\/v2\/tags?post=131695"}],"curies":[{"name":"wp","href":"https:\/\/api.w.org\/{rel}","templated":true}]}}