{"id":131661,"date":"2025-11-26T10:05:00","date_gmt":"2025-11-26T13:05:00","guid":{"rendered":"https:\/\/www.em.com.br\/emfoco\/?p=131661"},"modified":"2025-11-25T18:27:13","modified_gmt":"2025-11-25T21:27:13","slug":"mcdonalds-inova-no-natal-de-2025-com-mais-do-que-a-classica-refeicao-do-grinch","status":"publish","type":"post","link":"https:\/\/www.em.com.br\/emfoco\/2025\/11\/26\/mcdonalds-inova-no-natal-de-2025-com-mais-do-que-a-classica-refeicao-do-grinch\/","title":{"rendered":"McDonald\u2019s inova no Natal de 2025 com mais do que a cl\u00e1ssica refei\u00e7\u00e3o do Grinch"},"content":{"rendered":"\n<p>Com a chegada das festas de fim de ano, redes de fast-food lan\u00e7am promo\u00e7\u00f5es tem\u00e1ticas e itens de menu por tempo limitado. O objetivo \u00e9 atrair clientes diante de mudan\u00e7as no comportamento do consumidor, como o aumento da cautela nos gastos e a prefer\u00eancia por cozinhar em casa devido \u00e0 incerteza econ\u00f4mica e \u00e0 alta dos alimentos. Segundo a&nbsp;<strong>Circana<\/strong>, o setor de alimenta\u00e7\u00e3o teve queda de 1% no tr\u00e1fego no segundo trimestre de&nbsp;<strong>2025<\/strong>.<\/p>\n\n\n\n<h2 class=\"wp-block-heading\">Lanche do Grinch retorna em 2026 com novidades exclusivas<\/h2>\n\n\n\n<p>Ap\u00f3s o sucesso das edi\u00e7\u00f5es anteriores, o\u00a0<strong>McDonald&#8217;s<\/strong>\u00a0j\u00e1 confirmou o retorno do &#8220;<a href=\"https:\/\/corporate.mcdonalds.com\/corpmcd\/our-stories\/article\/the-grinch-meal-coming-to-mcdonalds.html\" target=\"_blank\" rel=\"noreferrer noopener\">T<strong>he Grinch Meal<\/strong><\/a>&#8221; para as festas de fim de ano de\u00a0<strong>2026<\/strong>. A edi\u00e7\u00e3o de 2026 promete trazer novidades no card\u00e1pio, incluindo um novo sandu\u00edche tem\u00e1tico inspirado nas cores e nos sabores do personagem <strong>Grinch<\/strong>, al\u00e9m de sobremesas e colecion\u00e1veis exclusivos. Segundo a rede, o objetivo \u00e9 manter o esp\u00edrito festivo e surpreender os consumidores com experi\u00eancias diferenciadas, refor\u00e7ando a estrat\u00e9gia de promo\u00e7\u00f5es sazonais e merchandise para impulsionar as vendas e fortalecer o v\u00ednculo emocional com os clientes.<\/p>\n\n\n\n<h2 class=\"wp-block-heading\">Como as redes de fast-food se adaptam aos novos desafios?<\/h2>\n\n\n\n<p>Para manter os clientes engajados, as redes buscam estrat\u00e9gias al\u00e9m dos tradicionais menus sazonais. Muitas marcas acrescentam cole\u00e7\u00f5es de mercadorias exclusivas para diversificar receitas e fortalecer a lealdade do consumidor.<\/p>\n\n\n\n<p>Um exemplo \u00e9 a parceria entre&nbsp;<strong>McDonald&#8217;s<\/strong>&nbsp;e&nbsp;<strong>O Grinch<\/strong>&nbsp;de&nbsp;<strong>Dr. Seuss<\/strong>, que criou &#8220;The Grinch Meal&#8221;. Essas promo\u00e7\u00f5es sazonais tamb\u00e9m ajudam a transformar clientes em propagadores da marca por meio de produtos exclusivos.<\/p>\n\n\n\n<figure class=\"wp-block-image\"><img decoding=\"async\" src=\"https:\/\/www.em.com.br\/emfoco\/wp-content\/uploads\/2025\/10\/McDonalds_1761775610863-1024x576.jpg\" alt=\"\"\/><figcaption class=\"wp-element-caption\">McDonald\u2019s traz de volta o Grinch Meal com novidades &#8211; Cr\u00e9ditos: depositphotos.com \/ mahmoodd79@gmail.com<\/figcaption><\/figure>\n\n\n\n<h2 class=\"wp-block-heading\">Por que o investimento em merchandise atrai clientes?<\/h2>\n\n\n\n<p>Al\u00e9m das op\u00e7\u00f5es no card\u00e1pio, a&nbsp;<strong>McDonald&#8217;s<\/strong>&nbsp;lan\u00e7ou uma cole\u00e7\u00e3o exclusiva em sua loja virtual. Marcas concorrentes tamb\u00e9m apostam em itens festivos para impulsionar as vendas durante a temporada de compras.<\/p>\n\n\n\n<p>Essas iniciativas s\u00e3o impulsionadas pelo aumento dos pre\u00e7os no menu ao longo da \u00faltima d\u00e9cada e pela busca por inova\u00e7\u00e3o. Confira alguns fatores que impulsionam esse movimento:<\/p>\n\n\n\n<ul class=\"wp-block-list\">\n<li>Pre\u00e7os de card\u00e1pio cresceram de 39% a 100% entre&nbsp;<strong>2014<\/strong>&nbsp;e&nbsp;<strong>2024<\/strong>, ultrapassando a infla\u00e7\u00e3o nacional de 33%;<\/li>\n\n\n\n<li>Venda de mercadorias amplia as fontes de receita das redes;<\/li>\n\n\n\n<li>Estrat\u00e9gias diferenciadas atraem novos consumidores e fidelizam clientes antigos.<\/li>\n<\/ul>\n\n\n\n<h2 class=\"wp-block-heading\">Quais estrat\u00e9gias refor\u00e7am a competitividade das redes?<\/h2>\n\n\n\n<p>O cen\u00e1rio de concorr\u00eancia acirrada e pre\u00e7os altos levou ao lan\u00e7amento de equipes globais de inova\u00e7\u00e3o, ampliando mercadorias de marca e renovando o card\u00e1pio.\u00a0<strong><a href=\"https:\/\/www.em.com.br\/emfoco\/2025\/10\/30\/o-mcdonalds-esta-sofrendo-uma-mudanca-preocupante-no-comportamento-do-consumidor\/\" target=\"_blank\" rel=\"noreferrer noopener\">McDonald&#8217;s<\/a><\/strong>\u00a0exemplifica esse avan\u00e7o, registrando aumento nas vendas no terceiro trimestre de\u00a0<strong>2025<\/strong>.<\/p>\n\n\n\n<p>Essas a\u00e7\u00f5es n\u00e3o s\u00f3 diversificam a receita, como tornam clientes fi\u00e9is em verdadeiros embaixadores da marca, impulsionando resultados positivos mesmo em ambientes econ\u00f4micos adversos.<\/p>\n\n\n\n<h2 class=\"wp-block-heading\">Quais s\u00e3o as perspectivas para o futuro das redes de fast-food?<\/h2>\n\n\n\n<p>A necessidade de adapta\u00e7\u00e3o diante do ambiente macroecon\u00f4mico desafiador se intensifica. O foco permanece em atrair clientes \u00e0s lojas e garantir sua fidelidade, mesmo em tempos dif\u00edceis.<\/p>\n\n\n\n<p>A aposta em inova\u00e7\u00e3o de produtos e mercadorias exclusivas tende a consolidar essas redes em um mercado competitivo. Essas estrat\u00e9gias prometem ser determinantes para o sucesso cont\u00ednuo at\u00e9&nbsp;<strong>2026<\/strong>&nbsp;e nos anos seguintes.<\/p>\n","protected":false},"excerpt":{"rendered":"<p>Com a chegada das festas de fim de ano, redes de fast-food lan\u00e7am promo\u00e7\u00f5es tem\u00e1ticas e itens de menu por tempo limitado. O objetivo \u00e9 atrair clientes diante de mudan\u00e7as no comportamento do consumidor, como o aumento da cautela nos gastos e a prefer\u00eancia por cozinhar em casa devido \u00e0 incerteza econ\u00f4mica e \u00e0 alta [&hellip;]<\/p>\n","protected":false},"author":11,"featured_media":68229,"comment_status":"open","ping_status":"open","sticky":false,"template":"","format":"standard","meta":{"jnews-multi-image_gallery":[],"jnews_single_post":{"format":"standard"},"jnews_primary_category":[],"jnews_social_meta":[],"jnews_override_counter":[],"footnotes":""},"categories":[8819,1],"tags":[17495,7521,2976,19048],"class_list":["post-131661","post","type-post","status-publish","format-standard","has-post-thumbnail","hentry","category-curiosidades","category-noticias","tag-cardapio","tag-fast-food","tag-mcdonalds","tag-promocoes"],"yoast_head":"<!-- This site is optimized with the Yoast SEO plugin v23.8 - https:\/\/yoast.com\/wordpress\/plugins\/seo\/ -->\n<title>McDonald\u2019s inova no Natal de 2025 com mais do que a cl\u00e1ssica refei\u00e7\u00e3o do Grinch - Estado de Minas - Em foco<\/title>\n<meta name=\"description\" content=\"O McDonald&#039;s confirma o retorno do Grinch Meal em 2026 com novo sandu\u00edche, sobremesas e merchandise. Veja como redes usam sazonalidade para crescer.\" \/>\n<meta name=\"robots\" content=\"index, follow, max-snippet:-1, max-image-preview:large, max-video-preview:-1\" \/>\n<link rel=\"canonical\" href=\"https:\/\/www.em.com.br\/emfoco\/2025\/11\/26\/mcdonalds-inova-no-natal-de-2025-com-mais-do-que-a-classica-refeicao-do-grinch\/\" \/>\n<meta property=\"og:locale\" content=\"pt_BR\" \/>\n<meta property=\"og:type\" content=\"article\" \/>\n<meta property=\"og:title\" content=\"McDonald\u2019s inova no Natal de 2025 com mais do que a cl\u00e1ssica refei\u00e7\u00e3o do Grinch - Estado de Minas - Em foco\" \/>\n<meta property=\"og:description\" content=\"O McDonald&#039;s confirma o retorno do Grinch Meal em 2026 com novo sandu\u00edche, sobremesas e merchandise. Veja como redes usam sazonalidade para crescer.\" \/>\n<meta property=\"og:url\" content=\"https:\/\/www.em.com.br\/emfoco\/2025\/11\/26\/mcdonalds-inova-no-natal-de-2025-com-mais-do-que-a-classica-refeicao-do-grinch\/\" \/>\n<meta property=\"og:site_name\" content=\"Estado de Minas - Em foco\" \/>\n<meta property=\"article:published_time\" content=\"2025-11-26T13:05:00+00:00\" \/>\n<meta property=\"article:modified_time\" content=\"2025-11-25T21:27:13+00:00\" \/>\n<meta property=\"og:image\" content=\"https:\/\/www.em.com.br\/emfoco\/wp-content\/uploads\/2025\/06\/McDonalds_1751121797676.jpg\" \/>\n\t<meta property=\"og:image:width\" content=\"1280\" \/>\n\t<meta property=\"og:image:height\" content=\"720\" \/>\n\t<meta property=\"og:image:type\" content=\"image\/jpeg\" \/>\n<meta name=\"author\" content=\"Andre\u0301 Rangel\u00a0\" \/>\n<meta name=\"twitter:card\" content=\"summary_large_image\" \/>\n<meta name=\"twitter:label1\" content=\"Escrito por\" \/>\n\t<meta name=\"twitter:data1\" content=\"Andre\u0301 Rangel\u00a0\" \/>\n\t<meta name=\"twitter:label2\" content=\"Est. tempo de leitura\" \/>\n\t<meta name=\"twitter:data2\" content=\"4 minutos\" \/>\n<!-- \/ Yoast SEO plugin. -->","yoast_head_json":{"title":"McDonald\u2019s inova no Natal de 2025 com mais do que a cl\u00e1ssica refei\u00e7\u00e3o do Grinch - Estado de Minas - Em foco","description":"O McDonald's confirma o retorno do Grinch Meal em 2026 com novo sandu\u00edche, sobremesas e merchandise. Veja como redes usam sazonalidade para crescer.","robots":{"index":"index","follow":"follow","max-snippet":"max-snippet:-1","max-image-preview":"max-image-preview:large","max-video-preview":"max-video-preview:-1"},"canonical":"https:\/\/www.em.com.br\/emfoco\/2025\/11\/26\/mcdonalds-inova-no-natal-de-2025-com-mais-do-que-a-classica-refeicao-do-grinch\/","og_locale":"pt_BR","og_type":"article","og_title":"McDonald\u2019s inova no Natal de 2025 com mais do que a cl\u00e1ssica refei\u00e7\u00e3o do Grinch - Estado de Minas - Em foco","og_description":"O McDonald's confirma o retorno do Grinch Meal em 2026 com novo sandu\u00edche, sobremesas e merchandise. Veja como redes usam sazonalidade para crescer.","og_url":"https:\/\/www.em.com.br\/emfoco\/2025\/11\/26\/mcdonalds-inova-no-natal-de-2025-com-mais-do-que-a-classica-refeicao-do-grinch\/","og_site_name":"Estado de Minas - Em foco","article_published_time":"2025-11-26T13:05:00+00:00","article_modified_time":"2025-11-25T21:27:13+00:00","og_image":[{"width":1280,"height":720,"url":"https:\/\/www.em.com.br\/emfoco\/wp-content\/uploads\/2025\/06\/McDonalds_1751121797676.jpg","type":"image\/jpeg"}],"author":"Andre\u0301 Rangel\u00a0","twitter_card":"summary_large_image","twitter_misc":{"Escrito por":"Andre\u0301 Rangel\u00a0","Est. tempo de leitura":"4 minutos"},"schema":{"@context":"https:\/\/schema.org","@graph":[{"@type":"WebPage","@id":"https:\/\/www.em.com.br\/emfoco\/2025\/11\/26\/mcdonalds-inova-no-natal-de-2025-com-mais-do-que-a-classica-refeicao-do-grinch\/","url":"https:\/\/www.em.com.br\/emfoco\/2025\/11\/26\/mcdonalds-inova-no-natal-de-2025-com-mais-do-que-a-classica-refeicao-do-grinch\/","name":"McDonald\u2019s inova no Natal de 2025 com mais do que a cl\u00e1ssica refei\u00e7\u00e3o do Grinch - Estado de Minas - Em foco","isPartOf":{"@id":"https:\/\/www.em.com.br\/emfoco\/#website"},"primaryImageOfPage":{"@id":"https:\/\/www.em.com.br\/emfoco\/2025\/11\/26\/mcdonalds-inova-no-natal-de-2025-com-mais-do-que-a-classica-refeicao-do-grinch\/#primaryimage"},"image":{"@id":"https:\/\/www.em.com.br\/emfoco\/2025\/11\/26\/mcdonalds-inova-no-natal-de-2025-com-mais-do-que-a-classica-refeicao-do-grinch\/#primaryimage"},"thumbnailUrl":"https:\/\/www.em.com.br\/emfoco\/wp-content\/uploads\/2025\/06\/McDonalds_1751121797676.jpg","datePublished":"2025-11-26T13:05:00+00:00","dateModified":"2025-11-25T21:27:13+00:00","author":{"@id":"https:\/\/www.em.com.br\/emfoco\/#\/schema\/person\/60eda09c1fedf0d6891f4cef4b60b8b8"},"description":"O McDonald's confirma o retorno do Grinch Meal em 2026 com novo sandu\u00edche, sobremesas e merchandise. Veja como redes usam sazonalidade para crescer.","breadcrumb":{"@id":"https:\/\/www.em.com.br\/emfoco\/2025\/11\/26\/mcdonalds-inova-no-natal-de-2025-com-mais-do-que-a-classica-refeicao-do-grinch\/#breadcrumb"},"inLanguage":"pt-BR","potentialAction":[{"@type":"ReadAction","target":["https:\/\/www.em.com.br\/emfoco\/2025\/11\/26\/mcdonalds-inova-no-natal-de-2025-com-mais-do-que-a-classica-refeicao-do-grinch\/"]}]},{"@type":"ImageObject","inLanguage":"pt-BR","@id":"https:\/\/www.em.com.br\/emfoco\/2025\/11\/26\/mcdonalds-inova-no-natal-de-2025-com-mais-do-que-a-classica-refeicao-do-grinch\/#primaryimage","url":"https:\/\/www.em.com.br\/emfoco\/wp-content\/uploads\/2025\/06\/McDonalds_1751121797676.jpg","contentUrl":"https:\/\/www.em.com.br\/emfoco\/wp-content\/uploads\/2025\/06\/McDonalds_1751121797676.jpg","width":1280,"height":720,"caption":"Lanche McDonald\u2019s - Cr\u00e9ditos: depositphotos.com \/ gargantiopa1"},{"@type":"BreadcrumbList","@id":"https:\/\/www.em.com.br\/emfoco\/2025\/11\/26\/mcdonalds-inova-no-natal-de-2025-com-mais-do-que-a-classica-refeicao-do-grinch\/#breadcrumb","itemListElement":[{"@type":"ListItem","position":1,"name":"In\u00edcio","item":"https:\/\/www.em.com.br\/emfoco\/"},{"@type":"ListItem","position":2,"name":"McDonald\u2019s inova no Natal de 2025 com mais do que a cl\u00e1ssica refei\u00e7\u00e3o do Grinch"}]},{"@type":"WebSite","@id":"https:\/\/www.em.com.br\/emfoco\/#website","url":"https:\/\/www.em.com.br\/emfoco\/","name":"Estado de Minas - Em foco","description":"Acompanhe as \u00faltimas not\u00edcias e fique bem informado sobre tudo o que acontece em Minas Gerais, Brasil e no mundo.","potentialAction":[{"@type":"SearchAction","target":{"@type":"EntryPoint","urlTemplate":"https:\/\/www.em.com.br\/emfoco\/?s={search_term_string}"},"query-input":{"@type":"PropertyValueSpecification","valueRequired":true,"valueName":"search_term_string"}}],"inLanguage":"pt-BR"},{"@type":"Person","@id":"https:\/\/www.em.com.br\/emfoco\/#\/schema\/person\/60eda09c1fedf0d6891f4cef4b60b8b8","name":"Andre\u0301 Rangel\u00a0","image":{"@type":"ImageObject","inLanguage":"pt-BR","@id":"https:\/\/www.em.com.br\/emfoco\/#\/schema\/person\/image\/","url":"https:\/\/secure.gravatar.com\/avatar\/6234dc814c77c8ef6d8bba622c787efc?s=96&d=mm&r=g","contentUrl":"https:\/\/secure.gravatar.com\/avatar\/6234dc814c77c8ef6d8bba622c787efc?s=96&d=mm&r=g","caption":"Andre\u0301 Rangel\u00a0"},"url":"https:\/\/www.em.com.br\/emfoco\/author\/luizmyth\/"}]}},"_links":{"self":[{"href":"https:\/\/www.em.com.br\/emfoco\/wp-json\/wp\/v2\/posts\/131661","targetHints":{"allow":["GET"]}}],"collection":[{"href":"https:\/\/www.em.com.br\/emfoco\/wp-json\/wp\/v2\/posts"}],"about":[{"href":"https:\/\/www.em.com.br\/emfoco\/wp-json\/wp\/v2\/types\/post"}],"author":[{"embeddable":true,"href":"https:\/\/www.em.com.br\/emfoco\/wp-json\/wp\/v2\/users\/11"}],"replies":[{"embeddable":true,"href":"https:\/\/www.em.com.br\/emfoco\/wp-json\/wp\/v2\/comments?post=131661"}],"version-history":[{"count":4,"href":"https:\/\/www.em.com.br\/emfoco\/wp-json\/wp\/v2\/posts\/131661\/revisions"}],"predecessor-version":[{"id":131804,"href":"https:\/\/www.em.com.br\/emfoco\/wp-json\/wp\/v2\/posts\/131661\/revisions\/131804"}],"wp:featuredmedia":[{"embeddable":true,"href":"https:\/\/www.em.com.br\/emfoco\/wp-json\/wp\/v2\/media\/68229"}],"wp:attachment":[{"href":"https:\/\/www.em.com.br\/emfoco\/wp-json\/wp\/v2\/media?parent=131661"}],"wp:term":[{"taxonomy":"category","embeddable":true,"href":"https:\/\/www.em.com.br\/emfoco\/wp-json\/wp\/v2\/categories?post=131661"},{"taxonomy":"post_tag","embeddable":true,"href":"https:\/\/www.em.com.br\/emfoco\/wp-json\/wp\/v2\/tags?post=131661"}],"curies":[{"name":"wp","href":"https:\/\/api.w.org\/{rel}","templated":true}]}}