{"id":131552,"date":"2025-11-26T10:45:12","date_gmt":"2025-11-26T13:45:12","guid":{"rendered":"https:\/\/www.em.com.br\/emfoco\/?p=131552"},"modified":"2025-11-25T15:19:39","modified_gmt":"2025-11-25T18:19:39","slug":"o-fim-das-bolhas-nos-pes-gracas-a-um-item-simples-que-muitos-ignoram","status":"publish","type":"post","link":"https:\/\/www.em.com.br\/emfoco\/2025\/11\/26\/o-fim-das-bolhas-nos-pes-gracas-a-um-item-simples-que-muitos-ignoram\/","title":{"rendered":"O fim das bolhas nos p\u00e9s gra\u00e7as a um item simples que muitos ignoram"},"content":{"rendered":"\n<p>Aqueles que j\u00e1 sentiram o desconforto de usar <strong>sand\u00e1lias<\/strong> ou cal\u00e7ados de couro e acabaram com <strong>bolhas<\/strong> sabem o quanto essas les\u00f5es s\u00e3o inc\u00f4modas e comuns, principalmente durante o uso prolongado ou em atividades que geram atrito nos p\u00e9s.<\/p>\n\n\n\n<h2 class=\"wp-block-heading\">Como os sapatos influenciam na preven\u00e7\u00e3o de bolhas<\/h2>\n\n\n\n<p>A escolha certa do <strong>cal\u00e7ado<\/strong> faz total diferen\u00e7a na preven\u00e7\u00e3o de bolhas. Modelos que n\u00e3o se ajustam bem ou t\u00eam baixa <strong>ventila\u00e7\u00e3o<\/strong> s\u00e3o fatores que favorecem a forma\u00e7\u00e3o dessas les\u00f5es na pele dos p\u00e9s.<\/p>\n\n\n\n<p><strong>Especialistas<\/strong> sugerem optar por sapatos que se adaptem ao formato do p\u00e9, oferecendo suporte sem apertar. Cal\u00e7ados mal ajustados aumentam a fric\u00e7\u00e3o e o desconforto, especialmente durante o uso cont\u00ednuo.<\/p>\n\n\n<div class=\"wp-block-image\">\n<figure class=\"aligncenter size-large\"><img loading=\"lazy\" decoding=\"async\" width=\"1024\" height=\"576\" src=\"https:\/\/www.em.com.br\/emfoco\/wp-content\/uploads\/2025\/11\/sapato-bolha-no-pe_1764089226264-1024x576.jpg\" alt=\"\" class=\"wp-image-131683\" srcset=\"https:\/\/www.em.com.br\/emfoco\/wp-content\/uploads\/2025\/11\/sapato-bolha-no-pe_1764089226264-1024x576.jpg 1024w, https:\/\/www.em.com.br\/emfoco\/wp-content\/uploads\/2025\/11\/sapato-bolha-no-pe_1764089226264-300x169.jpg 300w, https:\/\/www.em.com.br\/emfoco\/wp-content\/uploads\/2025\/11\/sapato-bolha-no-pe_1764089226264-768x432.jpg 768w, https:\/\/www.em.com.br\/emfoco\/wp-content\/uploads\/2025\/11\/sapato-bolha-no-pe_1764089226264-750x422.jpg 750w, https:\/\/www.em.com.br\/emfoco\/wp-content\/uploads\/2025\/11\/sapato-bolha-no-pe_1764089226264-1140x641.jpg 1140w, https:\/\/www.em.com.br\/emfoco\/wp-content\/uploads\/2025\/11\/sapato-bolha-no-pe_1764089226264.jpg 1280w\" sizes=\"auto, (max-width: 1024px) 100vw, 1024px\" \/><figcaption class=\"wp-element-caption\">Especialistas sugerem optar por sapatos que se adaptem ao formato do p\u00e9 &#8211; Cr\u00e9ditos: depositphotos.com \/ weerapat<\/figcaption><\/figure><\/div>\n\n\n<p>Leia tamb\u00e9m:&nbsp;<a href=\"https:\/\/www.em.com.br\/emfoco\/2025\/11\/19\/calcanhar-rachado-veja-como-salvar-seus-pes-em-casa\/\" target=\"_blank\" rel=\"noopener\">Calcanhar rachado? Veja como salvar seus p\u00e9s em casa<\/a><\/p>\n\n\n\n<h2 class=\"wp-block-heading\">Como adaptar e usar sapatos novos para evitar bolhas<\/h2>\n\n\n\n<p>Para que <strong>sapatos novos<\/strong> n\u00e3o machuquem, recomenda-se us\u00e1-los gradualmente. Comece utilizando por pequenos per\u00edodos, assim o cal\u00e7ado se ajusta ao p\u00e9 sem causar les\u00f5es.<\/p>\n\n\n\n<p>Em situa\u00e7\u00f5es onde n\u00e3o \u00e9 poss\u00edvel adaptar o cal\u00e7ado com anteced\u00eancia, como <strong>festas<\/strong> ou eventos, aumentam as chances de bolhas, por isso, redobre os cuidados preventivos.<\/p>\n\n\n\n<h2 class=\"wp-block-heading\">Quais cuidados ao usar sand\u00e1lias ou cal\u00e7ados por longas horas<\/h2>\n\n\n\n<p>Quem transpira muito nos p\u00e9s deve dar prefer\u00eancia ao uso de <strong>meias<\/strong>, pois elas absorvem a umidade e ajudam a minimizar o risco de bolhas. Meias de <strong>algod\u00e3o<\/strong> ou fibras sint\u00e9ticas s\u00e3o ideais para manter os p\u00e9s secos.<\/p>\n\n\n\n<p>Al\u00e9m disso, ao usar sand\u00e1lias ou sapatos fechados por muito tempo, \u00e9 importante evitar atividades intensas que provoquem suor e atrito excessivo. Existem estrat\u00e9gias pr\u00e1ticas que podem ajudar a prevenir bolhas nessas situa\u00e7\u00f5es:<\/p>\n\n\n\n<ul class=\"wp-block-list\">\n<li>Aplique produtos como <strong>vaselina<\/strong> ou talco nas regi\u00f5es de maior contato do p\u00e9 com o cal\u00e7ado.<\/li>\n\n\n\n<li>Utilize protetores ou parches de <strong>silicone<\/strong> nos pontos de fric\u00e7\u00e3o.<\/li>\n\n\n\n<li>Higienize os p\u00e9s, lavando e secando bem antes de cal\u00e7ar os <strong>sapatos<\/strong>.<\/li>\n<\/ul>\n\n\n\n<p>Veja um v\u00eddeo r\u00e1pido mas com uma super dica para evitar calos nos p\u00e9s do canal <a class=\"yt-simple-endpoint style-scope yt-formatted-string\" spellcheck=\"false\" href=\"https:\/\/www.youtube.com\/@hojeemdia\" target=\"_blank\" rel=\"noopener\">Hoje em Dia<\/a>:<\/p>\n\n\n\n<figure class=\"wp-block-embed is-type-video is-provider-youtube wp-block-embed-youtube wp-embed-aspect-16-9 wp-has-aspect-ratio\"><div class=\"wp-block-embed__wrapper\">\n<div class=\"jeg_video_container jeg_video_content\"><iframe loading=\"lazy\" title=\"Aprenda truques para os sapatos n\u00e3o machucarem os p\u00e9s\" width=\"500\" height=\"281\" src=\"https:\/\/www.youtube.com\/embed\/e1GZO1oAe78?feature=oembed\" frameborder=\"0\" allow=\"accelerometer; autoplay; clipboard-write; encrypted-media; gyroscope; picture-in-picture; web-share\" referrerpolicy=\"strict-origin-when-cross-origin\" allowfullscreen><\/iframe><\/div>\n<\/div><\/figure>\n\n\n\n<h2 class=\"wp-block-heading\">Por que manter os p\u00e9s secos ajuda a prevenir bolhas<\/h2>\n\n\n\n<p>Uma boa <strong>higiene<\/strong>, junto ao uso de talco ou produtos espec\u00edficos, reduz a umidade nos p\u00e9s e protege as \u00e1reas mais sens\u00edveis \u00e0 fric\u00e7\u00e3o. Manter os p\u00e9s secos \u00e9 fundamental tanto para o conforto quanto para a <strong>preven\u00e7\u00e3o<\/strong> de les\u00f5es cut\u00e2neas.<\/p>\n\n\n\n<p>Essas pr\u00e1ticas simples evitam o aparecimento de <strong>bolhas<\/strong> e outros problemas, promovendo o conforto no uso di\u00e1rio de cal\u00e7ados. Assim, \u00e9 poss\u00edvel ter mais seguran\u00e7a e <strong>sa\u00fade<\/strong> para os p\u00e9s em todas as ocasi\u00f5es. Se as bolhas forem constantes ou apresentarem sinais de infec\u00e7\u00e3o, \u00e9 importante buscar orienta\u00e7\u00e3o de um <strong>dermatologista<\/strong>.<\/p>\n","protected":false},"excerpt":{"rendered":"<p>Aqueles que j\u00e1 sentiram o desconforto de usar sand\u00e1lias ou cal\u00e7ados de couro e acabaram com bolhas sabem o quanto essas les\u00f5es s\u00e3o inc\u00f4modas e comuns, principalmente durante o uso prolongado ou em atividades que geram atrito nos p\u00e9s. Como os sapatos influenciam na preven\u00e7\u00e3o de bolhas A escolha certa do cal\u00e7ado faz total diferen\u00e7a [&hellip;]<\/p>\n","protected":false},"author":9,"featured_media":131682,"comment_status":"open","ping_status":"open","sticky":false,"template":"","format":"standard","meta":{"jnews-multi-image_gallery":[],"jnews_single_post":{"format":"standard"},"jnews_primary_category":[],"jnews_social_meta":[],"jnews_override_counter":[],"footnotes":""},"categories":[8691,8819,1],"tags":[19273,14832,6142],"class_list":["post-131552","post","type-post","status-publish","format-standard","has-post-thumbnail","hentry","category-bem-estar","category-curiosidades","category-noticias","tag-bolhas-no-pes","tag-desconforto","tag-sapatos"],"yoast_head":"<!-- This site is optimized with the Yoast SEO plugin v23.8 - https:\/\/yoast.com\/wordpress\/plugins\/seo\/ -->\n<title>O fim das bolhas nos p\u00e9s gra\u00e7as a um item simples que muitos ignoram - Estado de Minas - Em foco<\/title>\n<meta name=\"description\" content=\"Evite bolhas escolhendo o cal\u00e7ado certo e mantendo os p\u00e9s secos. O uso de vaselina e meias adequadas reduz o atrito e previne les\u00f5es.\" \/>\n<meta name=\"robots\" content=\"index, follow, max-snippet:-1, max-image-preview:large, max-video-preview:-1\" \/>\n<link rel=\"canonical\" href=\"https:\/\/www.em.com.br\/emfoco\/2025\/11\/26\/o-fim-das-bolhas-nos-pes-gracas-a-um-item-simples-que-muitos-ignoram\/\" \/>\n<meta property=\"og:locale\" content=\"pt_BR\" \/>\n<meta property=\"og:type\" content=\"article\" \/>\n<meta property=\"og:title\" content=\"O fim das bolhas nos p\u00e9s gra\u00e7as a um item simples que muitos ignoram - Estado de Minas - Em foco\" \/>\n<meta property=\"og:description\" content=\"Evite bolhas escolhendo o cal\u00e7ado certo e mantendo os p\u00e9s secos. O uso de vaselina e meias adequadas reduz o atrito e previne les\u00f5es.\" \/>\n<meta property=\"og:url\" content=\"https:\/\/www.em.com.br\/emfoco\/2025\/11\/26\/o-fim-das-bolhas-nos-pes-gracas-a-um-item-simples-que-muitos-ignoram\/\" \/>\n<meta property=\"og:site_name\" content=\"Estado de Minas - Em foco\" \/>\n<meta property=\"article:published_time\" content=\"2025-11-26T13:45:12+00:00\" \/>\n<meta property=\"article:modified_time\" content=\"2025-11-25T18:19:39+00:00\" \/>\n<meta property=\"og:image\" content=\"https:\/\/www.em.com.br\/emfoco\/wp-content\/uploads\/2025\/11\/sapato-bolha-no-pe_1764089164845.jpg\" \/>\n\t<meta property=\"og:image:width\" content=\"1280\" \/>\n\t<meta property=\"og:image:height\" content=\"720\" \/>\n\t<meta property=\"og:image:type\" content=\"image\/jpeg\" \/>\n<meta name=\"author\" content=\"Daniely Cardoso\" \/>\n<meta name=\"twitter:card\" content=\"summary_large_image\" \/>\n<meta name=\"twitter:label1\" content=\"Escrito por\" \/>\n\t<meta name=\"twitter:data1\" content=\"Daniely Cardoso\" \/>\n\t<meta name=\"twitter:label2\" content=\"Est. tempo de leitura\" \/>\n\t<meta name=\"twitter:data2\" content=\"3 minutos\" \/>\n<!-- \/ Yoast SEO plugin. -->","yoast_head_json":{"title":"O fim das bolhas nos p\u00e9s gra\u00e7as a um item simples que muitos ignoram - Estado de Minas - Em foco","description":"Evite bolhas escolhendo o cal\u00e7ado certo e mantendo os p\u00e9s secos. O uso de vaselina e meias adequadas reduz o atrito e previne les\u00f5es.","robots":{"index":"index","follow":"follow","max-snippet":"max-snippet:-1","max-image-preview":"max-image-preview:large","max-video-preview":"max-video-preview:-1"},"canonical":"https:\/\/www.em.com.br\/emfoco\/2025\/11\/26\/o-fim-das-bolhas-nos-pes-gracas-a-um-item-simples-que-muitos-ignoram\/","og_locale":"pt_BR","og_type":"article","og_title":"O fim das bolhas nos p\u00e9s gra\u00e7as a um item simples que muitos ignoram - Estado de Minas - Em foco","og_description":"Evite bolhas escolhendo o cal\u00e7ado certo e mantendo os p\u00e9s secos. O uso de vaselina e meias adequadas reduz o atrito e previne les\u00f5es.","og_url":"https:\/\/www.em.com.br\/emfoco\/2025\/11\/26\/o-fim-das-bolhas-nos-pes-gracas-a-um-item-simples-que-muitos-ignoram\/","og_site_name":"Estado de Minas - Em foco","article_published_time":"2025-11-26T13:45:12+00:00","article_modified_time":"2025-11-25T18:19:39+00:00","og_image":[{"width":1280,"height":720,"url":"https:\/\/www.em.com.br\/emfoco\/wp-content\/uploads\/2025\/11\/sapato-bolha-no-pe_1764089164845.jpg","type":"image\/jpeg"}],"author":"Daniely Cardoso","twitter_card":"summary_large_image","twitter_misc":{"Escrito por":"Daniely Cardoso","Est. tempo de leitura":"3 minutos"},"schema":{"@context":"https:\/\/schema.org","@graph":[{"@type":"WebPage","@id":"https:\/\/www.em.com.br\/emfoco\/2025\/11\/26\/o-fim-das-bolhas-nos-pes-gracas-a-um-item-simples-que-muitos-ignoram\/","url":"https:\/\/www.em.com.br\/emfoco\/2025\/11\/26\/o-fim-das-bolhas-nos-pes-gracas-a-um-item-simples-que-muitos-ignoram\/","name":"O fim das bolhas nos p\u00e9s gra\u00e7as a um item simples que muitos ignoram - Estado de Minas - Em foco","isPartOf":{"@id":"https:\/\/www.em.com.br\/emfoco\/#website"},"primaryImageOfPage":{"@id":"https:\/\/www.em.com.br\/emfoco\/2025\/11\/26\/o-fim-das-bolhas-nos-pes-gracas-a-um-item-simples-que-muitos-ignoram\/#primaryimage"},"image":{"@id":"https:\/\/www.em.com.br\/emfoco\/2025\/11\/26\/o-fim-das-bolhas-nos-pes-gracas-a-um-item-simples-que-muitos-ignoram\/#primaryimage"},"thumbnailUrl":"https:\/\/www.em.com.br\/emfoco\/wp-content\/uploads\/2025\/11\/sapato-bolha-no-pe_1764089164845.jpg","datePublished":"2025-11-26T13:45:12+00:00","dateModified":"2025-11-25T18:19:39+00:00","author":{"@id":"https:\/\/www.em.com.br\/emfoco\/#\/schema\/person\/0a8186d72f2c3a5c6276d90b41f271a0"},"description":"Evite bolhas escolhendo o cal\u00e7ado certo e mantendo os p\u00e9s secos. O uso de vaselina e meias adequadas reduz o atrito e previne les\u00f5es.","breadcrumb":{"@id":"https:\/\/www.em.com.br\/emfoco\/2025\/11\/26\/o-fim-das-bolhas-nos-pes-gracas-a-um-item-simples-que-muitos-ignoram\/#breadcrumb"},"inLanguage":"pt-BR","potentialAction":[{"@type":"ReadAction","target":["https:\/\/www.em.com.br\/emfoco\/2025\/11\/26\/o-fim-das-bolhas-nos-pes-gracas-a-um-item-simples-que-muitos-ignoram\/"]}]},{"@type":"ImageObject","inLanguage":"pt-BR","@id":"https:\/\/www.em.com.br\/emfoco\/2025\/11\/26\/o-fim-das-bolhas-nos-pes-gracas-a-um-item-simples-que-muitos-ignoram\/#primaryimage","url":"https:\/\/www.em.com.br\/emfoco\/wp-content\/uploads\/2025\/11\/sapato-bolha-no-pe_1764089164845.jpg","contentUrl":"https:\/\/www.em.com.br\/emfoco\/wp-content\/uploads\/2025\/11\/sapato-bolha-no-pe_1764089164845.jpg","width":1280,"height":720,"caption":"Alguns sapatos podem causar bolhas - Cr\u00e9ditos: depositphotos.com \/ VGeorgiev"},{"@type":"BreadcrumbList","@id":"https:\/\/www.em.com.br\/emfoco\/2025\/11\/26\/o-fim-das-bolhas-nos-pes-gracas-a-um-item-simples-que-muitos-ignoram\/#breadcrumb","itemListElement":[{"@type":"ListItem","position":1,"name":"In\u00edcio","item":"https:\/\/www.em.com.br\/emfoco\/"},{"@type":"ListItem","position":2,"name":"O fim das bolhas nos p\u00e9s gra\u00e7as a um item simples que muitos ignoram"}]},{"@type":"WebSite","@id":"https:\/\/www.em.com.br\/emfoco\/#website","url":"https:\/\/www.em.com.br\/emfoco\/","name":"Estado de Minas - Em foco","description":"Acompanhe as \u00faltimas not\u00edcias e fique bem informado sobre tudo o que acontece em Minas Gerais, Brasil e no mundo.","potentialAction":[{"@type":"SearchAction","target":{"@type":"EntryPoint","urlTemplate":"https:\/\/www.em.com.br\/emfoco\/?s={search_term_string}"},"query-input":{"@type":"PropertyValueSpecification","valueRequired":true,"valueName":"search_term_string"}}],"inLanguage":"pt-BR"},{"@type":"Person","@id":"https:\/\/www.em.com.br\/emfoco\/#\/schema\/person\/0a8186d72f2c3a5c6276d90b41f271a0","name":"Daniely Cardoso","image":{"@type":"ImageObject","inLanguage":"pt-BR","@id":"https:\/\/www.em.com.br\/emfoco\/#\/schema\/person\/image\/","url":"https:\/\/secure.gravatar.com\/avatar\/4b80ddbd124d1f071b626d52d62e5dff?s=96&d=mm&r=g","contentUrl":"https:\/\/secure.gravatar.com\/avatar\/4b80ddbd124d1f071b626d52d62e5dff?s=96&d=mm&r=g","caption":"Daniely Cardoso"},"url":"https:\/\/www.em.com.br\/emfoco\/author\/danielymyth\/"}]}},"_links":{"self":[{"href":"https:\/\/www.em.com.br\/emfoco\/wp-json\/wp\/v2\/posts\/131552","targetHints":{"allow":["GET"]}}],"collection":[{"href":"https:\/\/www.em.com.br\/emfoco\/wp-json\/wp\/v2\/posts"}],"about":[{"href":"https:\/\/www.em.com.br\/emfoco\/wp-json\/wp\/v2\/types\/post"}],"author":[{"embeddable":true,"href":"https:\/\/www.em.com.br\/emfoco\/wp-json\/wp\/v2\/users\/9"}],"replies":[{"embeddable":true,"href":"https:\/\/www.em.com.br\/emfoco\/wp-json\/wp\/v2\/comments?post=131552"}],"version-history":[{"count":3,"href":"https:\/\/www.em.com.br\/emfoco\/wp-json\/wp\/v2\/posts\/131552\/revisions"}],"predecessor-version":[{"id":131805,"href":"https:\/\/www.em.com.br\/emfoco\/wp-json\/wp\/v2\/posts\/131552\/revisions\/131805"}],"wp:featuredmedia":[{"embeddable":true,"href":"https:\/\/www.em.com.br\/emfoco\/wp-json\/wp\/v2\/media\/131682"}],"wp:attachment":[{"href":"https:\/\/www.em.com.br\/emfoco\/wp-json\/wp\/v2\/media?parent=131552"}],"wp:term":[{"taxonomy":"category","embeddable":true,"href":"https:\/\/www.em.com.br\/emfoco\/wp-json\/wp\/v2\/categories?post=131552"},{"taxonomy":"post_tag","embeddable":true,"href":"https:\/\/www.em.com.br\/emfoco\/wp-json\/wp\/v2\/tags?post=131552"}],"curies":[{"name":"wp","href":"https:\/\/api.w.org\/{rel}","templated":true}]}}