{"id":131516,"date":"2025-11-25T10:09:00","date_gmt":"2025-11-25T13:09:00","guid":{"rendered":"https:\/\/www.em.com.br\/emfoco\/?p=131516"},"modified":"2025-11-25T10:00:45","modified_gmt":"2025-11-25T13:00:45","slug":"fiz-uma-limpeza-residencial-totalmente-gratuita-que-teria-um-valor-de-no-minimo-r-90-mil","status":"publish","type":"post","link":"https:\/\/www.em.com.br\/emfoco\/2025\/11\/25\/fiz-uma-limpeza-residencial-totalmente-gratuita-que-teria-um-valor-de-no-minimo-r-90-mil\/","title":{"rendered":"Fiz uma limpeza residencial totalmente gratuita, que teria um valor de, no m\u00ednimo, R$ 90 mil"},"content":{"rendered":"\n<p>Em um mundo onde as redes sociais ditam tend\u00eancias e comportamentos, surge uma figura peculiar que tem desafiado a l\u00f3gica convencional: <strong>Aurikatariina<\/strong>. Conhecida por transformar trag\u00e9dias em lares aconchegantes sem cobrar um centavo, suas a\u00e7\u00f5es transcendem a simples tarefa de <strong>limpeza<\/strong>, oferecendo uma vis\u00e3o de esperan\u00e7a para aqueles que mais precisam.<\/p>\n\n\n\n<h2 class=\"wp-block-heading\">Quem \u00e9 Aurikatariina e por que suas a\u00e7\u00f5es s\u00e3o t\u00e3o significativas?<\/h2>\n\n\n\n<p><strong>Aurikatariina <\/strong>se destaca como uma influenciadora que n\u00e3o apenas entende seus seguidores, mas tamb\u00e9m vivencia suas lutas. Especializada em<a href=\"https:\/\/www.em.com.br\/emfoco\/2025\/10\/01\/como-limpar-pisos-encardidos-e-recuperar-o-brilho-perdido\/\" target=\"_blank\" rel=\"noreferrer noopener\"> limpar casas<\/a> de pessoas que sofrem de <strong>depress\u00e3o <\/strong>e outros problemas <strong>psicol\u00f3gicos<\/strong>, ela acredita no poder terap\u00eautico de um ambiente limpo e organizado. Com uma abordagem despretensiosa e sens\u00edvel, Aurora se dedica a transformar vidas atrav\u00e9s da limpeza, oferecendo uma ajuda que vai al\u00e9m da escova e do pano.<\/p>\n\n\n\n<p>Vale ressaltar que servi\u00e7os como os realizados por Aurikatariina costumam ser extremamente caros: uma limpeza profissional desse porte pode custar, em m\u00e9dia, <strong>cerca de 15 mil euro<\/strong>s \u2014 o que representa <strong>aproximadamente 93 mil reais<\/strong> \u2014 tornando seu trabalho volunt\u00e1rio ainda mais significativo para quem n\u00e3o tem condi\u00e7\u00f5es de arcar com essa despesa.<\/p>\n\n\n\n<figure class=\"wp-block-image size-large\"><img loading=\"lazy\" decoding=\"async\" width=\"1024\" height=\"559\" src=\"https:\/\/www.em.com.br\/emfoco\/wp-content\/uploads\/2025\/11\/freepik__the-style-is-candid-image-photography-with-natural__31900-1024x559.jpg\" alt=\"\" class=\"wp-image-131522\" srcset=\"https:\/\/www.em.com.br\/emfoco\/wp-content\/uploads\/2025\/11\/freepik__the-style-is-candid-image-photography-with-natural__31900-1024x559.jpg 1024w, https:\/\/www.em.com.br\/emfoco\/wp-content\/uploads\/2025\/11\/freepik__the-style-is-candid-image-photography-with-natural__31900-300x164.jpg 300w, https:\/\/www.em.com.br\/emfoco\/wp-content\/uploads\/2025\/11\/freepik__the-style-is-candid-image-photography-with-natural__31900-768x419.jpg 768w, https:\/\/www.em.com.br\/emfoco\/wp-content\/uploads\/2025\/11\/freepik__the-style-is-candid-image-photography-with-natural__31900-750x409.jpg 750w, https:\/\/www.em.com.br\/emfoco\/wp-content\/uploads\/2025\/11\/freepik__the-style-is-candid-image-photography-with-natural__31900-1140x622.jpg 1140w, https:\/\/www.em.com.br\/emfoco\/wp-content\/uploads\/2025\/11\/freepik__the-style-is-candid-image-photography-with-natural__31900.jpg 1408w\" sizes=\"auto, (max-width: 1024px) 100vw, 1024px\" \/><figcaption class=\"wp-element-caption\">A limpeza custaria R$ 90 mil, mas decidi fazer totalmente de gra\u00e7a (Imagem liustrativa)<\/figcaption><\/figure>\n\n\n\n<h2 class=\"wp-block-heading\">Como uma limpeza pode afetar a sa\u00fade mental de uma pessoa?<\/h2>\n\n\n\n<p>A rela\u00e7\u00e3o entre a <strong>limpeza <\/strong>e a <strong>sa\u00fade mental<\/strong> \u00e9 profunda e multifacetada. Um ambiente desorganizado pode aumentar sentimentos de estresse e ansiedade, tornando mais dif\u00edcil para as pessoas enfrentarem os desafios di\u00e1rios. Ao restaurar a ordem em uma casa, Aurikatariina promove um ambiente que propicia a paz interior e o<strong> bem-estar mental<\/strong>. Essa mudan\u00e7a n\u00e3o s\u00f3 melhora a <strong>qualidade <\/strong>de vida dos moradores, mas tamb\u00e9m permite que eles retomem o controle sobre suas pr\u00f3prias exist\u00eancias.<\/p>\n\n\n\n<p>No canal de <a href=\"https:\/\/www.youtube.com\/@AuriKatariinaenEspanol\" target=\"_blank\" rel=\"noreferrer noopener\">AuriKatariina en Espanol <\/a>ela mostra com detalhes a limpeza dessa casa:<\/p>\n\n\n\n<figure class=\"wp-block-embed is-type-video is-provider-youtube wp-block-embed-youtube wp-embed-aspect-16-9 wp-has-aspect-ratio\"><div class=\"wp-block-embed__wrapper\">\n<div class=\"jeg_video_container jeg_video_content\"><iframe loading=\"lazy\" title=\"LIMPIEZA DE UNA CASA POR VALOR DE 15.000 EUROS \u00a1GRATIS! \ud83e\udd29\" width=\"500\" height=\"281\" src=\"https:\/\/www.youtube.com\/embed\/j4GtCQZIMeY?feature=oembed\" frameborder=\"0\" allow=\"accelerometer; autoplay; clipboard-write; encrypted-media; gyroscope; picture-in-picture; web-share\" referrerpolicy=\"strict-origin-when-cross-origin\" allowfullscreen><\/iframe><\/div>\n<\/div><\/figure>\n\n\n\n<h2 class=\"wp-block-heading\">O que s\u00e3o acumuladores e como eles se encaixam nessa hist\u00f3ria?<\/h2>\n\n\n\n<p>A condi\u00e7\u00e3o conhecida como transtorno de acumula\u00e7\u00e3o \u00e9 caracterizada pelo ac\u00famulo excessivo de itens, ao ponto de interferir no uso normal da casa e gerar um <strong>ambiente<\/strong> insalubre. Pessoas com esse transtorno geralmente enfrentam dificuldades emocionais e pr\u00e1ticas, muitas vezes mantendo objetos por motivos sentimentais ou por medo de precisar deles no futuro. A miss\u00e3o de Aurikatariina tamb\u00e9m envolve ajudar esses indiv\u00edduos a superar suas barreiras psicol\u00f3gicas, permitindo que redescubram alegria e prop\u00f3sito em um espa\u00e7o livre de excessos.<\/p>\n\n\n\n<figure class=\"wp-block-image size-large\"><img loading=\"lazy\" decoding=\"async\" width=\"1024\" height=\"559\" src=\"https:\/\/www.em.com.br\/emfoco\/wp-content\/uploads\/2025\/11\/freepik__candid-i-with-natural-textures-and-highly-realisti__31899-1024x559.jpg\" alt=\"\" class=\"wp-image-131520\" srcset=\"https:\/\/www.em.com.br\/emfoco\/wp-content\/uploads\/2025\/11\/freepik__candid-i-with-natural-textures-and-highly-realisti__31899-1024x559.jpg 1024w, https:\/\/www.em.com.br\/emfoco\/wp-content\/uploads\/2025\/11\/freepik__candid-i-with-natural-textures-and-highly-realisti__31899-300x164.jpg 300w, https:\/\/www.em.com.br\/emfoco\/wp-content\/uploads\/2025\/11\/freepik__candid-i-with-natural-textures-and-highly-realisti__31899-768x419.jpg 768w, https:\/\/www.em.com.br\/emfoco\/wp-content\/uploads\/2025\/11\/freepik__candid-i-with-natural-textures-and-highly-realisti__31899-750x409.jpg 750w, https:\/\/www.em.com.br\/emfoco\/wp-content\/uploads\/2025\/11\/freepik__candid-i-with-natural-textures-and-highly-realisti__31899-1140x622.jpg 1140w, https:\/\/www.em.com.br\/emfoco\/wp-content\/uploads\/2025\/11\/freepik__candid-i-with-natural-textures-and-highly-realisti__31899.jpg 1408w\" sizes=\"auto, (max-width: 1024px) 100vw, 1024px\" \/><figcaption class=\"wp-element-caption\">Trabalho de R$ 90 mil feito de gra\u00e7a: a hist\u00f3ria dessa limpeza absurda (Imagem ilustrativa)<\/figcaption><\/figure>\n\n\n\n<h2 class=\"wp-block-heading\">Quais s\u00e3o os desafios enfrentados ao limpar uma casa em tais condi\u00e7\u00f5es?<\/h2>\n\n\n\n<p>Limpar uma <strong>resid\u00eancia <\/strong>de <strong>acumuladores <\/strong>n\u00e3o \u00e9 uma tarefa f\u00e1cil. Al\u00e9m do desafio f\u00edsico de remover o excesso de itens e <strong>detergentes <\/strong>para <strong>limpar <\/strong>sujeira acumulada ao longo do tempo, h\u00e1 tamb\u00e9m o aspecto emocional. Para Aurikatariina, \u00e9 crucial abordar a tarefa de maneira sens\u00edvel e respeitosa, respeitando os sentimentos dos moradores em rela\u00e7\u00e3o aos seus pertences enquanto oferece orienta\u00e7\u00e3o e apoio para ajudar na transi\u00e7\u00e3o para um ambiente mais organizado.<\/p>\n\n\n\n<h2 class=\"wp-block-heading\">Por que o trabalho de Aurikatariina \u00e9 um farol de esperan\u00e7a para muitos?<\/h2>\n\n\n\n<p>Aurikatariina n\u00e3o apenas limpa, mas tamb\u00e9m inspira transforma\u00e7\u00e3o e renova\u00e7\u00e3o de vidas. Seu trabalho mostra que, em meio ao caos e \u00e0 desordem, existe a possibilidade de mudan\u00e7a e uma nova perspectiva. Ao oferecer seus servi\u00e7os gratuitamente, ela desafia normas societ\u00e1rias e demonstra o valor da solidariedade e da compaix\u00e3o. Essa abordagem altru\u00edsta e humanit\u00e1ria faz de Aurikatariina um exemplo a ser seguido, provando que atos de bondade podem desencadear um ciclo de cura e esperan\u00e7a.<\/p>\n","protected":false},"excerpt":{"rendered":"<p>Em um mundo onde as redes sociais ditam tend\u00eancias e comportamentos, surge uma figura peculiar que tem desafiado a l\u00f3gica convencional: Aurikatariina. Conhecida por transformar trag\u00e9dias em lares aconchegantes sem cobrar um centavo, suas a\u00e7\u00f5es transcendem a simples tarefa de limpeza, oferecendo uma vis\u00e3o de esperan\u00e7a para aqueles que mais precisam. Quem \u00e9 Aurikatariina e [&hellip;]<\/p>\n","protected":false},"author":19,"featured_media":131519,"comment_status":"open","ping_status":"open","sticky":false,"template":"","format":"standard","meta":{"jnews-multi-image_gallery":[],"jnews_single_post":{"format":"standard"},"jnews_primary_category":[],"jnews_social_meta":[],"jnews_override_counter":[],"footnotes":""},"categories":[8819],"tags":[19264,4947,5206,19265],"class_list":["post-131516","post","type-post","status-publish","format-standard","has-post-thumbnail","hentry","category-curiosidades","tag-acumuladores","tag-ansiedade","tag-depressao","tag-limpeza-residencial"],"yoast_head":"<!-- This site is optimized with the Yoast SEO plugin v23.8 - https:\/\/yoast.com\/wordpress\/plugins\/seo\/ -->\n<title>Fiz uma limpeza residencial totalmente gratuita, que teria um valor de, no m\u00ednimo, R$ 90 mil - Estado de Minas - Em foco<\/title>\n<meta name=\"description\" content=\"Essa limpeza residencial poderia custar pelo menos R$ 90 mil, mas foi feita totalmente de gra\u00e7a. O motivo por tr\u00e1s disso pode te surpreender\" \/>\n<meta name=\"robots\" content=\"index, follow, max-snippet:-1, max-image-preview:large, max-video-preview:-1\" \/>\n<link rel=\"canonical\" href=\"https:\/\/www.em.com.br\/emfoco\/2025\/11\/25\/fiz-uma-limpeza-residencial-totalmente-gratuita-que-teria-um-valor-de-no-minimo-r-90-mil\/\" \/>\n<meta property=\"og:locale\" content=\"pt_BR\" \/>\n<meta property=\"og:type\" content=\"article\" \/>\n<meta property=\"og:title\" content=\"Fiz uma limpeza residencial totalmente gratuita, que teria um valor de, no m\u00ednimo, R$ 90 mil - Estado de Minas - Em foco\" \/>\n<meta property=\"og:description\" content=\"Essa limpeza residencial poderia custar pelo menos R$ 90 mil, mas foi feita totalmente de gra\u00e7a. O motivo por tr\u00e1s disso pode te surpreender\" \/>\n<meta property=\"og:url\" content=\"https:\/\/www.em.com.br\/emfoco\/2025\/11\/25\/fiz-uma-limpeza-residencial-totalmente-gratuita-que-teria-um-valor-de-no-minimo-r-90-mil\/\" \/>\n<meta property=\"og:site_name\" content=\"Estado de Minas - Em foco\" \/>\n<meta property=\"article:published_time\" content=\"2025-11-25T13:09:00+00:00\" \/>\n<meta property=\"article:modified_time\" content=\"2025-11-25T13:00:45+00:00\" \/>\n<meta property=\"og:image\" content=\"https:\/\/www.em.com.br\/emfoco\/wp-content\/uploads\/2025\/11\/freepik__the-style-is-candid-image-photography-with-natural__31898.jpeg\" \/>\n\t<meta property=\"og:image:width\" content=\"1280\" \/>\n\t<meta property=\"og:image:height\" content=\"731\" \/>\n\t<meta property=\"og:image:type\" content=\"image\/jpeg\" \/>\n<meta name=\"author\" content=\"Vanessa Tavares\" \/>\n<meta name=\"twitter:card\" content=\"summary_large_image\" \/>\n<meta name=\"twitter:label1\" content=\"Escrito por\" \/>\n\t<meta name=\"twitter:data1\" content=\"Vanessa Tavares\" \/>\n\t<meta name=\"twitter:label2\" content=\"Est. tempo de leitura\" \/>\n\t<meta name=\"twitter:data2\" content=\"4 minutos\" \/>\n<!-- \/ Yoast SEO plugin. -->","yoast_head_json":{"title":"Fiz uma limpeza residencial totalmente gratuita, que teria um valor de, no m\u00ednimo, R$ 90 mil - Estado de Minas - Em foco","description":"Essa limpeza residencial poderia custar pelo menos R$ 90 mil, mas foi feita totalmente de gra\u00e7a. O motivo por tr\u00e1s disso pode te surpreender","robots":{"index":"index","follow":"follow","max-snippet":"max-snippet:-1","max-image-preview":"max-image-preview:large","max-video-preview":"max-video-preview:-1"},"canonical":"https:\/\/www.em.com.br\/emfoco\/2025\/11\/25\/fiz-uma-limpeza-residencial-totalmente-gratuita-que-teria-um-valor-de-no-minimo-r-90-mil\/","og_locale":"pt_BR","og_type":"article","og_title":"Fiz uma limpeza residencial totalmente gratuita, que teria um valor de, no m\u00ednimo, R$ 90 mil - Estado de Minas - Em foco","og_description":"Essa limpeza residencial poderia custar pelo menos R$ 90 mil, mas foi feita totalmente de gra\u00e7a. O motivo por tr\u00e1s disso pode te surpreender","og_url":"https:\/\/www.em.com.br\/emfoco\/2025\/11\/25\/fiz-uma-limpeza-residencial-totalmente-gratuita-que-teria-um-valor-de-no-minimo-r-90-mil\/","og_site_name":"Estado de Minas - Em foco","article_published_time":"2025-11-25T13:09:00+00:00","article_modified_time":"2025-11-25T13:00:45+00:00","og_image":[{"width":1280,"height":731,"url":"https:\/\/www.em.com.br\/emfoco\/wp-content\/uploads\/2025\/11\/freepik__the-style-is-candid-image-photography-with-natural__31898.jpeg","type":"image\/jpeg"}],"author":"Vanessa Tavares","twitter_card":"summary_large_image","twitter_misc":{"Escrito por":"Vanessa Tavares","Est. tempo de leitura":"4 minutos"},"schema":{"@context":"https:\/\/schema.org","@graph":[{"@type":"WebPage","@id":"https:\/\/www.em.com.br\/emfoco\/2025\/11\/25\/fiz-uma-limpeza-residencial-totalmente-gratuita-que-teria-um-valor-de-no-minimo-r-90-mil\/","url":"https:\/\/www.em.com.br\/emfoco\/2025\/11\/25\/fiz-uma-limpeza-residencial-totalmente-gratuita-que-teria-um-valor-de-no-minimo-r-90-mil\/","name":"Fiz uma limpeza residencial totalmente gratuita, que teria um valor de, no m\u00ednimo, R$ 90 mil - Estado de Minas - Em foco","isPartOf":{"@id":"https:\/\/www.em.com.br\/emfoco\/#website"},"primaryImageOfPage":{"@id":"https:\/\/www.em.com.br\/emfoco\/2025\/11\/25\/fiz-uma-limpeza-residencial-totalmente-gratuita-que-teria-um-valor-de-no-minimo-r-90-mil\/#primaryimage"},"image":{"@id":"https:\/\/www.em.com.br\/emfoco\/2025\/11\/25\/fiz-uma-limpeza-residencial-totalmente-gratuita-que-teria-um-valor-de-no-minimo-r-90-mil\/#primaryimage"},"thumbnailUrl":"https:\/\/www.em.com.br\/emfoco\/wp-content\/uploads\/2025\/11\/freepik__the-style-is-candid-image-photography-with-natural__31898.jpeg","datePublished":"2025-11-25T13:09:00+00:00","dateModified":"2025-11-25T13:00:45+00:00","author":{"@id":"https:\/\/www.em.com.br\/emfoco\/#\/schema\/person\/4a7a157aac450b98edc86f15a7434f0b"},"description":"Essa limpeza residencial poderia custar pelo menos R$ 90 mil, mas foi feita totalmente de gra\u00e7a. O motivo por tr\u00e1s disso pode te surpreender","breadcrumb":{"@id":"https:\/\/www.em.com.br\/emfoco\/2025\/11\/25\/fiz-uma-limpeza-residencial-totalmente-gratuita-que-teria-um-valor-de-no-minimo-r-90-mil\/#breadcrumb"},"inLanguage":"pt-BR","potentialAction":[{"@type":"ReadAction","target":["https:\/\/www.em.com.br\/emfoco\/2025\/11\/25\/fiz-uma-limpeza-residencial-totalmente-gratuita-que-teria-um-valor-de-no-minimo-r-90-mil\/"]}]},{"@type":"ImageObject","inLanguage":"pt-BR","@id":"https:\/\/www.em.com.br\/emfoco\/2025\/11\/25\/fiz-uma-limpeza-residencial-totalmente-gratuita-que-teria-um-valor-de-no-minimo-r-90-mil\/#primaryimage","url":"https:\/\/www.em.com.br\/emfoco\/wp-content\/uploads\/2025\/11\/freepik__the-style-is-candid-image-photography-with-natural__31898.jpeg","contentUrl":"https:\/\/www.em.com.br\/emfoco\/wp-content\/uploads\/2025\/11\/freepik__the-style-is-candid-image-photography-with-natural__31898.jpeg","width":1280,"height":731,"caption":"A limpeza custaria R$ 90 mil, mas decidi fazer totalmente de gra\u00e7a (Imagem ilustrativa)"},{"@type":"BreadcrumbList","@id":"https:\/\/www.em.com.br\/emfoco\/2025\/11\/25\/fiz-uma-limpeza-residencial-totalmente-gratuita-que-teria-um-valor-de-no-minimo-r-90-mil\/#breadcrumb","itemListElement":[{"@type":"ListItem","position":1,"name":"In\u00edcio","item":"https:\/\/www.em.com.br\/emfoco\/"},{"@type":"ListItem","position":2,"name":"Fiz uma limpeza residencial totalmente gratuita, que teria um valor de, no m\u00ednimo, R$ 90 mil"}]},{"@type":"WebSite","@id":"https:\/\/www.em.com.br\/emfoco\/#website","url":"https:\/\/www.em.com.br\/emfoco\/","name":"Estado de Minas - Em foco","description":"Acompanhe as \u00faltimas not\u00edcias e fique bem informado sobre tudo o que acontece em Minas Gerais, Brasil e no mundo.","potentialAction":[{"@type":"SearchAction","target":{"@type":"EntryPoint","urlTemplate":"https:\/\/www.em.com.br\/emfoco\/?s={search_term_string}"},"query-input":{"@type":"PropertyValueSpecification","valueRequired":true,"valueName":"search_term_string"}}],"inLanguage":"pt-BR"},{"@type":"Person","@id":"https:\/\/www.em.com.br\/emfoco\/#\/schema\/person\/4a7a157aac450b98edc86f15a7434f0b","name":"Vanessa Tavares","image":{"@type":"ImageObject","inLanguage":"pt-BR","@id":"https:\/\/www.em.com.br\/emfoco\/#\/schema\/person\/image\/","url":"https:\/\/secure.gravatar.com\/avatar\/088c9372da58da00f00f8e508f13d635?s=96&d=mm&r=g","contentUrl":"https:\/\/secure.gravatar.com\/avatar\/088c9372da58da00f00f8e508f13d635?s=96&d=mm&r=g","caption":"Vanessa Tavares"},"sameAs":["https:\/\/www.em.com.br\/emfoco"],"url":"https:\/\/www.em.com.br\/emfoco\/author\/vanessamyth\/"}]}},"_links":{"self":[{"href":"https:\/\/www.em.com.br\/emfoco\/wp-json\/wp\/v2\/posts\/131516","targetHints":{"allow":["GET"]}}],"collection":[{"href":"https:\/\/www.em.com.br\/emfoco\/wp-json\/wp\/v2\/posts"}],"about":[{"href":"https:\/\/www.em.com.br\/emfoco\/wp-json\/wp\/v2\/types\/post"}],"author":[{"embeddable":true,"href":"https:\/\/www.em.com.br\/emfoco\/wp-json\/wp\/v2\/users\/19"}],"replies":[{"embeddable":true,"href":"https:\/\/www.em.com.br\/emfoco\/wp-json\/wp\/v2\/comments?post=131516"}],"version-history":[{"count":6,"href":"https:\/\/www.em.com.br\/emfoco\/wp-json\/wp\/v2\/posts\/131516\/revisions"}],"predecessor-version":[{"id":131529,"href":"https:\/\/www.em.com.br\/emfoco\/wp-json\/wp\/v2\/posts\/131516\/revisions\/131529"}],"wp:featuredmedia":[{"embeddable":true,"href":"https:\/\/www.em.com.br\/emfoco\/wp-json\/wp\/v2\/media\/131519"}],"wp:attachment":[{"href":"https:\/\/www.em.com.br\/emfoco\/wp-json\/wp\/v2\/media?parent=131516"}],"wp:term":[{"taxonomy":"category","embeddable":true,"href":"https:\/\/www.em.com.br\/emfoco\/wp-json\/wp\/v2\/categories?post=131516"},{"taxonomy":"post_tag","embeddable":true,"href":"https:\/\/www.em.com.br\/emfoco\/wp-json\/wp\/v2\/tags?post=131516"}],"curies":[{"name":"wp","href":"https:\/\/api.w.org\/{rel}","templated":true}]}}