{"id":131485,"date":"2025-11-26T12:25:00","date_gmt":"2025-11-26T15:25:00","guid":{"rendered":"https:\/\/www.em.com.br\/emfoco\/?p=131485"},"modified":"2025-11-25T20:13:38","modified_gmt":"2025-11-25T23:13:38","slug":"perdeu-o-emprego-saiba-como-pedir-o-seguro-desemprego-corretamente","status":"publish","type":"post","link":"https:\/\/www.em.com.br\/emfoco\/2025\/11\/26\/perdeu-o-emprego-saiba-como-pedir-o-seguro-desemprego-corretamente\/","title":{"rendered":"Perdeu o emprego? Saiba como pedir o seguro-desemprego corretamente"},"content":{"rendered":"\n<p>No atual cen\u00e1rio do mercado de trabalho, garantir a seguran\u00e7a financeira dos trabalhadores \u00e9 uma prioridade essencial e o <strong>seguro-desemprego<\/strong> desponta como pilar fundamental ao oferecer aux\u00edlio financeiro para aqueles que perdem o emprego de forma imprevista, ajudando-os enquanto se recolocam profissionalmente.<\/p>\n\n\n\n<h2 class=\"wp-block-heading\">Como o seguro-desemprego protege o trabalhador?<\/h2>\n\n\n\n<p>O seguro-desemprego \u00e9 um benef\u00edcio assegurado por lei, voltado a trabalhadores registrados pelo regime da <strong>CLT <\/strong>e dispensados involuntariamente. Esse direito \u00e9 fundamental para diversos brasileiros, pois oferece um suporte financeiro em momentos de transi\u00e7\u00e3o no mercado de trabalho.<\/p>\n\n\n\n<p>Para solicitar esse benef\u00edcio, o trabalhador n\u00e3o pode estar recebendo outro benef\u00edcio previdenci\u00e1rio de presta\u00e7\u00e3o cont\u00ednua, exceto em casos de pens\u00e3o por morte ou aux\u00edlio-acidente. O atendimento rigoroso a esses crit\u00e9rios assegura que o benef\u00edcio seja direcionado a quem realmente necessita.<\/p>\n\n\n<div class=\"wp-block-image\">\n<figure class=\"aligncenter size-large\"><img loading=\"lazy\" decoding=\"async\" width=\"1024\" height=\"576\" src=\"https:\/\/www.em.com.br\/emfoco\/wp-content\/uploads\/2025\/06\/carteira-de-trabalh_1748978867226-1024x576.jpg\" alt=\"Nova lei muda regras de f\u00e9rias na CLT e garante mais direitos\" class=\"wp-image-55049\" srcset=\"https:\/\/www.em.com.br\/emfoco\/wp-content\/uploads\/2025\/06\/carteira-de-trabalh_1748978867226-1024x576.jpg 1024w, https:\/\/www.em.com.br\/emfoco\/wp-content\/uploads\/2025\/06\/carteira-de-trabalh_1748978867226-300x169.jpg 300w, https:\/\/www.em.com.br\/emfoco\/wp-content\/uploads\/2025\/06\/carteira-de-trabalh_1748978867226-768x432.jpg 768w, https:\/\/www.em.com.br\/emfoco\/wp-content\/uploads\/2025\/06\/carteira-de-trabalh_1748978867226-750x422.jpg 750w, https:\/\/www.em.com.br\/emfoco\/wp-content\/uploads\/2025\/06\/carteira-de-trabalh_1748978867226-1140x641.jpg 1140w, https:\/\/www.em.com.br\/emfoco\/wp-content\/uploads\/2025\/06\/carteira-de-trabalh_1748978867226.jpg 1280w\" sizes=\"auto, (max-width: 1024px) 100vw, 1024px\" \/><figcaption class=\"wp-element-caption\">Como pedir o seguro-desemprego do jeito certo &#8211; Cr\u00e9ditos: depositphotos.com \/ rmcarvalhobsb<\/figcaption><\/figure><\/div>\n\n\n<h2 class=\"wp-block-heading\">Quem pode pedir seguro-desemprego?<\/h2>\n\n\n\n<p>O acesso ao seguro-desemprego \u00e9 garantido a funcion\u00e1rios demitidos sem justa causa, e existem regras de elegibilidade espec\u00edficas conforme a situa\u00e7\u00e3o do trabalhador. O n\u00famero de parcelas a receber \u00e9 definido conforme o tempo trabalhado e o hist\u00f3rico de solicita\u00e7\u00f5es anteriores, variando entre tr\u00eas e cinco parcelas.<\/p>\n\n\n\n<p>As regras de tempo m\u00ednimo de servi\u00e7o mudam conforme a solicita\u00e7\u00e3o ser a primeira, segunda ou terceira, sendo importante que o trabalhador se informe sobre os requisitos detalhados para cada caso. Trabalhadores dom\u00e9sticos e pescadores artesanais tamb\u00e9m t\u00eam direito em situa\u00e7\u00f5es espec\u00edficas, desde que preencham os crit\u00e9rios legais.<\/p>\n\n\n\n<h2 class=\"wp-block-heading\">Como funciona o c\u00e1lculo do benef\u00edcio?<\/h2>\n\n\n\n<p>O valor do benef\u00edcio \u00e9 calculado a partir da m\u00e9dia salarial dos \u00faltimos meses de trabalho, ficando enquadrado em uma tabela oficial que determina o valor a ser pago. Existem valores m\u00ednimo e m\u00e1ximo, definidos anualmente, o que assegura um padr\u00e3o de sustento justo para o benefici\u00e1rio.<\/p>\n\n\n\n<p>Essa metodologia de c\u00e1lculo visa refletir com exatid\u00e3o a condi\u00e7\u00e3o salarial do trabalhador, ajustando o valor das parcelas \u00e0 sua realidade e, assim, garantindo maior equidade no aux\u00edlio. Em 2024, por exemplo, a tabela de valores m\u00ednima e m\u00e1xima foi atualizada para acompanhar a infla\u00e7\u00e3o e o reajuste do sal\u00e1rio m\u00ednimo nacional.<\/p>\n\n\n\n<p>Leia mais: <a href=\"https:\/\/www.em.com.br\/emfoco\/2025\/11\/23\/o-13o-salario-salva-o-orcamento-e-zera-a-suas-dividas-antes-do-final-do-ano\/\" target=\"_blank\" rel=\"noreferrer noopener\">O 13\u00ba sal\u00e1rio salva o or\u00e7amento e zera a suas d\u00edvidas antes do final do ano<\/a><\/p>\n\n\n\n<h2 class=\"wp-block-heading\">Quais documentos s\u00e3o exigidos ao solicitar?<\/h2>\n\n\n\n<p>No momento de requerer o benef\u00edcio, \u00e9 imprescind\u00edvel a apresenta\u00e7\u00e3o dos documentos corretos e devidamente atualizados. Essa etapa \u00e9 essencial para garantir agilidade e evitar problemas no processo de an\u00e1lise do pedido.<\/p>\n\n\n\n<p>Veja uma lista com os principais documentos necess\u00e1rios:<\/p>\n\n\n\n<ul class=\"wp-block-list\">\n<li>Requerimento do seguro-desemprego fornecido pelo empregador<\/li>\n\n\n\n<li><strong>Carteira de Trabalho e Previd\u00eancia Social<\/strong> (<a href=\"https:\/\/www.gov.br\/pt-br\/servicos\/obter-a-carteira-de-trabalho\" target=\"_blank\" rel=\"noreferrer noopener\">CTPS<\/a>)<\/li>\n\n\n\n<li>Termo de <strong>Rescis\u00e3o do Contrato de Trabalho<\/strong> preenchido<\/li>\n\n\n\n<li>Documento de identifica\u00e7\u00e3o com foto<\/li>\n\n\n\n<li>Comprovantes dos \u00faltimos sal\u00e1rios ou contracheques<\/li>\n<\/ul>\n\n\n\n<h2 class=\"wp-block-heading\">Como acompanhar pelo app Carteira Digital?<\/h2>\n\n\n<div class=\"wp-block-image\">\n<figure class=\"aligncenter size-large\"><img loading=\"lazy\" decoding=\"async\" width=\"1024\" height=\"576\" src=\"https:\/\/www.em.com.br\/emfoco\/wp-content\/uploads\/2025\/11\/mulher-no-celular_1761292023493-1024x576.jpg\" alt=\"5 apps do governo que toda dona de casa deveria ter no celular\" class=\"wp-image-124187\" srcset=\"https:\/\/www.em.com.br\/emfoco\/wp-content\/uploads\/2025\/11\/mulher-no-celular_1761292023493-1024x576.jpg 1024w, https:\/\/www.em.com.br\/emfoco\/wp-content\/uploads\/2025\/11\/mulher-no-celular_1761292023493-300x169.jpg 300w, https:\/\/www.em.com.br\/emfoco\/wp-content\/uploads\/2025\/11\/mulher-no-celular_1761292023493-768x432.jpg 768w, https:\/\/www.em.com.br\/emfoco\/wp-content\/uploads\/2025\/11\/mulher-no-celular_1761292023493-750x422.jpg 750w, https:\/\/www.em.com.br\/emfoco\/wp-content\/uploads\/2025\/11\/mulher-no-celular_1761292023493-1140x641.jpg 1140w, https:\/\/www.em.com.br\/emfoco\/wp-content\/uploads\/2025\/11\/mulher-no-celular_1761292023493.jpg 1280w\" sizes=\"auto, (max-width: 1024px) 100vw, 1024px\" \/><figcaption class=\"wp-element-caption\">Como pedir o seguro-desemprego do jeito certo &#8211; Cr\u00e9ditos: depositphotos.com \/ IgorVetushko<\/figcaption><\/figure><\/div>\n\n\n<p>Hoje, com o avan\u00e7o da tecnologia, o trabalhador pode monitorar todo o andamento do pedido de seguro-desemprego de forma pr\u00e1tica pelo aplicativo <strong>Carteira de Trabalho Digital<\/strong>. As informa\u00e7\u00f5es sobre libera\u00e7\u00e3o de parcelas, andamento do pedido e notifica\u00e7\u00f5es ficam acess\u00edveis a qualquer momento pelo celular.<\/p>\n\n\n\n<p>A utiliza\u00e7\u00e3o do aplicativo traz comodidade e rapidez, dispensando a necessidade de deslocamentos presenciais e tornando o processo mais transparente e eficiente para todos os usu\u00e1rios. Em caso de d\u00favidas, o app tamb\u00e9m oferece canais de atendimento direto aos usu\u00e1rios.<\/p>\n\n\n\n<p>Leia mais: <a href=\"https:\/\/www.em.com.br\/emfoco\/2025\/11\/21\/saiba-como-a-regra-do-bpc-te-garante-um-salario-minimo-todo-mes\/\" target=\"_blank\" rel=\"noreferrer noopener\">Saiba como a regra do BPC te garante um sal\u00e1rio m\u00ednimo todo m\u00eas<\/a><\/p>\n\n\n\n<h2 class=\"wp-block-heading\">Quais motivos levam \u00e0 negativa do pedido?<\/h2>\n\n\n\n<p>Mesmo sendo um direito, alguns pedidos de seguro-desemprego podem ser negados quando n\u00e3o atendem totalmente aos crit\u00e9rios previstos na legisla\u00e7\u00e3o. Para evitar transtornos, \u00e9 fundamental atentar-se a todos os requisitos e revisar a documenta\u00e7\u00e3o antes de protocolar o pedido.<\/p>\n\n\n\n<p>Dentre os principais motivos para negativa do benef\u00edcio est\u00e3o:<\/p>\n\n\n\n<ul class=\"wp-block-list\">\n<li>Falta do tempo m\u00ednimo de trabalho exigido<\/li>\n\n\n\n<li>Inconsist\u00eancias ou aus\u00eancia de documentos<\/li>\n\n\n\n<li>Ac\u00famulo de outro benef\u00edcio previdenci\u00e1rio (exceto pens\u00e3o por morte ou aux\u00edlio-acidente)<\/li>\n\n\n\n<li>Descoberta de atividade profissional paralela durante o per\u00edodo do benef\u00edcio<\/li>\n<\/ul>\n\n\n\n<p>Portanto, conhecer as regras e organizar bem os documentos torna o processo mais r\u00e1pido e aumenta as chances de ter o seguro-desemprego aprovado no momento necess\u00e1rio.<\/p>\n","protected":false},"excerpt":{"rendered":"<p>No atual cen\u00e1rio do mercado de trabalho, garantir a seguran\u00e7a financeira dos trabalhadores \u00e9 uma prioridade essencial e o seguro-desemprego desponta como pilar fundamental ao oferecer aux\u00edlio financeiro para aqueles que perdem o emprego de forma imprevista, ajudando-os enquanto se recolocam profissionalmente. Como o seguro-desemprego protege o trabalhador? O seguro-desemprego \u00e9 um benef\u00edcio assegurado por [&hellip;]<\/p>\n","protected":false},"author":20,"featured_media":56491,"comment_status":"open","ping_status":"open","sticky":false,"template":"","format":"standard","meta":{"jnews-multi-image_gallery":[],"jnews_single_post":{"format":"standard"},"jnews_primary_category":[],"jnews_social_meta":[],"jnews_override_counter":[],"footnotes":""},"categories":[28,1],"tags":[1832,508],"class_list":["post-131485","post","type-post","status-publish","format-standard","has-post-thumbnail","hentry","category-economia","category-noticias","tag-seguro-desemprego","tag-trabalho"],"yoast_head":"<!-- This site is optimized with the Yoast SEO plugin v23.8 - https:\/\/yoast.com\/wordpress\/plugins\/seo\/ -->\n<title>Perdeu o emprego? Saiba como pedir o seguro-desemprego corretamente - Estado de Minas - Em foco<\/title>\n<meta name=\"description\" content=\"Aprenda a solicitar o seguro-desemprego corretamente ap\u00f3s perder o emprego e garanta acesso ao benef\u00edcio sem complica\u00e7\u00f5es.\" \/>\n<meta name=\"robots\" content=\"index, follow, max-snippet:-1, max-image-preview:large, max-video-preview:-1\" \/>\n<link rel=\"canonical\" href=\"https:\/\/www.em.com.br\/emfoco\/2025\/11\/26\/perdeu-o-emprego-saiba-como-pedir-o-seguro-desemprego-corretamente\/\" \/>\n<meta property=\"og:locale\" content=\"pt_BR\" \/>\n<meta property=\"og:type\" content=\"article\" \/>\n<meta property=\"og:title\" content=\"Perdeu o emprego? Saiba como pedir o seguro-desemprego corretamente - Estado de Minas - Em foco\" \/>\n<meta property=\"og:description\" content=\"Aprenda a solicitar o seguro-desemprego corretamente ap\u00f3s perder o emprego e garanta acesso ao benef\u00edcio sem complica\u00e7\u00f5es.\" \/>\n<meta property=\"og:url\" content=\"https:\/\/www.em.com.br\/emfoco\/2025\/11\/26\/perdeu-o-emprego-saiba-como-pedir-o-seguro-desemprego-corretamente\/\" \/>\n<meta property=\"og:site_name\" content=\"Estado de Minas - Em foco\" \/>\n<meta property=\"article:published_time\" content=\"2025-11-26T15:25:00+00:00\" \/>\n<meta property=\"article:modified_time\" content=\"2025-11-25T23:13:38+00:00\" \/>\n<meta property=\"og:image\" content=\"https:\/\/www.em.com.br\/emfoco\/wp-content\/uploads\/2025\/06\/FGTS_1749151042556.jpg\" \/>\n\t<meta property=\"og:image:width\" content=\"1280\" \/>\n\t<meta property=\"og:image:height\" content=\"720\" \/>\n\t<meta property=\"og:image:type\" content=\"image\/jpeg\" \/>\n<meta name=\"author\" content=\"Ingrid Diniz\" \/>\n<meta name=\"twitter:card\" content=\"summary_large_image\" \/>\n<meta name=\"twitter:label1\" content=\"Escrito por\" \/>\n\t<meta name=\"twitter:data1\" content=\"Ingrid Diniz\" \/>\n\t<meta name=\"twitter:label2\" content=\"Est. tempo de leitura\" \/>\n\t<meta name=\"twitter:data2\" content=\"5 minutos\" \/>\n<!-- \/ Yoast SEO plugin. -->","yoast_head_json":{"title":"Perdeu o emprego? Saiba como pedir o seguro-desemprego corretamente - Estado de Minas - Em foco","description":"Aprenda a solicitar o seguro-desemprego corretamente ap\u00f3s perder o emprego e garanta acesso ao benef\u00edcio sem complica\u00e7\u00f5es.","robots":{"index":"index","follow":"follow","max-snippet":"max-snippet:-1","max-image-preview":"max-image-preview:large","max-video-preview":"max-video-preview:-1"},"canonical":"https:\/\/www.em.com.br\/emfoco\/2025\/11\/26\/perdeu-o-emprego-saiba-como-pedir-o-seguro-desemprego-corretamente\/","og_locale":"pt_BR","og_type":"article","og_title":"Perdeu o emprego? Saiba como pedir o seguro-desemprego corretamente - Estado de Minas - Em foco","og_description":"Aprenda a solicitar o seguro-desemprego corretamente ap\u00f3s perder o emprego e garanta acesso ao benef\u00edcio sem complica\u00e7\u00f5es.","og_url":"https:\/\/www.em.com.br\/emfoco\/2025\/11\/26\/perdeu-o-emprego-saiba-como-pedir-o-seguro-desemprego-corretamente\/","og_site_name":"Estado de Minas - Em foco","article_published_time":"2025-11-26T15:25:00+00:00","article_modified_time":"2025-11-25T23:13:38+00:00","og_image":[{"width":1280,"height":720,"url":"https:\/\/www.em.com.br\/emfoco\/wp-content\/uploads\/2025\/06\/FGTS_1749151042556.jpg","type":"image\/jpeg"}],"author":"Ingrid Diniz","twitter_card":"summary_large_image","twitter_misc":{"Escrito por":"Ingrid Diniz","Est. tempo de leitura":"5 minutos"},"schema":{"@context":"https:\/\/schema.org","@graph":[{"@type":"WebPage","@id":"https:\/\/www.em.com.br\/emfoco\/2025\/11\/26\/perdeu-o-emprego-saiba-como-pedir-o-seguro-desemprego-corretamente\/","url":"https:\/\/www.em.com.br\/emfoco\/2025\/11\/26\/perdeu-o-emprego-saiba-como-pedir-o-seguro-desemprego-corretamente\/","name":"Perdeu o emprego? Saiba como pedir o seguro-desemprego corretamente - Estado de Minas - Em foco","isPartOf":{"@id":"https:\/\/www.em.com.br\/emfoco\/#website"},"primaryImageOfPage":{"@id":"https:\/\/www.em.com.br\/emfoco\/2025\/11\/26\/perdeu-o-emprego-saiba-como-pedir-o-seguro-desemprego-corretamente\/#primaryimage"},"image":{"@id":"https:\/\/www.em.com.br\/emfoco\/2025\/11\/26\/perdeu-o-emprego-saiba-como-pedir-o-seguro-desemprego-corretamente\/#primaryimage"},"thumbnailUrl":"https:\/\/www.em.com.br\/emfoco\/wp-content\/uploads\/2025\/06\/FGTS_1749151042556.jpg","datePublished":"2025-11-26T15:25:00+00:00","dateModified":"2025-11-25T23:13:38+00:00","author":{"@id":"https:\/\/www.em.com.br\/emfoco\/#\/schema\/person\/649e610b4eb8fff87ff394e54fe17b2b"},"description":"Aprenda a solicitar o seguro-desemprego corretamente ap\u00f3s perder o emprego e garanta acesso ao benef\u00edcio sem complica\u00e7\u00f5es.","breadcrumb":{"@id":"https:\/\/www.em.com.br\/emfoco\/2025\/11\/26\/perdeu-o-emprego-saiba-como-pedir-o-seguro-desemprego-corretamente\/#breadcrumb"},"inLanguage":"pt-BR","potentialAction":[{"@type":"ReadAction","target":["https:\/\/www.em.com.br\/emfoco\/2025\/11\/26\/perdeu-o-emprego-saiba-como-pedir-o-seguro-desemprego-corretamente\/"]}]},{"@type":"ImageObject","inLanguage":"pt-BR","@id":"https:\/\/www.em.com.br\/emfoco\/2025\/11\/26\/perdeu-o-emprego-saiba-como-pedir-o-seguro-desemprego-corretamente\/#primaryimage","url":"https:\/\/www.em.com.br\/emfoco\/wp-content\/uploads\/2025\/06\/FGTS_1749151042556.jpg","contentUrl":"https:\/\/www.em.com.br\/emfoco\/wp-content\/uploads\/2025\/06\/FGTS_1749151042556.jpg","width":1280,"height":720,"caption":"Como pedir o seguro-desemprego do jeito certo - Cr\u00e9ditos: depositphotos.com \/ SarkisSeysian"},{"@type":"BreadcrumbList","@id":"https:\/\/www.em.com.br\/emfoco\/2025\/11\/26\/perdeu-o-emprego-saiba-como-pedir-o-seguro-desemprego-corretamente\/#breadcrumb","itemListElement":[{"@type":"ListItem","position":1,"name":"In\u00edcio","item":"https:\/\/www.em.com.br\/emfoco\/"},{"@type":"ListItem","position":2,"name":"Perdeu o emprego? Saiba como pedir o seguro-desemprego corretamente"}]},{"@type":"WebSite","@id":"https:\/\/www.em.com.br\/emfoco\/#website","url":"https:\/\/www.em.com.br\/emfoco\/","name":"Estado de Minas - Em foco","description":"Acompanhe as \u00faltimas not\u00edcias e fique bem informado sobre tudo o que acontece em Minas Gerais, Brasil e no mundo.","potentialAction":[{"@type":"SearchAction","target":{"@type":"EntryPoint","urlTemplate":"https:\/\/www.em.com.br\/emfoco\/?s={search_term_string}"},"query-input":{"@type":"PropertyValueSpecification","valueRequired":true,"valueName":"search_term_string"}}],"inLanguage":"pt-BR"},{"@type":"Person","@id":"https:\/\/www.em.com.br\/emfoco\/#\/schema\/person\/649e610b4eb8fff87ff394e54fe17b2b","name":"Ingrid Diniz","image":{"@type":"ImageObject","inLanguage":"pt-BR","@id":"https:\/\/www.em.com.br\/emfoco\/#\/schema\/person\/image\/","url":"https:\/\/secure.gravatar.com\/avatar\/a3baa1449ec5c39b4c42babc9d4f3951?s=96&d=mm&r=g","contentUrl":"https:\/\/secure.gravatar.com\/avatar\/a3baa1449ec5c39b4c42babc9d4f3951?s=96&d=mm&r=g","caption":"Ingrid Diniz"},"sameAs":["https:\/\/www.em.com.br\/"],"url":"https:\/\/www.em.com.br\/emfoco\/author\/ingridmyth\/"}]}},"_links":{"self":[{"href":"https:\/\/www.em.com.br\/emfoco\/wp-json\/wp\/v2\/posts\/131485","targetHints":{"allow":["GET"]}}],"collection":[{"href":"https:\/\/www.em.com.br\/emfoco\/wp-json\/wp\/v2\/posts"}],"about":[{"href":"https:\/\/www.em.com.br\/emfoco\/wp-json\/wp\/v2\/types\/post"}],"author":[{"embeddable":true,"href":"https:\/\/www.em.com.br\/emfoco\/wp-json\/wp\/v2\/users\/20"}],"replies":[{"embeddable":true,"href":"https:\/\/www.em.com.br\/emfoco\/wp-json\/wp\/v2\/comments?post=131485"}],"version-history":[{"count":2,"href":"https:\/\/www.em.com.br\/emfoco\/wp-json\/wp\/v2\/posts\/131485\/revisions"}],"predecessor-version":[{"id":131921,"href":"https:\/\/www.em.com.br\/emfoco\/wp-json\/wp\/v2\/posts\/131485\/revisions\/131921"}],"wp:featuredmedia":[{"embeddable":true,"href":"https:\/\/www.em.com.br\/emfoco\/wp-json\/wp\/v2\/media\/56491"}],"wp:attachment":[{"href":"https:\/\/www.em.com.br\/emfoco\/wp-json\/wp\/v2\/media?parent=131485"}],"wp:term":[{"taxonomy":"category","embeddable":true,"href":"https:\/\/www.em.com.br\/emfoco\/wp-json\/wp\/v2\/categories?post=131485"},{"taxonomy":"post_tag","embeddable":true,"href":"https:\/\/www.em.com.br\/emfoco\/wp-json\/wp\/v2\/tags?post=131485"}],"curies":[{"name":"wp","href":"https:\/\/api.w.org\/{rel}","templated":true}]}}