{"id":131457,"date":"2025-11-26T12:35:00","date_gmt":"2025-11-26T15:35:00","guid":{"rendered":"https:\/\/www.em.com.br\/emfoco\/?p=131457"},"modified":"2025-11-24T17:50:35","modified_gmt":"2025-11-24T20:50:35","slug":"mudancas-no-inss-em-2026-exigem-atencao-para-evitar-atrasos-na-aposentadoria","status":"publish","type":"post","link":"https:\/\/www.em.com.br\/emfoco\/2025\/11\/26\/mudancas-no-inss-em-2026-exigem-atencao-para-evitar-atrasos-na-aposentadoria\/","title":{"rendered":"Mudan\u00e7as no INSS em 2026 exigem aten\u00e7\u00e3o para evitar atrasos na aposentadoria"},"content":{"rendered":"\n<p>As <strong>regras de aposentadoria do INSS<\/strong> passam por novas altera\u00e7\u00f5es em 2026 devido ao avan\u00e7o das transi\u00e7\u00f5es criadas pela Reforma da Previd\u00eancia. As mudan\u00e7as afetam quem ainda n\u00e3o cumpriu os requisitos definitivos e precisam ser entendidas para evitar erros no planejamento do benef\u00edcio.<\/p>\n\n\n\n<h2 class=\"wp-block-heading\">O que permanece igual nas regras de aposentadoria por idade em 2026?<\/h2>\n\n\n\n<p>A <strong><a href=\"https:\/\/www.gov.br\/pt-br\/servicos\/solicitar-aposentadoria-por-idade-trabalhador-urbano\" target=\"_blank\" rel=\"noreferrer noopener\">aposentadoria por idade<\/a><\/strong> segue inalterada em 2026, tanto na regra permanente quanto na de transi\u00e7\u00e3o. Quem se filiou ao INSS antes da reforma mant\u00e9m os mesmos requisitos, sem eleva\u00e7\u00e3o de idade ou altera\u00e7\u00e3o no tempo m\u00ednimo exigido para solicitar o benef\u00edcio.<\/p>\n\n\n\n<p>Para quem come\u00e7ou a contribuir somente ap\u00f3s 13\/11\/2019, continuam valendo os crit\u00e9rios definitivos da reforma. A \u00fanica diferen\u00e7a permanece sendo o tempo m\u00ednimo superior para homens, que precisam completar 20 anos de contribui\u00e7\u00f5es para ter acesso ao benef\u00edcio.<\/p>\n\n\n\n<figure class=\"wp-block-image size-large\"><img loading=\"lazy\" decoding=\"async\" width=\"1024\" height=\"576\" src=\"https:\/\/www.em.com.br\/emfoco\/wp-content\/uploads\/2025\/11\/Aposentadoria_1764017231929-1024x576.jpg\" alt=\"Mudan\u00e7as no INSS em 2026 exigem aten\u00e7\u00e3o para evitar atrasos na aposentadoria\" class=\"wp-image-131461\" srcset=\"https:\/\/www.em.com.br\/emfoco\/wp-content\/uploads\/2025\/11\/Aposentadoria_1764017231929-1024x576.jpg 1024w, https:\/\/www.em.com.br\/emfoco\/wp-content\/uploads\/2025\/11\/Aposentadoria_1764017231929-300x169.jpg 300w, https:\/\/www.em.com.br\/emfoco\/wp-content\/uploads\/2025\/11\/Aposentadoria_1764017231929-768x432.jpg 768w, https:\/\/www.em.com.br\/emfoco\/wp-content\/uploads\/2025\/11\/Aposentadoria_1764017231929-750x422.jpg 750w, https:\/\/www.em.com.br\/emfoco\/wp-content\/uploads\/2025\/11\/Aposentadoria_1764017231929-1140x641.jpg 1140w, https:\/\/www.em.com.br\/emfoco\/wp-content\/uploads\/2025\/11\/Aposentadoria_1764017231929.jpg 1280w\" sizes=\"auto, (max-width: 1024px) 100vw, 1024px\" \/><figcaption class=\"wp-element-caption\">A aposentadoria por idade continua com os mesmos requisitos em 2026 &#8211; Cr\u00e9ditos: depositphotos.com \/ AndrewLozovyi<\/figcaption><\/figure>\n\n\n\n<p><em>Leia mais: <strong><a href=\"https:\/\/www.em.com.br\/emfoco\/2025\/11\/21\/saiba-3-acoes-que-liberam-seu-dinheiro-e-protegem-seu-inss\/\" target=\"_blank\" rel=\"noreferrer noopener\">Saiba 3 a\u00e7\u00f5es que liberam seu dinheiro e protegem seu INSS<\/a><\/strong><\/em><\/p>\n\n\n\n<h2 class=\"wp-block-heading\">Quais regras de transi\u00e7\u00e3o mudam e passam a valer a partir de 2026?<\/h2>\n\n\n\n<p>Entre as regras de transi\u00e7\u00e3o, duas passam por altera\u00e7\u00e3o anual: a <strong>regra de pontos<\/strong> e a <strong>idade m\u00ednima progressiva<\/strong>. Ambas sobem mais um degrau em 2026, exigindo maior pontua\u00e7\u00e3o ou idade para quem ainda n\u00e3o completou os requisitos anteriores.<\/p>\n\n\n\n<ul class=\"wp-block-list\">\n<li><strong>Regra de pontos em 2026<\/strong>: 93 pontos para mulheres (m\u00ednimo 30 anos) e 103 pontos para homens (m\u00ednimo 35 anos).<\/li>\n\n\n\n<li><strong>Idade m\u00ednima progressiva<\/strong>: mulheres precisam de 59 anos e 6 meses; homens, 64 anos e 6 meses.<\/li>\n\n\n\n<li>Em ambas, h\u00e1 acr\u00e9scimo de 1 ponto ou 6 meses em rela\u00e7\u00e3o a 2025.<\/li>\n<\/ul>\n\n\n\n<h2 class=\"wp-block-heading\">Quais regras de transi\u00e7\u00e3o continuam iguais e sem qualquer mudan\u00e7a?<\/h2>\n\n\n\n<p>Algumas regras permanecem est\u00e1veis em 2026, como o <strong>ped\u00e1gio de 50%<\/strong> para quem estava pr\u00f3ximo de completar o tempo m\u00ednimo na data da reforma. Nessa modalidade, calcula-se o per\u00edodo faltante e soma-se metade dele, sem exig\u00eancia de idade m\u00ednima adicional.<\/p>\n\n\n\n<p>O ped\u00e1gio de 100% e a regra especial para atividades insalubres tamb\u00e9m seguem como est\u00e3o. Quem se enquadra nesses modelos continuar\u00e1 cumprindo exatamente os mesmos requisitos de 2025, sem eleva\u00e7\u00e3o de idade ou tempo.<\/p>\n\n\n\n<figure class=\"wp-block-image size-large\"><img loading=\"lazy\" decoding=\"async\" width=\"1024\" height=\"576\" src=\"https:\/\/www.em.com.br\/emfoco\/wp-content\/uploads\/2025\/11\/INSS_1764017178539-1024x576.jpg\" alt=\"Mudan\u00e7as no INSS em 2026 exigem aten\u00e7\u00e3o para evitar atrasos na aposentadoria\" class=\"wp-image-131460\" srcset=\"https:\/\/www.em.com.br\/emfoco\/wp-content\/uploads\/2025\/11\/INSS_1764017178539-1024x576.jpg 1024w, https:\/\/www.em.com.br\/emfoco\/wp-content\/uploads\/2025\/11\/INSS_1764017178539-300x169.jpg 300w, https:\/\/www.em.com.br\/emfoco\/wp-content\/uploads\/2025\/11\/INSS_1764017178539-768x432.jpg 768w, https:\/\/www.em.com.br\/emfoco\/wp-content\/uploads\/2025\/11\/INSS_1764017178539-750x422.jpg 750w, https:\/\/www.em.com.br\/emfoco\/wp-content\/uploads\/2025\/11\/INSS_1764017178539-1140x641.jpg 1140w, https:\/\/www.em.com.br\/emfoco\/wp-content\/uploads\/2025\/11\/INSS_1764017178539.jpg 1280w\" sizes=\"auto, (max-width: 1024px) 100vw, 1024px\" \/><figcaption class=\"wp-element-caption\">Ped\u00e1gios permanecem est\u00e1veis em 2026 sem novas exig\u00eancias adicionais &#8211; Cr\u00e9ditos: depositphotos.com \/ rafapress<\/figcaption><\/figure>\n\n\n\n<h2 class=\"wp-block-heading\">Quais cuidados ajudam a planejar melhor a aposentadoria em 2026?<\/h2>\n\n\n\n<p>Com tantas regras coexistindo, planejar a <strong>aposentadoria<\/strong> exige comparar cen\u00e1rios e analisar o impacto de cada transi\u00e7\u00e3o. Diferen\u00e7as de poucos meses podem alterar o valor final e at\u00e9 antecipar ou adiar o in\u00edcio do benef\u00edcio.<\/p>\n\n\n\n<ul class=\"wp-block-list\">\n<li>Fa\u00e7a simula\u00e7\u00f5es anuais para verificar a regra mais vantajosa.<\/li>\n\n\n\n<li>Revise seu CNIS regularmente e corrija contribui\u00e7\u00f5es faltantes.<\/li>\n\n\n\n<li>Acompanhe as mudan\u00e7as progressivas para evitar atrasos no pedido.<\/li>\n<\/ul>\n","protected":false},"excerpt":{"rendered":"<p>As regras de aposentadoria do INSS passam por novas altera\u00e7\u00f5es em 2026 devido ao avan\u00e7o das transi\u00e7\u00f5es criadas pela Reforma da Previd\u00eancia. As mudan\u00e7as afetam quem ainda n\u00e3o cumpriu os requisitos definitivos e precisam ser entendidas para evitar erros no planejamento do benef\u00edcio. O que permanece igual nas regras de aposentadoria por idade em 2026? [&hellip;]<\/p>\n","protected":false},"author":13,"featured_media":131459,"comment_status":"open","ping_status":"open","sticky":false,"template":"","format":"standard","meta":{"jnews-multi-image_gallery":[],"jnews_single_post":{"format":"standard"},"jnews_primary_category":[],"jnews_social_meta":[],"jnews_override_counter":[],"footnotes":""},"categories":[8819],"tags":[172,174,19257],"class_list":["post-131457","post","type-post","status-publish","format-standard","has-post-thumbnail","hentry","category-curiosidades","tag-aposentadoria","tag-inss","tag-regras-de-aposentadoria-2026"],"yoast_head":"<!-- This site is optimized with the Yoast SEO plugin v23.8 - https:\/\/yoast.com\/wordpress\/plugins\/seo\/ -->\n<title>Mudan\u00e7as no INSS em 2026 exigem aten\u00e7\u00e3o para evitar atrasos na aposentadoria - Estado de Minas - Em foco<\/title>\n<meta name=\"description\" content=\"As regras do INSS mudam em 2026 e afetam quem ainda n\u00e3o se aposentou. Veja o que muda e como se planejar sem perder dinheiro.\" \/>\n<meta name=\"robots\" content=\"index, follow, max-snippet:-1, max-image-preview:large, max-video-preview:-1\" \/>\n<link rel=\"canonical\" href=\"https:\/\/www.em.com.br\/emfoco\/2025\/11\/26\/mudancas-no-inss-em-2026-exigem-atencao-para-evitar-atrasos-na-aposentadoria\/\" \/>\n<meta property=\"og:locale\" content=\"pt_BR\" \/>\n<meta property=\"og:type\" content=\"article\" \/>\n<meta property=\"og:title\" content=\"Mudan\u00e7as no INSS em 2026 exigem aten\u00e7\u00e3o para evitar atrasos na aposentadoria - Estado de Minas - Em foco\" \/>\n<meta property=\"og:description\" content=\"As regras do INSS mudam em 2026 e afetam quem ainda n\u00e3o se aposentou. Veja o que muda e como se planejar sem perder dinheiro.\" \/>\n<meta property=\"og:url\" content=\"https:\/\/www.em.com.br\/emfoco\/2025\/11\/26\/mudancas-no-inss-em-2026-exigem-atencao-para-evitar-atrasos-na-aposentadoria\/\" \/>\n<meta property=\"og:site_name\" content=\"Estado de Minas - Em foco\" \/>\n<meta property=\"article:published_time\" content=\"2025-11-26T15:35:00+00:00\" \/>\n<meta property=\"article:modified_time\" content=\"2025-11-24T20:50:35+00:00\" \/>\n<meta property=\"og:image\" content=\"https:\/\/www.em.com.br\/emfoco\/wp-content\/uploads\/2025\/11\/INSS_1764017135140.jpg\" \/>\n\t<meta property=\"og:image:width\" content=\"1280\" \/>\n\t<meta property=\"og:image:height\" content=\"720\" \/>\n\t<meta property=\"og:image:type\" content=\"image\/jpeg\" \/>\n<meta name=\"author\" content=\"Gabriel Martins\" \/>\n<meta name=\"twitter:card\" content=\"summary_large_image\" \/>\n<meta name=\"twitter:label1\" content=\"Escrito por\" \/>\n\t<meta name=\"twitter:data1\" content=\"Gabriel Martins\" \/>\n\t<meta name=\"twitter:label2\" content=\"Est. tempo de leitura\" \/>\n\t<meta name=\"twitter:data2\" content=\"3 minutos\" \/>\n<!-- \/ Yoast SEO plugin. -->","yoast_head_json":{"title":"Mudan\u00e7as no INSS em 2026 exigem aten\u00e7\u00e3o para evitar atrasos na aposentadoria - Estado de Minas - Em foco","description":"As regras do INSS mudam em 2026 e afetam quem ainda n\u00e3o se aposentou. Veja o que muda e como se planejar sem perder dinheiro.","robots":{"index":"index","follow":"follow","max-snippet":"max-snippet:-1","max-image-preview":"max-image-preview:large","max-video-preview":"max-video-preview:-1"},"canonical":"https:\/\/www.em.com.br\/emfoco\/2025\/11\/26\/mudancas-no-inss-em-2026-exigem-atencao-para-evitar-atrasos-na-aposentadoria\/","og_locale":"pt_BR","og_type":"article","og_title":"Mudan\u00e7as no INSS em 2026 exigem aten\u00e7\u00e3o para evitar atrasos na aposentadoria - Estado de Minas - Em foco","og_description":"As regras do INSS mudam em 2026 e afetam quem ainda n\u00e3o se aposentou. Veja o que muda e como se planejar sem perder dinheiro.","og_url":"https:\/\/www.em.com.br\/emfoco\/2025\/11\/26\/mudancas-no-inss-em-2026-exigem-atencao-para-evitar-atrasos-na-aposentadoria\/","og_site_name":"Estado de Minas - Em foco","article_published_time":"2025-11-26T15:35:00+00:00","article_modified_time":"2025-11-24T20:50:35+00:00","og_image":[{"width":1280,"height":720,"url":"https:\/\/www.em.com.br\/emfoco\/wp-content\/uploads\/2025\/11\/INSS_1764017135140.jpg","type":"image\/jpeg"}],"author":"Gabriel Martins","twitter_card":"summary_large_image","twitter_misc":{"Escrito por":"Gabriel Martins","Est. tempo de leitura":"3 minutos"},"schema":{"@context":"https:\/\/schema.org","@graph":[{"@type":"WebPage","@id":"https:\/\/www.em.com.br\/emfoco\/2025\/11\/26\/mudancas-no-inss-em-2026-exigem-atencao-para-evitar-atrasos-na-aposentadoria\/","url":"https:\/\/www.em.com.br\/emfoco\/2025\/11\/26\/mudancas-no-inss-em-2026-exigem-atencao-para-evitar-atrasos-na-aposentadoria\/","name":"Mudan\u00e7as no INSS em 2026 exigem aten\u00e7\u00e3o para evitar atrasos na aposentadoria - Estado de Minas - Em foco","isPartOf":{"@id":"https:\/\/www.em.com.br\/emfoco\/#website"},"primaryImageOfPage":{"@id":"https:\/\/www.em.com.br\/emfoco\/2025\/11\/26\/mudancas-no-inss-em-2026-exigem-atencao-para-evitar-atrasos-na-aposentadoria\/#primaryimage"},"image":{"@id":"https:\/\/www.em.com.br\/emfoco\/2025\/11\/26\/mudancas-no-inss-em-2026-exigem-atencao-para-evitar-atrasos-na-aposentadoria\/#primaryimage"},"thumbnailUrl":"https:\/\/www.em.com.br\/emfoco\/wp-content\/uploads\/2025\/11\/INSS_1764017135140.jpg","datePublished":"2025-11-26T15:35:00+00:00","dateModified":"2025-11-24T20:50:35+00:00","author":{"@id":"https:\/\/www.em.com.br\/emfoco\/#\/schema\/person\/1c9ddeab18b98abeffef834667bcf08a"},"description":"As regras do INSS mudam em 2026 e afetam quem ainda n\u00e3o se aposentou. Veja o que muda e como se planejar sem perder dinheiro.","breadcrumb":{"@id":"https:\/\/www.em.com.br\/emfoco\/2025\/11\/26\/mudancas-no-inss-em-2026-exigem-atencao-para-evitar-atrasos-na-aposentadoria\/#breadcrumb"},"inLanguage":"pt-BR","potentialAction":[{"@type":"ReadAction","target":["https:\/\/www.em.com.br\/emfoco\/2025\/11\/26\/mudancas-no-inss-em-2026-exigem-atencao-para-evitar-atrasos-na-aposentadoria\/"]}]},{"@type":"ImageObject","inLanguage":"pt-BR","@id":"https:\/\/www.em.com.br\/emfoco\/2025\/11\/26\/mudancas-no-inss-em-2026-exigem-atencao-para-evitar-atrasos-na-aposentadoria\/#primaryimage","url":"https:\/\/www.em.com.br\/emfoco\/wp-content\/uploads\/2025\/11\/INSS_1764017135140.jpg","contentUrl":"https:\/\/www.em.com.br\/emfoco\/wp-content\/uploads\/2025\/11\/INSS_1764017135140.jpg","width":1280,"height":720,"caption":"As regras do INSS mudam em 2026 e exigem planejamento cuidadoso - Cr\u00e9ditos: depositphotos.com \/ rmcarvalhobsb"},{"@type":"BreadcrumbList","@id":"https:\/\/www.em.com.br\/emfoco\/2025\/11\/26\/mudancas-no-inss-em-2026-exigem-atencao-para-evitar-atrasos-na-aposentadoria\/#breadcrumb","itemListElement":[{"@type":"ListItem","position":1,"name":"In\u00edcio","item":"https:\/\/www.em.com.br\/emfoco\/"},{"@type":"ListItem","position":2,"name":"Mudan\u00e7as no INSS em 2026 exigem aten\u00e7\u00e3o para evitar atrasos na aposentadoria"}]},{"@type":"WebSite","@id":"https:\/\/www.em.com.br\/emfoco\/#website","url":"https:\/\/www.em.com.br\/emfoco\/","name":"Estado de Minas - Em foco","description":"Acompanhe as \u00faltimas not\u00edcias e fique bem informado sobre tudo o que acontece em Minas Gerais, Brasil e no mundo.","potentialAction":[{"@type":"SearchAction","target":{"@type":"EntryPoint","urlTemplate":"https:\/\/www.em.com.br\/emfoco\/?s={search_term_string}"},"query-input":{"@type":"PropertyValueSpecification","valueRequired":true,"valueName":"search_term_string"}}],"inLanguage":"pt-BR"},{"@type":"Person","@id":"https:\/\/www.em.com.br\/emfoco\/#\/schema\/person\/1c9ddeab18b98abeffef834667bcf08a","name":"Gabriel Martins","image":{"@type":"ImageObject","inLanguage":"pt-BR","@id":"https:\/\/www.em.com.br\/emfoco\/#\/schema\/person\/image\/","url":"https:\/\/secure.gravatar.com\/avatar\/f0f1e2efdfd88f1ad2cb08c5c2731e50?s=96&d=mm&r=g","contentUrl":"https:\/\/secure.gravatar.com\/avatar\/f0f1e2efdfd88f1ad2cb08c5c2731e50?s=96&d=mm&r=g","caption":"Gabriel Martins"},"sameAs":["https:\/\/www.em.com.br\/emfoco\/"],"url":"https:\/\/www.em.com.br\/emfoco\/author\/gabrielmartinsmyth\/"}]}},"_links":{"self":[{"href":"https:\/\/www.em.com.br\/emfoco\/wp-json\/wp\/v2\/posts\/131457","targetHints":{"allow":["GET"]}}],"collection":[{"href":"https:\/\/www.em.com.br\/emfoco\/wp-json\/wp\/v2\/posts"}],"about":[{"href":"https:\/\/www.em.com.br\/emfoco\/wp-json\/wp\/v2\/types\/post"}],"author":[{"embeddable":true,"href":"https:\/\/www.em.com.br\/emfoco\/wp-json\/wp\/v2\/users\/13"}],"replies":[{"embeddable":true,"href":"https:\/\/www.em.com.br\/emfoco\/wp-json\/wp\/v2\/comments?post=131457"}],"version-history":[{"count":1,"href":"https:\/\/www.em.com.br\/emfoco\/wp-json\/wp\/v2\/posts\/131457\/revisions"}],"predecessor-version":[{"id":131462,"href":"https:\/\/www.em.com.br\/emfoco\/wp-json\/wp\/v2\/posts\/131457\/revisions\/131462"}],"wp:featuredmedia":[{"embeddable":true,"href":"https:\/\/www.em.com.br\/emfoco\/wp-json\/wp\/v2\/media\/131459"}],"wp:attachment":[{"href":"https:\/\/www.em.com.br\/emfoco\/wp-json\/wp\/v2\/media?parent=131457"}],"wp:term":[{"taxonomy":"category","embeddable":true,"href":"https:\/\/www.em.com.br\/emfoco\/wp-json\/wp\/v2\/categories?post=131457"},{"taxonomy":"post_tag","embeddable":true,"href":"https:\/\/www.em.com.br\/emfoco\/wp-json\/wp\/v2\/tags?post=131457"}],"curies":[{"name":"wp","href":"https:\/\/api.w.org\/{rel}","templated":true}]}}