{"id":131456,"date":"2025-11-26T17:55:00","date_gmt":"2025-11-26T20:55:00","guid":{"rendered":"https:\/\/www.em.com.br\/emfoco\/?p=131456"},"modified":"2025-11-24T18:03:56","modified_gmt":"2025-11-24T21:03:56","slug":"a-pressao-para-sorrir-no-reveillon-pode-estar-afetando-sua-saude-emocional","status":"publish","type":"post","link":"https:\/\/www.em.com.br\/emfoco\/2025\/11\/26\/a-pressao-para-sorrir-no-reveillon-pode-estar-afetando-sua-saude-emocional\/","title":{"rendered":"A press\u00e3o para sorrir no r\u00e9veillon pode estar afetando sua sa\u00fade emocional"},"content":{"rendered":"\n<p>A press\u00e3o para estar <strong>feliz<\/strong> no fim de ano pode ser emocionalmente exaustiva, criando a sensa\u00e7\u00e3o de que qualquer tristeza \u00e9 inadequada. Esse peso silencioso desgasta a mente e transforma momentos que deveriam ser leves em obriga\u00e7\u00f5es emocionais dif\u00edceis de sustentar.<\/p>\n\n\n\n<h2 class=\"wp-block-heading\">Por que a press\u00e3o para \u201cestar feliz\u201d aumenta tanto no fim do ano?<\/h2>\n\n\n\n<p>No encerramento do ciclo, surge a ideia de que todos devem sentir <strong>gratid\u00e3o<\/strong>, entusiasmo e esperan\u00e7a, mesmo quando a realidade \u00e9 mais complexa. Esse contraste entre o que se espera e o que se sente cria um conflito emocional silencioso e desgastante.<\/p>\n\n\n\n<p>As compara\u00e7\u00f5es com outras pessoas e a cobran\u00e7a social intensificam essa sensa\u00e7\u00e3o. Fotos, listas de metas e discursos motivacionais fazem parecer que apenas emo\u00e7\u00f5es positivas s\u00e3o aceit\u00e1veis, o que aumenta a culpa quando o cansa\u00e7o emocional aparece.<\/p>\n\n\n\n<figure class=\"wp-block-image size-large\"><img loading=\"lazy\" decoding=\"async\" width=\"1024\" height=\"576\" src=\"https:\/\/www.em.com.br\/emfoco\/wp-content\/uploads\/2025\/11\/Sorriso-forcado_1764017835610-1024x576.jpg\" alt=\"A press\u00e3o para sorrir no r\u00e9veillon pode estar afetando sua sa\u00fade emocional\" class=\"wp-image-131472\" srcset=\"https:\/\/www.em.com.br\/emfoco\/wp-content\/uploads\/2025\/11\/Sorriso-forcado_1764017835610-1024x576.jpg 1024w, https:\/\/www.em.com.br\/emfoco\/wp-content\/uploads\/2025\/11\/Sorriso-forcado_1764017835610-300x169.jpg 300w, https:\/\/www.em.com.br\/emfoco\/wp-content\/uploads\/2025\/11\/Sorriso-forcado_1764017835610-768x432.jpg 768w, https:\/\/www.em.com.br\/emfoco\/wp-content\/uploads\/2025\/11\/Sorriso-forcado_1764017835610-750x422.jpg 750w, https:\/\/www.em.com.br\/emfoco\/wp-content\/uploads\/2025\/11\/Sorriso-forcado_1764017835610-1140x641.jpg 1140w, https:\/\/www.em.com.br\/emfoco\/wp-content\/uploads\/2025\/11\/Sorriso-forcado_1764017835610.jpg 1280w\" sizes=\"auto, (max-width: 1024px) 100vw, 1024px\" \/><figcaption class=\"wp-element-caption\">Expectativas sociais criam contraste doloroso entre emo\u00e7\u00f5es reais e emo\u00e7\u00f5es impostas &#8211; Cr\u00e9ditos: depositphotos.com \/ keeweeboy<\/figcaption><\/figure>\n\n\n\n<p><em>Leia mais: <strong><a href=\"https:\/\/www.em.com.br\/emfoco\/2025\/11\/13\/como-saber-se-voce-e-feliz-com-seu-parceiro-segundo-a-psicologia\/\" target=\"_blank\" rel=\"noreferrer noopener\">Como saber se voc\u00ea \u00e9 feliz com seu parceiro, segundo a psicologia<\/a><\/strong><\/em><\/p>\n\n\n\n<h2 class=\"wp-block-heading\">Quais sinais mostram que essa press\u00e3o est\u00e1 afetando sua sa\u00fade mental?<\/h2>\n\n\n\n<p>Quando a exig\u00eancia de felicidade vira obriga\u00e7\u00e3o, ela provoca sintomas que muitas pessoas ignoram. Eles surgem de forma discreta, mas indicam que a <strong><a href=\"https:\/\/www.escoladainteligencia.com.br\/sobrecarga-emocional\/\" target=\"_blank\" rel=\"noreferrer noopener\">sobrecarga emocional<\/a><\/strong> j\u00e1 est\u00e1 ultrapassando o limite saud\u00e1vel. A lista abaixo mostra os mais comuns.<\/p>\n\n\n\n<ul class=\"wp-block-list\">\n<li>Sensa\u00e7\u00e3o constante de insufici\u00eancia, mesmo realizando tarefas rotineiras.<\/li>\n\n\n\n<li>Irrita\u00e7\u00e3o mais frequente ao lidar com pequenas situa\u00e7\u00f5es do dia a dia.<\/li>\n\n\n\n<li>Cansa\u00e7o mental que n\u00e3o melhora mesmo ap\u00f3s descanso.<\/li>\n<\/ul>\n\n\n\n<h2 class=\"wp-block-heading\">Por que tentar for\u00e7ar felicidade pode intensificar ainda mais o desgaste?<\/h2>\n\n\n\n<p>For\u00e7ar uma emo\u00e7\u00e3o que n\u00e3o corresponde ao que se sente cria um atrito interno que aumenta a <strong>ansiedade<\/strong>. A pessoa tenta esconder o desconforto, mas isso amplia a tens\u00e3o, j\u00e1 que ela passa a vigiar as pr\u00f3prias emo\u00e7\u00f5es o tempo inteiro.<\/p>\n\n\n\n<p>Essa tentativa de se encaixar nas expectativas externas tamb\u00e9m impede o descanso emocional. A mente fica ocupada tentando parecer bem, e isso retira a energia necess\u00e1ria para lidar com sentimentos reais, causando esgotamento progressivo.<\/p>\n\n\n\n<figure class=\"wp-block-image size-large\"><img loading=\"lazy\" decoding=\"async\" width=\"1024\" height=\"576\" src=\"https:\/\/www.em.com.br\/emfoco\/wp-content\/uploads\/2025\/11\/Ansiedade_1764017871331-1024x576.jpg\" alt=\"A press\u00e3o para sorrir no r\u00e9veillon pode estar afetando sua sa\u00fade emocional\" class=\"wp-image-131473\" srcset=\"https:\/\/www.em.com.br\/emfoco\/wp-content\/uploads\/2025\/11\/Ansiedade_1764017871331-1024x576.jpg 1024w, https:\/\/www.em.com.br\/emfoco\/wp-content\/uploads\/2025\/11\/Ansiedade_1764017871331-300x169.jpg 300w, https:\/\/www.em.com.br\/emfoco\/wp-content\/uploads\/2025\/11\/Ansiedade_1764017871331-768x432.jpg 768w, https:\/\/www.em.com.br\/emfoco\/wp-content\/uploads\/2025\/11\/Ansiedade_1764017871331-750x422.jpg 750w, https:\/\/www.em.com.br\/emfoco\/wp-content\/uploads\/2025\/11\/Ansiedade_1764017871331-1140x641.jpg 1140w, https:\/\/www.em.com.br\/emfoco\/wp-content\/uploads\/2025\/11\/Ansiedade_1764017871331.jpg 1280w\" sizes=\"auto, (max-width: 1024px) 100vw, 1024px\" \/><figcaption class=\"wp-element-caption\">For\u00e7ar alegria cria tens\u00e3o interna cont\u00ednua e aumenta a ansiedade emocional &#8211; Cr\u00e9ditos: depositphotos.com \/ AndrewLozovyi<\/figcaption><\/figure>\n\n\n\n<h2 class=\"wp-block-heading\">O que fazer para aliviar essa cobran\u00e7a interna e viver o per\u00edodo com mais leveza?<\/h2>\n\n\n\n<p>Algumas a\u00e7\u00f5es simples ajudam a reduzir a <strong>press\u00e3o emocional<\/strong> e tornam o fim de ano menos pesado. Elas n\u00e3o exigem mudan\u00e7as radicais, apenas ajustes que permitem acolher sentimentos reais em vez de for\u00e7ar estados emocionais imposs\u00edveis de sustentar.<\/p>\n\n\n\n<ul class=\"wp-block-list\">\n<li>Permita-se sentir sem julgamento, entendendo que emo\u00e7\u00f5es negativas tamb\u00e9m s\u00e3o v\u00e1lidas.<\/li>\n\n\n\n<li>Defina limites sociais para evitar sobrecarga de eventos ou intera\u00e7\u00f5es intensas.<\/li>\n\n\n\n<li>Crie momentos de pausa para recarregar a mente e diminuir a autocr\u00edtica.<\/li>\n<\/ul>\n","protected":false},"excerpt":{"rendered":"<p>A press\u00e3o para estar feliz no fim de ano pode ser emocionalmente exaustiva, criando a sensa\u00e7\u00e3o de que qualquer tristeza \u00e9 inadequada. Esse peso silencioso desgasta a mente e transforma momentos que deveriam ser leves em obriga\u00e7\u00f5es emocionais dif\u00edceis de sustentar. Por que a press\u00e3o para \u201cestar feliz\u201d aumenta tanto no fim do ano? No [&hellip;]<\/p>\n","protected":false},"author":13,"featured_media":131471,"comment_status":"open","ping_status":"open","sticky":false,"template":"","format":"standard","meta":{"jnews-multi-image_gallery":[],"jnews_single_post":{"format":"standard"},"jnews_primary_category":[],"jnews_social_meta":[],"jnews_override_counter":[],"footnotes":""},"categories":[8819],"tags":[19259,5058,1937,19260],"class_list":["post-131456","post","type-post","status-publish","format-standard","has-post-thumbnail","hentry","category-curiosidades","tag-cansado-de-ser-feliz","tag-felicidade","tag-fim-de-ano","tag-forcar-felicidade"],"yoast_head":"<!-- This site is optimized with the Yoast SEO plugin v23.8 - https:\/\/yoast.com\/wordpress\/plugins\/seo\/ -->\n<title>A press\u00e3o para sorrir no r\u00e9veillon pode estar afetando sua sa\u00fade emocional - Estado de Minas - Em foco<\/title>\n<meta name=\"description\" content=\"A obriga\u00e7\u00e3o de parecer feliz no fim do ano pode ser emocionalmente exaustiva. Veja como aliviar essa cobran\u00e7a e viver com mais leveza.\" \/>\n<meta name=\"robots\" content=\"index, follow, max-snippet:-1, max-image-preview:large, max-video-preview:-1\" \/>\n<link rel=\"canonical\" href=\"https:\/\/www.em.com.br\/emfoco\/2025\/11\/26\/a-pressao-para-sorrir-no-reveillon-pode-estar-afetando-sua-saude-emocional\/\" \/>\n<meta property=\"og:locale\" content=\"pt_BR\" \/>\n<meta property=\"og:type\" content=\"article\" \/>\n<meta property=\"og:title\" content=\"A press\u00e3o para sorrir no r\u00e9veillon pode estar afetando sua sa\u00fade emocional - Estado de Minas - Em foco\" \/>\n<meta property=\"og:description\" content=\"A obriga\u00e7\u00e3o de parecer feliz no fim do ano pode ser emocionalmente exaustiva. Veja como aliviar essa cobran\u00e7a e viver com mais leveza.\" \/>\n<meta property=\"og:url\" content=\"https:\/\/www.em.com.br\/emfoco\/2025\/11\/26\/a-pressao-para-sorrir-no-reveillon-pode-estar-afetando-sua-saude-emocional\/\" \/>\n<meta property=\"og:site_name\" content=\"Estado de Minas - Em foco\" \/>\n<meta property=\"article:published_time\" content=\"2025-11-26T20:55:00+00:00\" \/>\n<meta property=\"article:modified_time\" content=\"2025-11-24T21:03:56+00:00\" \/>\n<meta property=\"og:image\" content=\"https:\/\/www.em.com.br\/emfoco\/wp-content\/uploads\/2025\/11\/mosaico_1764017783605.jpg\" \/>\n\t<meta property=\"og:image:width\" content=\"1280\" \/>\n\t<meta property=\"og:image:height\" content=\"720\" \/>\n\t<meta property=\"og:image:type\" content=\"image\/jpeg\" \/>\n<meta name=\"author\" content=\"Gabriel Martins\" \/>\n<meta name=\"twitter:card\" content=\"summary_large_image\" \/>\n<meta name=\"twitter:label1\" content=\"Escrito por\" \/>\n\t<meta name=\"twitter:data1\" content=\"Gabriel Martins\" \/>\n\t<meta name=\"twitter:label2\" content=\"Est. tempo de leitura\" \/>\n\t<meta name=\"twitter:data2\" content=\"3 minutos\" \/>\n<!-- \/ Yoast SEO plugin. -->","yoast_head_json":{"title":"A press\u00e3o para sorrir no r\u00e9veillon pode estar afetando sua sa\u00fade emocional - Estado de Minas - Em foco","description":"A obriga\u00e7\u00e3o de parecer feliz no fim do ano pode ser emocionalmente exaustiva. Veja como aliviar essa cobran\u00e7a e viver com mais leveza.","robots":{"index":"index","follow":"follow","max-snippet":"max-snippet:-1","max-image-preview":"max-image-preview:large","max-video-preview":"max-video-preview:-1"},"canonical":"https:\/\/www.em.com.br\/emfoco\/2025\/11\/26\/a-pressao-para-sorrir-no-reveillon-pode-estar-afetando-sua-saude-emocional\/","og_locale":"pt_BR","og_type":"article","og_title":"A press\u00e3o para sorrir no r\u00e9veillon pode estar afetando sua sa\u00fade emocional - Estado de Minas - Em foco","og_description":"A obriga\u00e7\u00e3o de parecer feliz no fim do ano pode ser emocionalmente exaustiva. Veja como aliviar essa cobran\u00e7a e viver com mais leveza.","og_url":"https:\/\/www.em.com.br\/emfoco\/2025\/11\/26\/a-pressao-para-sorrir-no-reveillon-pode-estar-afetando-sua-saude-emocional\/","og_site_name":"Estado de Minas - Em foco","article_published_time":"2025-11-26T20:55:00+00:00","article_modified_time":"2025-11-24T21:03:56+00:00","og_image":[{"width":1280,"height":720,"url":"https:\/\/www.em.com.br\/emfoco\/wp-content\/uploads\/2025\/11\/mosaico_1764017783605.jpg","type":"image\/jpeg"}],"author":"Gabriel Martins","twitter_card":"summary_large_image","twitter_misc":{"Escrito por":"Gabriel Martins","Est. tempo de leitura":"3 minutos"},"schema":{"@context":"https:\/\/schema.org","@graph":[{"@type":"WebPage","@id":"https:\/\/www.em.com.br\/emfoco\/2025\/11\/26\/a-pressao-para-sorrir-no-reveillon-pode-estar-afetando-sua-saude-emocional\/","url":"https:\/\/www.em.com.br\/emfoco\/2025\/11\/26\/a-pressao-para-sorrir-no-reveillon-pode-estar-afetando-sua-saude-emocional\/","name":"A press\u00e3o para sorrir no r\u00e9veillon pode estar afetando sua sa\u00fade emocional - Estado de Minas - Em foco","isPartOf":{"@id":"https:\/\/www.em.com.br\/emfoco\/#website"},"primaryImageOfPage":{"@id":"https:\/\/www.em.com.br\/emfoco\/2025\/11\/26\/a-pressao-para-sorrir-no-reveillon-pode-estar-afetando-sua-saude-emocional\/#primaryimage"},"image":{"@id":"https:\/\/www.em.com.br\/emfoco\/2025\/11\/26\/a-pressao-para-sorrir-no-reveillon-pode-estar-afetando-sua-saude-emocional\/#primaryimage"},"thumbnailUrl":"https:\/\/www.em.com.br\/emfoco\/wp-content\/uploads\/2025\/11\/mosaico_1764017783605.jpg","datePublished":"2025-11-26T20:55:00+00:00","dateModified":"2025-11-24T21:03:56+00:00","author":{"@id":"https:\/\/www.em.com.br\/emfoco\/#\/schema\/person\/1c9ddeab18b98abeffef834667bcf08a"},"description":"A obriga\u00e7\u00e3o de parecer feliz no fim do ano pode ser emocionalmente exaustiva. Veja como aliviar essa cobran\u00e7a e viver com mais leveza.","breadcrumb":{"@id":"https:\/\/www.em.com.br\/emfoco\/2025\/11\/26\/a-pressao-para-sorrir-no-reveillon-pode-estar-afetando-sua-saude-emocional\/#breadcrumb"},"inLanguage":"pt-BR","potentialAction":[{"@type":"ReadAction","target":["https:\/\/www.em.com.br\/emfoco\/2025\/11\/26\/a-pressao-para-sorrir-no-reveillon-pode-estar-afetando-sua-saude-emocional\/"]}]},{"@type":"ImageObject","inLanguage":"pt-BR","@id":"https:\/\/www.em.com.br\/emfoco\/2025\/11\/26\/a-pressao-para-sorrir-no-reveillon-pode-estar-afetando-sua-saude-emocional\/#primaryimage","url":"https:\/\/www.em.com.br\/emfoco\/wp-content\/uploads\/2025\/11\/mosaico_1764017783605.jpg","contentUrl":"https:\/\/www.em.com.br\/emfoco\/wp-content\/uploads\/2025\/11\/mosaico_1764017783605.jpg","width":1280,"height":720,"caption":"A press\u00e3o por felicidade no fim de ano aumenta o desgaste emocional - Cr\u00e9ditos: depositphotos.com \/ VGeorgiev - depositphotos.com \/ Patryk_Kosmider"},{"@type":"BreadcrumbList","@id":"https:\/\/www.em.com.br\/emfoco\/2025\/11\/26\/a-pressao-para-sorrir-no-reveillon-pode-estar-afetando-sua-saude-emocional\/#breadcrumb","itemListElement":[{"@type":"ListItem","position":1,"name":"In\u00edcio","item":"https:\/\/www.em.com.br\/emfoco\/"},{"@type":"ListItem","position":2,"name":"A press\u00e3o para sorrir no r\u00e9veillon pode estar afetando sua sa\u00fade emocional"}]},{"@type":"WebSite","@id":"https:\/\/www.em.com.br\/emfoco\/#website","url":"https:\/\/www.em.com.br\/emfoco\/","name":"Estado de Minas - Em foco","description":"Acompanhe as \u00faltimas not\u00edcias e fique bem informado sobre tudo o que acontece em Minas Gerais, Brasil e no mundo.","potentialAction":[{"@type":"SearchAction","target":{"@type":"EntryPoint","urlTemplate":"https:\/\/www.em.com.br\/emfoco\/?s={search_term_string}"},"query-input":{"@type":"PropertyValueSpecification","valueRequired":true,"valueName":"search_term_string"}}],"inLanguage":"pt-BR"},{"@type":"Person","@id":"https:\/\/www.em.com.br\/emfoco\/#\/schema\/person\/1c9ddeab18b98abeffef834667bcf08a","name":"Gabriel Martins","image":{"@type":"ImageObject","inLanguage":"pt-BR","@id":"https:\/\/www.em.com.br\/emfoco\/#\/schema\/person\/image\/","url":"https:\/\/secure.gravatar.com\/avatar\/f0f1e2efdfd88f1ad2cb08c5c2731e50?s=96&d=mm&r=g","contentUrl":"https:\/\/secure.gravatar.com\/avatar\/f0f1e2efdfd88f1ad2cb08c5c2731e50?s=96&d=mm&r=g","caption":"Gabriel Martins"},"sameAs":["https:\/\/www.em.com.br\/emfoco\/"],"url":"https:\/\/www.em.com.br\/emfoco\/author\/gabrielmartinsmyth\/"}]}},"_links":{"self":[{"href":"https:\/\/www.em.com.br\/emfoco\/wp-json\/wp\/v2\/posts\/131456","targetHints":{"allow":["GET"]}}],"collection":[{"href":"https:\/\/www.em.com.br\/emfoco\/wp-json\/wp\/v2\/posts"}],"about":[{"href":"https:\/\/www.em.com.br\/emfoco\/wp-json\/wp\/v2\/types\/post"}],"author":[{"embeddable":true,"href":"https:\/\/www.em.com.br\/emfoco\/wp-json\/wp\/v2\/users\/13"}],"replies":[{"embeddable":true,"href":"https:\/\/www.em.com.br\/emfoco\/wp-json\/wp\/v2\/comments?post=131456"}],"version-history":[{"count":1,"href":"https:\/\/www.em.com.br\/emfoco\/wp-json\/wp\/v2\/posts\/131456\/revisions"}],"predecessor-version":[{"id":131474,"href":"https:\/\/www.em.com.br\/emfoco\/wp-json\/wp\/v2\/posts\/131456\/revisions\/131474"}],"wp:featuredmedia":[{"embeddable":true,"href":"https:\/\/www.em.com.br\/emfoco\/wp-json\/wp\/v2\/media\/131471"}],"wp:attachment":[{"href":"https:\/\/www.em.com.br\/emfoco\/wp-json\/wp\/v2\/media?parent=131456"}],"wp:term":[{"taxonomy":"category","embeddable":true,"href":"https:\/\/www.em.com.br\/emfoco\/wp-json\/wp\/v2\/categories?post=131456"},{"taxonomy":"post_tag","embeddable":true,"href":"https:\/\/www.em.com.br\/emfoco\/wp-json\/wp\/v2\/tags?post=131456"}],"curies":[{"name":"wp","href":"https:\/\/api.w.org\/{rel}","templated":true}]}}