{"id":131257,"date":"2025-11-25T21:55:00","date_gmt":"2025-11-26T00:55:00","guid":{"rendered":"https:\/\/www.em.com.br\/emfoco\/?p=131257"},"modified":"2025-11-24T15:13:33","modified_gmt":"2025-11-24T18:13:33","slug":"mudancas-na-previdencia-veja-as-regras-atualizadas-do-inss-e-os-criterios-essenciais","status":"publish","type":"post","link":"https:\/\/www.em.com.br\/emfoco\/2025\/11\/25\/mudancas-na-previdencia-veja-as-regras-atualizadas-do-inss-e-os-criterios-essenciais\/","title":{"rendered":"Mudan\u00e7as na Previd\u00eancia? Veja as regras atualizadas do INSS e os crit\u00e9rios essenciais"},"content":{"rendered":"\n<p>O <strong>Instituto Nacional do Seguro Social<\/strong> (INSS) \u00e9 essencial para a prote\u00e7\u00e3o dos trabalhadores brasileiros, oferecendo benef\u00edcios como aposentadoria, aux\u00edlio-doen\u00e7a e sal\u00e1rio-maternidade. O acesso a esses direitos depende do cumprimento de requisitos espec\u00edficos, e a adapta\u00e7\u00e3o das regras previdenci\u00e1rias destaca a import\u00e2ncia de acompanhar as atualiza\u00e7\u00f5es do sistema.<\/p>\n\n\n\n<h2 class=\"wp-block-heading\">Quem pode se aposentar pelo INSS?<\/h2>\n\n\n<div class=\"wp-block-image\">\n<figure class=\"aligncenter size-large\"><img loading=\"lazy\" decoding=\"async\" width=\"1024\" height=\"576\" src=\"https:\/\/www.em.com.br\/emfoco\/wp-content\/uploads\/2025\/11\/trabalhadora_1763609814902-1024x576.jpg\" alt=\"\" class=\"wp-image-130407\" srcset=\"https:\/\/www.em.com.br\/emfoco\/wp-content\/uploads\/2025\/11\/trabalhadora_1763609814902-1024x576.jpg 1024w, https:\/\/www.em.com.br\/emfoco\/wp-content\/uploads\/2025\/11\/trabalhadora_1763609814902-300x169.jpg 300w, https:\/\/www.em.com.br\/emfoco\/wp-content\/uploads\/2025\/11\/trabalhadora_1763609814902-768x432.jpg 768w, https:\/\/www.em.com.br\/emfoco\/wp-content\/uploads\/2025\/11\/trabalhadora_1763609814902-750x422.jpg 750w, https:\/\/www.em.com.br\/emfoco\/wp-content\/uploads\/2025\/11\/trabalhadora_1763609814902-1140x641.jpg 1140w, https:\/\/www.em.com.br\/emfoco\/wp-content\/uploads\/2025\/11\/trabalhadora_1763609814902.jpg 1280w\" sizes=\"auto, (max-width: 1024px) 100vw, 1024px\" \/><figcaption class=\"wp-element-caption\">Regras atualizadas do INSS e crit\u00e9rios essenciais da Previd\u00eancia &#8211; Cr\u00e9ditos: depositphotos.com \/ AllaSerebrina<\/figcaption><\/figure><\/div>\n\n\n<p>A aposentadoria \u00e9 um benef\u00edcio muito procurado e suas regras variam conforme a modalidade. As normas incluem crit\u00e9rios de idade, tempo de contribui\u00e7\u00e3o e mudan\u00e7as frequentes devido \u00e0s reformas previdenci\u00e1rias, exigindo aten\u00e7\u00e3o dos trabalhadores para n\u00e3o perder prazos ou direitos.<\/p>\n\n\n\n<p>Atualmente, as principais condi\u00e7\u00f5es para requerer a aposentadoria s\u00e3o:<\/p>\n\n\n\n<ul class=\"wp-block-list\">\n<li>Idade m\u00ednima de 65 anos para homens e 62 para mulheres<\/li>\n\n\n\n<li>Tempo m\u00ednimo de contribui\u00e7\u00e3o: 35 anos para homens e 30 para mulheres<\/li>\n\n\n\n<li>Possibilidade de regras de transi\u00e7\u00e3o para quem j\u00e1 estava contribuindo antes das mudan\u00e7as<\/li>\n<\/ul>\n\n\n\n<p>Al\u00e9m disso, vale lembrar que pessoas com defici\u00eancia ou expostas a atividades prejudiciais \u00e0 sa\u00fade podem ter crit\u00e9rios diferenciados para aposentadoria especial, conforme legisla\u00e7\u00e3o espec\u00edfica.<\/p>\n\n\n\n<h2 class=\"wp-block-heading\">Quais s\u00e3o as regras do aux\u00edlio-doen\u00e7a?<\/h2>\n\n\n\n<p>O aux\u00edlio-doen\u00e7a atende segurados impossibilitados de trabalhar por quest\u00f5es de sa\u00fade. \u00c9 preciso apresentar documenta\u00e7\u00e3o m\u00e9dica comprovando a incapacidade e passar por uma per\u00edcia do <strong>INSS<\/strong>. Tamb\u00e9m \u00e9 necess\u00e1rio ter ao menos 12 contribui\u00e7\u00f5es mensais feitas antes do requerimento.<\/p>\n\n\n\n<p>A tecnologia facilitou o acesso a esse benef\u00edcio, permitindo que boa parte do processo seja feita online pela plataforma <strong><a href=\"https:\/\/www.gov.br\/inss\/pt-br\" target=\"_blank\" rel=\"noreferrer noopener\">Meu INSS<\/a><\/strong>, reduzindo deslocamentos e agilizando o atendimento.<\/p>\n\n\n\n<p>Em situa\u00e7\u00f5es de doen\u00e7a grave ou acidente, a car\u00eancia pode ser dispensada, garantindo mais prote\u00e7\u00e3o ao segurado nesses casos.<\/p>\n\n\n\n<p>Leia mais: <a href=\"https:\/\/www.em.com.br\/emfoco\/2025\/11\/18\/inss-com-foco-em-combater-fraudes-pede-atencao-pois-falhas-podem-levar-a-suspensao-de-aposentadorias-pensoes-e-bpc-ja-a-partir-deste-mes\/\" target=\"_blank\" rel=\"noreferrer noopener\">INSS, com foco em combater fraudes, pede aten\u00e7\u00e3o, pois falhas podem levar \u00e0 suspens\u00e3o de aposentadorias, pens\u00f5es e BPC j\u00e1 a partir deste m\u00eas<\/a><\/p>\n\n\n\n<h2 class=\"wp-block-heading\">Como solicitar o sal\u00e1rio-maternidade?<\/h2>\n\n\n<div class=\"wp-block-image\">\n<figure class=\"aligncenter size-large\"><img loading=\"lazy\" decoding=\"async\" width=\"1024\" height=\"576\" src=\"https:\/\/www.em.com.br\/emfoco\/wp-content\/uploads\/2025\/06\/gravida-trabalhando_1749545919753-1024x576.jpg\" alt=\"5 profiss\u00f5es saem do MEI em 2025 e voc\u00ea precisa mudar de regime agora\" class=\"wp-image-58540\" srcset=\"https:\/\/www.em.com.br\/emfoco\/wp-content\/uploads\/2025\/06\/gravida-trabalhando_1749545919753-1024x576.jpg 1024w, https:\/\/www.em.com.br\/emfoco\/wp-content\/uploads\/2025\/06\/gravida-trabalhando_1749545919753-300x169.jpg 300w, https:\/\/www.em.com.br\/emfoco\/wp-content\/uploads\/2025\/06\/gravida-trabalhando_1749545919753-768x432.jpg 768w, https:\/\/www.em.com.br\/emfoco\/wp-content\/uploads\/2025\/06\/gravida-trabalhando_1749545919753-750x422.jpg 750w, https:\/\/www.em.com.br\/emfoco\/wp-content\/uploads\/2025\/06\/gravida-trabalhando_1749545919753-1140x641.jpg 1140w, https:\/\/www.em.com.br\/emfoco\/wp-content\/uploads\/2025\/06\/gravida-trabalhando_1749545919753.jpg 1280w\" sizes=\"auto, (max-width: 1024px) 100vw, 1024px\" \/><figcaption class=\"wp-element-caption\">Regras atualizadas do INSS e crit\u00e9rios essenciais da Previd\u00eancia &#8211; Cr\u00e9ditos: depositphotos.com \/ konstantynov<\/figcaption><\/figure><\/div>\n\n\n<p>O sal\u00e1rio-maternidade garante suporte \u00e0 m\u00e3e ap\u00f3s nascimento, ado\u00e7\u00e3o ou aborto espont\u00e2neo. Para receber o benef\u00edcio, \u00e9 preciso cumprir um n\u00famero m\u00ednimo de contribui\u00e7\u00f5es, que varia entre categorias profissionais como empregadas, aut\u00f4nomas e dom\u00e9sticas.<\/p>\n\n\n\n<p>Antes da an\u00e1lise do pedido, \u00e9 importante reunir os principais documentos, tornando o processo mais simples e r\u00e1pido. Veja a seguir exemplos do que pode ser solicitado:<\/p>\n\n\n\n<ul class=\"wp-block-list\">\n<li>Certid\u00e3o de nascimento ou documento judicial de ado\u00e7\u00e3o<\/li>\n\n\n\n<li>Comprovantes de contribui\u00e7\u00f5es ao <strong>INSS<\/strong><\/li>\n\n\n\n<li>Documento de identifica\u00e7\u00e3o oficial com foto<\/li>\n<\/ul>\n\n\n\n<p>Vale lembrar que gastos m\u00e9dicos relacionados \u00e0 gesta\u00e7\u00e3o n\u00e3o s\u00e3o cobertos pelo sal\u00e1rio-maternidade, pois o benef\u00edcio se destina \u00e0 renda da m\u00e3e nesse per\u00edodo.<\/p>\n\n\n\n<p>Leia mais: <a href=\"https:\/\/www.em.com.br\/emfoco\/2025\/11\/14\/desconto-errado-volta-em-30-dias-e-inss-garante-100-o-seu-dinheiro\/\" target=\"_blank\" rel=\"noreferrer noopener\">Desconto errado volta em 30 dias e INSS garante 100% o seu dinheiro<\/a><\/p>\n\n\n\n<h2 class=\"wp-block-heading\">Como as mudan\u00e7as do INSS afetam voc\u00ea?<\/h2>\n\n\n\n<p>As altera\u00e7\u00f5es nas regras previdenci\u00e1rias provocam reflexos diretos na vida dos segurados. Mudan\u00e7as em tempo de contribui\u00e7\u00e3o e idade m\u00ednima para aposentadoria, por exemplo, levam muitos trabalhadores a buscar informa\u00e7\u00f5es e revis\u00f5es de seus direitos.<\/p>\n\n\n\n<p>Com a moderniza\u00e7\u00e3o do atendimento, plataformas digitais como o <strong>Meu INSS<\/strong> se tornaram fundamentais para acompanhar atualiza\u00e7\u00f5es e facilitar o acesso a benef\u00edcios, tornando a adapta\u00e7\u00e3o \u00e0s novas regras mais pr\u00e1tica e acess\u00edvel.<\/p>\n\n\n\n<p>Ficar atento \u00e0s notifica\u00e7\u00f5es do <strong>INSS <\/strong>e manter dados pessoais atualizados pode ser fundamental para evitar a perda de direitos em meio \u00e0s constantes altera\u00e7\u00f5es nas normas previdenci\u00e1rias.<\/p>\n","protected":false},"excerpt":{"rendered":"<p>O Instituto Nacional do Seguro Social (INSS) \u00e9 essencial para a prote\u00e7\u00e3o dos trabalhadores brasileiros, oferecendo benef\u00edcios como aposentadoria, aux\u00edlio-doen\u00e7a e sal\u00e1rio-maternidade. O acesso a esses direitos depende do cumprimento de requisitos espec\u00edficos, e a adapta\u00e7\u00e3o das regras previdenci\u00e1rias destaca a import\u00e2ncia de acompanhar as atualiza\u00e7\u00f5es do sistema. Quem pode se aposentar pelo INSS? A [&hellip;]<\/p>\n","protected":false},"author":20,"featured_media":55206,"comment_status":"open","ping_status":"open","sticky":false,"template":"","format":"standard","meta":{"jnews-multi-image_gallery":[],"jnews_single_post":{"format":"standard"},"jnews_primary_category":[],"jnews_social_meta":[],"jnews_override_counter":[],"footnotes":""},"categories":[28,1],"tags":[172,1311,174],"class_list":["post-131257","post","type-post","status-publish","format-standard","has-post-thumbnail","hentry","category-economia","category-noticias","tag-aposentadoria","tag-auxilio","tag-inss"],"yoast_head":"<!-- This site is optimized with the Yoast SEO plugin v23.8 - https:\/\/yoast.com\/wordpress\/plugins\/seo\/ -->\n<title>Mudan\u00e7as na Previd\u00eancia? Veja as regras atualizadas do INSS e os crit\u00e9rios essenciais - Estado de Minas - Em foco<\/title>\n<meta name=\"description\" content=\"Regras atualizadas da Previd\u00eancia e crit\u00e9rios do INSS explicam direitos e exig\u00eancias essenciais ap\u00f3s as mudan\u00e7as recentes neste momento.\" \/>\n<meta name=\"robots\" content=\"index, follow, max-snippet:-1, max-image-preview:large, max-video-preview:-1\" \/>\n<link rel=\"canonical\" href=\"https:\/\/www.em.com.br\/emfoco\/2025\/11\/25\/mudancas-na-previdencia-veja-as-regras-atualizadas-do-inss-e-os-criterios-essenciais\/\" \/>\n<meta property=\"og:locale\" content=\"pt_BR\" \/>\n<meta property=\"og:type\" content=\"article\" \/>\n<meta property=\"og:title\" content=\"Mudan\u00e7as na Previd\u00eancia? Veja as regras atualizadas do INSS e os crit\u00e9rios essenciais - Estado de Minas - Em foco\" \/>\n<meta property=\"og:description\" content=\"Regras atualizadas da Previd\u00eancia e crit\u00e9rios do INSS explicam direitos e exig\u00eancias essenciais ap\u00f3s as mudan\u00e7as recentes neste momento.\" \/>\n<meta property=\"og:url\" content=\"https:\/\/www.em.com.br\/emfoco\/2025\/11\/25\/mudancas-na-previdencia-veja-as-regras-atualizadas-do-inss-e-os-criterios-essenciais\/\" \/>\n<meta property=\"og:site_name\" content=\"Estado de Minas - Em foco\" \/>\n<meta property=\"article:published_time\" content=\"2025-11-26T00:55:00+00:00\" \/>\n<meta property=\"article:modified_time\" content=\"2025-11-24T18:13:33+00:00\" \/>\n<meta property=\"og:image\" content=\"https:\/\/www.em.com.br\/emfoco\/wp-content\/uploads\/2025\/06\/inss_1748997236579.jpg\" \/>\n\t<meta property=\"og:image:width\" content=\"1280\" \/>\n\t<meta property=\"og:image:height\" content=\"720\" \/>\n\t<meta property=\"og:image:type\" content=\"image\/jpeg\" \/>\n<meta name=\"author\" content=\"Ingrid Diniz\" \/>\n<meta name=\"twitter:card\" content=\"summary_large_image\" \/>\n<meta name=\"twitter:label1\" content=\"Escrito por\" \/>\n\t<meta name=\"twitter:data1\" content=\"Ingrid Diniz\" \/>\n\t<meta name=\"twitter:label2\" content=\"Est. tempo de leitura\" \/>\n\t<meta name=\"twitter:data2\" content=\"4 minutos\" \/>\n<!-- \/ Yoast SEO plugin. -->","yoast_head_json":{"title":"Mudan\u00e7as na Previd\u00eancia? Veja as regras atualizadas do INSS e os crit\u00e9rios essenciais - Estado de Minas - Em foco","description":"Regras atualizadas da Previd\u00eancia e crit\u00e9rios do INSS explicam direitos e exig\u00eancias essenciais ap\u00f3s as mudan\u00e7as recentes neste momento.","robots":{"index":"index","follow":"follow","max-snippet":"max-snippet:-1","max-image-preview":"max-image-preview:large","max-video-preview":"max-video-preview:-1"},"canonical":"https:\/\/www.em.com.br\/emfoco\/2025\/11\/25\/mudancas-na-previdencia-veja-as-regras-atualizadas-do-inss-e-os-criterios-essenciais\/","og_locale":"pt_BR","og_type":"article","og_title":"Mudan\u00e7as na Previd\u00eancia? Veja as regras atualizadas do INSS e os crit\u00e9rios essenciais - Estado de Minas - Em foco","og_description":"Regras atualizadas da Previd\u00eancia e crit\u00e9rios do INSS explicam direitos e exig\u00eancias essenciais ap\u00f3s as mudan\u00e7as recentes neste momento.","og_url":"https:\/\/www.em.com.br\/emfoco\/2025\/11\/25\/mudancas-na-previdencia-veja-as-regras-atualizadas-do-inss-e-os-criterios-essenciais\/","og_site_name":"Estado de Minas - Em foco","article_published_time":"2025-11-26T00:55:00+00:00","article_modified_time":"2025-11-24T18:13:33+00:00","og_image":[{"width":1280,"height":720,"url":"https:\/\/www.em.com.br\/emfoco\/wp-content\/uploads\/2025\/06\/inss_1748997236579.jpg","type":"image\/jpeg"}],"author":"Ingrid Diniz","twitter_card":"summary_large_image","twitter_misc":{"Escrito por":"Ingrid Diniz","Est. tempo de leitura":"4 minutos"},"schema":{"@context":"https:\/\/schema.org","@graph":[{"@type":"WebPage","@id":"https:\/\/www.em.com.br\/emfoco\/2025\/11\/25\/mudancas-na-previdencia-veja-as-regras-atualizadas-do-inss-e-os-criterios-essenciais\/","url":"https:\/\/www.em.com.br\/emfoco\/2025\/11\/25\/mudancas-na-previdencia-veja-as-regras-atualizadas-do-inss-e-os-criterios-essenciais\/","name":"Mudan\u00e7as na Previd\u00eancia? Veja as regras atualizadas do INSS e os crit\u00e9rios essenciais - Estado de Minas - Em foco","isPartOf":{"@id":"https:\/\/www.em.com.br\/emfoco\/#website"},"primaryImageOfPage":{"@id":"https:\/\/www.em.com.br\/emfoco\/2025\/11\/25\/mudancas-na-previdencia-veja-as-regras-atualizadas-do-inss-e-os-criterios-essenciais\/#primaryimage"},"image":{"@id":"https:\/\/www.em.com.br\/emfoco\/2025\/11\/25\/mudancas-na-previdencia-veja-as-regras-atualizadas-do-inss-e-os-criterios-essenciais\/#primaryimage"},"thumbnailUrl":"https:\/\/www.em.com.br\/emfoco\/wp-content\/uploads\/2025\/06\/inss_1748997236579.jpg","datePublished":"2025-11-26T00:55:00+00:00","dateModified":"2025-11-24T18:13:33+00:00","author":{"@id":"https:\/\/www.em.com.br\/emfoco\/#\/schema\/person\/649e610b4eb8fff87ff394e54fe17b2b"},"description":"Regras atualizadas da Previd\u00eancia e crit\u00e9rios do INSS explicam direitos e exig\u00eancias essenciais ap\u00f3s as mudan\u00e7as recentes neste momento.","breadcrumb":{"@id":"https:\/\/www.em.com.br\/emfoco\/2025\/11\/25\/mudancas-na-previdencia-veja-as-regras-atualizadas-do-inss-e-os-criterios-essenciais\/#breadcrumb"},"inLanguage":"pt-BR","potentialAction":[{"@type":"ReadAction","target":["https:\/\/www.em.com.br\/emfoco\/2025\/11\/25\/mudancas-na-previdencia-veja-as-regras-atualizadas-do-inss-e-os-criterios-essenciais\/"]}]},{"@type":"ImageObject","inLanguage":"pt-BR","@id":"https:\/\/www.em.com.br\/emfoco\/2025\/11\/25\/mudancas-na-previdencia-veja-as-regras-atualizadas-do-inss-e-os-criterios-essenciais\/#primaryimage","url":"https:\/\/www.em.com.br\/emfoco\/wp-content\/uploads\/2025\/06\/inss_1748997236579.jpg","contentUrl":"https:\/\/www.em.com.br\/emfoco\/wp-content\/uploads\/2025\/06\/inss_1748997236579.jpg","width":1280,"height":720,"caption":"Por que o reajuste do INSS acima do m\u00ednimo s\u00f3 cai em janeiro - Cr\u00e9ditos: depositphotos.com \/ rafapress"},{"@type":"BreadcrumbList","@id":"https:\/\/www.em.com.br\/emfoco\/2025\/11\/25\/mudancas-na-previdencia-veja-as-regras-atualizadas-do-inss-e-os-criterios-essenciais\/#breadcrumb","itemListElement":[{"@type":"ListItem","position":1,"name":"In\u00edcio","item":"https:\/\/www.em.com.br\/emfoco\/"},{"@type":"ListItem","position":2,"name":"Mudan\u00e7as na Previd\u00eancia? Veja as regras atualizadas do INSS e os crit\u00e9rios essenciais"}]},{"@type":"WebSite","@id":"https:\/\/www.em.com.br\/emfoco\/#website","url":"https:\/\/www.em.com.br\/emfoco\/","name":"Estado de Minas - Em foco","description":"Acompanhe as \u00faltimas not\u00edcias e fique bem informado sobre tudo o que acontece em Minas Gerais, Brasil e no mundo.","potentialAction":[{"@type":"SearchAction","target":{"@type":"EntryPoint","urlTemplate":"https:\/\/www.em.com.br\/emfoco\/?s={search_term_string}"},"query-input":{"@type":"PropertyValueSpecification","valueRequired":true,"valueName":"search_term_string"}}],"inLanguage":"pt-BR"},{"@type":"Person","@id":"https:\/\/www.em.com.br\/emfoco\/#\/schema\/person\/649e610b4eb8fff87ff394e54fe17b2b","name":"Ingrid Diniz","image":{"@type":"ImageObject","inLanguage":"pt-BR","@id":"https:\/\/www.em.com.br\/emfoco\/#\/schema\/person\/image\/","url":"https:\/\/secure.gravatar.com\/avatar\/a3baa1449ec5c39b4c42babc9d4f3951?s=96&d=mm&r=g","contentUrl":"https:\/\/secure.gravatar.com\/avatar\/a3baa1449ec5c39b4c42babc9d4f3951?s=96&d=mm&r=g","caption":"Ingrid Diniz"},"sameAs":["https:\/\/www.em.com.br\/"],"url":"https:\/\/www.em.com.br\/emfoco\/author\/ingridmyth\/"}]}},"_links":{"self":[{"href":"https:\/\/www.em.com.br\/emfoco\/wp-json\/wp\/v2\/posts\/131257","targetHints":{"allow":["GET"]}}],"collection":[{"href":"https:\/\/www.em.com.br\/emfoco\/wp-json\/wp\/v2\/posts"}],"about":[{"href":"https:\/\/www.em.com.br\/emfoco\/wp-json\/wp\/v2\/types\/post"}],"author":[{"embeddable":true,"href":"https:\/\/www.em.com.br\/emfoco\/wp-json\/wp\/v2\/users\/20"}],"replies":[{"embeddable":true,"href":"https:\/\/www.em.com.br\/emfoco\/wp-json\/wp\/v2\/comments?post=131257"}],"version-history":[{"count":1,"href":"https:\/\/www.em.com.br\/emfoco\/wp-json\/wp\/v2\/posts\/131257\/revisions"}],"predecessor-version":[{"id":131303,"href":"https:\/\/www.em.com.br\/emfoco\/wp-json\/wp\/v2\/posts\/131257\/revisions\/131303"}],"wp:featuredmedia":[{"embeddable":true,"href":"https:\/\/www.em.com.br\/emfoco\/wp-json\/wp\/v2\/media\/55206"}],"wp:attachment":[{"href":"https:\/\/www.em.com.br\/emfoco\/wp-json\/wp\/v2\/media?parent=131257"}],"wp:term":[{"taxonomy":"category","embeddable":true,"href":"https:\/\/www.em.com.br\/emfoco\/wp-json\/wp\/v2\/categories?post=131257"},{"taxonomy":"post_tag","embeddable":true,"href":"https:\/\/www.em.com.br\/emfoco\/wp-json\/wp\/v2\/tags?post=131257"}],"curies":[{"name":"wp","href":"https:\/\/api.w.org\/{rel}","templated":true}]}}