{"id":131254,"date":"2025-11-25T17:25:00","date_gmt":"2025-11-25T20:25:00","guid":{"rendered":"https:\/\/www.em.com.br\/emfoco\/?p=131254"},"modified":"2025-11-24T14:44:55","modified_gmt":"2025-11-24T17:44:55","slug":"atualize-seu-cadastro-unico-para-que-nao-seja-bloqueado-e-sua-grana-extra-suma","status":"publish","type":"post","link":"https:\/\/www.em.com.br\/emfoco\/2025\/11\/25\/atualize-seu-cadastro-unico-para-que-nao-seja-bloqueado-e-sua-grana-extra-suma\/","title":{"rendered":"Atualize seu cadastro \u00fanico para que n\u00e3o seja bloqueado e sua grana extra suma"},"content":{"rendered":"\n<p>O <strong>Cad\u00danico <\/strong>\u00e9 a porta de entrada para programas sociais no <strong>Brasil<\/strong>, permitindo que fam\u00edlias de baixa renda acessem benef\u00edcios importantes. O cadastramento \u00e9 feito com um agendamento no <strong>CRAS <\/strong>ou em unidades designadas, sendo indispens\u00e1vel que um respons\u00e1vel apresente documentos e informa\u00e7\u00f5es de todos da fam\u00edlia.<\/p>\n\n\n\n<h2 class=\"wp-block-heading\">Quais dados o Cad\u00danico solicita?<\/h2>\n\n\n<div class=\"wp-block-image\">\n<figure class=\"aligncenter size-large\"><img loading=\"lazy\" decoding=\"async\" width=\"1024\" height=\"576\" src=\"https:\/\/www.em.com.br\/emfoco\/wp-content\/uploads\/2025\/06\/bolsa-familia_1748976725057-1024x576.jpg\" alt=\"Bolsa fam\u00edlia come\u00e7a a ser pago na pr\u00f3xima semana para todos os NIS\" class=\"wp-image-54998\" srcset=\"https:\/\/www.em.com.br\/emfoco\/wp-content\/uploads\/2025\/06\/bolsa-familia_1748976725057-1024x576.jpg 1024w, https:\/\/www.em.com.br\/emfoco\/wp-content\/uploads\/2025\/06\/bolsa-familia_1748976725057-300x169.jpg 300w, https:\/\/www.em.com.br\/emfoco\/wp-content\/uploads\/2025\/06\/bolsa-familia_1748976725057-768x432.jpg 768w, https:\/\/www.em.com.br\/emfoco\/wp-content\/uploads\/2025\/06\/bolsa-familia_1748976725057-750x422.jpg 750w, https:\/\/www.em.com.br\/emfoco\/wp-content\/uploads\/2025\/06\/bolsa-familia_1748976725057-1140x641.jpg 1140w, https:\/\/www.em.com.br\/emfoco\/wp-content\/uploads\/2025\/06\/bolsa-familia_1748976725057.jpg 1280w\" sizes=\"auto, (max-width: 1024px) 100vw, 1024px\" \/><figcaption class=\"wp-element-caption\">Atualize o Cad\u00danico e evite perder sua renda extra &#8211; Cr\u00e9ditos: depositphotos.com \/ serezniy<\/figcaption><\/figure><\/div>\n\n\n<p>Durante o atendimento, o <strong>Cad\u00danico <\/strong>coleta dados detalhados sobre cada fam\u00edlia, formando um perfil socioecon\u00f4mico dos cadastrados. Estes dados s\u00e3o fundamentais para definir o tipo e o valor dos benef\u00edcios acessados pelas fam\u00edlias.<\/p>\n\n\n\n<p>Entre as principais informa\u00e7\u00f5es analisadas na avalia\u00e7\u00e3o do <strong>Cad\u00danico<\/strong>, destacam-se:<\/p>\n\n\n\n<ul class=\"wp-block-list\">\n<li>Identifica\u00e7\u00e3o dos membros da fam\u00edlia<\/li>\n\n\n\n<li>N\u00edvel de escolaridade<\/li>\n\n\n\n<li>Renda mensal e ocupa\u00e7\u00e3o<\/li>\n\n\n\n<li>Endere\u00e7o e condi\u00e7\u00f5es de moradia<\/li>\n\n\n\n<li>Composi\u00e7\u00e3o familiar<\/li>\n<\/ul>\n\n\n\n<h2 class=\"wp-block-heading\">Por que atualizar dados do Cad\u00danico?<\/h2>\n\n\n\n<p>A atualiza\u00e7\u00e3o constante dos dados no <strong>Cad\u00danico <\/strong>garante que os benef\u00edcios sejam mantidos para quem realmente precisa. Mudan\u00e7as como altera\u00e7\u00e3o de endere\u00e7o, situa\u00e7\u00e3o de emprego ou composi\u00e7\u00e3o familiar devem ser informadas para evitar a suspens\u00e3o dos benef\u00edcios.<\/p>\n\n\n\n<p>O processo de atualiza\u00e7\u00e3o deve ser realizado anualmente ou sempre que houver mudan\u00e7as relevantes, assegurando o recebimento cont\u00ednuo de programas sociais. A atualiza\u00e7\u00e3o tamb\u00e9m pode ser exigida para inser\u00e7\u00e3o em novos programas criados pelo governo.<\/p>\n\n\n\n<p>Leia mais: <a href=\"https:\/\/www.em.com.br\/emfoco\/2025\/11\/23\/as-exigencias-do-bolsa-familia-multiplicam-o-beneficio-e-zera-o-risco-de-corte\/\" target=\"_blank\" rel=\"noreferrer noopener\">As exig\u00eancias do Bolsa Fam\u00edlia multiplicam o benef\u00edcio e zera o risco de corte<\/a><\/p>\n\n\n\n<h2 class=\"wp-block-heading\">Como o Cad\u00danico facilita programas sociais?<\/h2>\n\n\n<div class=\"wp-block-image\">\n<figure class=\"aligncenter size-large\"><img loading=\"lazy\" decoding=\"async\" width=\"1024\" height=\"576\" src=\"https:\/\/www.em.com.br\/emfoco\/wp-content\/uploads\/2025\/06\/dinheiro-reais_1748976565269-1024x576.jpg\" alt=\"O 13\u00ba sal\u00e1rio salva o or\u00e7amento e zera a suas d\u00edvidas antes do final do ano\" class=\"wp-image-55004\" srcset=\"https:\/\/www.em.com.br\/emfoco\/wp-content\/uploads\/2025\/06\/dinheiro-reais_1748976565269-1024x576.jpg 1024w, https:\/\/www.em.com.br\/emfoco\/wp-content\/uploads\/2025\/06\/dinheiro-reais_1748976565269-300x169.jpg 300w, https:\/\/www.em.com.br\/emfoco\/wp-content\/uploads\/2025\/06\/dinheiro-reais_1748976565269-768x432.jpg 768w, https:\/\/www.em.com.br\/emfoco\/wp-content\/uploads\/2025\/06\/dinheiro-reais_1748976565269-750x422.jpg 750w, https:\/\/www.em.com.br\/emfoco\/wp-content\/uploads\/2025\/06\/dinheiro-reais_1748976565269-1140x641.jpg 1140w, https:\/\/www.em.com.br\/emfoco\/wp-content\/uploads\/2025\/06\/dinheiro-reais_1748976565269.jpg 1280w\" sizes=\"auto, (max-width: 1024px) 100vw, 1024px\" \/><figcaption class=\"wp-element-caption\">Atualize o Cad\u00danico e evite perder sua renda extra &#8211; Cr\u00e9ditos: depositphotos.com \/ verganifotografia<\/figcaption><\/figure><\/div>\n\n\n<p>O sistema <strong>Cad\u00danico <\/strong>atua como ferramenta central para reunir e integrar informa\u00e7\u00f5es das fam\u00edlias, o que facilita a entrada e o acompanhamento em v\u00e1rios programas sociais do governo federal.<\/p>\n\n\n\n<p>Entre os programas que utilizam o <strong>Cad\u00danico<\/strong>, destacam-se o <strong>Bolsa Fam\u00edlia, Tarifa Social de Energia El\u00e9trica, e o Benef\u00edcio de Presta\u00e7\u00e3o Continuada (BPC)<\/strong>, promovendo a cidadania e inclus\u00e3o social de milh\u00f5es de brasileiros. Outras iniciativas, como o <strong>Minha Casa Minha Vida<\/strong> e programas de acesso a cursos profissionalizantes, tamb\u00e9m podem utilizar o cadastro como pr\u00e9-requisito.<\/p>\n\n\n\n<p>Leia mais: <a href=\"https:\/\/www.em.com.br\/emfoco\/2025\/11\/16\/conheca-a-regra-do-cadunico-que-garante-o-valor-total-do-seu-gas\/\" target=\"_blank\" rel=\"noreferrer noopener\">Conhe\u00e7a a regra do Cad\u00danico que garante o valor total do seu g\u00e1s<\/a><\/p>\n\n\n\n<h2 class=\"wp-block-heading\">Como munic\u00edpios gerenciam o Cad\u00danico?<\/h2>\n\n\n\n<p>Os munic\u00edpios desempenham papel fundamental na opera\u00e7\u00e3o do <strong>Cad\u00danico<\/strong>, atuando diretamente no cadastramento e na atualiza\u00e7\u00e3o dos dados atrav\u00e9s das equipes do <strong><a href=\"https:\/\/www.gov.br\/pt-br\/servicos\/acessar-o-cras-centro-de-referencia-da-assistencia-social\" target=\"_blank\" rel=\"noreferrer noopener\">CRAS<\/a><\/strong>. A gest\u00e3o exige colabora\u00e7\u00e3o entre os entes federativos para garantir transpar\u00eancia e efici\u00eancia no atendimento das fam\u00edlias.<\/p>\n\n\n\n<p>Algumas a\u00e7\u00f5es dos munic\u00edpios no gerenciamento do <strong>Cad\u00danico <\/strong>incluem:<\/p>\n\n\n\n<ul class=\"wp-block-list\">\n<li>Realiza\u00e7\u00e3o de mutir\u00f5es de cadastramento<\/li>\n\n\n\n<li>Capacita\u00e7\u00e3o de equipes para atendimento social<\/li>\n\n\n\n<li>Fiscaliza\u00e7\u00e3o das informa\u00e7\u00f5es fornecidas<\/li>\n<\/ul>\n\n\n\n<p>O <strong>Cad\u00danico<\/strong>, portanto, consolida-se como pe\u00e7a-chave da assist\u00eancia social, promovendo inclus\u00e3o, atualiza\u00e7\u00e3o constante dos dados e acesso eficiente a pol\u00edticas p\u00fablicas. A manuten\u00e7\u00e3o regular das informa\u00e7\u00f5es e a coopera\u00e7\u00e3o municipal s\u00e3o essenciais para que as fam\u00edlias em situa\u00e7\u00e3o de vulnerabilidade sejam devidamente atendidas.<\/p>\n","protected":false},"excerpt":{"rendered":"<p>O Cad\u00danico \u00e9 a porta de entrada para programas sociais no Brasil, permitindo que fam\u00edlias de baixa renda acessem benef\u00edcios importantes. O cadastramento \u00e9 feito com um agendamento no CRAS ou em unidades designadas, sendo indispens\u00e1vel que um respons\u00e1vel apresente documentos e informa\u00e7\u00f5es de todos da fam\u00edlia. Quais dados o Cad\u00danico solicita? Durante o atendimento, [&hellip;]<\/p>\n","protected":false},"author":20,"featured_media":124799,"comment_status":"open","ping_status":"open","sticky":false,"template":"","format":"standard","meta":{"jnews-multi-image_gallery":[],"jnews_single_post":{"format":"standard"},"jnews_primary_category":[],"jnews_social_meta":[],"jnews_override_counter":[],"footnotes":""},"categories":[28,1],"tags":[18823,614,757],"class_list":["post-131254","post","type-post","status-publish","format-standard","has-post-thumbnail","hentry","category-economia","category-noticias","tag-beneficos","tag-cadunico","tag-cras"],"yoast_head":"<!-- This site is optimized with the Yoast SEO plugin v23.8 - https:\/\/yoast.com\/wordpress\/plugins\/seo\/ -->\n<title>Atualize seu cadastro \u00fanico para que n\u00e3o seja bloqueado e sua grana extra suma - Estado de Minas - Em foco<\/title>\n<meta name=\"description\" content=\"Atualizar o Cad\u00danico evita bloqueios e garante que nenhum benef\u00edcio ou renda extra seja perdida, mantendo seu acesso seguro.\" \/>\n<meta name=\"robots\" content=\"index, follow, max-snippet:-1, max-image-preview:large, max-video-preview:-1\" \/>\n<link rel=\"canonical\" href=\"https:\/\/www.em.com.br\/emfoco\/2025\/11\/25\/atualize-seu-cadastro-unico-para-que-nao-seja-bloqueado-e-sua-grana-extra-suma\/\" \/>\n<meta property=\"og:locale\" content=\"pt_BR\" \/>\n<meta property=\"og:type\" content=\"article\" \/>\n<meta property=\"og:title\" content=\"Atualize seu cadastro \u00fanico para que n\u00e3o seja bloqueado e sua grana extra suma - Estado de Minas - Em foco\" \/>\n<meta property=\"og:description\" content=\"Atualizar o Cad\u00danico evita bloqueios e garante que nenhum benef\u00edcio ou renda extra seja perdida, mantendo seu acesso seguro.\" \/>\n<meta property=\"og:url\" content=\"https:\/\/www.em.com.br\/emfoco\/2025\/11\/25\/atualize-seu-cadastro-unico-para-que-nao-seja-bloqueado-e-sua-grana-extra-suma\/\" \/>\n<meta property=\"og:site_name\" content=\"Estado de Minas - Em foco\" \/>\n<meta property=\"article:published_time\" content=\"2025-11-25T20:25:00+00:00\" \/>\n<meta property=\"article:modified_time\" content=\"2025-11-24T17:44:55+00:00\" \/>\n<meta property=\"og:image\" content=\"https:\/\/www.em.com.br\/emfoco\/wp-content\/uploads\/2025\/11\/mosaico_1761327076162.jpg\" \/>\n\t<meta property=\"og:image:width\" content=\"1280\" \/>\n\t<meta property=\"og:image:height\" content=\"720\" \/>\n\t<meta property=\"og:image:type\" content=\"image\/jpeg\" \/>\n<meta name=\"author\" content=\"Ingrid Diniz\" \/>\n<meta name=\"twitter:card\" content=\"summary_large_image\" \/>\n<meta name=\"twitter:label1\" content=\"Escrito por\" \/>\n\t<meta name=\"twitter:data1\" content=\"Ingrid Diniz\" \/>\n\t<meta name=\"twitter:label2\" content=\"Est. tempo de leitura\" \/>\n\t<meta name=\"twitter:data2\" content=\"4 minutos\" \/>\n<!-- \/ Yoast SEO plugin. -->","yoast_head_json":{"title":"Atualize seu cadastro \u00fanico para que n\u00e3o seja bloqueado e sua grana extra suma - Estado de Minas - Em foco","description":"Atualizar o Cad\u00danico evita bloqueios e garante que nenhum benef\u00edcio ou renda extra seja perdida, mantendo seu acesso seguro.","robots":{"index":"index","follow":"follow","max-snippet":"max-snippet:-1","max-image-preview":"max-image-preview:large","max-video-preview":"max-video-preview:-1"},"canonical":"https:\/\/www.em.com.br\/emfoco\/2025\/11\/25\/atualize-seu-cadastro-unico-para-que-nao-seja-bloqueado-e-sua-grana-extra-suma\/","og_locale":"pt_BR","og_type":"article","og_title":"Atualize seu cadastro \u00fanico para que n\u00e3o seja bloqueado e sua grana extra suma - Estado de Minas - Em foco","og_description":"Atualizar o Cad\u00danico evita bloqueios e garante que nenhum benef\u00edcio ou renda extra seja perdida, mantendo seu acesso seguro.","og_url":"https:\/\/www.em.com.br\/emfoco\/2025\/11\/25\/atualize-seu-cadastro-unico-para-que-nao-seja-bloqueado-e-sua-grana-extra-suma\/","og_site_name":"Estado de Minas - Em foco","article_published_time":"2025-11-25T20:25:00+00:00","article_modified_time":"2025-11-24T17:44:55+00:00","og_image":[{"width":1280,"height":720,"url":"https:\/\/www.em.com.br\/emfoco\/wp-content\/uploads\/2025\/11\/mosaico_1761327076162.jpg","type":"image\/jpeg"}],"author":"Ingrid Diniz","twitter_card":"summary_large_image","twitter_misc":{"Escrito por":"Ingrid Diniz","Est. tempo de leitura":"4 minutos"},"schema":{"@context":"https:\/\/schema.org","@graph":[{"@type":"WebPage","@id":"https:\/\/www.em.com.br\/emfoco\/2025\/11\/25\/atualize-seu-cadastro-unico-para-que-nao-seja-bloqueado-e-sua-grana-extra-suma\/","url":"https:\/\/www.em.com.br\/emfoco\/2025\/11\/25\/atualize-seu-cadastro-unico-para-que-nao-seja-bloqueado-e-sua-grana-extra-suma\/","name":"Atualize seu cadastro \u00fanico para que n\u00e3o seja bloqueado e sua grana extra suma - Estado de Minas - Em foco","isPartOf":{"@id":"https:\/\/www.em.com.br\/emfoco\/#website"},"primaryImageOfPage":{"@id":"https:\/\/www.em.com.br\/emfoco\/2025\/11\/25\/atualize-seu-cadastro-unico-para-que-nao-seja-bloqueado-e-sua-grana-extra-suma\/#primaryimage"},"image":{"@id":"https:\/\/www.em.com.br\/emfoco\/2025\/11\/25\/atualize-seu-cadastro-unico-para-que-nao-seja-bloqueado-e-sua-grana-extra-suma\/#primaryimage"},"thumbnailUrl":"https:\/\/www.em.com.br\/emfoco\/wp-content\/uploads\/2025\/11\/mosaico_1761327076162.jpg","datePublished":"2025-11-25T20:25:00+00:00","dateModified":"2025-11-24T17:44:55+00:00","author":{"@id":"https:\/\/www.em.com.br\/emfoco\/#\/schema\/person\/649e610b4eb8fff87ff394e54fe17b2b"},"description":"Atualizar o Cad\u00danico evita bloqueios e garante que nenhum benef\u00edcio ou renda extra seja perdida, mantendo seu acesso seguro.","breadcrumb":{"@id":"https:\/\/www.em.com.br\/emfoco\/2025\/11\/25\/atualize-seu-cadastro-unico-para-que-nao-seja-bloqueado-e-sua-grana-extra-suma\/#breadcrumb"},"inLanguage":"pt-BR","potentialAction":[{"@type":"ReadAction","target":["https:\/\/www.em.com.br\/emfoco\/2025\/11\/25\/atualize-seu-cadastro-unico-para-que-nao-seja-bloqueado-e-sua-grana-extra-suma\/"]}]},{"@type":"ImageObject","inLanguage":"pt-BR","@id":"https:\/\/www.em.com.br\/emfoco\/2025\/11\/25\/atualize-seu-cadastro-unico-para-que-nao-seja-bloqueado-e-sua-grana-extra-suma\/#primaryimage","url":"https:\/\/www.em.com.br\/emfoco\/wp-content\/uploads\/2025\/11\/mosaico_1761327076162.jpg","contentUrl":"https:\/\/www.em.com.br\/emfoco\/wp-content\/uploads\/2025\/11\/mosaico_1761327076162.jpg","width":1280,"height":720,"caption":"Direito ao 13\u00ba sal\u00e1rio e como calcular o valor - Cr\u00e9ditos: depositphotos.com \/ IgorVetushko \/ Cr\u00e9ditos: depositphotos.com \/ dacasdo"},{"@type":"BreadcrumbList","@id":"https:\/\/www.em.com.br\/emfoco\/2025\/11\/25\/atualize-seu-cadastro-unico-para-que-nao-seja-bloqueado-e-sua-grana-extra-suma\/#breadcrumb","itemListElement":[{"@type":"ListItem","position":1,"name":"In\u00edcio","item":"https:\/\/www.em.com.br\/emfoco\/"},{"@type":"ListItem","position":2,"name":"Atualize seu cadastro \u00fanico para que n\u00e3o seja bloqueado e sua grana extra suma"}]},{"@type":"WebSite","@id":"https:\/\/www.em.com.br\/emfoco\/#website","url":"https:\/\/www.em.com.br\/emfoco\/","name":"Estado de Minas - Em foco","description":"Acompanhe as \u00faltimas not\u00edcias e fique bem informado sobre tudo o que acontece em Minas Gerais, Brasil e no mundo.","potentialAction":[{"@type":"SearchAction","target":{"@type":"EntryPoint","urlTemplate":"https:\/\/www.em.com.br\/emfoco\/?s={search_term_string}"},"query-input":{"@type":"PropertyValueSpecification","valueRequired":true,"valueName":"search_term_string"}}],"inLanguage":"pt-BR"},{"@type":"Person","@id":"https:\/\/www.em.com.br\/emfoco\/#\/schema\/person\/649e610b4eb8fff87ff394e54fe17b2b","name":"Ingrid Diniz","image":{"@type":"ImageObject","inLanguage":"pt-BR","@id":"https:\/\/www.em.com.br\/emfoco\/#\/schema\/person\/image\/","url":"https:\/\/secure.gravatar.com\/avatar\/a3baa1449ec5c39b4c42babc9d4f3951?s=96&d=mm&r=g","contentUrl":"https:\/\/secure.gravatar.com\/avatar\/a3baa1449ec5c39b4c42babc9d4f3951?s=96&d=mm&r=g","caption":"Ingrid Diniz"},"sameAs":["https:\/\/www.em.com.br\/"],"url":"https:\/\/www.em.com.br\/emfoco\/author\/ingridmyth\/"}]}},"_links":{"self":[{"href":"https:\/\/www.em.com.br\/emfoco\/wp-json\/wp\/v2\/posts\/131254","targetHints":{"allow":["GET"]}}],"collection":[{"href":"https:\/\/www.em.com.br\/emfoco\/wp-json\/wp\/v2\/posts"}],"about":[{"href":"https:\/\/www.em.com.br\/emfoco\/wp-json\/wp\/v2\/types\/post"}],"author":[{"embeddable":true,"href":"https:\/\/www.em.com.br\/emfoco\/wp-json\/wp\/v2\/users\/20"}],"replies":[{"embeddable":true,"href":"https:\/\/www.em.com.br\/emfoco\/wp-json\/wp\/v2\/comments?post=131254"}],"version-history":[{"count":1,"href":"https:\/\/www.em.com.br\/emfoco\/wp-json\/wp\/v2\/posts\/131254\/revisions"}],"predecessor-version":[{"id":131290,"href":"https:\/\/www.em.com.br\/emfoco\/wp-json\/wp\/v2\/posts\/131254\/revisions\/131290"}],"wp:featuredmedia":[{"embeddable":true,"href":"https:\/\/www.em.com.br\/emfoco\/wp-json\/wp\/v2\/media\/124799"}],"wp:attachment":[{"href":"https:\/\/www.em.com.br\/emfoco\/wp-json\/wp\/v2\/media?parent=131254"}],"wp:term":[{"taxonomy":"category","embeddable":true,"href":"https:\/\/www.em.com.br\/emfoco\/wp-json\/wp\/v2\/categories?post=131254"},{"taxonomy":"post_tag","embeddable":true,"href":"https:\/\/www.em.com.br\/emfoco\/wp-json\/wp\/v2\/tags?post=131254"}],"curies":[{"name":"wp","href":"https:\/\/api.w.org\/{rel}","templated":true}]}}