{"id":131253,"date":"2025-11-25T16:25:00","date_gmt":"2025-11-25T19:25:00","guid":{"rendered":"https:\/\/www.em.com.br\/emfoco\/?p=131253"},"modified":"2025-11-24T23:21:19","modified_gmt":"2025-11-25T02:21:19","slug":"o-credito-para-meis-fortalece-a-economia-e-multiplica-o-dinheiro-da-sua-familia","status":"publish","type":"post","link":"https:\/\/www.em.com.br\/emfoco\/2025\/11\/25\/o-credito-para-meis-fortalece-a-economia-e-multiplica-o-dinheiro-da-sua-familia\/","title":{"rendered":"O cr\u00e9dito para MEIs fortalece a economia e multiplica o dinheiro da sua fam\u00edlia"},"content":{"rendered":"\n<p>O apoio ao microempreendedor tornou-se uma estrat\u00e9gia essencial para acelerar o desenvolvimento econ\u00f4mico e social em diferentes regi\u00f5es do pa\u00eds que oferecem cr\u00e9dito facilitado e promovem inclus\u00e3o e sustentabilidade para pequenos neg\u00f3cios.<\/p>\n\n\n\n<h2 class=\"wp-block-heading\">Quais documentos s\u00e3o exigidos?<\/h2>\n\n\n\n<p>Para acessar cr\u00e9dito de programas de cr\u00e9dito, o microempreendedor precisa reunir uma documenta\u00e7\u00e3o b\u00e1sica. Os principais documentos incluem CPF, RG, comprovante de endere\u00e7o, CNPJ e o <strong>Certificado da Condi\u00e7\u00e3o de Microempreendedor Individual<\/strong> (<a href=\"https:\/\/www.gov.br\/empresas-e-negocios\/pt-br\/empreendedor\/servicos-para-mei\/emissao-de-comprovante-ccmei\" target=\"_blank\" rel=\"noreferrer noopener\">CCMEI<\/a>).<\/p>\n\n\n\n<p>Al\u00e9m desses, a an\u00e1lise geralmente considera crit\u00e9rios como a regularidade fiscal e a aus\u00eancia de restri\u00e7\u00f5es de cr\u00e9dito, fatores importantes para a aprova\u00e7\u00e3o dos recursos e a efetiva\u00e7\u00e3o do apoio financeiro. Em alguns casos, tamb\u00e9m pode ser solicitada a apresenta\u00e7\u00e3o de um plano simplificado de neg\u00f3cios, comprovando a viabilidade da aplica\u00e7\u00e3o do cr\u00e9dito solicitado.<\/p>\n\n\n<div class=\"wp-block-image\">\n<figure class=\"aligncenter size-large\"><img loading=\"lazy\" decoding=\"async\" width=\"1024\" height=\"576\" src=\"https:\/\/www.em.com.br\/emfoco\/wp-content\/uploads\/2025\/06\/documentacao_1749176136212-1024x576.jpg\" alt=\"Crefisa se posiciona sobre suspens\u00e3o parcial do contrato com o INSS\" class=\"wp-image-56661\" srcset=\"https:\/\/www.em.com.br\/emfoco\/wp-content\/uploads\/2025\/06\/documentacao_1749176136212-1024x576.jpg 1024w, https:\/\/www.em.com.br\/emfoco\/wp-content\/uploads\/2025\/06\/documentacao_1749176136212-300x169.jpg 300w, https:\/\/www.em.com.br\/emfoco\/wp-content\/uploads\/2025\/06\/documentacao_1749176136212-768x432.jpg 768w, https:\/\/www.em.com.br\/emfoco\/wp-content\/uploads\/2025\/06\/documentacao_1749176136212-750x422.jpg 750w, https:\/\/www.em.com.br\/emfoco\/wp-content\/uploads\/2025\/06\/documentacao_1749176136212-1140x641.jpg 1140w, https:\/\/www.em.com.br\/emfoco\/wp-content\/uploads\/2025\/06\/documentacao_1749176136212.jpg 1280w\" sizes=\"auto, (max-width: 1024px) 100vw, 1024px\" \/><figcaption class=\"wp-element-caption\">Cr\u00e9dito para MEIs que fortalece renda e neg\u00f3cios &#8211; Cr\u00e9ditos: depositphotos.com \/ pressmaster<\/figcaption><\/figure><\/div>\n\n\n<h2 class=\"wp-block-heading\">Como o cr\u00e9dito fortalece neg\u00f3cios?<\/h2>\n\n\n\n<p>O acesso facilitado ao cr\u00e9dito tem impacto relevante no surgimento de novos neg\u00f3cios e na renova\u00e7\u00e3o da economia local. Isso permite que tanto novos empreendedores quanto os j\u00e1 estabelecidos invistam em expans\u00e3o e na melhoria de seus processos.<\/p>\n\n\n\n<p>A seguir, est\u00e3o alguns resultados positivos desse cr\u00e9dito para os pequenos neg\u00f3cios, que impulsionam a economia em diversos n\u00edveis:<\/p>\n\n\n\n<ul class=\"wp-block-list\">\n<li>Fomento \u00e0 inova\u00e7\u00e3o e competitividade<\/li>\n\n\n\n<li>Gera\u00e7\u00e3o de empregos na comunidade<\/li>\n\n\n\n<li>Fortalecimento do com\u00e9rcio local<\/li>\n\n\n\n<li>Est\u00edmulo \u00e0 diversifica\u00e7\u00e3o de servi\u00e7os<\/li>\n<\/ul>\n\n\n\n<p>Leia mais: <a href=\"https:\/\/www.em.com.br\/emfoco\/2025\/11\/21\/entenda-como-o-credito-facil-garante-sua-independencia-financeira\/\" target=\"_blank\" rel=\"noreferrer noopener\">Entenda como o cr\u00e9dito f\u00e1cil garante sua independ\u00eancia financeira<\/a><\/p>\n\n\n\n<h2 class=\"wp-block-heading\">Como funcionam os juros subsidiados?<\/h2>\n\n\n\n<p>Os juros subsidiados s\u00e3o um dos grandes diferenciais nesses programas, pois tornam o financiamento mais acess\u00edvel. O governo ou parceiros absorvem parte dos custos dos juros, o que reduz significativamente o valor final das parcelas para o empreendedor.<\/p>\n\n\n\n<p>Essa medida \u00e9 resultado de pol\u00edticas p\u00fablicas de incentivo, deixando claro o compromisso com o fortalecimento do microempreendedorismo e ampliando as oportunidades para pequenos neg\u00f3cios crescerem de forma sustent\u00e1vel. Muitos microempreendedores relatam que essas condi\u00e7\u00f5es especiais foram determinantes para alavancar seus neg\u00f3cios e iniciar novas frentes de atua\u00e7\u00e3o.<\/p>\n\n\n\n<p>Em resumo, programas que facilitam o cr\u00e9dito e subsidiam juros formam uma poderosa base para o microempreendedorismo nacional. Com menos barreiras financeiras e mais suporte, essas iniciativas contribuem para o desenvolvimento de economias locais mais resilientes e inclusivas, ampliando o alcance do progresso econ\u00f4mico e social.<\/p>\n","protected":false},"excerpt":{"rendered":"<p>O apoio ao microempreendedor tornou-se uma estrat\u00e9gia essencial para acelerar o desenvolvimento econ\u00f4mico e social em diferentes regi\u00f5es do pa\u00eds que oferecem cr\u00e9dito facilitado e promovem inclus\u00e3o e sustentabilidade para pequenos neg\u00f3cios. Quais documentos s\u00e3o exigidos? Para acessar cr\u00e9dito de programas de cr\u00e9dito, o microempreendedor precisa reunir uma documenta\u00e7\u00e3o b\u00e1sica. Os principais documentos incluem CPF, [&hellip;]<\/p>\n","protected":false},"author":20,"featured_media":122395,"comment_status":"open","ping_status":"open","sticky":false,"template":"","format":"standard","meta":{"jnews-multi-image_gallery":[],"jnews_single_post":{"format":"standard"},"jnews_primary_category":[],"jnews_social_meta":[],"jnews_override_counter":[],"footnotes":""},"categories":[28,1],"tags":[862,19246,19245],"class_list":["post-131253","post","type-post","status-publish","format-standard","has-post-thumbnail","hentry","category-economia","category-noticias","tag-credito","tag-microempreendedores","tag-pro-cotia"],"yoast_head":"<!-- This site is optimized with the Yoast SEO plugin v23.8 - https:\/\/yoast.com\/wordpress\/plugins\/seo\/ -->\n<title>O cr\u00e9dito para MEIs fortalece a economia e multiplica o dinheiro da sua fam\u00edlia - Estado de Minas - Em foco<\/title>\n<meta name=\"description\" content=\"Cr\u00e9dito para MEIs impulsiona neg\u00f3cios, fortalece a economia e aumenta a renda familiar com mais oportunidades de crescimento.\" \/>\n<meta name=\"robots\" content=\"index, follow, max-snippet:-1, max-image-preview:large, max-video-preview:-1\" \/>\n<link rel=\"canonical\" href=\"https:\/\/www.em.com.br\/emfoco\/2025\/11\/25\/o-credito-para-meis-fortalece-a-economia-e-multiplica-o-dinheiro-da-sua-familia\/\" \/>\n<meta property=\"og:locale\" content=\"pt_BR\" \/>\n<meta property=\"og:type\" content=\"article\" \/>\n<meta property=\"og:title\" content=\"O cr\u00e9dito para MEIs fortalece a economia e multiplica o dinheiro da sua fam\u00edlia - Estado de Minas - Em foco\" \/>\n<meta property=\"og:description\" content=\"Cr\u00e9dito para MEIs impulsiona neg\u00f3cios, fortalece a economia e aumenta a renda familiar com mais oportunidades de crescimento.\" \/>\n<meta property=\"og:url\" content=\"https:\/\/www.em.com.br\/emfoco\/2025\/11\/25\/o-credito-para-meis-fortalece-a-economia-e-multiplica-o-dinheiro-da-sua-familia\/\" \/>\n<meta property=\"og:site_name\" content=\"Estado de Minas - Em foco\" \/>\n<meta property=\"article:published_time\" content=\"2025-11-25T19:25:00+00:00\" \/>\n<meta property=\"article:modified_time\" content=\"2025-11-25T02:21:19+00:00\" \/>\n<meta property=\"og:image\" content=\"https:\/\/www.em.com.br\/emfoco\/wp-content\/uploads\/2025\/11\/maca_1761160536646.jpg\" \/>\n\t<meta property=\"og:image:width\" content=\"1280\" \/>\n\t<meta property=\"og:image:height\" content=\"720\" \/>\n\t<meta property=\"og:image:type\" content=\"image\/jpeg\" \/>\n<meta name=\"author\" content=\"Ingrid Diniz\" \/>\n<meta name=\"twitter:card\" content=\"summary_large_image\" \/>\n<meta name=\"twitter:label1\" content=\"Escrito por\" \/>\n\t<meta name=\"twitter:data1\" content=\"Ingrid Diniz\" \/>\n\t<meta name=\"twitter:label2\" content=\"Est. tempo de leitura\" \/>\n\t<meta name=\"twitter:data2\" content=\"3 minutos\" \/>\n<!-- \/ Yoast SEO plugin. -->","yoast_head_json":{"title":"O cr\u00e9dito para MEIs fortalece a economia e multiplica o dinheiro da sua fam\u00edlia - Estado de Minas - Em foco","description":"Cr\u00e9dito para MEIs impulsiona neg\u00f3cios, fortalece a economia e aumenta a renda familiar com mais oportunidades de crescimento.","robots":{"index":"index","follow":"follow","max-snippet":"max-snippet:-1","max-image-preview":"max-image-preview:large","max-video-preview":"max-video-preview:-1"},"canonical":"https:\/\/www.em.com.br\/emfoco\/2025\/11\/25\/o-credito-para-meis-fortalece-a-economia-e-multiplica-o-dinheiro-da-sua-familia\/","og_locale":"pt_BR","og_type":"article","og_title":"O cr\u00e9dito para MEIs fortalece a economia e multiplica o dinheiro da sua fam\u00edlia - Estado de Minas - Em foco","og_description":"Cr\u00e9dito para MEIs impulsiona neg\u00f3cios, fortalece a economia e aumenta a renda familiar com mais oportunidades de crescimento.","og_url":"https:\/\/www.em.com.br\/emfoco\/2025\/11\/25\/o-credito-para-meis-fortalece-a-economia-e-multiplica-o-dinheiro-da-sua-familia\/","og_site_name":"Estado de Minas - Em foco","article_published_time":"2025-11-25T19:25:00+00:00","article_modified_time":"2025-11-25T02:21:19+00:00","og_image":[{"width":1280,"height":720,"url":"https:\/\/www.em.com.br\/emfoco\/wp-content\/uploads\/2025\/11\/maca_1761160536646.jpg","type":"image\/jpeg"}],"author":"Ingrid Diniz","twitter_card":"summary_large_image","twitter_misc":{"Escrito por":"Ingrid Diniz","Est. tempo de leitura":"3 minutos"},"schema":{"@context":"https:\/\/schema.org","@graph":[{"@type":"WebPage","@id":"https:\/\/www.em.com.br\/emfoco\/2025\/11\/25\/o-credito-para-meis-fortalece-a-economia-e-multiplica-o-dinheiro-da-sua-familia\/","url":"https:\/\/www.em.com.br\/emfoco\/2025\/11\/25\/o-credito-para-meis-fortalece-a-economia-e-multiplica-o-dinheiro-da-sua-familia\/","name":"O cr\u00e9dito para MEIs fortalece a economia e multiplica o dinheiro da sua fam\u00edlia - Estado de Minas - Em foco","isPartOf":{"@id":"https:\/\/www.em.com.br\/emfoco\/#website"},"primaryImageOfPage":{"@id":"https:\/\/www.em.com.br\/emfoco\/2025\/11\/25\/o-credito-para-meis-fortalece-a-economia-e-multiplica-o-dinheiro-da-sua-familia\/#primaryimage"},"image":{"@id":"https:\/\/www.em.com.br\/emfoco\/2025\/11\/25\/o-credito-para-meis-fortalece-a-economia-e-multiplica-o-dinheiro-da-sua-familia\/#primaryimage"},"thumbnailUrl":"https:\/\/www.em.com.br\/emfoco\/wp-content\/uploads\/2025\/11\/maca_1761160536646.jpg","datePublished":"2025-11-25T19:25:00+00:00","dateModified":"2025-11-25T02:21:19+00:00","author":{"@id":"https:\/\/www.em.com.br\/emfoco\/#\/schema\/person\/649e610b4eb8fff87ff394e54fe17b2b"},"description":"Cr\u00e9dito para MEIs impulsiona neg\u00f3cios, fortalece a economia e aumenta a renda familiar com mais oportunidades de crescimento.","breadcrumb":{"@id":"https:\/\/www.em.com.br\/emfoco\/2025\/11\/25\/o-credito-para-meis-fortalece-a-economia-e-multiplica-o-dinheiro-da-sua-familia\/#breadcrumb"},"inLanguage":"pt-BR","potentialAction":[{"@type":"ReadAction","target":["https:\/\/www.em.com.br\/emfoco\/2025\/11\/25\/o-credito-para-meis-fortalece-a-economia-e-multiplica-o-dinheiro-da-sua-familia\/"]}]},{"@type":"ImageObject","inLanguage":"pt-BR","@id":"https:\/\/www.em.com.br\/emfoco\/2025\/11\/25\/o-credito-para-meis-fortalece-a-economia-e-multiplica-o-dinheiro-da-sua-familia\/#primaryimage","url":"https:\/\/www.em.com.br\/emfoco\/wp-content\/uploads\/2025\/11\/maca_1761160536646.jpg","contentUrl":"https:\/\/www.em.com.br\/emfoco\/wp-content\/uploads\/2025\/11\/maca_1761160536646.jpg","width":1280,"height":720,"caption":"Acompanhe o andamento do pedido do BPC pelo Meu INSS - Cr\u00e9ditos: depositphotos.com \/ IgorVetushko"},{"@type":"BreadcrumbList","@id":"https:\/\/www.em.com.br\/emfoco\/2025\/11\/25\/o-credito-para-meis-fortalece-a-economia-e-multiplica-o-dinheiro-da-sua-familia\/#breadcrumb","itemListElement":[{"@type":"ListItem","position":1,"name":"In\u00edcio","item":"https:\/\/www.em.com.br\/emfoco\/"},{"@type":"ListItem","position":2,"name":"O cr\u00e9dito para MEIs fortalece a economia e multiplica o dinheiro da sua fam\u00edlia"}]},{"@type":"WebSite","@id":"https:\/\/www.em.com.br\/emfoco\/#website","url":"https:\/\/www.em.com.br\/emfoco\/","name":"Estado de Minas - Em foco","description":"Acompanhe as \u00faltimas not\u00edcias e fique bem informado sobre tudo o que acontece em Minas Gerais, Brasil e no mundo.","potentialAction":[{"@type":"SearchAction","target":{"@type":"EntryPoint","urlTemplate":"https:\/\/www.em.com.br\/emfoco\/?s={search_term_string}"},"query-input":{"@type":"PropertyValueSpecification","valueRequired":true,"valueName":"search_term_string"}}],"inLanguage":"pt-BR"},{"@type":"Person","@id":"https:\/\/www.em.com.br\/emfoco\/#\/schema\/person\/649e610b4eb8fff87ff394e54fe17b2b","name":"Ingrid Diniz","image":{"@type":"ImageObject","inLanguage":"pt-BR","@id":"https:\/\/www.em.com.br\/emfoco\/#\/schema\/person\/image\/","url":"https:\/\/secure.gravatar.com\/avatar\/a3baa1449ec5c39b4c42babc9d4f3951?s=96&d=mm&r=g","contentUrl":"https:\/\/secure.gravatar.com\/avatar\/a3baa1449ec5c39b4c42babc9d4f3951?s=96&d=mm&r=g","caption":"Ingrid Diniz"},"sameAs":["https:\/\/www.em.com.br\/"],"url":"https:\/\/www.em.com.br\/emfoco\/author\/ingridmyth\/"}]}},"_links":{"self":[{"href":"https:\/\/www.em.com.br\/emfoco\/wp-json\/wp\/v2\/posts\/131253","targetHints":{"allow":["GET"]}}],"collection":[{"href":"https:\/\/www.em.com.br\/emfoco\/wp-json\/wp\/v2\/posts"}],"about":[{"href":"https:\/\/www.em.com.br\/emfoco\/wp-json\/wp\/v2\/types\/post"}],"author":[{"embeddable":true,"href":"https:\/\/www.em.com.br\/emfoco\/wp-json\/wp\/v2\/users\/20"}],"replies":[{"embeddable":true,"href":"https:\/\/www.em.com.br\/emfoco\/wp-json\/wp\/v2\/comments?post=131253"}],"version-history":[{"count":2,"href":"https:\/\/www.em.com.br\/emfoco\/wp-json\/wp\/v2\/posts\/131253\/revisions"}],"predecessor-version":[{"id":131503,"href":"https:\/\/www.em.com.br\/emfoco\/wp-json\/wp\/v2\/posts\/131253\/revisions\/131503"}],"wp:featuredmedia":[{"embeddable":true,"href":"https:\/\/www.em.com.br\/emfoco\/wp-json\/wp\/v2\/media\/122395"}],"wp:attachment":[{"href":"https:\/\/www.em.com.br\/emfoco\/wp-json\/wp\/v2\/media?parent=131253"}],"wp:term":[{"taxonomy":"category","embeddable":true,"href":"https:\/\/www.em.com.br\/emfoco\/wp-json\/wp\/v2\/categories?post=131253"},{"taxonomy":"post_tag","embeddable":true,"href":"https:\/\/www.em.com.br\/emfoco\/wp-json\/wp\/v2\/tags?post=131253"}],"curies":[{"name":"wp","href":"https:\/\/api.w.org\/{rel}","templated":true}]}}