{"id":131177,"date":"2025-11-25T14:15:00","date_gmt":"2025-11-25T17:15:00","guid":{"rendered":"https:\/\/www.em.com.br\/emfoco\/?p=131177"},"modified":"2025-11-24T23:20:55","modified_gmt":"2025-11-25T02:20:55","slug":"tarifa-social-exige-o-cadunico-para-zerar-o-seu-gasto-com-a-conta-de-agua","status":"publish","type":"post","link":"https:\/\/www.em.com.br\/emfoco\/2025\/11\/25\/tarifa-social-exige-o-cadunico-para-zerar-o-seu-gasto-com-a-conta-de-agua\/","title":{"rendered":"Tarifa Social exige o Cad\u00danico para zerar o seu gasto com a conta de \u00e1gua"},"content":{"rendered":"\n<p>Os programas de tarifa social de \u00e1gua e esgoto t\u00eam o objetivo de facilitar o acesso a servi\u00e7os essenciais de abastecimento e saneamento b\u00e1sico para fam\u00edlias de baixa renda, oferecendo descontos que ajudam a equilibrar o or\u00e7amento dom\u00e9stico e promovendo sa\u00fade e bem-estar.<\/p>\n\n\n\n<h2 class=\"wp-block-heading\">Como funciona a tarifa social?<\/h2>\n\n\n\n<p>Esses programas s\u00e3o coordena\u00e7\u00f5es entre companhias estaduais de \u00e1gua e governos locais, oferecendo tarifas reduzidas para quem mais precisa. O intuito \u00e9 garantir que o acesso \u00e0 \u00e1gua pot\u00e1vel e ao saneamento b\u00e1sico seja amplo e compat\u00edvel com as condi\u00e7\u00f5es financeiras dessas fam\u00edlias.<\/p>\n\n\n\n<p>O modelo contribui para que as necessidades b\u00e1sicas n\u00e3o impactem negativamente o or\u00e7amento familiar, assegurando dignidade e inclus\u00e3o. Al\u00e9m disso, h\u00e1 iniciativas em alguns munic\u00edpios que ampliam a divulga\u00e7\u00e3o dessas tarifas, tornando o benef\u00edcio mais acess\u00edvel. Nos \u00faltimos anos, muitos estados investiram em campanhas informativas para ampliar o alcance do programa, facilitando o processo de inscri\u00e7\u00e3o para fam\u00edlias vulner\u00e1veis.<\/p>\n\n\n<div class=\"wp-block-image\">\n<figure class=\"aligncenter size-large\"><img loading=\"lazy\" decoding=\"async\" width=\"1024\" height=\"576\" src=\"https:\/\/www.em.com.br\/emfoco\/wp-content\/uploads\/2025\/06\/calculadora_1750113808138-1024x576.jpg\" alt=\"Nova regra de c\u00e1lculo surpreende quem paga comiss\u00f5es e honor\u00e1rios\" class=\"wp-image-61848\" srcset=\"https:\/\/www.em.com.br\/emfoco\/wp-content\/uploads\/2025\/06\/calculadora_1750113808138-1024x576.jpg 1024w, https:\/\/www.em.com.br\/emfoco\/wp-content\/uploads\/2025\/06\/calculadora_1750113808138-300x169.jpg 300w, https:\/\/www.em.com.br\/emfoco\/wp-content\/uploads\/2025\/06\/calculadora_1750113808138-768x432.jpg 768w, https:\/\/www.em.com.br\/emfoco\/wp-content\/uploads\/2025\/06\/calculadora_1750113808138-750x422.jpg 750w, https:\/\/www.em.com.br\/emfoco\/wp-content\/uploads\/2025\/06\/calculadora_1750113808138-1140x641.jpg 1140w, https:\/\/www.em.com.br\/emfoco\/wp-content\/uploads\/2025\/06\/calculadora_1750113808138.jpg 1280w\" sizes=\"auto, (max-width: 1024px) 100vw, 1024px\" \/><figcaption class=\"wp-element-caption\">Cad\u00danico permite zerar a conta de \u00e1gua com Tarifa Social &#8211; Cr\u00e9ditos: depositphotos.com \/ AndrewLozovyi<\/figcaption><\/figure><\/div>\n\n\n<h2 class=\"wp-block-heading\">Quem pode solicitar o benef\u00edcio?<\/h2>\n\n\n\n<p>Pessoas inscritas em programas sociais como <strong>Bolsa Fam\u00edlia ou BPC<\/strong>, e que estejam cadastradas no <strong>Cadastro \u00danico para Programas Sociais<\/strong> (<a href=\"https:\/\/www.gov.br\/pt-br\/servicos\/consultar-dados-do-cadastro-unico-cadunico\" target=\"_blank\" rel=\"noreferrer noopener\">Cad\u00danico<\/a>), geralmente t\u00eam direito ao benef\u00edcio. A renda mensal per capita tamb\u00e9m deve estar de acordo com os crit\u00e9rios estabelecidos localmente.<\/p>\n\n\n\n<p>Fam\u00edlias que vivem em \u00e1reas abrangidas pelo programa e apresentam toda a documenta\u00e7\u00e3o comprobat\u00f3ria t\u00eam maiores chances de aprova\u00e7\u00e3o, pois os regulamentos buscam atingir a parcela mais vulner\u00e1vel da popula\u00e7\u00e3o. Em algumas cidades, \u00e9 poss\u00edvel acompanhar o processo de aprova\u00e7\u00e3o online ou receber informa\u00e7\u00f5es via <strong>SMS<\/strong>.<\/p>\n\n\n\n<p>Leia mais: <a href=\"https:\/\/www.em.com.br\/emfoco\/2025\/11\/18\/inss-com-foco-em-combater-fraudes-pede-atencao-pois-falhas-podem-levar-a-suspensao-de-aposentadorias-pensoes-e-bpc-ja-a-partir-deste-mes\/\" target=\"_blank\" rel=\"noreferrer noopener\">INSS, com foco em combater fraudes, pede aten\u00e7\u00e3o, pois falhas podem levar \u00e0 suspens\u00e3o de aposentadorias, pens\u00f5es e BPC j\u00e1 a partir deste m\u00eas<\/a><\/p>\n\n\n\n<h2 class=\"wp-block-heading\">Como fa\u00e7o a inscri\u00e7\u00e3o no programa?<\/h2>\n\n\n\n<p>Os interessados devem procurar o atendimento presencial ou digital das empresas de saneamento, portando toda a documenta\u00e7\u00e3o exigida. Ap\u00f3s a an\u00e1lise dos documentos, e se aprovados, o desconto \u00e9 automaticamente aplicado \u00e0s pr\u00f3ximas faturas.<\/p>\n\n\n\n<p>\u00c9 importante ter em m\u00e3os os principais documentos para facilitar o processo de inscri\u00e7\u00e3o. Veja os itens normalmente solicitados:<\/p>\n\n\n\n<ul class=\"wp-block-list\">\n<li>Comprovante de renda atualizado de todos os membros da fam\u00edlia<\/li>\n\n\n\n<li>Documenta\u00e7\u00e3o pessoal (RG, CPF) dos moradores<\/li>\n\n\n\n<li>Comprovante de resid\u00eancia atualizado<\/li>\n\n\n\n<li>Comprovante de inscri\u00e7\u00e3o ativa no <strong>Cad\u00danico<\/strong><\/li>\n<\/ul>\n\n\n\n<p>Algumas concession\u00e1rias tamb\u00e9m oferecem a possibilidade de envio de documentos por aplicativo ou site, tornando o processo ainda mais acess\u00edvel.<\/p>\n\n\n\n<h2 class=\"wp-block-heading\">Quais os benef\u00edcios para o or\u00e7amento?<\/h2>\n\n\n<div class=\"wp-block-image\">\n<figure class=\"aligncenter size-large\"><img loading=\"lazy\" decoding=\"async\" width=\"1024\" height=\"576\" src=\"https:\/\/www.em.com.br\/emfoco\/wp-content\/uploads\/2025\/08\/calculadora-dinheiro-reais_1754959311655-1024x576.jpg\" alt=\"Como calcular o 13\u00ba sal\u00e1rio em casos de afastamento por doen\u00e7a\" class=\"wp-image-89940\" srcset=\"https:\/\/www.em.com.br\/emfoco\/wp-content\/uploads\/2025\/08\/calculadora-dinheiro-reais_1754959311655-1024x576.jpg 1024w, https:\/\/www.em.com.br\/emfoco\/wp-content\/uploads\/2025\/08\/calculadora-dinheiro-reais_1754959311655-300x169.jpg 300w, https:\/\/www.em.com.br\/emfoco\/wp-content\/uploads\/2025\/08\/calculadora-dinheiro-reais_1754959311655-768x432.jpg 768w, https:\/\/www.em.com.br\/emfoco\/wp-content\/uploads\/2025\/08\/calculadora-dinheiro-reais_1754959311655-750x422.jpg 750w, https:\/\/www.em.com.br\/emfoco\/wp-content\/uploads\/2025\/08\/calculadora-dinheiro-reais_1754959311655-1140x641.jpg 1140w, https:\/\/www.em.com.br\/emfoco\/wp-content\/uploads\/2025\/08\/calculadora-dinheiro-reais_1754959311655.jpg 1280w\" sizes=\"auto, (max-width: 1024px) 100vw, 1024px\" \/><figcaption class=\"wp-element-caption\">Cad\u00danico permite zerar a conta de \u00e1gua com Tarifa Social &#8211; Cr\u00e9ditos: depositphotos.com \/ EdZbarzhyvetsky<\/figcaption><\/figure><\/div>\n\n\n<p>O principal benef\u00edcio \u00e9 a redu\u00e7\u00e3o consider\u00e1vel nos valores pagos pelos servi\u00e7os de \u00e1gua e esgoto, conforme as normativas estaduais. Em muitos casos, h\u00e1 incentivos extras, como descontos para faixas de consumo mais baixas, estimulando o uso consciente dos recursos.<\/p>\n\n\n\n<p>Essas medidas ajudam n\u00e3o s\u00f3 financeiramente, mas tamb\u00e9m promovem conscientiza\u00e7\u00e3o sobre o consumo sustent\u00e1vel. O desconto extra pode ser revertido em alimenta\u00e7\u00e3o, sa\u00fade ou educa\u00e7\u00e3o. Al\u00e9m disso, algumas fam\u00edlias relatam que conseguem investir em melhorias na resid\u00eancia ou at\u00e9 mesmo no acesso a outros servi\u00e7os essenciais.<\/p>\n\n\n\n<p>Leia mais: <a href=\"https:\/\/www.em.com.br\/emfoco\/2025\/11\/21\/saiba-como-a-regra-do-bpc-te-garante-um-salario-minimo-todo-mes\/\" target=\"_blank\" rel=\"noreferrer noopener\">Saiba como a regra do BPC te garante um sal\u00e1rio m\u00ednimo todo m\u00eas<\/a><\/p>\n\n\n\n<h2 class=\"wp-block-heading\">Por que \u00e9 fundamental para vulner\u00e1veis?<\/h2>\n\n\n\n<p>O programa permite que fam\u00edlias em situa\u00e7\u00e3o de vulnerabilidade direcionem parte de sua renda a outras necessidades essenciais, al\u00e9m de proporcionar condi\u00e7\u00f5es mais dignas de vida. O acesso seguro \u00e0 \u00e1gua e ao saneamento b\u00e1sico refor\u00e7a a sa\u00fade p\u00fablica e a inclus\u00e3o social.<\/p>\n\n\n\n<p>Dessa forma, a tarifa social representa n\u00e3o apenas uma redu\u00e7\u00e3o no valor da fatura, mas um avan\u00e7o significativo em justi\u00e7a social, qualidade de vida e igualdade de oportunidades para popula\u00e7\u00f5es menos favorecidas. A iniciativa \u00e9 fundamental para o combate \u00e0 pobreza e exclus\u00e3o, e contribui de maneira significativa para o desenvolvimento das comunidades.<\/p>\n","protected":false},"excerpt":{"rendered":"<p>Os programas de tarifa social de \u00e1gua e esgoto t\u00eam o objetivo de facilitar o acesso a servi\u00e7os essenciais de abastecimento e saneamento b\u00e1sico para fam\u00edlias de baixa renda, oferecendo descontos que ajudam a equilibrar o or\u00e7amento dom\u00e9stico e promovendo sa\u00fade e bem-estar. Como funciona a tarifa social? Esses programas s\u00e3o coordena\u00e7\u00f5es entre companhias estaduais [&hellip;]<\/p>\n","protected":false},"author":20,"featured_media":113845,"comment_status":"open","ping_status":"open","sticky":false,"template":"","format":"standard","meta":{"jnews-multi-image_gallery":[],"jnews_single_post":{"format":"standard"},"jnews_primary_category":[],"jnews_social_meta":[],"jnews_override_counter":[],"footnotes":""},"categories":[28,1],"tags":[18866,160,1016],"class_list":["post-131177","post","type-post","status-publish","format-standard","has-post-thumbnail","hentry","category-economia","category-noticias","tag-conta-de-agua-e-esgoto","tag-economia","tag-tarifa-social"],"yoast_head":"<!-- This site is optimized with the Yoast SEO plugin v23.8 - https:\/\/yoast.com\/wordpress\/plugins\/seo\/ -->\n<title>Tarifa Social exige o Cad\u00danico para zerar o seu gasto com a conta de \u00e1gua - Estado de Minas - Em foco<\/title>\n<meta name=\"description\" content=\"Tarifa Social usa o Cad\u00danico para zerar a conta de \u00e1gua, garantindo economia para fam\u00edlias e al\u00edvio nas despesas mensais.\" \/>\n<meta name=\"robots\" content=\"index, follow, max-snippet:-1, max-image-preview:large, max-video-preview:-1\" \/>\n<link rel=\"canonical\" href=\"https:\/\/www.em.com.br\/emfoco\/2025\/11\/25\/tarifa-social-exige-o-cadunico-para-zerar-o-seu-gasto-com-a-conta-de-agua\/\" \/>\n<meta property=\"og:locale\" content=\"pt_BR\" \/>\n<meta property=\"og:type\" content=\"article\" \/>\n<meta property=\"og:title\" content=\"Tarifa Social exige o Cad\u00danico para zerar o seu gasto com a conta de \u00e1gua - Estado de Minas - Em foco\" \/>\n<meta property=\"og:description\" content=\"Tarifa Social usa o Cad\u00danico para zerar a conta de \u00e1gua, garantindo economia para fam\u00edlias e al\u00edvio nas despesas mensais.\" \/>\n<meta property=\"og:url\" content=\"https:\/\/www.em.com.br\/emfoco\/2025\/11\/25\/tarifa-social-exige-o-cadunico-para-zerar-o-seu-gasto-com-a-conta-de-agua\/\" \/>\n<meta property=\"og:site_name\" content=\"Estado de Minas - Em foco\" \/>\n<meta property=\"article:published_time\" content=\"2025-11-25T17:15:00+00:00\" \/>\n<meta property=\"article:modified_time\" content=\"2025-11-25T02:20:55+00:00\" \/>\n<meta property=\"og:image\" content=\"https:\/\/www.em.com.br\/emfoco\/wp-content\/uploads\/2025\/10\/conta_1757114415771.jpg\" \/>\n\t<meta property=\"og:image:width\" content=\"1280\" \/>\n\t<meta property=\"og:image:height\" content=\"720\" \/>\n\t<meta property=\"og:image:type\" content=\"image\/jpeg\" \/>\n<meta name=\"author\" content=\"Ingrid Diniz\" \/>\n<meta name=\"twitter:card\" content=\"summary_large_image\" \/>\n<meta name=\"twitter:label1\" content=\"Escrito por\" \/>\n\t<meta name=\"twitter:data1\" content=\"Ingrid Diniz\" \/>\n\t<meta name=\"twitter:label2\" content=\"Est. tempo de leitura\" \/>\n\t<meta name=\"twitter:data2\" content=\"4 minutos\" \/>\n<!-- \/ Yoast SEO plugin. -->","yoast_head_json":{"title":"Tarifa Social exige o Cad\u00danico para zerar o seu gasto com a conta de \u00e1gua - Estado de Minas - Em foco","description":"Tarifa Social usa o Cad\u00danico para zerar a conta de \u00e1gua, garantindo economia para fam\u00edlias e al\u00edvio nas despesas mensais.","robots":{"index":"index","follow":"follow","max-snippet":"max-snippet:-1","max-image-preview":"max-image-preview:large","max-video-preview":"max-video-preview:-1"},"canonical":"https:\/\/www.em.com.br\/emfoco\/2025\/11\/25\/tarifa-social-exige-o-cadunico-para-zerar-o-seu-gasto-com-a-conta-de-agua\/","og_locale":"pt_BR","og_type":"article","og_title":"Tarifa Social exige o Cad\u00danico para zerar o seu gasto com a conta de \u00e1gua - Estado de Minas - Em foco","og_description":"Tarifa Social usa o Cad\u00danico para zerar a conta de \u00e1gua, garantindo economia para fam\u00edlias e al\u00edvio nas despesas mensais.","og_url":"https:\/\/www.em.com.br\/emfoco\/2025\/11\/25\/tarifa-social-exige-o-cadunico-para-zerar-o-seu-gasto-com-a-conta-de-agua\/","og_site_name":"Estado de Minas - Em foco","article_published_time":"2025-11-25T17:15:00+00:00","article_modified_time":"2025-11-25T02:20:55+00:00","og_image":[{"width":1280,"height":720,"url":"https:\/\/www.em.com.br\/emfoco\/wp-content\/uploads\/2025\/10\/conta_1757114415771.jpg","type":"image\/jpeg"}],"author":"Ingrid Diniz","twitter_card":"summary_large_image","twitter_misc":{"Escrito por":"Ingrid Diniz","Est. tempo de leitura":"4 minutos"},"schema":{"@context":"https:\/\/schema.org","@graph":[{"@type":"WebPage","@id":"https:\/\/www.em.com.br\/emfoco\/2025\/11\/25\/tarifa-social-exige-o-cadunico-para-zerar-o-seu-gasto-com-a-conta-de-agua\/","url":"https:\/\/www.em.com.br\/emfoco\/2025\/11\/25\/tarifa-social-exige-o-cadunico-para-zerar-o-seu-gasto-com-a-conta-de-agua\/","name":"Tarifa Social exige o Cad\u00danico para zerar o seu gasto com a conta de \u00e1gua - Estado de Minas - Em foco","isPartOf":{"@id":"https:\/\/www.em.com.br\/emfoco\/#website"},"primaryImageOfPage":{"@id":"https:\/\/www.em.com.br\/emfoco\/2025\/11\/25\/tarifa-social-exige-o-cadunico-para-zerar-o-seu-gasto-com-a-conta-de-agua\/#primaryimage"},"image":{"@id":"https:\/\/www.em.com.br\/emfoco\/2025\/11\/25\/tarifa-social-exige-o-cadunico-para-zerar-o-seu-gasto-com-a-conta-de-agua\/#primaryimage"},"thumbnailUrl":"https:\/\/www.em.com.br\/emfoco\/wp-content\/uploads\/2025\/10\/conta_1757114415771.jpg","datePublished":"2025-11-25T17:15:00+00:00","dateModified":"2025-11-25T02:20:55+00:00","author":{"@id":"https:\/\/www.em.com.br\/emfoco\/#\/schema\/person\/649e610b4eb8fff87ff394e54fe17b2b"},"description":"Tarifa Social usa o Cad\u00danico para zerar a conta de \u00e1gua, garantindo economia para fam\u00edlias e al\u00edvio nas despesas mensais.","breadcrumb":{"@id":"https:\/\/www.em.com.br\/emfoco\/2025\/11\/25\/tarifa-social-exige-o-cadunico-para-zerar-o-seu-gasto-com-a-conta-de-agua\/#breadcrumb"},"inLanguage":"pt-BR","potentialAction":[{"@type":"ReadAction","target":["https:\/\/www.em.com.br\/emfoco\/2025\/11\/25\/tarifa-social-exige-o-cadunico-para-zerar-o-seu-gasto-com-a-conta-de-agua\/"]}]},{"@type":"ImageObject","inLanguage":"pt-BR","@id":"https:\/\/www.em.com.br\/emfoco\/2025\/11\/25\/tarifa-social-exige-o-cadunico-para-zerar-o-seu-gasto-com-a-conta-de-agua\/#primaryimage","url":"https:\/\/www.em.com.br\/emfoco\/wp-content\/uploads\/2025\/10\/conta_1757114415771.jpg","contentUrl":"https:\/\/www.em.com.br\/emfoco\/wp-content\/uploads\/2025\/10\/conta_1757114415771.jpg","width":1280,"height":720,"caption":"Como h\u00e1bitos minimalistas transformam sua rotina e finan\u00e7as - Cr\u00e9ditos: depositphotos.com \/ EdZbarzhyvetsky"},{"@type":"BreadcrumbList","@id":"https:\/\/www.em.com.br\/emfoco\/2025\/11\/25\/tarifa-social-exige-o-cadunico-para-zerar-o-seu-gasto-com-a-conta-de-agua\/#breadcrumb","itemListElement":[{"@type":"ListItem","position":1,"name":"In\u00edcio","item":"https:\/\/www.em.com.br\/emfoco\/"},{"@type":"ListItem","position":2,"name":"Tarifa Social exige o Cad\u00danico para zerar o seu gasto com a conta de \u00e1gua"}]},{"@type":"WebSite","@id":"https:\/\/www.em.com.br\/emfoco\/#website","url":"https:\/\/www.em.com.br\/emfoco\/","name":"Estado de Minas - Em foco","description":"Acompanhe as \u00faltimas not\u00edcias e fique bem informado sobre tudo o que acontece em Minas Gerais, Brasil e no mundo.","potentialAction":[{"@type":"SearchAction","target":{"@type":"EntryPoint","urlTemplate":"https:\/\/www.em.com.br\/emfoco\/?s={search_term_string}"},"query-input":{"@type":"PropertyValueSpecification","valueRequired":true,"valueName":"search_term_string"}}],"inLanguage":"pt-BR"},{"@type":"Person","@id":"https:\/\/www.em.com.br\/emfoco\/#\/schema\/person\/649e610b4eb8fff87ff394e54fe17b2b","name":"Ingrid Diniz","image":{"@type":"ImageObject","inLanguage":"pt-BR","@id":"https:\/\/www.em.com.br\/emfoco\/#\/schema\/person\/image\/","url":"https:\/\/secure.gravatar.com\/avatar\/a3baa1449ec5c39b4c42babc9d4f3951?s=96&d=mm&r=g","contentUrl":"https:\/\/secure.gravatar.com\/avatar\/a3baa1449ec5c39b4c42babc9d4f3951?s=96&d=mm&r=g","caption":"Ingrid Diniz"},"sameAs":["https:\/\/www.em.com.br\/"],"url":"https:\/\/www.em.com.br\/emfoco\/author\/ingridmyth\/"}]}},"_links":{"self":[{"href":"https:\/\/www.em.com.br\/emfoco\/wp-json\/wp\/v2\/posts\/131177","targetHints":{"allow":["GET"]}}],"collection":[{"href":"https:\/\/www.em.com.br\/emfoco\/wp-json\/wp\/v2\/posts"}],"about":[{"href":"https:\/\/www.em.com.br\/emfoco\/wp-json\/wp\/v2\/types\/post"}],"author":[{"embeddable":true,"href":"https:\/\/www.em.com.br\/emfoco\/wp-json\/wp\/v2\/users\/20"}],"replies":[{"embeddable":true,"href":"https:\/\/www.em.com.br\/emfoco\/wp-json\/wp\/v2\/comments?post=131177"}],"version-history":[{"count":2,"href":"https:\/\/www.em.com.br\/emfoco\/wp-json\/wp\/v2\/posts\/131177\/revisions"}],"predecessor-version":[{"id":131501,"href":"https:\/\/www.em.com.br\/emfoco\/wp-json\/wp\/v2\/posts\/131177\/revisions\/131501"}],"wp:featuredmedia":[{"embeddable":true,"href":"https:\/\/www.em.com.br\/emfoco\/wp-json\/wp\/v2\/media\/113845"}],"wp:attachment":[{"href":"https:\/\/www.em.com.br\/emfoco\/wp-json\/wp\/v2\/media?parent=131177"}],"wp:term":[{"taxonomy":"category","embeddable":true,"href":"https:\/\/www.em.com.br\/emfoco\/wp-json\/wp\/v2\/categories?post=131177"},{"taxonomy":"post_tag","embeddable":true,"href":"https:\/\/www.em.com.br\/emfoco\/wp-json\/wp\/v2\/tags?post=131177"}],"curies":[{"name":"wp","href":"https:\/\/api.w.org\/{rel}","templated":true}]}}