{"id":131176,"date":"2025-11-25T12:25:00","date_gmt":"2025-11-25T15:25:00","guid":{"rendered":"https:\/\/www.em.com.br\/emfoco\/?p=131176"},"modified":"2025-11-24T23:20:22","modified_gmt":"2025-11-25T02:20:22","slug":"seu-saldo-do-fgts-salva-as-despesas-e-zera-a-perda-financeira-na-crise","status":"publish","type":"post","link":"https:\/\/www.em.com.br\/emfoco\/2025\/11\/25\/seu-saldo-do-fgts-salva-as-despesas-e-zera-a-perda-financeira-na-crise\/","title":{"rendered":"Seu saldo do FGTS salva as despesas e zera a perda financeira na crise"},"content":{"rendered":"\n<p>O <strong>Fundo de Garantia do Tempo de Servi\u00e7o<\/strong> (FGTS) \u00e9 um direito fundamental dos trabalhadores brasileiros, atuando como suporte financeiro em situa\u00e7\u00f5es de emerg\u00eancia, como saques emergenciais e per\u00edodos de calamidade, quando se torna essencial para proteger o bem-estar econ\u00f4mico dos profissionais.<\/p>\n\n\n\n<h2 class=\"wp-block-heading\">Quem pode sacar o FGTS em emerg\u00eancias?<\/h2>\n\n\n\n<p>Em momentos de calamidade p\u00fablica reconhecida oficialmente, o governo pode autorizar o saque do <strong>FGTS <\/strong>como aux\u00edlio aos trabalhadores impactados. Esse benef\u00edcio contempla moradores das \u00e1reas atingidas que possuem saldo dispon\u00edvel no fundo, sendo necess\u00e1rio ter a condi\u00e7\u00e3o de resid\u00eancia comprovada.<\/p>\n\n\n\n<p>Tamb\u00e9m pode ser permitido o saque emergencial por meio de legisla\u00e7\u00f5es espec\u00edficas em casos de crise econ\u00f4mica ou sanit\u00e1ria. \u00c9 importante acompanhar comunicados oficiais para verificar as regras espec\u00edficas e quem est\u00e1 inclu\u00eddo nessas libera\u00e7\u00f5es.<\/p>\n\n\n<div class=\"wp-block-image\">\n<figure class=\"aligncenter size-large\"><img loading=\"lazy\" decoding=\"async\" width=\"1024\" height=\"576\" src=\"https:\/\/www.em.com.br\/emfoco\/wp-content\/uploads\/2025\/08\/dinheiro-bandeira-do-brasil_1754133548856-1024x576.jpg\" alt=\"Dinheiro do PIS fica esquecido e exige o seu saque urgente no banco\" class=\"wp-image-85843\" srcset=\"https:\/\/www.em.com.br\/emfoco\/wp-content\/uploads\/2025\/08\/dinheiro-bandeira-do-brasil_1754133548856-1024x576.jpg 1024w, https:\/\/www.em.com.br\/emfoco\/wp-content\/uploads\/2025\/08\/dinheiro-bandeira-do-brasil_1754133548856-300x169.jpg 300w, https:\/\/www.em.com.br\/emfoco\/wp-content\/uploads\/2025\/08\/dinheiro-bandeira-do-brasil_1754133548856-768x432.jpg 768w, https:\/\/www.em.com.br\/emfoco\/wp-content\/uploads\/2025\/08\/dinheiro-bandeira-do-brasil_1754133548856-750x422.jpg 750w, https:\/\/www.em.com.br\/emfoco\/wp-content\/uploads\/2025\/08\/dinheiro-bandeira-do-brasil_1754133548856-1140x641.jpg 1140w, https:\/\/www.em.com.br\/emfoco\/wp-content\/uploads\/2025\/08\/dinheiro-bandeira-do-brasil_1754133548856.jpg 1280w\" sizes=\"auto, (max-width: 1024px) 100vw, 1024px\" \/><figcaption class=\"wp-element-caption\">FGTS protege suas finan\u00e7as em momentos de crise  &#8211; Cr\u00e9ditos: depositphotos.com \/ gustavomello162.hotmail.com<\/figcaption><\/figure><\/div>\n\n\n<h2 class=\"wp-block-heading\">Como pedir o saque emergencial do FGTS?<\/h2>\n\n\n\n<p>O processo de solicita\u00e7\u00e3o costuma ser disponibilizado em plataformas como o aplicativo oficial do <strong>FGTS <\/strong>ou em ag\u00eancias da <strong><a href=\"https:\/\/www.caixa.gov.br\/\" target=\"_blank\" rel=\"noreferrer noopener\">Caixa Econ\u00f4mica Federal<\/a><\/strong>, que \u00e9 respons\u00e1vel pela administra\u00e7\u00e3o do fundo. O trabalhador deve apresentar documentos que provem sua identidade e resid\u00eancia na \u00e1rea afetada.<\/p>\n\n\n\n<p>Confira os principais documentos necess\u00e1rios para realizar o saque nessas situa\u00e7\u00f5es:<\/p>\n\n\n\n<ul class=\"wp-block-list\">\n<li>Documento de identidade com foto (RG ou CNH)<\/li>\n\n\n\n<li>Comprovante de resid\u00eancia atualizado<\/li>\n\n\n\n<li>Cadastro no aplicativo <strong>FGTS <\/strong>(quando o processo for digital)<\/li>\n\n\n\n<li>Eventuais documentos extras solicitados em situa\u00e7\u00f5es espec\u00edficas<\/li>\n<\/ul>\n\n\n\n<h2 class=\"wp-block-heading\">Como o valor do FGTS \u00e9 liberado?<\/h2>\n\n\n\n<p>Ap\u00f3s a solicita\u00e7\u00e3o, as informa\u00e7\u00f5es e documentos fornecidos pelo trabalhador passam por an\u00e1lise das institui\u00e7\u00f5es respons\u00e1veis. Quando o direito \u00e9 constatado, os valores s\u00e3o liberados, normalmente de forma automatizada para uma conta banc\u00e1ria do benefici\u00e1rio.<\/p>\n\n\n\n<p>O tempo para o dinheiro estar dispon\u00edvel pode variar de acordo com o volume de solicita\u00e7\u00f5es e a urg\u00eancia do cen\u00e1rio de calamidade, sendo poss\u00edveis libera\u00e7\u00f5es mais r\u00e1pidas quando a situa\u00e7\u00e3o exige.<\/p>\n\n\n\n<p>Leia mais: <a href=\"https:\/\/www.em.com.br\/emfoco\/2025\/11\/23\/nova-regra-do-fgts-exige-o-seu-planejamento-para-evitar-perdas\/\" target=\"_blank\" rel=\"noreferrer noopener\">Nova regra do FGTS exige o seu planejamento para evitar perdas<\/a><\/p>\n\n\n\n<h2 class=\"wp-block-heading\">Como o FGTS emergencial auxilia na crise?<\/h2>\n\n\n\n<p>O saque emergencial do <strong>FGTS <\/strong>tem sido decisivo para que trabalhadores possam arcar com despesas b\u00e1sicas e iniciar uma recupera\u00e7\u00e3o ap\u00f3s eventos adversos. Ele contribui diretamente para mitigar impactos financeiros em situa\u00e7\u00f5es cr\u00edticas, proporcionando respaldo imediato.<\/p>\n\n\n\n<p>Al\u00e9m do apoio individual, esse recurso tamb\u00e9m ajuda a movimentar a economia local, beneficiando comunidades inteiras ao estimular o consumo e apoiar neg\u00f3cios afetados pelas crises.<\/p>\n\n\n\n<p>Por fim, o <strong>FGTS <\/strong>se consolida como uma importante rede de prote\u00e7\u00e3o ao trabalhador em tempos de instabilidade, cumprindo seu papel social por meio de processos acess\u00edveis, claros e adapt\u00e1veis \u00e0s necessidades do momento.<\/p>\n","protected":false},"excerpt":{"rendered":"<p>O Fundo de Garantia do Tempo de Servi\u00e7o (FGTS) \u00e9 um direito fundamental dos trabalhadores brasileiros, atuando como suporte financeiro em situa\u00e7\u00f5es de emerg\u00eancia, como saques emergenciais e per\u00edodos de calamidade, quando se torna essencial para proteger o bem-estar econ\u00f4mico dos profissionais. Quem pode sacar o FGTS em emerg\u00eancias? Em momentos de calamidade p\u00fablica reconhecida [&hellip;]<\/p>\n","protected":false},"author":20,"featured_media":56495,"comment_status":"open","ping_status":"open","sticky":false,"template":"","format":"standard","meta":{"jnews-multi-image_gallery":[],"jnews_single_post":{"format":"standard"},"jnews_primary_category":[],"jnews_social_meta":[],"jnews_override_counter":[],"footnotes":""},"categories":[28,1],"tags":[935,1036,646],"class_list":["post-131176","post","type-post","status-publish","format-standard","has-post-thumbnail","hentry","category-economia","category-noticias","tag-emergencia","tag-fgts","tag-saque"],"yoast_head":"<!-- This site is optimized with the Yoast SEO plugin v23.8 - https:\/\/yoast.com\/wordpress\/plugins\/seo\/ -->\n<title>Seu saldo do FGTS salva as despesas e zera a perda financeira na crise - Estado de Minas - Em foco<\/title>\n<meta name=\"description\" content=\"Saldo do FGTS ajuda a cobrir despesas e protege contra perdas financeiras durante crises, garantindo mais seguran\u00e7a econ\u00f4mica.\" \/>\n<meta name=\"robots\" content=\"index, follow, max-snippet:-1, max-image-preview:large, max-video-preview:-1\" \/>\n<link rel=\"canonical\" href=\"https:\/\/www.em.com.br\/emfoco\/2025\/11\/25\/seu-saldo-do-fgts-salva-as-despesas-e-zera-a-perda-financeira-na-crise\/\" \/>\n<meta property=\"og:locale\" content=\"pt_BR\" \/>\n<meta property=\"og:type\" content=\"article\" \/>\n<meta property=\"og:title\" content=\"Seu saldo do FGTS salva as despesas e zera a perda financeira na crise - Estado de Minas - Em foco\" \/>\n<meta property=\"og:description\" content=\"Saldo do FGTS ajuda a cobrir despesas e protege contra perdas financeiras durante crises, garantindo mais seguran\u00e7a econ\u00f4mica.\" \/>\n<meta property=\"og:url\" content=\"https:\/\/www.em.com.br\/emfoco\/2025\/11\/25\/seu-saldo-do-fgts-salva-as-despesas-e-zera-a-perda-financeira-na-crise\/\" \/>\n<meta property=\"og:site_name\" content=\"Estado de Minas - Em foco\" \/>\n<meta property=\"article:published_time\" content=\"2025-11-25T15:25:00+00:00\" \/>\n<meta property=\"article:modified_time\" content=\"2025-11-25T02:20:22+00:00\" \/>\n<meta property=\"og:image\" content=\"https:\/\/www.em.com.br\/emfoco\/wp-content\/uploads\/2025\/06\/FGTS_1749151209424.jpg\" \/>\n\t<meta property=\"og:image:width\" content=\"1280\" \/>\n\t<meta property=\"og:image:height\" content=\"720\" \/>\n\t<meta property=\"og:image:type\" content=\"image\/jpeg\" \/>\n<meta name=\"author\" content=\"Ingrid Diniz\" \/>\n<meta name=\"twitter:card\" content=\"summary_large_image\" \/>\n<meta name=\"twitter:label1\" content=\"Escrito por\" \/>\n\t<meta name=\"twitter:data1\" content=\"Ingrid Diniz\" \/>\n\t<meta name=\"twitter:label2\" content=\"Est. tempo de leitura\" \/>\n\t<meta name=\"twitter:data2\" content=\"3 minutos\" \/>\n<!-- \/ Yoast SEO plugin. -->","yoast_head_json":{"title":"Seu saldo do FGTS salva as despesas e zera a perda financeira na crise - Estado de Minas - Em foco","description":"Saldo do FGTS ajuda a cobrir despesas e protege contra perdas financeiras durante crises, garantindo mais seguran\u00e7a econ\u00f4mica.","robots":{"index":"index","follow":"follow","max-snippet":"max-snippet:-1","max-image-preview":"max-image-preview:large","max-video-preview":"max-video-preview:-1"},"canonical":"https:\/\/www.em.com.br\/emfoco\/2025\/11\/25\/seu-saldo-do-fgts-salva-as-despesas-e-zera-a-perda-financeira-na-crise\/","og_locale":"pt_BR","og_type":"article","og_title":"Seu saldo do FGTS salva as despesas e zera a perda financeira na crise - Estado de Minas - Em foco","og_description":"Saldo do FGTS ajuda a cobrir despesas e protege contra perdas financeiras durante crises, garantindo mais seguran\u00e7a econ\u00f4mica.","og_url":"https:\/\/www.em.com.br\/emfoco\/2025\/11\/25\/seu-saldo-do-fgts-salva-as-despesas-e-zera-a-perda-financeira-na-crise\/","og_site_name":"Estado de Minas - Em foco","article_published_time":"2025-11-25T15:25:00+00:00","article_modified_time":"2025-11-25T02:20:22+00:00","og_image":[{"width":1280,"height":720,"url":"https:\/\/www.em.com.br\/emfoco\/wp-content\/uploads\/2025\/06\/FGTS_1749151209424.jpg","type":"image\/jpeg"}],"author":"Ingrid Diniz","twitter_card":"summary_large_image","twitter_misc":{"Escrito por":"Ingrid Diniz","Est. tempo de leitura":"3 minutos"},"schema":{"@context":"https:\/\/schema.org","@graph":[{"@type":"WebPage","@id":"https:\/\/www.em.com.br\/emfoco\/2025\/11\/25\/seu-saldo-do-fgts-salva-as-despesas-e-zera-a-perda-financeira-na-crise\/","url":"https:\/\/www.em.com.br\/emfoco\/2025\/11\/25\/seu-saldo-do-fgts-salva-as-despesas-e-zera-a-perda-financeira-na-crise\/","name":"Seu saldo do FGTS salva as despesas e zera a perda financeira na crise - Estado de Minas - Em foco","isPartOf":{"@id":"https:\/\/www.em.com.br\/emfoco\/#website"},"primaryImageOfPage":{"@id":"https:\/\/www.em.com.br\/emfoco\/2025\/11\/25\/seu-saldo-do-fgts-salva-as-despesas-e-zera-a-perda-financeira-na-crise\/#primaryimage"},"image":{"@id":"https:\/\/www.em.com.br\/emfoco\/2025\/11\/25\/seu-saldo-do-fgts-salva-as-despesas-e-zera-a-perda-financeira-na-crise\/#primaryimage"},"thumbnailUrl":"https:\/\/www.em.com.br\/emfoco\/wp-content\/uploads\/2025\/06\/FGTS_1749151209424.jpg","datePublished":"2025-11-25T15:25:00+00:00","dateModified":"2025-11-25T02:20:22+00:00","author":{"@id":"https:\/\/www.em.com.br\/emfoco\/#\/schema\/person\/649e610b4eb8fff87ff394e54fe17b2b"},"description":"Saldo do FGTS ajuda a cobrir despesas e protege contra perdas financeiras durante crises, garantindo mais seguran\u00e7a econ\u00f4mica.","breadcrumb":{"@id":"https:\/\/www.em.com.br\/emfoco\/2025\/11\/25\/seu-saldo-do-fgts-salva-as-despesas-e-zera-a-perda-financeira-na-crise\/#breadcrumb"},"inLanguage":"pt-BR","potentialAction":[{"@type":"ReadAction","target":["https:\/\/www.em.com.br\/emfoco\/2025\/11\/25\/seu-saldo-do-fgts-salva-as-despesas-e-zera-a-perda-financeira-na-crise\/"]}]},{"@type":"ImageObject","inLanguage":"pt-BR","@id":"https:\/\/www.em.com.br\/emfoco\/2025\/11\/25\/seu-saldo-do-fgts-salva-as-despesas-e-zera-a-perda-financeira-na-crise\/#primaryimage","url":"https:\/\/www.em.com.br\/emfoco\/wp-content\/uploads\/2025\/06\/FGTS_1749151209424.jpg","contentUrl":"https:\/\/www.em.com.br\/emfoco\/wp-content\/uploads\/2025\/06\/FGTS_1749151209424.jpg","width":1280,"height":720,"caption":"Moradores de Manga t\u00eam direito a saque de at\u00e9 R$ 6.220 do FGTS - Cr\u00e9ditos: depositphotos.com \/ rafapress"},{"@type":"BreadcrumbList","@id":"https:\/\/www.em.com.br\/emfoco\/2025\/11\/25\/seu-saldo-do-fgts-salva-as-despesas-e-zera-a-perda-financeira-na-crise\/#breadcrumb","itemListElement":[{"@type":"ListItem","position":1,"name":"In\u00edcio","item":"https:\/\/www.em.com.br\/emfoco\/"},{"@type":"ListItem","position":2,"name":"Seu saldo do FGTS salva as despesas e zera a perda financeira na crise"}]},{"@type":"WebSite","@id":"https:\/\/www.em.com.br\/emfoco\/#website","url":"https:\/\/www.em.com.br\/emfoco\/","name":"Estado de Minas - Em foco","description":"Acompanhe as \u00faltimas not\u00edcias e fique bem informado sobre tudo o que acontece em Minas Gerais, Brasil e no mundo.","potentialAction":[{"@type":"SearchAction","target":{"@type":"EntryPoint","urlTemplate":"https:\/\/www.em.com.br\/emfoco\/?s={search_term_string}"},"query-input":{"@type":"PropertyValueSpecification","valueRequired":true,"valueName":"search_term_string"}}],"inLanguage":"pt-BR"},{"@type":"Person","@id":"https:\/\/www.em.com.br\/emfoco\/#\/schema\/person\/649e610b4eb8fff87ff394e54fe17b2b","name":"Ingrid Diniz","image":{"@type":"ImageObject","inLanguage":"pt-BR","@id":"https:\/\/www.em.com.br\/emfoco\/#\/schema\/person\/image\/","url":"https:\/\/secure.gravatar.com\/avatar\/a3baa1449ec5c39b4c42babc9d4f3951?s=96&d=mm&r=g","contentUrl":"https:\/\/secure.gravatar.com\/avatar\/a3baa1449ec5c39b4c42babc9d4f3951?s=96&d=mm&r=g","caption":"Ingrid Diniz"},"sameAs":["https:\/\/www.em.com.br\/"],"url":"https:\/\/www.em.com.br\/emfoco\/author\/ingridmyth\/"}]}},"_links":{"self":[{"href":"https:\/\/www.em.com.br\/emfoco\/wp-json\/wp\/v2\/posts\/131176","targetHints":{"allow":["GET"]}}],"collection":[{"href":"https:\/\/www.em.com.br\/emfoco\/wp-json\/wp\/v2\/posts"}],"about":[{"href":"https:\/\/www.em.com.br\/emfoco\/wp-json\/wp\/v2\/types\/post"}],"author":[{"embeddable":true,"href":"https:\/\/www.em.com.br\/emfoco\/wp-json\/wp\/v2\/users\/20"}],"replies":[{"embeddable":true,"href":"https:\/\/www.em.com.br\/emfoco\/wp-json\/wp\/v2\/comments?post=131176"}],"version-history":[{"count":2,"href":"https:\/\/www.em.com.br\/emfoco\/wp-json\/wp\/v2\/posts\/131176\/revisions"}],"predecessor-version":[{"id":131500,"href":"https:\/\/www.em.com.br\/emfoco\/wp-json\/wp\/v2\/posts\/131176\/revisions\/131500"}],"wp:featuredmedia":[{"embeddable":true,"href":"https:\/\/www.em.com.br\/emfoco\/wp-json\/wp\/v2\/media\/56495"}],"wp:attachment":[{"href":"https:\/\/www.em.com.br\/emfoco\/wp-json\/wp\/v2\/media?parent=131176"}],"wp:term":[{"taxonomy":"category","embeddable":true,"href":"https:\/\/www.em.com.br\/emfoco\/wp-json\/wp\/v2\/categories?post=131176"},{"taxonomy":"post_tag","embeddable":true,"href":"https:\/\/www.em.com.br\/emfoco\/wp-json\/wp\/v2\/tags?post=131176"}],"curies":[{"name":"wp","href":"https:\/\/api.w.org\/{rel}","templated":true}]}}