{"id":131166,"date":"2025-11-25T18:45:00","date_gmt":"2025-11-25T21:45:00","guid":{"rendered":"https:\/\/www.em.com.br\/emfoco\/?p=131166"},"modified":"2025-11-24T12:05:08","modified_gmt":"2025-11-24T15:05:08","slug":"ozempic-vira-febre-para-emagrecer-mas-especialistas-fazem-alerta-importante","status":"publish","type":"post","link":"https:\/\/www.em.com.br\/emfoco\/2025\/11\/25\/ozempic-vira-febre-para-emagrecer-mas-especialistas-fazem-alerta-importante\/","title":{"rendered":"Ozempic vira febre para emagrecer, mas especialistas fazem alerta importante"},"content":{"rendered":"\n<p>As <strong>canetas de Ozempic<\/strong> ganharam espa\u00e7o al\u00e9m do tratamento do diabetes tipo 2 e passaram a ser usadas para emagrecimento. Apesar dos resultados vis\u00edveis em algumas semanas, especialistas alertam que a perda r\u00e1pida n\u00e3o \u00e9 milagrosa e exige acompanhamento m\u00e9dico rigoroso.<\/p>\n\n\n\n<h2 class=\"wp-block-heading\">Por que as canetas de Ozempic n\u00e3o promovem emagrecimento imediato?<\/h2>\n\n\n\n<p>Segundo a cirurgi\u00e3 pl\u00e1stica <strong>Ana Silva Guerra<\/strong>, a ideia de perder peso \u201cde um dia para o outro\u201d com <strong>Ozempic<\/strong> \u00e9 um mito. O medicamento atua de forma gradual, modificando saciedade e metabolismo ao longo de semanas, e nunca como solu\u00e7\u00e3o instant\u00e2nea.<\/p>\n\n\n\n<p>A m\u00e9dica explica que os resultados dependem da combina\u00e7\u00e3o entre alimenta\u00e7\u00e3o equilibrada, exerc\u00edcio f\u00edsico e acompanhamento profissional. O f\u00e1rmaco s\u00f3 funciona adequadamente quando inserido em um plano completo, e n\u00e3o como estrat\u00e9gia isolada de emagrecimento.<\/p>\n\n\n\n<figure class=\"wp-block-image size-large\"><img loading=\"lazy\" decoding=\"async\" width=\"1024\" height=\"576\" src=\"https:\/\/www.em.com.br\/emfoco\/wp-content\/uploads\/2025\/11\/Ozempic_1763996641884-1024x576.jpg\" alt=\"Ozempic vira febre para emagrecer, mas especialistas fazem alerta importante\" class=\"wp-image-131211\" srcset=\"https:\/\/www.em.com.br\/emfoco\/wp-content\/uploads\/2025\/11\/Ozempic_1763996641884-1024x576.jpg 1024w, https:\/\/www.em.com.br\/emfoco\/wp-content\/uploads\/2025\/11\/Ozempic_1763996641884-300x169.jpg 300w, https:\/\/www.em.com.br\/emfoco\/wp-content\/uploads\/2025\/11\/Ozempic_1763996641884-768x432.jpg 768w, https:\/\/www.em.com.br\/emfoco\/wp-content\/uploads\/2025\/11\/Ozempic_1763996641884-750x422.jpg 750w, https:\/\/www.em.com.br\/emfoco\/wp-content\/uploads\/2025\/11\/Ozempic_1763996641884-1140x641.jpg 1140w, https:\/\/www.em.com.br\/emfoco\/wp-content\/uploads\/2025\/11\/Ozempic_1763996641884.jpg 1280w\" sizes=\"auto, (max-width: 1024px) 100vw, 1024px\" \/><figcaption class=\"wp-element-caption\">O efeito do Ozempic evolui devagar e depende de rotina equilibrada &#8211; Cr\u00e9ditos: depositphotos.com \/ MillaFedotova<\/figcaption><\/figure>\n\n\n\n<p><em>Leia mais: <strong><a href=\"https:\/\/www.em.com.br\/emfoco\/2025\/10\/15\/medico-alerta-sobre-os-maleficios-dos-medicamentos-para-tdah\/\" target=\"_blank\" rel=\"noreferrer noopener\">M\u00e9dico alerta sobre os malef\u00edcios dos medicamentos para TDAH<\/a><\/strong><\/em><\/p>\n\n\n\n<h2 class=\"wp-block-heading\">De que forma essas canetas ajudam a perder peso e por que n\u00e3o servem para todos?<\/h2>\n\n\n\n<p>O <strong><a href=\"https:\/\/www.megaimagem.com.br\/blog\/ozempic\/\" target=\"_blank\" rel=\"noreferrer noopener\">medicamento age<\/a><\/strong> corrigindo mecanismos do <strong>metabolismo<\/strong>, reduzindo o apetite e aumentando a saciedade. Isso leva a uma ingest\u00e3o cal\u00f3rica menor e, consequentemente, ao emagrecimento progressivo, embora muitos percebam mudan\u00e7as j\u00e1 nas primeiras semanas.<\/p>\n\n\n\n<ul class=\"wp-block-list\">\n<li><strong>A\u00e7\u00e3o metab\u00f3lica<\/strong>: regula horm\u00f4nios ligados \u00e0 fome, diminuindo a compuls\u00e3o alimentar.<\/li>\n\n\n\n<li><strong>Saciedade prolongada<\/strong>: retarda o esvaziamento g\u00e1strico, fazendo a pessoa comer menos.<\/li>\n\n\n\n<li><strong>Indica\u00e7\u00e3o m\u00e9dica<\/strong>: s\u00f3 deve ser usado por quem tem obesidade ou excesso de peso diagnosticado.<\/li>\n<\/ul>\n\n\n\n<h2 class=\"wp-block-heading\">Quais s\u00e3o os riscos cl\u00ednicos, est\u00e9ticos e \u00e9ticos desse tipo de tratamento?<\/h2>\n\n\n\n<p>Al\u00e9m de efeitos colaterais comuns como n\u00e1useas e desconforto abdominal, o <strong>uso inadequado<\/strong> levanta preocupa\u00e7\u00f5es \u00e9ticas. A especialista ressalta que s\u00f3 pacientes com indica\u00e7\u00e3o cl\u00ednica devem utilizar as canetas, pois o medicamento foi criado para diabetes tipo 2 e depois incorporado ao tratamento da obesidade.<\/p>\n\n\n\n<p>A perda de peso r\u00e1pida pode gerar flacidez, perda de volume facial e altera\u00e7\u00f5es na firmeza da pele. H\u00e1 tamb\u00e9m impactos psicol\u00f3gicos, como mudan\u00e7as bruscas na autoimagem, especialmente quando o processo acontece sem acompanhamento adequado.<\/p>\n\n\n\n<figure class=\"wp-block-image size-large\"><img loading=\"lazy\" decoding=\"async\" width=\"1024\" height=\"576\" src=\"https:\/\/www.em.com.br\/emfoco\/wp-content\/uploads\/2025\/11\/Ozempic_1763996673663-1024x576.jpg\" alt=\"Ozempic vira febre para emagrecer, mas especialistas fazem alerta importante\" class=\"wp-image-131212\" srcset=\"https:\/\/www.em.com.br\/emfoco\/wp-content\/uploads\/2025\/11\/Ozempic_1763996673663-1024x576.jpg 1024w, https:\/\/www.em.com.br\/emfoco\/wp-content\/uploads\/2025\/11\/Ozempic_1763996673663-300x169.jpg 300w, https:\/\/www.em.com.br\/emfoco\/wp-content\/uploads\/2025\/11\/Ozempic_1763996673663-768x432.jpg 768w, https:\/\/www.em.com.br\/emfoco\/wp-content\/uploads\/2025\/11\/Ozempic_1763996673663-750x422.jpg 750w, https:\/\/www.em.com.br\/emfoco\/wp-content\/uploads\/2025\/11\/Ozempic_1763996673663-1140x641.jpg 1140w, https:\/\/www.em.com.br\/emfoco\/wp-content\/uploads\/2025\/11\/Ozempic_1763996673663.jpg 1280w\" sizes=\"auto, (max-width: 1024px) 100vw, 1024px\" \/><figcaption class=\"wp-element-caption\">O uso inadequado pode gerar flacidez, desconfortos e riscos \u00e9ticos s\u00e9rios &#8211; Cr\u00e9ditos: depositphotos.com \/ MillaFedotova<\/figcaption><\/figure>\n\n\n\n<h2 class=\"wp-block-heading\">Quem pode usar essas canetas e quais cuidados tornam o tratamento mais seguro?<\/h2>\n\n\n\n<p>As canetas s\u00e3o aplicadas por via injet\u00e1vel, geralmente semanalmente, e requerem orienta\u00e7\u00e3o m\u00e9dica constante. Para garantir seguran\u00e7a e efici\u00eancia, alguns cuidados b\u00e1sicos devem ser observados ao longo de todo o tratamento com <strong>agonistas de GLP-1<\/strong>.<\/p>\n\n\n\n<ul class=\"wp-block-list\">\n<li>\u00c9 um medicamento sujeito a receita m\u00e9dica e n\u00e3o deve ser usado por est\u00e9tica.<\/li>\n\n\n\n<li>N\u00e3o \u00e9 comparticipado em Portugal e exige custeio integral por parte do paciente.<\/li>\n\n\n\n<li>O tratamento deve ser associado a h\u00e1bitos saud\u00e1veis para evitar reganho de peso.<\/li>\n<\/ul>\n","protected":false},"excerpt":{"rendered":"<p>As canetas de Ozempic ganharam espa\u00e7o al\u00e9m do tratamento do diabetes tipo 2 e passaram a ser usadas para emagrecimento. Apesar dos resultados vis\u00edveis em algumas semanas, especialistas alertam que a perda r\u00e1pida n\u00e3o \u00e9 milagrosa e exige acompanhamento m\u00e9dico rigoroso. Por que as canetas de Ozempic n\u00e3o promovem emagrecimento imediato? Segundo a cirurgi\u00e3 pl\u00e1stica [&hellip;]<\/p>\n","protected":false},"author":13,"featured_media":131210,"comment_status":"open","ping_status":"open","sticky":false,"template":"","format":"standard","meta":{"jnews-multi-image_gallery":[],"jnews_single_post":{"format":"standard"},"jnews_primary_category":[],"jnews_social_meta":[],"jnews_override_counter":[],"footnotes":""},"categories":[9053],"tags":[19230,6335,19231],"class_list":["post-131166","post","type-post","status-publish","format-standard","has-post-thumbnail","hentry","category-saude","tag-emagrecimento-rapido","tag-ozempic","tag-riscos-reais"],"yoast_head":"<!-- This site is optimized with the Yoast SEO plugin v23.8 - https:\/\/yoast.com\/wordpress\/plugins\/seo\/ -->\n<title>Ozempic vira febre para emagrecer, mas especialistas fazem alerta importante - Estado de Minas - Em foco<\/title>\n<meta name=\"description\" content=\"Emagrecimento r\u00e1pido com rem\u00e9dio n\u00e3o \u00e9 milagre. Veja como o Ozempic age no corpo e por que ele exige orienta\u00e7\u00e3o m\u00e9dica rigorosa.\" \/>\n<meta name=\"robots\" content=\"index, follow, max-snippet:-1, max-image-preview:large, max-video-preview:-1\" \/>\n<link rel=\"canonical\" href=\"https:\/\/www.em.com.br\/emfoco\/2025\/11\/25\/ozempic-vira-febre-para-emagrecer-mas-especialistas-fazem-alerta-importante\/\" \/>\n<meta property=\"og:locale\" content=\"pt_BR\" \/>\n<meta property=\"og:type\" content=\"article\" \/>\n<meta property=\"og:title\" content=\"Ozempic vira febre para emagrecer, mas especialistas fazem alerta importante - Estado de Minas - Em foco\" \/>\n<meta property=\"og:description\" content=\"Emagrecimento r\u00e1pido com rem\u00e9dio n\u00e3o \u00e9 milagre. Veja como o Ozempic age no corpo e por que ele exige orienta\u00e7\u00e3o m\u00e9dica rigorosa.\" \/>\n<meta property=\"og:url\" content=\"https:\/\/www.em.com.br\/emfoco\/2025\/11\/25\/ozempic-vira-febre-para-emagrecer-mas-especialistas-fazem-alerta-importante\/\" \/>\n<meta property=\"og:site_name\" content=\"Estado de Minas - Em foco\" \/>\n<meta property=\"article:published_time\" content=\"2025-11-25T21:45:00+00:00\" \/>\n<meta property=\"article:modified_time\" content=\"2025-11-24T15:05:08+00:00\" \/>\n<meta property=\"og:image\" content=\"https:\/\/www.em.com.br\/emfoco\/wp-content\/uploads\/2025\/11\/Ozempic_1763996615725.jpg\" \/>\n\t<meta property=\"og:image:width\" content=\"1280\" \/>\n\t<meta property=\"og:image:height\" content=\"720\" \/>\n\t<meta property=\"og:image:type\" content=\"image\/jpeg\" \/>\n<meta name=\"author\" content=\"Gabriel Martins\" \/>\n<meta name=\"twitter:card\" content=\"summary_large_image\" \/>\n<meta name=\"twitter:label1\" content=\"Escrito por\" \/>\n\t<meta name=\"twitter:data1\" content=\"Gabriel Martins\" \/>\n\t<meta name=\"twitter:label2\" content=\"Est. tempo de leitura\" \/>\n\t<meta name=\"twitter:data2\" content=\"4 minutos\" \/>\n<!-- \/ Yoast SEO plugin. -->","yoast_head_json":{"title":"Ozempic vira febre para emagrecer, mas especialistas fazem alerta importante - Estado de Minas - Em foco","description":"Emagrecimento r\u00e1pido com rem\u00e9dio n\u00e3o \u00e9 milagre. Veja como o Ozempic age no corpo e por que ele exige orienta\u00e7\u00e3o m\u00e9dica rigorosa.","robots":{"index":"index","follow":"follow","max-snippet":"max-snippet:-1","max-image-preview":"max-image-preview:large","max-video-preview":"max-video-preview:-1"},"canonical":"https:\/\/www.em.com.br\/emfoco\/2025\/11\/25\/ozempic-vira-febre-para-emagrecer-mas-especialistas-fazem-alerta-importante\/","og_locale":"pt_BR","og_type":"article","og_title":"Ozempic vira febre para emagrecer, mas especialistas fazem alerta importante - Estado de Minas - Em foco","og_description":"Emagrecimento r\u00e1pido com rem\u00e9dio n\u00e3o \u00e9 milagre. Veja como o Ozempic age no corpo e por que ele exige orienta\u00e7\u00e3o m\u00e9dica rigorosa.","og_url":"https:\/\/www.em.com.br\/emfoco\/2025\/11\/25\/ozempic-vira-febre-para-emagrecer-mas-especialistas-fazem-alerta-importante\/","og_site_name":"Estado de Minas - Em foco","article_published_time":"2025-11-25T21:45:00+00:00","article_modified_time":"2025-11-24T15:05:08+00:00","og_image":[{"width":1280,"height":720,"url":"https:\/\/www.em.com.br\/emfoco\/wp-content\/uploads\/2025\/11\/Ozempic_1763996615725.jpg","type":"image\/jpeg"}],"author":"Gabriel Martins","twitter_card":"summary_large_image","twitter_misc":{"Escrito por":"Gabriel Martins","Est. tempo de leitura":"4 minutos"},"schema":{"@context":"https:\/\/schema.org","@graph":[{"@type":"WebPage","@id":"https:\/\/www.em.com.br\/emfoco\/2025\/11\/25\/ozempic-vira-febre-para-emagrecer-mas-especialistas-fazem-alerta-importante\/","url":"https:\/\/www.em.com.br\/emfoco\/2025\/11\/25\/ozempic-vira-febre-para-emagrecer-mas-especialistas-fazem-alerta-importante\/","name":"Ozempic vira febre para emagrecer, mas especialistas fazem alerta importante - Estado de Minas - Em foco","isPartOf":{"@id":"https:\/\/www.em.com.br\/emfoco\/#website"},"primaryImageOfPage":{"@id":"https:\/\/www.em.com.br\/emfoco\/2025\/11\/25\/ozempic-vira-febre-para-emagrecer-mas-especialistas-fazem-alerta-importante\/#primaryimage"},"image":{"@id":"https:\/\/www.em.com.br\/emfoco\/2025\/11\/25\/ozempic-vira-febre-para-emagrecer-mas-especialistas-fazem-alerta-importante\/#primaryimage"},"thumbnailUrl":"https:\/\/www.em.com.br\/emfoco\/wp-content\/uploads\/2025\/11\/Ozempic_1763996615725.jpg","datePublished":"2025-11-25T21:45:00+00:00","dateModified":"2025-11-24T15:05:08+00:00","author":{"@id":"https:\/\/www.em.com.br\/emfoco\/#\/schema\/person\/1c9ddeab18b98abeffef834667bcf08a"},"description":"Emagrecimento r\u00e1pido com rem\u00e9dio n\u00e3o \u00e9 milagre. Veja como o Ozempic age no corpo e por que ele exige orienta\u00e7\u00e3o m\u00e9dica rigorosa.","breadcrumb":{"@id":"https:\/\/www.em.com.br\/emfoco\/2025\/11\/25\/ozempic-vira-febre-para-emagrecer-mas-especialistas-fazem-alerta-importante\/#breadcrumb"},"inLanguage":"pt-BR","potentialAction":[{"@type":"ReadAction","target":["https:\/\/www.em.com.br\/emfoco\/2025\/11\/25\/ozempic-vira-febre-para-emagrecer-mas-especialistas-fazem-alerta-importante\/"]}]},{"@type":"ImageObject","inLanguage":"pt-BR","@id":"https:\/\/www.em.com.br\/emfoco\/2025\/11\/25\/ozempic-vira-febre-para-emagrecer-mas-especialistas-fazem-alerta-importante\/#primaryimage","url":"https:\/\/www.em.com.br\/emfoco\/wp-content\/uploads\/2025\/11\/Ozempic_1763996615725.jpg","contentUrl":"https:\/\/www.em.com.br\/emfoco\/wp-content\/uploads\/2025\/11\/Ozempic_1763996615725.jpg","width":1280,"height":720,"caption":"Ozempic reduz peso gradualmente e exige acompanhamento m\u00e9dico constante - Cr\u00e9ditos: depositphotos.com \/ marcbruxelle"},{"@type":"BreadcrumbList","@id":"https:\/\/www.em.com.br\/emfoco\/2025\/11\/25\/ozempic-vira-febre-para-emagrecer-mas-especialistas-fazem-alerta-importante\/#breadcrumb","itemListElement":[{"@type":"ListItem","position":1,"name":"In\u00edcio","item":"https:\/\/www.em.com.br\/emfoco\/"},{"@type":"ListItem","position":2,"name":"Ozempic vira febre para emagrecer, mas especialistas fazem alerta importante"}]},{"@type":"WebSite","@id":"https:\/\/www.em.com.br\/emfoco\/#website","url":"https:\/\/www.em.com.br\/emfoco\/","name":"Estado de Minas - Em foco","description":"Acompanhe as \u00faltimas not\u00edcias e fique bem informado sobre tudo o que acontece em Minas Gerais, Brasil e no mundo.","potentialAction":[{"@type":"SearchAction","target":{"@type":"EntryPoint","urlTemplate":"https:\/\/www.em.com.br\/emfoco\/?s={search_term_string}"},"query-input":{"@type":"PropertyValueSpecification","valueRequired":true,"valueName":"search_term_string"}}],"inLanguage":"pt-BR"},{"@type":"Person","@id":"https:\/\/www.em.com.br\/emfoco\/#\/schema\/person\/1c9ddeab18b98abeffef834667bcf08a","name":"Gabriel Martins","image":{"@type":"ImageObject","inLanguage":"pt-BR","@id":"https:\/\/www.em.com.br\/emfoco\/#\/schema\/person\/image\/","url":"https:\/\/secure.gravatar.com\/avatar\/f0f1e2efdfd88f1ad2cb08c5c2731e50?s=96&d=mm&r=g","contentUrl":"https:\/\/secure.gravatar.com\/avatar\/f0f1e2efdfd88f1ad2cb08c5c2731e50?s=96&d=mm&r=g","caption":"Gabriel Martins"},"sameAs":["https:\/\/www.em.com.br\/emfoco\/"],"url":"https:\/\/www.em.com.br\/emfoco\/author\/gabrielmartinsmyth\/"}]}},"_links":{"self":[{"href":"https:\/\/www.em.com.br\/emfoco\/wp-json\/wp\/v2\/posts\/131166","targetHints":{"allow":["GET"]}}],"collection":[{"href":"https:\/\/www.em.com.br\/emfoco\/wp-json\/wp\/v2\/posts"}],"about":[{"href":"https:\/\/www.em.com.br\/emfoco\/wp-json\/wp\/v2\/types\/post"}],"author":[{"embeddable":true,"href":"https:\/\/www.em.com.br\/emfoco\/wp-json\/wp\/v2\/users\/13"}],"replies":[{"embeddable":true,"href":"https:\/\/www.em.com.br\/emfoco\/wp-json\/wp\/v2\/comments?post=131166"}],"version-history":[{"count":1,"href":"https:\/\/www.em.com.br\/emfoco\/wp-json\/wp\/v2\/posts\/131166\/revisions"}],"predecessor-version":[{"id":131213,"href":"https:\/\/www.em.com.br\/emfoco\/wp-json\/wp\/v2\/posts\/131166\/revisions\/131213"}],"wp:featuredmedia":[{"embeddable":true,"href":"https:\/\/www.em.com.br\/emfoco\/wp-json\/wp\/v2\/media\/131210"}],"wp:attachment":[{"href":"https:\/\/www.em.com.br\/emfoco\/wp-json\/wp\/v2\/media?parent=131166"}],"wp:term":[{"taxonomy":"category","embeddable":true,"href":"https:\/\/www.em.com.br\/emfoco\/wp-json\/wp\/v2\/categories?post=131166"},{"taxonomy":"post_tag","embeddable":true,"href":"https:\/\/www.em.com.br\/emfoco\/wp-json\/wp\/v2\/tags?post=131166"}],"curies":[{"name":"wp","href":"https:\/\/api.w.org\/{rel}","templated":true}]}}