{"id":131135,"date":"2025-11-25T12:35:00","date_gmt":"2025-11-25T15:35:00","guid":{"rendered":"https:\/\/www.em.com.br\/emfoco\/?p=131135"},"modified":"2025-11-24T11:18:42","modified_gmt":"2025-11-24T14:18:42","slug":"como-regar-laranjeira-em-vasos-para-ter-frutos-mesmo-no-apartamento","status":"publish","type":"post","link":"https:\/\/www.em.com.br\/emfoco\/2025\/11\/25\/como-regar-laranjeira-em-vasos-para-ter-frutos-mesmo-no-apartamento\/","title":{"rendered":"Como regar laranjeira em vasos para ter frutos mesmo no apartamento"},"content":{"rendered":"\n<p>Cuidar de uma <strong>laranjeira em vaso<\/strong> \u00e9 totalmente poss\u00edvel mesmo em apartamentos, desde que a rega seja feita da forma certa. Com umidade equilibrada, boa drenagem e luz solar direta, a planta floresce e frutifica em espa\u00e7os pequenos sem dificuldade.<\/p>\n\n\n\n<h2 class=\"wp-block-heading\">Por que a rega correta \u00e9 essencial para uma laranjeira dar frutos?<\/h2>\n\n\n\n<p>A laranjeira \u00e9 sens\u00edvel ao <strong>excesso de \u00e1gua<\/strong>, e por isso manter o solo apenas levemente \u00famido \u00e9 fundamental para que ra\u00edzes respirem. Quando o substrato encharca, surgem fungos e a planta aborta flores, reduzindo drasticamente a chance de produ\u00e7\u00e3o.<\/p>\n\n\n\n<p>O ideal \u00e9 imitar a umidade natural encontrada no solo das regi\u00f5es onde os c\u00edtricos crescem. Isso significa regas ritmadas, sem exagero, permitindo que a camada superficial seque antes da pr\u00f3xima irriga\u00e7\u00e3o, fortalecendo ra\u00edzes e induzindo mais flores.<\/p>\n\n\n\n<figure class=\"wp-block-image size-large\"><img loading=\"lazy\" decoding=\"async\" width=\"1024\" height=\"576\" src=\"https:\/\/www.em.com.br\/emfoco\/wp-content\/uploads\/2025\/11\/Regando-vaso_1763993864683-1024x576.jpg\" alt=\"Como regar laranjeira em vasos para ter frutos mesmo no apartamento\" class=\"wp-image-131155\" srcset=\"https:\/\/www.em.com.br\/emfoco\/wp-content\/uploads\/2025\/11\/Regando-vaso_1763993864683-1024x576.jpg 1024w, https:\/\/www.em.com.br\/emfoco\/wp-content\/uploads\/2025\/11\/Regando-vaso_1763993864683-300x169.jpg 300w, https:\/\/www.em.com.br\/emfoco\/wp-content\/uploads\/2025\/11\/Regando-vaso_1763993864683-768x432.jpg 768w, https:\/\/www.em.com.br\/emfoco\/wp-content\/uploads\/2025\/11\/Regando-vaso_1763993864683-750x422.jpg 750w, https:\/\/www.em.com.br\/emfoco\/wp-content\/uploads\/2025\/11\/Regando-vaso_1763993864683-1140x641.jpg 1140w, https:\/\/www.em.com.br\/emfoco\/wp-content\/uploads\/2025\/11\/Regando-vaso_1763993864683.jpg 1280w\" sizes=\"auto, (max-width: 1024px) 100vw, 1024px\" \/><figcaption class=\"wp-element-caption\">A rega equilibrada evita fungos e estimula flores e frutos saud\u00e1veis &#8211; Cr\u00e9ditos: depositphotos.com \/ GeorgeRudy<\/figcaption><\/figure>\n\n\n\n<p><em>Leia mais: <strong><a href=\"https:\/\/www.em.com.br\/emfoco\/2025\/11\/24\/como-plantar-capuchinha-comestivel-e-turbinar-saladas-com-cor\/\" target=\"_blank\" rel=\"noreferrer noopener\">Como plantar capuchinha comest\u00edvel e turbinar saladas com cor<\/a><\/strong><\/em><\/p>\n\n\n\n<h2 class=\"wp-block-heading\">Quais cuidados b\u00e1sicos garantem rega eficiente e frutifica\u00e7\u00e3o constante?<\/h2>\n\n\n\n<p>A laranjeira responde muito bem a um manejo simples quando cultivada em vaso. A lista abaixo re\u00fane pr\u00e1ticas essenciais para manter a planta saud\u00e1vel e com boa estrutura para flores e frutos.<\/p>\n\n\n\n<ul class=\"wp-block-list\">\n<li><strong>Regue quando os primeiros 3 cm<\/strong> do substrato estiverem secos ao toque.<\/li>\n\n\n\n<li><strong>Use vasos com drenagem<\/strong> eficiente para evitar ac\u00famulo de \u00e1gua.<\/li>\n\n\n\n<li><strong>Evite molhar as folhas<\/strong> para reduzir o risco de fungos.<\/li>\n\n\n\n<li><strong>Aumente a frequ\u00eancia<\/strong> da rega no ver\u00e3o, quando o calor acelera a evapora\u00e7\u00e3o.<\/li>\n<\/ul>\n\n\n\n<h2 class=\"wp-block-heading\">Como identificar sinais de excesso ou falta de \u00e1gua na laranjeira?<\/h2>\n\n\n\n<p>Folhas amareladas, ca\u00eddas ou com manchas s\u00e3o ind\u00edcios de que a <strong><a href=\"https:\/\/www.trapp.com.br\/como-regar-plantas\/\" target=\"_blank\" rel=\"noreferrer noopener\">irriga\u00e7\u00e3o<\/a><\/strong> est\u00e1 desequilibrada. Quando h\u00e1 \u00e1gua demais, as ra\u00edzes apodrecem e a planta perde vigor; quando falta, os brotos secam e a flora\u00e7\u00e3o diminui rapidamente.<\/p>\n\n\n\n<p>O vaso tamb\u00e9m ajuda a identificar problemas: se estiver sempre pesado, h\u00e1 encharcamento; se estiver muito leve, o solo secou completamente. Ajustar a rotina conforme esses sinais mant\u00e9m o desenvolvimento est\u00e1vel e favorece o surgimento de frutos.<\/p>\n\n\n\n<figure class=\"wp-block-image size-large\"><img loading=\"lazy\" decoding=\"async\" width=\"1024\" height=\"576\" src=\"https:\/\/www.em.com.br\/emfoco\/wp-content\/uploads\/2025\/11\/Laranjeira-em-Vaso-1280x720-1-1024x576.jpg\" alt=\"Como regar laranjeira em vasos para ter frutos mesmo no apartamento\" class=\"wp-image-131156\" srcset=\"https:\/\/www.em.com.br\/emfoco\/wp-content\/uploads\/2025\/11\/Laranjeira-em-Vaso-1280x720-1-1024x576.jpg 1024w, https:\/\/www.em.com.br\/emfoco\/wp-content\/uploads\/2025\/11\/Laranjeira-em-Vaso-1280x720-1-300x169.jpg 300w, https:\/\/www.em.com.br\/emfoco\/wp-content\/uploads\/2025\/11\/Laranjeira-em-Vaso-1280x720-1-768x432.jpg 768w, https:\/\/www.em.com.br\/emfoco\/wp-content\/uploads\/2025\/11\/Laranjeira-em-Vaso-1280x720-1-750x422.jpg 750w, https:\/\/www.em.com.br\/emfoco\/wp-content\/uploads\/2025\/11\/Laranjeira-em-Vaso-1280x720-1-1140x641.jpg 1140w, https:\/\/www.em.com.br\/emfoco\/wp-content\/uploads\/2025\/11\/Laranjeira-em-Vaso-1280x720-1.jpg 1280w\" sizes=\"auto, (max-width: 1024px) 100vw, 1024px\" \/><figcaption class=\"wp-element-caption\">Folhas e peso do vaso revelam excesso ou falta de \u00e1gua &#8211; Cr\u00e9ditos: depositphotos.com \/ GeorgeRudy<\/figcaption><\/figure>\n\n\n\n<h2 class=\"wp-block-heading\">Quais h\u00e1bitos extras ajudam a laranjeira a produzir em espa\u00e7os pequenos?<\/h2>\n\n\n\n<p>Al\u00e9m da rega bem distribu\u00edda, alguns cuidados adicionais aumentam a capacidade produtiva da <strong>laranjeira em vaso<\/strong>. As sugest\u00f5es abaixo melhoram a circula\u00e7\u00e3o de ar, fortalecem ra\u00edzes e favorecem o florescimento mesmo em apartamentos.<\/p>\n\n\n\n<ul class=\"wp-block-list\">\n<li>D\u00ea pelo menos 4 a 6 horas de sol direto por dia para estimular a frutifica\u00e7\u00e3o.<\/li>\n\n\n\n<li>Adube a cada 30 dias com f\u00f3rmulas ricas em nitrog\u00eanio, f\u00f3sforo e micronutrientes.<\/li>\n\n\n\n<li>Gire o vaso quinzenalmente para garantir crescimento uniforme da copa.<\/li>\n<\/ul>\n","protected":false},"excerpt":{"rendered":"<p>Cuidar de uma laranjeira em vaso \u00e9 totalmente poss\u00edvel mesmo em apartamentos, desde que a rega seja feita da forma certa. Com umidade equilibrada, boa drenagem e luz solar direta, a planta floresce e frutifica em espa\u00e7os pequenos sem dificuldade. Por que a rega correta \u00e9 essencial para uma laranjeira dar frutos? A laranjeira \u00e9 [&hellip;]<\/p>\n","protected":false},"author":13,"featured_media":131154,"comment_status":"open","ping_status":"open","sticky":false,"template":"","format":"standard","meta":{"jnews-multi-image_gallery":[],"jnews_single_post":{"format":"standard"},"jnews_primary_category":[],"jnews_social_meta":[],"jnews_override_counter":[],"footnotes":""},"categories":[8819],"tags":[4573,3358,4958],"class_list":["post-131135","post","type-post","status-publish","format-standard","has-post-thumbnail","hentry","category-curiosidades","tag-cultivo-em-casa","tag-jardinagem","tag-laranjeira"],"yoast_head":"<!-- This site is optimized with the Yoast SEO plugin v23.8 - https:\/\/yoast.com\/wordpress\/plugins\/seo\/ -->\n<title>Como regar laranjeira em vasos para ter frutos mesmo no apartamento - Estado de Minas - Em foco<\/title>\n<meta name=\"description\" content=\"Essa t\u00e9cnica de rega est\u00e1 ajudando laranjeiras a frutificarem at\u00e9 em vasos de apartamento. Entenda como aplicar sem erro.\" \/>\n<meta name=\"robots\" content=\"index, follow, max-snippet:-1, max-image-preview:large, max-video-preview:-1\" \/>\n<link rel=\"canonical\" href=\"https:\/\/www.em.com.br\/emfoco\/2025\/11\/25\/como-regar-laranjeira-em-vasos-para-ter-frutos-mesmo-no-apartamento\/\" \/>\n<meta property=\"og:locale\" content=\"pt_BR\" \/>\n<meta property=\"og:type\" content=\"article\" \/>\n<meta property=\"og:title\" content=\"Como regar laranjeira em vasos para ter frutos mesmo no apartamento - Estado de Minas - Em foco\" \/>\n<meta property=\"og:description\" content=\"Essa t\u00e9cnica de rega est\u00e1 ajudando laranjeiras a frutificarem at\u00e9 em vasos de apartamento. Entenda como aplicar sem erro.\" \/>\n<meta property=\"og:url\" content=\"https:\/\/www.em.com.br\/emfoco\/2025\/11\/25\/como-regar-laranjeira-em-vasos-para-ter-frutos-mesmo-no-apartamento\/\" \/>\n<meta property=\"og:site_name\" content=\"Estado de Minas - Em foco\" \/>\n<meta property=\"article:published_time\" content=\"2025-11-25T15:35:00+00:00\" \/>\n<meta property=\"article:modified_time\" content=\"2025-11-24T14:18:42+00:00\" \/>\n<meta property=\"og:image\" content=\"https:\/\/www.em.com.br\/emfoco\/wp-content\/uploads\/2025\/11\/arvore-de-laranja_1763993802296.jpg\" \/>\n\t<meta property=\"og:image:width\" content=\"1280\" \/>\n\t<meta property=\"og:image:height\" content=\"720\" \/>\n\t<meta property=\"og:image:type\" content=\"image\/jpeg\" \/>\n<meta name=\"author\" content=\"Gabriel Martins\" \/>\n<meta name=\"twitter:card\" content=\"summary_large_image\" \/>\n<meta name=\"twitter:label1\" content=\"Escrito por\" \/>\n\t<meta name=\"twitter:data1\" content=\"Gabriel Martins\" \/>\n\t<meta name=\"twitter:label2\" content=\"Est. tempo de leitura\" \/>\n\t<meta name=\"twitter:data2\" content=\"3 minutos\" \/>\n<!-- \/ Yoast SEO plugin. -->","yoast_head_json":{"title":"Como regar laranjeira em vasos para ter frutos mesmo no apartamento - Estado de Minas - Em foco","description":"Essa t\u00e9cnica de rega est\u00e1 ajudando laranjeiras a frutificarem at\u00e9 em vasos de apartamento. Entenda como aplicar sem erro.","robots":{"index":"index","follow":"follow","max-snippet":"max-snippet:-1","max-image-preview":"max-image-preview:large","max-video-preview":"max-video-preview:-1"},"canonical":"https:\/\/www.em.com.br\/emfoco\/2025\/11\/25\/como-regar-laranjeira-em-vasos-para-ter-frutos-mesmo-no-apartamento\/","og_locale":"pt_BR","og_type":"article","og_title":"Como regar laranjeira em vasos para ter frutos mesmo no apartamento - Estado de Minas - Em foco","og_description":"Essa t\u00e9cnica de rega est\u00e1 ajudando laranjeiras a frutificarem at\u00e9 em vasos de apartamento. Entenda como aplicar sem erro.","og_url":"https:\/\/www.em.com.br\/emfoco\/2025\/11\/25\/como-regar-laranjeira-em-vasos-para-ter-frutos-mesmo-no-apartamento\/","og_site_name":"Estado de Minas - Em foco","article_published_time":"2025-11-25T15:35:00+00:00","article_modified_time":"2025-11-24T14:18:42+00:00","og_image":[{"width":1280,"height":720,"url":"https:\/\/www.em.com.br\/emfoco\/wp-content\/uploads\/2025\/11\/arvore-de-laranja_1763993802296.jpg","type":"image\/jpeg"}],"author":"Gabriel Martins","twitter_card":"summary_large_image","twitter_misc":{"Escrito por":"Gabriel Martins","Est. tempo de leitura":"3 minutos"},"schema":{"@context":"https:\/\/schema.org","@graph":[{"@type":"WebPage","@id":"https:\/\/www.em.com.br\/emfoco\/2025\/11\/25\/como-regar-laranjeira-em-vasos-para-ter-frutos-mesmo-no-apartamento\/","url":"https:\/\/www.em.com.br\/emfoco\/2025\/11\/25\/como-regar-laranjeira-em-vasos-para-ter-frutos-mesmo-no-apartamento\/","name":"Como regar laranjeira em vasos para ter frutos mesmo no apartamento - Estado de Minas - Em foco","isPartOf":{"@id":"https:\/\/www.em.com.br\/emfoco\/#website"},"primaryImageOfPage":{"@id":"https:\/\/www.em.com.br\/emfoco\/2025\/11\/25\/como-regar-laranjeira-em-vasos-para-ter-frutos-mesmo-no-apartamento\/#primaryimage"},"image":{"@id":"https:\/\/www.em.com.br\/emfoco\/2025\/11\/25\/como-regar-laranjeira-em-vasos-para-ter-frutos-mesmo-no-apartamento\/#primaryimage"},"thumbnailUrl":"https:\/\/www.em.com.br\/emfoco\/wp-content\/uploads\/2025\/11\/arvore-de-laranja_1763993802296.jpg","datePublished":"2025-11-25T15:35:00+00:00","dateModified":"2025-11-24T14:18:42+00:00","author":{"@id":"https:\/\/www.em.com.br\/emfoco\/#\/schema\/person\/1c9ddeab18b98abeffef834667bcf08a"},"description":"Essa t\u00e9cnica de rega est\u00e1 ajudando laranjeiras a frutificarem at\u00e9 em vasos de apartamento. Entenda como aplicar sem erro.","breadcrumb":{"@id":"https:\/\/www.em.com.br\/emfoco\/2025\/11\/25\/como-regar-laranjeira-em-vasos-para-ter-frutos-mesmo-no-apartamento\/#breadcrumb"},"inLanguage":"pt-BR","potentialAction":[{"@type":"ReadAction","target":["https:\/\/www.em.com.br\/emfoco\/2025\/11\/25\/como-regar-laranjeira-em-vasos-para-ter-frutos-mesmo-no-apartamento\/"]}]},{"@type":"ImageObject","inLanguage":"pt-BR","@id":"https:\/\/www.em.com.br\/emfoco\/2025\/11\/25\/como-regar-laranjeira-em-vasos-para-ter-frutos-mesmo-no-apartamento\/#primaryimage","url":"https:\/\/www.em.com.br\/emfoco\/wp-content\/uploads\/2025\/11\/arvore-de-laranja_1763993802296.jpg","contentUrl":"https:\/\/www.em.com.br\/emfoco\/wp-content\/uploads\/2025\/11\/arvore-de-laranja_1763993802296.jpg","width":1280,"height":720,"caption":"A laranjeira em vaso frutifica bem quando recebe rega correta e equilibrada - Cr\u00e9ditos: depositphotos.com \/ sripfoto"},{"@type":"BreadcrumbList","@id":"https:\/\/www.em.com.br\/emfoco\/2025\/11\/25\/como-regar-laranjeira-em-vasos-para-ter-frutos-mesmo-no-apartamento\/#breadcrumb","itemListElement":[{"@type":"ListItem","position":1,"name":"In\u00edcio","item":"https:\/\/www.em.com.br\/emfoco\/"},{"@type":"ListItem","position":2,"name":"Como regar laranjeira em vasos para ter frutos mesmo no apartamento"}]},{"@type":"WebSite","@id":"https:\/\/www.em.com.br\/emfoco\/#website","url":"https:\/\/www.em.com.br\/emfoco\/","name":"Estado de Minas - Em foco","description":"Acompanhe as \u00faltimas not\u00edcias e fique bem informado sobre tudo o que acontece em Minas Gerais, Brasil e no mundo.","potentialAction":[{"@type":"SearchAction","target":{"@type":"EntryPoint","urlTemplate":"https:\/\/www.em.com.br\/emfoco\/?s={search_term_string}"},"query-input":{"@type":"PropertyValueSpecification","valueRequired":true,"valueName":"search_term_string"}}],"inLanguage":"pt-BR"},{"@type":"Person","@id":"https:\/\/www.em.com.br\/emfoco\/#\/schema\/person\/1c9ddeab18b98abeffef834667bcf08a","name":"Gabriel Martins","image":{"@type":"ImageObject","inLanguage":"pt-BR","@id":"https:\/\/www.em.com.br\/emfoco\/#\/schema\/person\/image\/","url":"https:\/\/secure.gravatar.com\/avatar\/f0f1e2efdfd88f1ad2cb08c5c2731e50?s=96&d=mm&r=g","contentUrl":"https:\/\/secure.gravatar.com\/avatar\/f0f1e2efdfd88f1ad2cb08c5c2731e50?s=96&d=mm&r=g","caption":"Gabriel Martins"},"sameAs":["https:\/\/www.em.com.br\/emfoco\/"],"url":"https:\/\/www.em.com.br\/emfoco\/author\/gabrielmartinsmyth\/"}]}},"_links":{"self":[{"href":"https:\/\/www.em.com.br\/emfoco\/wp-json\/wp\/v2\/posts\/131135","targetHints":{"allow":["GET"]}}],"collection":[{"href":"https:\/\/www.em.com.br\/emfoco\/wp-json\/wp\/v2\/posts"}],"about":[{"href":"https:\/\/www.em.com.br\/emfoco\/wp-json\/wp\/v2\/types\/post"}],"author":[{"embeddable":true,"href":"https:\/\/www.em.com.br\/emfoco\/wp-json\/wp\/v2\/users\/13"}],"replies":[{"embeddable":true,"href":"https:\/\/www.em.com.br\/emfoco\/wp-json\/wp\/v2\/comments?post=131135"}],"version-history":[{"count":1,"href":"https:\/\/www.em.com.br\/emfoco\/wp-json\/wp\/v2\/posts\/131135\/revisions"}],"predecessor-version":[{"id":131157,"href":"https:\/\/www.em.com.br\/emfoco\/wp-json\/wp\/v2\/posts\/131135\/revisions\/131157"}],"wp:featuredmedia":[{"embeddable":true,"href":"https:\/\/www.em.com.br\/emfoco\/wp-json\/wp\/v2\/media\/131154"}],"wp:attachment":[{"href":"https:\/\/www.em.com.br\/emfoco\/wp-json\/wp\/v2\/media?parent=131135"}],"wp:term":[{"taxonomy":"category","embeddable":true,"href":"https:\/\/www.em.com.br\/emfoco\/wp-json\/wp\/v2\/categories?post=131135"},{"taxonomy":"post_tag","embeddable":true,"href":"https:\/\/www.em.com.br\/emfoco\/wp-json\/wp\/v2\/tags?post=131135"}],"curies":[{"name":"wp","href":"https:\/\/api.w.org\/{rel}","templated":true}]}}