{"id":131077,"date":"2025-11-25T12:05:39","date_gmt":"2025-11-25T15:05:39","guid":{"rendered":"https:\/\/www.em.com.br\/emfoco\/?p=131077"},"modified":"2025-11-24T16:00:50","modified_gmt":"2025-11-24T19:00:50","slug":"uma-bomba-de-vitaminas-que-protege-sua-pele-e-fortalece-a-imunidade","status":"publish","type":"post","link":"https:\/\/www.em.com.br\/emfoco\/2025\/11\/25\/uma-bomba-de-vitaminas-que-protege-sua-pele-e-fortalece-a-imunidade\/","title":{"rendered":"Uma bomba de vitaminas que protege sua pele e fortalece a imunidade"},"content":{"rendered":"\n<p>O <b>mam\u00e3o<\/b> \u00e9 conhecido principalmente por seu poder digestivo, contribuindo para a sa\u00fade do trato gastrointestinal. Repleto de <b>papa\u00edna<\/b>, essa fruta tropical auxilia na digest\u00e3o das prote\u00ednas, podendo aliviar a indigest\u00e3o e desconfortos no est\u00f4mago quando consumida regularmente.<\/p>\n\n\n\n<h2 class=\"wp-block-heading\">Mam\u00e3o cont\u00e9m enzimas e fibras que melhoram a digest\u00e3o<\/h2>\n\n\n\n<p>Al\u00e9m da famosa <b>papa\u00edna<\/b>, o mam\u00e3o possui uma boa quantidade de <b>fibras<\/b> diet\u00e9ticas. Essas fibras s\u00e3o essenciais para o tr\u00e2nsito intestinal e ajudam a prevenir problemas como pris\u00e3o de ventre.<\/p>\n\n\n\n<p>O consumo de <b>mam\u00e3o<\/b> no dia a dia pode favorecer o bom funcionamento do intestino, tornando a digest\u00e3o mais eficiente e confort\u00e1vel para o organismo.&nbsp;<\/p>\n\n\n<div class=\"wp-block-image\">\n<figure class=\"aligncenter size-large\"><img loading=\"lazy\" decoding=\"async\" width=\"1024\" height=\"576\" src=\"https:\/\/www.em.com.br\/emfoco\/wp-content\/uploads\/2025\/11\/suco-de-mamao_1762369733198-1024x576.jpg\" alt=\"\" class=\"wp-image-123782\" srcset=\"https:\/\/www.em.com.br\/emfoco\/wp-content\/uploads\/2025\/11\/suco-de-mamao_1762369733198-1024x576.jpg 1024w, https:\/\/www.em.com.br\/emfoco\/wp-content\/uploads\/2025\/11\/suco-de-mamao_1762369733198-300x169.jpg 300w, https:\/\/www.em.com.br\/emfoco\/wp-content\/uploads\/2025\/11\/suco-de-mamao_1762369733198-768x432.jpg 768w, https:\/\/www.em.com.br\/emfoco\/wp-content\/uploads\/2025\/11\/suco-de-mamao_1762369733198-750x422.jpg 750w, https:\/\/www.em.com.br\/emfoco\/wp-content\/uploads\/2025\/11\/suco-de-mamao_1762369733198-1140x641.jpg 1140w, https:\/\/www.em.com.br\/emfoco\/wp-content\/uploads\/2025\/11\/suco-de-mamao_1762369733198.jpg 1280w\" sizes=\"auto, (max-width: 1024px) 100vw, 1024px\" \/><figcaption class=\"wp-element-caption\">Facilita\u00e7\u00e3o da digest\u00e3o de prote\u00ednas &#8211; Cr\u00e9ditos: depositphotos.com \/ ildi_papp<\/figcaption><\/figure><\/div>\n\n\n<p>Leia tamb\u00e9m:&nbsp;<a href=\"https:\/\/www.em.com.br\/emfoco\/2025\/11\/19\/a-folha-verde-que-melhora-a-digestao-e-deixa-o-corpo-mais-leve\/\" target=\"_blank\" rel=\"noopener\">A folha verde que melhora a digest\u00e3o e deixa o corpo mais leve<\/a><\/p>\n\n\n\n<h2 class=\"wp-block-heading\">Quais nutrientes essenciais s\u00e3o encontrados no mam\u00e3o?<\/h2>\n\n\n\n<p>O mam\u00e3o oferece diversas <b>vitaminas<\/b> e minerais essenciais, incluindo vitaminA, <b>C<\/b> e E, que t\u00eam efeito antioxidante e contribuem para o fortalecimento do sistema imunol\u00f3gico.<\/p>\n\n\n\n<p>Outro destaque \u00e9 o <b>folato<\/b>, importante para fun\u00e7\u00f5es celulares, e o <b>pot\u00e1ssio<\/b>, que auxilia no equil\u00edbrio eletrol\u00edtico. Assim, o mam\u00e3o pode ser considerado um alimento completo do ponto de vista nutricional.<\/p>\n\n\n\n<h2 class=\"wp-block-heading\">Como colocar o mam\u00e3o na alimenta\u00e7\u00e3o di\u00e1ria<\/h2>\n\n\n\n<p>Gra\u00e7as \u00e0 sua versatilidade, o mam\u00e3o pode ser inclu\u00eddo de v\u00e1rias formas na dieta. Seja como fruta fresca, em prepara\u00e7\u00f5es doces ou salgadas, ele se adapta facilmente \u00e0 rotina.<\/p>\n\n\n\n<p>Veja algumas ideias de como incorporar o <b>mam\u00e3o<\/b> nas refei\u00e7\u00f5es di\u00e1rias de maneira pr\u00e1tica e saborosa:<\/p>\n\n\n\n<ul class=\"wp-block-list\">\n<li>Adicionar peda\u00e7os de <b>mam\u00e3o<\/b> a saladas de frutas frescas<\/li>\n\n\n\n<li>Preparar vitaminas ou smoothies misturando <b>mam\u00e3o<\/b> com outras frutas da esta\u00e7\u00e3o<\/li>\n\n\n\n<li>Usar mam\u00e3o em receitas de sobremesas leves, como sorvetes naturais ou tortas geladas<\/li>\n<\/ul>\n\n\n\n<p>Veja um v\u00eddeo abaixo da <a class=\"yt-simple-endpoint style-scope yt-formatted-string\" spellcheck=\"false\" href=\"https:\/\/www.youtube.com\/@NutricionistaPatriciaLeite\" target=\"_blank\" rel=\"noopener\">Nutricionista Patricia Leite<\/a> sobre os benef\u00edcios do mam\u00e3o:<\/p>\n\n\n\n<figure class=\"wp-block-embed is-type-video is-provider-youtube wp-block-embed-youtube wp-embed-aspect-16-9 wp-has-aspect-ratio\"><div class=\"wp-block-embed__wrapper\">\n<div class=\"jeg_video_container jeg_video_content\"><iframe loading=\"lazy\" title=\"Benef\u00edcios do Mam\u00e3o - Para Que Serve? Solta o Intestino Mesmo? [DICAS]\" width=\"500\" height=\"281\" src=\"https:\/\/www.youtube.com\/embed\/QGrxD7btr_M?start=1&#038;feature=oembed\" frameborder=\"0\" allow=\"accelerometer; autoplay; clipboard-write; encrypted-media; gyroscope; picture-in-picture; web-share\" referrerpolicy=\"strict-origin-when-cross-origin\" allowfullscreen><\/iframe><\/div>\n<\/div><\/figure>\n\n\n\n<h2 class=\"wp-block-heading\">Benef\u00edcios adicionais do consumo regular de mam\u00e3o<\/h2>\n\n\n\n<p>Al\u00e9m de auxiliar a <b>digest\u00e3o<\/b>, o mam\u00e3o protege os olhos gra\u00e7as ao <b>betacaroteno<\/b> e contribui para uma pele saud\u00e1vel, com efeito antienvelhecimento devido \u00e0s vitaminas antioxidantes.<\/p>\n\n\n\n<p>Pesquisas mostram ainda que o <b>mam\u00e3o<\/b>, por ser rico em fibras e antioxidantes, pode ajudar a prevenir <b>doen\u00e7as cardiovasculares<\/b>, colaborando para um estilo de vida mais saud\u00e1vel.<\/p>\n","protected":false},"excerpt":{"rendered":"<p>O mam\u00e3o \u00e9 conhecido principalmente por seu poder digestivo, contribuindo para a sa\u00fade do trato gastrointestinal. Repleto de papa\u00edna, essa fruta tropical auxilia na digest\u00e3o das prote\u00ednas, podendo aliviar a indigest\u00e3o e desconfortos no est\u00f4mago quando consumida regularmente. Mam\u00e3o cont\u00e9m enzimas e fibras que melhoram a digest\u00e3o Al\u00e9m da famosa papa\u00edna, o mam\u00e3o possui uma [&hellip;]<\/p>\n","protected":false},"author":9,"featured_media":123781,"comment_status":"open","ping_status":"open","sticky":false,"template":"","format":"standard","meta":{"jnews-multi-image_gallery":[],"jnews_single_post":{"format":"standard"},"jnews_primary_category":[],"jnews_social_meta":[],"jnews_override_counter":[],"footnotes":""},"categories":[8691,8819,1],"tags":[259,4205,5845],"class_list":["post-131077","post","type-post","status-publish","format-standard","has-post-thumbnail","hentry","category-bem-estar","category-curiosidades","category-noticias","tag-beneficio","tag-digestao","tag-mamao"],"yoast_head":"<!-- This site is optimized with the Yoast SEO plugin v23.8 - https:\/\/yoast.com\/wordpress\/plugins\/seo\/ -->\n<title>Uma bomba de vitaminas que protege sua pele e fortalece a imunidade - Estado de Minas - Em foco<\/title>\n<meta name=\"description\" content=\"Rico em papa\u00edna e fibras o mam\u00e3o melhora a digest\u00e3o e a pele. Saiba como incluir essa fruta nutritiva na sua dieta di\u00e1ria.\" \/>\n<meta name=\"robots\" content=\"index, follow, max-snippet:-1, max-image-preview:large, max-video-preview:-1\" \/>\n<link rel=\"canonical\" href=\"https:\/\/www.em.com.br\/emfoco\/2025\/11\/25\/uma-bomba-de-vitaminas-que-protege-sua-pele-e-fortalece-a-imunidade\/\" \/>\n<meta property=\"og:locale\" content=\"pt_BR\" \/>\n<meta property=\"og:type\" content=\"article\" \/>\n<meta property=\"og:title\" content=\"Uma bomba de vitaminas que protege sua pele e fortalece a imunidade - Estado de Minas - Em foco\" \/>\n<meta property=\"og:description\" content=\"Rico em papa\u00edna e fibras o mam\u00e3o melhora a digest\u00e3o e a pele. Saiba como incluir essa fruta nutritiva na sua dieta di\u00e1ria.\" \/>\n<meta property=\"og:url\" content=\"https:\/\/www.em.com.br\/emfoco\/2025\/11\/25\/uma-bomba-de-vitaminas-que-protege-sua-pele-e-fortalece-a-imunidade\/\" \/>\n<meta property=\"og:site_name\" content=\"Estado de Minas - Em foco\" \/>\n<meta property=\"article:published_time\" content=\"2025-11-25T15:05:39+00:00\" \/>\n<meta property=\"article:modified_time\" content=\"2025-11-24T19:00:50+00:00\" \/>\n<meta property=\"og:image\" content=\"https:\/\/www.em.com.br\/emfoco\/wp-content\/uploads\/2025\/11\/suco-de-mamao_1762369649552.jpg\" \/>\n\t<meta property=\"og:image:width\" content=\"1280\" \/>\n\t<meta property=\"og:image:height\" content=\"720\" \/>\n\t<meta property=\"og:image:type\" content=\"image\/jpeg\" \/>\n<meta name=\"author\" content=\"Daniely Cardoso\" \/>\n<meta name=\"twitter:card\" content=\"summary_large_image\" \/>\n<meta name=\"twitter:label1\" content=\"Escrito por\" \/>\n\t<meta name=\"twitter:data1\" content=\"Daniely Cardoso\" \/>\n\t<meta name=\"twitter:label2\" content=\"Est. tempo de leitura\" \/>\n\t<meta name=\"twitter:data2\" content=\"3 minutos\" \/>\n<!-- \/ Yoast SEO plugin. -->","yoast_head_json":{"title":"Uma bomba de vitaminas que protege sua pele e fortalece a imunidade - Estado de Minas - Em foco","description":"Rico em papa\u00edna e fibras o mam\u00e3o melhora a digest\u00e3o e a pele. Saiba como incluir essa fruta nutritiva na sua dieta di\u00e1ria.","robots":{"index":"index","follow":"follow","max-snippet":"max-snippet:-1","max-image-preview":"max-image-preview:large","max-video-preview":"max-video-preview:-1"},"canonical":"https:\/\/www.em.com.br\/emfoco\/2025\/11\/25\/uma-bomba-de-vitaminas-que-protege-sua-pele-e-fortalece-a-imunidade\/","og_locale":"pt_BR","og_type":"article","og_title":"Uma bomba de vitaminas que protege sua pele e fortalece a imunidade - Estado de Minas - Em foco","og_description":"Rico em papa\u00edna e fibras o mam\u00e3o melhora a digest\u00e3o e a pele. Saiba como incluir essa fruta nutritiva na sua dieta di\u00e1ria.","og_url":"https:\/\/www.em.com.br\/emfoco\/2025\/11\/25\/uma-bomba-de-vitaminas-que-protege-sua-pele-e-fortalece-a-imunidade\/","og_site_name":"Estado de Minas - Em foco","article_published_time":"2025-11-25T15:05:39+00:00","article_modified_time":"2025-11-24T19:00:50+00:00","og_image":[{"width":1280,"height":720,"url":"https:\/\/www.em.com.br\/emfoco\/wp-content\/uploads\/2025\/11\/suco-de-mamao_1762369649552.jpg","type":"image\/jpeg"}],"author":"Daniely Cardoso","twitter_card":"summary_large_image","twitter_misc":{"Escrito por":"Daniely Cardoso","Est. tempo de leitura":"3 minutos"},"schema":{"@context":"https:\/\/schema.org","@graph":[{"@type":"WebPage","@id":"https:\/\/www.em.com.br\/emfoco\/2025\/11\/25\/uma-bomba-de-vitaminas-que-protege-sua-pele-e-fortalece-a-imunidade\/","url":"https:\/\/www.em.com.br\/emfoco\/2025\/11\/25\/uma-bomba-de-vitaminas-que-protege-sua-pele-e-fortalece-a-imunidade\/","name":"Uma bomba de vitaminas que protege sua pele e fortalece a imunidade - Estado de Minas - Em foco","isPartOf":{"@id":"https:\/\/www.em.com.br\/emfoco\/#website"},"primaryImageOfPage":{"@id":"https:\/\/www.em.com.br\/emfoco\/2025\/11\/25\/uma-bomba-de-vitaminas-que-protege-sua-pele-e-fortalece-a-imunidade\/#primaryimage"},"image":{"@id":"https:\/\/www.em.com.br\/emfoco\/2025\/11\/25\/uma-bomba-de-vitaminas-que-protege-sua-pele-e-fortalece-a-imunidade\/#primaryimage"},"thumbnailUrl":"https:\/\/www.em.com.br\/emfoco\/wp-content\/uploads\/2025\/11\/suco-de-mamao_1762369649552.jpg","datePublished":"2025-11-25T15:05:39+00:00","dateModified":"2025-11-24T19:00:50+00:00","author":{"@id":"https:\/\/www.em.com.br\/emfoco\/#\/schema\/person\/0a8186d72f2c3a5c6276d90b41f271a0"},"description":"Rico em papa\u00edna e fibras o mam\u00e3o melhora a digest\u00e3o e a pele. Saiba como incluir essa fruta nutritiva na sua dieta di\u00e1ria.","breadcrumb":{"@id":"https:\/\/www.em.com.br\/emfoco\/2025\/11\/25\/uma-bomba-de-vitaminas-que-protege-sua-pele-e-fortalece-a-imunidade\/#breadcrumb"},"inLanguage":"pt-BR","potentialAction":[{"@type":"ReadAction","target":["https:\/\/www.em.com.br\/emfoco\/2025\/11\/25\/uma-bomba-de-vitaminas-que-protege-sua-pele-e-fortalece-a-imunidade\/"]}]},{"@type":"ImageObject","inLanguage":"pt-BR","@id":"https:\/\/www.em.com.br\/emfoco\/2025\/11\/25\/uma-bomba-de-vitaminas-que-protege-sua-pele-e-fortalece-a-imunidade\/#primaryimage","url":"https:\/\/www.em.com.br\/emfoco\/wp-content\/uploads\/2025\/11\/suco-de-mamao_1762369649552.jpg","contentUrl":"https:\/\/www.em.com.br\/emfoco\/wp-content\/uploads\/2025\/11\/suco-de-mamao_1762369649552.jpg","width":1280,"height":720,"caption":"Suas fibras atuam como um tipo de alimento para as bact\u00e9rias boas do intestino, exercendo um efeito prebi\u00f3tico - Cr\u00e9ditos: depositphotos.com \/ awaygy"},{"@type":"BreadcrumbList","@id":"https:\/\/www.em.com.br\/emfoco\/2025\/11\/25\/uma-bomba-de-vitaminas-que-protege-sua-pele-e-fortalece-a-imunidade\/#breadcrumb","itemListElement":[{"@type":"ListItem","position":1,"name":"In\u00edcio","item":"https:\/\/www.em.com.br\/emfoco\/"},{"@type":"ListItem","position":2,"name":"Uma bomba de vitaminas que protege sua pele e fortalece a imunidade"}]},{"@type":"WebSite","@id":"https:\/\/www.em.com.br\/emfoco\/#website","url":"https:\/\/www.em.com.br\/emfoco\/","name":"Estado de Minas - Em foco","description":"Acompanhe as \u00faltimas not\u00edcias e fique bem informado sobre tudo o que acontece em Minas Gerais, Brasil e no mundo.","potentialAction":[{"@type":"SearchAction","target":{"@type":"EntryPoint","urlTemplate":"https:\/\/www.em.com.br\/emfoco\/?s={search_term_string}"},"query-input":{"@type":"PropertyValueSpecification","valueRequired":true,"valueName":"search_term_string"}}],"inLanguage":"pt-BR"},{"@type":"Person","@id":"https:\/\/www.em.com.br\/emfoco\/#\/schema\/person\/0a8186d72f2c3a5c6276d90b41f271a0","name":"Daniely Cardoso","image":{"@type":"ImageObject","inLanguage":"pt-BR","@id":"https:\/\/www.em.com.br\/emfoco\/#\/schema\/person\/image\/","url":"https:\/\/secure.gravatar.com\/avatar\/4b80ddbd124d1f071b626d52d62e5dff?s=96&d=mm&r=g","contentUrl":"https:\/\/secure.gravatar.com\/avatar\/4b80ddbd124d1f071b626d52d62e5dff?s=96&d=mm&r=g","caption":"Daniely Cardoso"},"url":"https:\/\/www.em.com.br\/emfoco\/author\/danielymyth\/"}]}},"_links":{"self":[{"href":"https:\/\/www.em.com.br\/emfoco\/wp-json\/wp\/v2\/posts\/131077","targetHints":{"allow":["GET"]}}],"collection":[{"href":"https:\/\/www.em.com.br\/emfoco\/wp-json\/wp\/v2\/posts"}],"about":[{"href":"https:\/\/www.em.com.br\/emfoco\/wp-json\/wp\/v2\/types\/post"}],"author":[{"embeddable":true,"href":"https:\/\/www.em.com.br\/emfoco\/wp-json\/wp\/v2\/users\/9"}],"replies":[{"embeddable":true,"href":"https:\/\/www.em.com.br\/emfoco\/wp-json\/wp\/v2\/comments?post=131077"}],"version-history":[{"count":3,"href":"https:\/\/www.em.com.br\/emfoco\/wp-json\/wp\/v2\/posts\/131077\/revisions"}],"predecessor-version":[{"id":131352,"href":"https:\/\/www.em.com.br\/emfoco\/wp-json\/wp\/v2\/posts\/131077\/revisions\/131352"}],"wp:featuredmedia":[{"embeddable":true,"href":"https:\/\/www.em.com.br\/emfoco\/wp-json\/wp\/v2\/media\/123781"}],"wp:attachment":[{"href":"https:\/\/www.em.com.br\/emfoco\/wp-json\/wp\/v2\/media?parent=131077"}],"wp:term":[{"taxonomy":"category","embeddable":true,"href":"https:\/\/www.em.com.br\/emfoco\/wp-json\/wp\/v2\/categories?post=131077"},{"taxonomy":"post_tag","embeddable":true,"href":"https:\/\/www.em.com.br\/emfoco\/wp-json\/wp\/v2\/tags?post=131077"}],"curies":[{"name":"wp","href":"https:\/\/api.w.org\/{rel}","templated":true}]}}