{"id":130978,"date":"2025-11-24T10:05:00","date_gmt":"2025-11-24T13:05:00","guid":{"rendered":"https:\/\/www.em.com.br\/emfoco\/?p=130978"},"modified":"2025-11-22T16:08:20","modified_gmt":"2025-11-22T19:08:20","slug":"a-falencia-mais-inesperada-do-varejo-catarinense-revela-riscos-da-expansao-rapida","status":"publish","type":"post","link":"https:\/\/www.em.com.br\/emfoco\/2025\/11\/24\/a-falencia-mais-inesperada-do-varejo-catarinense-revela-riscos-da-expansao-rapida\/","title":{"rendered":"A fal\u00eancia mais inesperada do varejo catarinense revela riscos da expans\u00e3o r\u00e1pida"},"content":{"rendered":"\n<p>A <strong>fal\u00eancia de supermercado<\/strong> Ac\u00e1cia em Santa Catarina foi decretada em 2025 ap\u00f3s a empresa acumular d\u00edvidas superiores a R$ 2 milh\u00f5es. O colapso financeiro encerrou definitivamente as opera\u00e7\u00f5es e chamou aten\u00e7\u00e3o pela trajet\u00f3ria r\u00e1pida de crescimento e queda.<\/p>\n\n\n\n<h2 class=\"wp-block-heading\">Como a rede Ac\u00e1cia cresceu t\u00e3o r\u00e1pido no Oeste catarinense?<\/h2>\n\n\n\n<p>A rede surgiu em 2019 com uma proposta de pre\u00e7os baixos e atendimento pr\u00f3ximo, tornando-se rapidamente um ponto de refer\u00eancia no Oeste do estado. A combina\u00e7\u00e3o de expans\u00e3o acelerada e forte apelo popular garantiu grande fluxo de clientes e consolidou a marca na regi\u00e3o.<\/p>\n\n\n\n<p>Com essa estrat\u00e9gia, o grupo abriu unidades em cidades vizinhas e ampliou sua presen\u00e7a local, fortalecendo sua imagem de mercado acess\u00edvel. Esse ritmo intenso, por\u00e9m, exigiu investimentos altos e ampliou a exposi\u00e7\u00e3o financeira, algo que mais tarde agravou sua situa\u00e7\u00e3o.<\/p>\n\n\n\n<figure class=\"wp-block-image size-large\"><img loading=\"lazy\" decoding=\"async\" width=\"1024\" height=\"576\" src=\"https:\/\/www.em.com.br\/emfoco\/wp-content\/uploads\/2025\/11\/Supermercado-_1763838447909-1024x576.jpg\" alt=\"A fal\u00eancia mais inesperada do varejo catarinense revela riscos da expans\u00e3o r\u00e1pida\" class=\"wp-image-131003\" srcset=\"https:\/\/www.em.com.br\/emfoco\/wp-content\/uploads\/2025\/11\/Supermercado-_1763838447909-1024x576.jpg 1024w, https:\/\/www.em.com.br\/emfoco\/wp-content\/uploads\/2025\/11\/Supermercado-_1763838447909-300x169.jpg 300w, https:\/\/www.em.com.br\/emfoco\/wp-content\/uploads\/2025\/11\/Supermercado-_1763838447909-768x432.jpg 768w, https:\/\/www.em.com.br\/emfoco\/wp-content\/uploads\/2025\/11\/Supermercado-_1763838447909-750x422.jpg 750w, https:\/\/www.em.com.br\/emfoco\/wp-content\/uploads\/2025\/11\/Supermercado-_1763838447909-1140x641.jpg 1140w, https:\/\/www.em.com.br\/emfoco\/wp-content\/uploads\/2025\/11\/Supermercado-_1763838447909.jpg 1280w\" sizes=\"auto, (max-width: 1024px) 100vw, 1024px\" \/><figcaption class=\"wp-element-caption\">O Ac\u00e1cia cresceu r\u00e1pido com pre\u00e7os baixos e forte apelo popular &#8211; Cr\u00e9ditos: depositphotos.com \/ Kwangmoozaa<\/figcaption><\/figure>\n\n\n\n<h2 class=\"wp-block-heading\">Quais fatores contribu\u00edram para o colapso financeiro da rede?<\/h2>\n\n\n\n<p>Para acompanhar o crescimento, a empresa recorreu a <strong>empr\u00e9stimos banc\u00e1rios<\/strong> e assumiu compromissos que rapidamente se acumularam. Esse cen\u00e1rio se agravou quando a pandemia reduziu vendas, afetou estoques e aumentou custos, gerando forte desequil\u00edbrio no fluxo de caixa. A seguir, veja os principais fatores envolvidos:<\/p>\n\n\n\n<ul class=\"wp-block-list\">\n<li><strong>Endividamento crescente<\/strong>: a busca por capital para expans\u00e3o elevou os compromissos financeiros al\u00e9m da capacidade operacional do grupo.<\/li>\n\n\n\n<li><strong>Impactos da pandemia<\/strong>: restri\u00e7\u00f5es, estoques irregulares e queda no consumo ampliaram o d\u00e9ficit.<\/li>\n\n\n\n<li><strong>Falha na recupera\u00e7\u00e3o<\/strong>: as tentativas de reorganizar as contas n\u00e3o foram suficientes para evitar o fechamento.<\/li>\n<\/ul>\n\n\n\n<p><em>Leia mais: <strong><a href=\"https:\/\/www.em.com.br\/emfoco\/2025\/11\/18\/quando-a-falencia-parecia-certa-e-uma-decisao-repentina-abriu-outro-caminho\/\" target=\"_blank\" rel=\"noreferrer noopener\">Quando a fal\u00eancia parecia certa e uma decis\u00e3o repentina abriu outro caminho<\/a><\/strong><\/em><\/p>\n\n\n\n<h2 class=\"wp-block-heading\">Como ocorreu a decreta\u00e7\u00e3o da fal\u00eancia da rede Ac\u00e1cia?<\/h2>\n\n\n\n<p>A decis\u00e3o judicial confirmou que o passivo ultrapassava R$ 2 milh\u00f5es, tornando invi\u00e1vel qualquer tentativa de recupera\u00e7\u00e3o. O processo foi conduzido pela Vara Regional respons\u00e1vel, que identificou a incapacidade da empresa de honrar d\u00edvidas diante do cen\u00e1rio acumulado.<\/p>\n\n\n\n<p>Mesmo com lojas fechadas h\u00e1 mais de um ano, o processo se estendeu devido \u00e0s etapas legais necess\u00e1rias. A defini\u00e7\u00e3o da <strong><a href=\"https:\/\/www.jusbrasil.com.br\/artigos\/autofalencia\/1751256467\" target=\"_blank\" rel=\"noreferrer noopener\">autofal\u00eancia empresarial<\/a><\/strong> concluiu que o neg\u00f3cio era irrecuper\u00e1vel, formalizando o encerramento definitivo das opera\u00e7\u00f5es no estado.<\/p>\n\n\n\n<figure class=\"wp-block-image size-large\"><img loading=\"lazy\" decoding=\"async\" width=\"1024\" height=\"576\" src=\"https:\/\/www.em.com.br\/emfoco\/wp-content\/uploads\/2025\/11\/falencia_1763838477161-1024x576.jpg\" alt=\"A fal\u00eancia mais inesperada do varejo catarinense revela riscos da expans\u00e3o r\u00e1pida\" class=\"wp-image-131004\" srcset=\"https:\/\/www.em.com.br\/emfoco\/wp-content\/uploads\/2025\/11\/falencia_1763838477161-1024x576.jpg 1024w, https:\/\/www.em.com.br\/emfoco\/wp-content\/uploads\/2025\/11\/falencia_1763838477161-300x169.jpg 300w, https:\/\/www.em.com.br\/emfoco\/wp-content\/uploads\/2025\/11\/falencia_1763838477161-768x432.jpg 768w, https:\/\/www.em.com.br\/emfoco\/wp-content\/uploads\/2025\/11\/falencia_1763838477161-750x422.jpg 750w, https:\/\/www.em.com.br\/emfoco\/wp-content\/uploads\/2025\/11\/falencia_1763838477161-1140x641.jpg 1140w, https:\/\/www.em.com.br\/emfoco\/wp-content\/uploads\/2025\/11\/falencia_1763838477161.jpg 1280w\" sizes=\"auto, (max-width: 1024px) 100vw, 1024px\" \/><figcaption class=\"wp-element-caption\">A Justi\u00e7a decretou fal\u00eancia ap\u00f3s constatar d\u00edvidas superiores a dois milh\u00f5es &#8211; Cr\u00e9ditos: depositphotos.com \/ IgorVetushko<\/figcaption><\/figure>\n\n\n\n<h2 class=\"wp-block-heading\">O que ser\u00e1 feito com os bens e d\u00edvidas ap\u00f3s o fechamento?<\/h2>\n\n\n\n<p>Com a decreta\u00e7\u00e3o oficial, um administrador judicial foi nomeado para iniciar o leil\u00e3o dos bens da empresa. Essa etapa tem como objetivo levantar recursos para pagamento dos credores, seguindo regras espec\u00edficas. Veja alguns pontos importantes do processo:<\/p>\n\n\n\n<ul class=\"wp-block-list\">\n<li><strong>Leil\u00e3o de equipamentos<\/strong>: freezers, prateleiras e m\u00e1quinas ser\u00e3o avaliados e vendidos.<\/li>\n\n\n\n<li><strong>Venda de im\u00f3veis<\/strong>: unidades f\u00edsicas podem ir a leil\u00e3o para reduzir o passivo.<\/li>\n\n\n\n<li><strong>Retorno aos credores<\/strong>: valores arrecadados ser\u00e3o distribu\u00eddos conforme ordem legal de prioridade.<\/li>\n<\/ul>\n","protected":false},"excerpt":{"rendered":"<p>A fal\u00eancia de supermercado Ac\u00e1cia em Santa Catarina foi decretada em 2025 ap\u00f3s a empresa acumular d\u00edvidas superiores a R$ 2 milh\u00f5es. O colapso financeiro encerrou definitivamente as opera\u00e7\u00f5es e chamou aten\u00e7\u00e3o pela trajet\u00f3ria r\u00e1pida de crescimento e queda. Como a rede Ac\u00e1cia cresceu t\u00e3o r\u00e1pido no Oeste catarinense? A rede surgiu em 2019 com [&hellip;]<\/p>\n","protected":false},"author":13,"featured_media":131002,"comment_status":"open","ping_status":"open","sticky":false,"template":"","format":"standard","meta":{"jnews-multi-image_gallery":[],"jnews_single_post":{"format":"standard"},"jnews_primary_category":[],"jnews_social_meta":[],"jnews_override_counter":[],"footnotes":""},"categories":[8819],"tags":[19205,5478,19204,734],"class_list":["post-130978","post","type-post","status-publish","format-standard","has-post-thumbnail","hentry","category-curiosidades","tag-acacia","tag-falencia","tag-rede-de-supermercado","tag-santa-catarina"],"yoast_head":"<!-- This site is optimized with the Yoast SEO plugin v23.8 - https:\/\/yoast.com\/wordpress\/plugins\/seo\/ -->\n<title>A fal\u00eancia mais inesperada do varejo catarinense revela riscos da expans\u00e3o r\u00e1pida - Estado de Minas - Em foco<\/title>\n<meta name=\"description\" content=\"Ap\u00f3s forte expans\u00e3o, a rede Ac\u00e1cia de Santa Catarina encerra opera\u00e7\u00f5es e enfrenta processo de fal\u00eancia. Veja os bastidores do colapso.\" \/>\n<meta name=\"robots\" content=\"index, follow, max-snippet:-1, max-image-preview:large, max-video-preview:-1\" \/>\n<link rel=\"canonical\" href=\"https:\/\/www.em.com.br\/emfoco\/2025\/11\/24\/a-falencia-mais-inesperada-do-varejo-catarinense-revela-riscos-da-expansao-rapida\/\" \/>\n<meta property=\"og:locale\" content=\"pt_BR\" \/>\n<meta property=\"og:type\" content=\"article\" \/>\n<meta property=\"og:title\" content=\"A fal\u00eancia mais inesperada do varejo catarinense revela riscos da expans\u00e3o r\u00e1pida - Estado de Minas - Em foco\" \/>\n<meta property=\"og:description\" content=\"Ap\u00f3s forte expans\u00e3o, a rede Ac\u00e1cia de Santa Catarina encerra opera\u00e7\u00f5es e enfrenta processo de fal\u00eancia. Veja os bastidores do colapso.\" \/>\n<meta property=\"og:url\" content=\"https:\/\/www.em.com.br\/emfoco\/2025\/11\/24\/a-falencia-mais-inesperada-do-varejo-catarinense-revela-riscos-da-expansao-rapida\/\" \/>\n<meta property=\"og:site_name\" content=\"Estado de Minas - Em foco\" \/>\n<meta property=\"article:published_time\" content=\"2025-11-24T13:05:00+00:00\" \/>\n<meta property=\"article:modified_time\" content=\"2025-11-22T19:08:20+00:00\" \/>\n<meta property=\"og:image\" content=\"https:\/\/www.em.com.br\/emfoco\/wp-content\/uploads\/2025\/11\/Supermercado-falencia_1763838413770.jpg\" \/>\n\t<meta property=\"og:image:width\" content=\"1280\" \/>\n\t<meta property=\"og:image:height\" content=\"720\" \/>\n\t<meta property=\"og:image:type\" content=\"image\/jpeg\" \/>\n<meta name=\"author\" content=\"Gabriel Martins\" \/>\n<meta name=\"twitter:card\" content=\"summary_large_image\" \/>\n<meta name=\"twitter:label1\" content=\"Escrito por\" \/>\n\t<meta name=\"twitter:data1\" content=\"Gabriel Martins\" \/>\n\t<meta name=\"twitter:label2\" content=\"Est. tempo de leitura\" \/>\n\t<meta name=\"twitter:data2\" content=\"4 minutos\" \/>\n<!-- \/ Yoast SEO plugin. -->","yoast_head_json":{"title":"A fal\u00eancia mais inesperada do varejo catarinense revela riscos da expans\u00e3o r\u00e1pida - Estado de Minas - Em foco","description":"Ap\u00f3s forte expans\u00e3o, a rede Ac\u00e1cia de Santa Catarina encerra opera\u00e7\u00f5es e enfrenta processo de fal\u00eancia. Veja os bastidores do colapso.","robots":{"index":"index","follow":"follow","max-snippet":"max-snippet:-1","max-image-preview":"max-image-preview:large","max-video-preview":"max-video-preview:-1"},"canonical":"https:\/\/www.em.com.br\/emfoco\/2025\/11\/24\/a-falencia-mais-inesperada-do-varejo-catarinense-revela-riscos-da-expansao-rapida\/","og_locale":"pt_BR","og_type":"article","og_title":"A fal\u00eancia mais inesperada do varejo catarinense revela riscos da expans\u00e3o r\u00e1pida - Estado de Minas - Em foco","og_description":"Ap\u00f3s forte expans\u00e3o, a rede Ac\u00e1cia de Santa Catarina encerra opera\u00e7\u00f5es e enfrenta processo de fal\u00eancia. Veja os bastidores do colapso.","og_url":"https:\/\/www.em.com.br\/emfoco\/2025\/11\/24\/a-falencia-mais-inesperada-do-varejo-catarinense-revela-riscos-da-expansao-rapida\/","og_site_name":"Estado de Minas - Em foco","article_published_time":"2025-11-24T13:05:00+00:00","article_modified_time":"2025-11-22T19:08:20+00:00","og_image":[{"width":1280,"height":720,"url":"https:\/\/www.em.com.br\/emfoco\/wp-content\/uploads\/2025\/11\/Supermercado-falencia_1763838413770.jpg","type":"image\/jpeg"}],"author":"Gabriel Martins","twitter_card":"summary_large_image","twitter_misc":{"Escrito por":"Gabriel Martins","Est. tempo de leitura":"4 minutos"},"schema":{"@context":"https:\/\/schema.org","@graph":[{"@type":"WebPage","@id":"https:\/\/www.em.com.br\/emfoco\/2025\/11\/24\/a-falencia-mais-inesperada-do-varejo-catarinense-revela-riscos-da-expansao-rapida\/","url":"https:\/\/www.em.com.br\/emfoco\/2025\/11\/24\/a-falencia-mais-inesperada-do-varejo-catarinense-revela-riscos-da-expansao-rapida\/","name":"A fal\u00eancia mais inesperada do varejo catarinense revela riscos da expans\u00e3o r\u00e1pida - Estado de Minas - Em foco","isPartOf":{"@id":"https:\/\/www.em.com.br\/emfoco\/#website"},"primaryImageOfPage":{"@id":"https:\/\/www.em.com.br\/emfoco\/2025\/11\/24\/a-falencia-mais-inesperada-do-varejo-catarinense-revela-riscos-da-expansao-rapida\/#primaryimage"},"image":{"@id":"https:\/\/www.em.com.br\/emfoco\/2025\/11\/24\/a-falencia-mais-inesperada-do-varejo-catarinense-revela-riscos-da-expansao-rapida\/#primaryimage"},"thumbnailUrl":"https:\/\/www.em.com.br\/emfoco\/wp-content\/uploads\/2025\/11\/Supermercado-falencia_1763838413770.jpg","datePublished":"2025-11-24T13:05:00+00:00","dateModified":"2025-11-22T19:08:20+00:00","author":{"@id":"https:\/\/www.em.com.br\/emfoco\/#\/schema\/person\/1c9ddeab18b98abeffef834667bcf08a"},"description":"Ap\u00f3s forte expans\u00e3o, a rede Ac\u00e1cia de Santa Catarina encerra opera\u00e7\u00f5es e enfrenta processo de fal\u00eancia. Veja os bastidores do colapso.","breadcrumb":{"@id":"https:\/\/www.em.com.br\/emfoco\/2025\/11\/24\/a-falencia-mais-inesperada-do-varejo-catarinense-revela-riscos-da-expansao-rapida\/#breadcrumb"},"inLanguage":"pt-BR","potentialAction":[{"@type":"ReadAction","target":["https:\/\/www.em.com.br\/emfoco\/2025\/11\/24\/a-falencia-mais-inesperada-do-varejo-catarinense-revela-riscos-da-expansao-rapida\/"]}]},{"@type":"ImageObject","inLanguage":"pt-BR","@id":"https:\/\/www.em.com.br\/emfoco\/2025\/11\/24\/a-falencia-mais-inesperada-do-varejo-catarinense-revela-riscos-da-expansao-rapida\/#primaryimage","url":"https:\/\/www.em.com.br\/emfoco\/wp-content\/uploads\/2025\/11\/Supermercado-falencia_1763838413770.jpg","contentUrl":"https:\/\/www.em.com.br\/emfoco\/wp-content\/uploads\/2025\/11\/Supermercado-falencia_1763838413770.jpg","width":1280,"height":720,"caption":"A fal\u00eancia do Ac\u00e1cia exp\u00f4s d\u00edvidas altas e um crescimento insustent\u00e1vel - Cr\u00e9ditos: depositphotos.com \/ Margarita_Young"},{"@type":"BreadcrumbList","@id":"https:\/\/www.em.com.br\/emfoco\/2025\/11\/24\/a-falencia-mais-inesperada-do-varejo-catarinense-revela-riscos-da-expansao-rapida\/#breadcrumb","itemListElement":[{"@type":"ListItem","position":1,"name":"In\u00edcio","item":"https:\/\/www.em.com.br\/emfoco\/"},{"@type":"ListItem","position":2,"name":"A fal\u00eancia mais inesperada do varejo catarinense revela riscos da expans\u00e3o r\u00e1pida"}]},{"@type":"WebSite","@id":"https:\/\/www.em.com.br\/emfoco\/#website","url":"https:\/\/www.em.com.br\/emfoco\/","name":"Estado de Minas - Em foco","description":"Acompanhe as \u00faltimas not\u00edcias e fique bem informado sobre tudo o que acontece em Minas Gerais, Brasil e no mundo.","potentialAction":[{"@type":"SearchAction","target":{"@type":"EntryPoint","urlTemplate":"https:\/\/www.em.com.br\/emfoco\/?s={search_term_string}"},"query-input":{"@type":"PropertyValueSpecification","valueRequired":true,"valueName":"search_term_string"}}],"inLanguage":"pt-BR"},{"@type":"Person","@id":"https:\/\/www.em.com.br\/emfoco\/#\/schema\/person\/1c9ddeab18b98abeffef834667bcf08a","name":"Gabriel Martins","image":{"@type":"ImageObject","inLanguage":"pt-BR","@id":"https:\/\/www.em.com.br\/emfoco\/#\/schema\/person\/image\/","url":"https:\/\/secure.gravatar.com\/avatar\/f0f1e2efdfd88f1ad2cb08c5c2731e50?s=96&d=mm&r=g","contentUrl":"https:\/\/secure.gravatar.com\/avatar\/f0f1e2efdfd88f1ad2cb08c5c2731e50?s=96&d=mm&r=g","caption":"Gabriel Martins"},"sameAs":["https:\/\/www.em.com.br\/emfoco\/"],"url":"https:\/\/www.em.com.br\/emfoco\/author\/gabrielmartinsmyth\/"}]}},"_links":{"self":[{"href":"https:\/\/www.em.com.br\/emfoco\/wp-json\/wp\/v2\/posts\/130978","targetHints":{"allow":["GET"]}}],"collection":[{"href":"https:\/\/www.em.com.br\/emfoco\/wp-json\/wp\/v2\/posts"}],"about":[{"href":"https:\/\/www.em.com.br\/emfoco\/wp-json\/wp\/v2\/types\/post"}],"author":[{"embeddable":true,"href":"https:\/\/www.em.com.br\/emfoco\/wp-json\/wp\/v2\/users\/13"}],"replies":[{"embeddable":true,"href":"https:\/\/www.em.com.br\/emfoco\/wp-json\/wp\/v2\/comments?post=130978"}],"version-history":[{"count":1,"href":"https:\/\/www.em.com.br\/emfoco\/wp-json\/wp\/v2\/posts\/130978\/revisions"}],"predecessor-version":[{"id":131005,"href":"https:\/\/www.em.com.br\/emfoco\/wp-json\/wp\/v2\/posts\/130978\/revisions\/131005"}],"wp:featuredmedia":[{"embeddable":true,"href":"https:\/\/www.em.com.br\/emfoco\/wp-json\/wp\/v2\/media\/131002"}],"wp:attachment":[{"href":"https:\/\/www.em.com.br\/emfoco\/wp-json\/wp\/v2\/media?parent=130978"}],"wp:term":[{"taxonomy":"category","embeddable":true,"href":"https:\/\/www.em.com.br\/emfoco\/wp-json\/wp\/v2\/categories?post=130978"},{"taxonomy":"post_tag","embeddable":true,"href":"https:\/\/www.em.com.br\/emfoco\/wp-json\/wp\/v2\/tags?post=130978"}],"curies":[{"name":"wp","href":"https:\/\/api.w.org\/{rel}","templated":true}]}}