{"id":130909,"date":"2025-11-24T12:55:00","date_gmt":"2025-11-24T15:55:00","guid":{"rendered":"https:\/\/www.em.com.br\/emfoco\/?p=130909"},"modified":"2025-11-22T14:56:31","modified_gmt":"2025-11-22T17:56:31","slug":"essas-3-estampas-ressurgiram-e-estao-conquistando-todos-os-looks-da-estacao","status":"publish","type":"post","link":"https:\/\/www.em.com.br\/emfoco\/2025\/11\/24\/essas-3-estampas-ressurgiram-e-estao-conquistando-todos-os-looks-da-estacao\/","title":{"rendered":"Essas 3 estampas ressurgiram e est\u00e3o conquistando todos os looks da esta\u00e7\u00e3o"},"content":{"rendered":"\n<p>Tr\u00eas estampas cl\u00e1ssicas voltaram com for\u00e7a neste ver\u00e3o: <strong>florais grandes<\/strong>, <strong>listras retr\u00f4<\/strong> e <strong>po\u00e1 moderno<\/strong>. Elas reaparecem em cole\u00e7\u00f5es que unem nostalgia e leveza, criando combina\u00e7\u00f5es frescas para looks casuais ou mais elegantes sem pesar no visual.<\/p>\n\n\n\n<h2 class=\"wp-block-heading\">Por que florais grandes est\u00e3o dominando os looks da esta\u00e7\u00e3o?<\/h2>\n\n\n\n<p>Os florais ampliados surgem com desenhos <strong>vibrantes<\/strong> e tra\u00e7os soltos que deixam o look marcante sem exagero. A proposta repaginada combina naturalidade e presen\u00e7a, funcionando bem em pe\u00e7as fluidas que trazem movimento e suavidade ao visual.<\/p>\n\n\n\n<p>Vestidos longos, saias midi e camisas leves destacam esse estilo com equil\u00edbrio, j\u00e1 que a modelagem simples impede excesso de informa\u00e7\u00e3o. O segredo est\u00e1 em unir o floral a tons <strong>neutros<\/strong>, permitindo que a estampa seja o ponto de foco de forma elegante.<\/p>\n\n\n\n<figure class=\"wp-block-image size-large\"><img loading=\"lazy\" decoding=\"async\" width=\"1024\" height=\"576\" src=\"https:\/\/www.em.com.br\/emfoco\/wp-content\/uploads\/2025\/11\/IA-IMG-4-4-1024x576.jpg\" alt=\"Essas 3 estampas ressurgiram e est\u00e3o conquistando todos os looks da esta\u00e7\u00e3o\" class=\"wp-image-130926\" srcset=\"https:\/\/www.em.com.br\/emfoco\/wp-content\/uploads\/2025\/11\/IA-IMG-4-4-1024x576.jpg 1024w, https:\/\/www.em.com.br\/emfoco\/wp-content\/uploads\/2025\/11\/IA-IMG-4-4-300x169.jpg 300w, https:\/\/www.em.com.br\/emfoco\/wp-content\/uploads\/2025\/11\/IA-IMG-4-4-768x432.jpg 768w, https:\/\/www.em.com.br\/emfoco\/wp-content\/uploads\/2025\/11\/IA-IMG-4-4-750x422.jpg 750w, https:\/\/www.em.com.br\/emfoco\/wp-content\/uploads\/2025\/11\/IA-IMG-4-4-1140x641.jpg 1140w, https:\/\/www.em.com.br\/emfoco\/wp-content\/uploads\/2025\/11\/IA-IMG-4-4.jpg 1280w\" sizes=\"auto, (max-width: 1024px) 100vw, 1024px\" \/><figcaption class=\"wp-element-caption\">Florais amplos criam impacto elegante sem pesar no visual &#8211; Cr\u00e9ditos: Lovart<\/figcaption><\/figure>\n\n\n\n<p><em>Leia mais: <strong><a href=\"https:\/\/www.em.com.br\/emfoco\/2025\/11\/22\/os-penteados-que-vao-dominar-a-cabeca-das-mulheres-em-2025-e-nunca-saem-de-moda\/\" target=\"_blank\" rel=\"noreferrer noopener\">Os penteados que v\u00e3o dominar a cabe\u00e7a das mulheres em 2025 e nunca saem de moda<\/a><\/strong><\/em><\/p>\n\n\n\n<h2 class=\"wp-block-heading\">Como usar listras retr\u00f4 sem carregar o visual?<\/h2>\n\n\n\n<p>As listras com refer\u00eancia aos anos 70 e 90 voltam em tons suaves que ajudam a criar um efeito <strong>alongado<\/strong> e organizado. Por serem discretas, combinam facilmente com pe\u00e7as b\u00e1sicas e acrescentam personalidade sem destoar do conjunto.<\/p>\n\n\n\n<ul class=\"wp-block-list\">\n<li><strong>Tons pastel:<\/strong> oferecem leveza e funcionam bem em regatas, saias retas e conjuntos coordenados, mantendo harmonia visual.<\/li>\n\n\n\n<li><strong>Listras suaves:<\/strong> criam uniformidade e favorecem a silhueta, especialmente em cal\u00e7as de cintura alta ou blusas secas.<\/li>\n\n\n\n<li><strong>Composi\u00e7\u00f5es limpas:<\/strong> equilibram a estampa, garantindo um look retr\u00f4 atualizado para o dia a dia.<\/li>\n<\/ul>\n\n\n\n<h2 class=\"wp-block-heading\">O po\u00e1 moderno voltou diferente das vers\u00f5es antigas?<\/h2>\n\n\n\n<p>O po\u00e1 reaparece em vers\u00f5es <strong>irregulares<\/strong>, com tamanhos variados e <strong><a href=\"https:\/\/ocp.news\/sete-melhores\/cores-em-ascensao-na-moda-de-2024-uma-paleta-vibrante-e-serena\" target=\"_blank\" rel=\"noreferrer noopener\">paletas contempor\u00e2neas<\/a><\/strong> que permitem looks delicados ou descolados. A versatilidade aumenta quando combinado com pe\u00e7as lisas, criando contraste na medida certa.<\/p>\n\n\n\n<p>Ao usar a estampa, a ideia \u00e9 destacar sua est\u00e9tica atualizada sem pesar no conjunto. Tons neutros e jeans claro funcionam como base ideal, permitindo que o <strong>po\u00e1<\/strong> seja protagonista sem conflito com outras informa\u00e7\u00f5es do look.<\/p>\n\n\n\n<figure class=\"wp-block-image size-large\"><img loading=\"lazy\" decoding=\"async\" width=\"1024\" height=\"576\" src=\"https:\/\/www.em.com.br\/emfoco\/wp-content\/uploads\/2025\/11\/IA-IMG-5-2-1024x576.jpg\" alt=\"Essas 3 estampas ressurgiram e est\u00e3o conquistando todos os looks da esta\u00e7\u00e3o\" class=\"wp-image-130927\" srcset=\"https:\/\/www.em.com.br\/emfoco\/wp-content\/uploads\/2025\/11\/IA-IMG-5-2-1024x576.jpg 1024w, https:\/\/www.em.com.br\/emfoco\/wp-content\/uploads\/2025\/11\/IA-IMG-5-2-300x169.jpg 300w, https:\/\/www.em.com.br\/emfoco\/wp-content\/uploads\/2025\/11\/IA-IMG-5-2-768x432.jpg 768w, https:\/\/www.em.com.br\/emfoco\/wp-content\/uploads\/2025\/11\/IA-IMG-5-2-750x422.jpg 750w, https:\/\/www.em.com.br\/emfoco\/wp-content\/uploads\/2025\/11\/IA-IMG-5-2-1140x641.jpg 1140w, https:\/\/www.em.com.br\/emfoco\/wp-content\/uploads\/2025\/11\/IA-IMG-5-2.jpg 1280w\" sizes=\"auto, (max-width: 1024px) 100vw, 1024px\" \/><figcaption class=\"wp-element-caption\">Bases neutras e modelagens simples mant\u00eam equil\u00edbrio nas estampas &#8211; Cr\u00e9ditos: Lovart<\/figcaption><\/figure>\n\n\n\n<h2 class=\"wp-block-heading\">Quais cuidados evitam exageros na hora de usar estampas?<\/h2>\n\n\n\n<p>Antes de combinar as tend\u00eancias da esta\u00e7\u00e3o, \u00e9 importante entender como criar um balan\u00e7o <strong>visual<\/strong> eficiente. Para evitar excesso de informa\u00e7\u00e3o, algumas pr\u00e1ticas facilitam o uso inteligente de pe\u00e7as estampadas no cotidiano.<\/p>\n\n\n\n<ul class=\"wp-block-list\">\n<li><strong>Prefira bases neutras:<\/strong> branco, bege e preto equilibram florais, listras e po\u00e1s sem roubar protagonismo.<\/li>\n\n\n\n<li><strong>Modelagens simples:<\/strong> deixam a estampa se destacar e evitam que o look pare\u00e7a carregado.<\/li>\n\n\n\n<li><strong>Acess\u00f3rios discretos:<\/strong> preservam a leveza e mant\u00eam o foco na estampa escolhida.<\/li>\n<\/ul>\n","protected":false},"excerpt":{"rendered":"<p>Tr\u00eas estampas cl\u00e1ssicas voltaram com for\u00e7a neste ver\u00e3o: florais grandes, listras retr\u00f4 e po\u00e1 moderno. Elas reaparecem em cole\u00e7\u00f5es que unem nostalgia e leveza, criando combina\u00e7\u00f5es frescas para looks casuais ou mais elegantes sem pesar no visual. Por que florais grandes est\u00e3o dominando os looks da esta\u00e7\u00e3o? Os florais ampliados surgem com desenhos vibrantes e [&hellip;]<\/p>\n","protected":false},"author":13,"featured_media":130925,"comment_status":"open","ping_status":"open","sticky":false,"template":"","format":"standard","meta":{"jnews-multi-image_gallery":[],"jnews_single_post":{"format":"standard"},"jnews_primary_category":[],"jnews_social_meta":[],"jnews_override_counter":[],"footnotes":""},"categories":[8819],"tags":[19193,7063,4977],"class_list":["post-130909","post","type-post","status-publish","format-standard","has-post-thumbnail","hentry","category-curiosidades","tag-estampas-de-verao","tag-looks","tag-moda"],"yoast_head":"<!-- This site is optimized with the Yoast SEO plugin v23.8 - https:\/\/yoast.com\/wordpress\/plugins\/seo\/ -->\n<title>Essas 3 estampas ressurgiram e est\u00e3o conquistando todos os looks da esta\u00e7\u00e3o - Estado de Minas - Em foco<\/title>\n<meta name=\"description\" content=\"Tr\u00eas estampas cl\u00e1ssicas voltaram repaginadas e est\u00e3o dominando o ver\u00e3o com leveza e estilo. Veja como incluir essas pe\u00e7as no dia a dia.\" \/>\n<meta name=\"robots\" content=\"index, follow, max-snippet:-1, max-image-preview:large, max-video-preview:-1\" \/>\n<link rel=\"canonical\" href=\"https:\/\/www.em.com.br\/emfoco\/2025\/11\/24\/essas-3-estampas-ressurgiram-e-estao-conquistando-todos-os-looks-da-estacao\/\" \/>\n<meta property=\"og:locale\" content=\"pt_BR\" \/>\n<meta property=\"og:type\" content=\"article\" \/>\n<meta property=\"og:title\" content=\"Essas 3 estampas ressurgiram e est\u00e3o conquistando todos os looks da esta\u00e7\u00e3o - Estado de Minas - Em foco\" \/>\n<meta property=\"og:description\" content=\"Tr\u00eas estampas cl\u00e1ssicas voltaram repaginadas e est\u00e3o dominando o ver\u00e3o com leveza e estilo. Veja como incluir essas pe\u00e7as no dia a dia.\" \/>\n<meta property=\"og:url\" content=\"https:\/\/www.em.com.br\/emfoco\/2025\/11\/24\/essas-3-estampas-ressurgiram-e-estao-conquistando-todos-os-looks-da-estacao\/\" \/>\n<meta property=\"og:site_name\" content=\"Estado de Minas - Em foco\" \/>\n<meta property=\"article:published_time\" content=\"2025-11-24T15:55:00+00:00\" \/>\n<meta property=\"article:modified_time\" content=\"2025-11-22T17:56:31+00:00\" \/>\n<meta property=\"og:image\" content=\"https:\/\/www.em.com.br\/emfoco\/wp-content\/uploads\/2025\/11\/IA-IMG-3-11.jpg\" \/>\n\t<meta property=\"og:image:width\" content=\"1280\" \/>\n\t<meta property=\"og:image:height\" content=\"720\" \/>\n\t<meta property=\"og:image:type\" content=\"image\/jpeg\" \/>\n<meta name=\"author\" content=\"Gabriel Martins\" \/>\n<meta name=\"twitter:card\" content=\"summary_large_image\" \/>\n<meta name=\"twitter:label1\" content=\"Escrito por\" \/>\n\t<meta name=\"twitter:data1\" content=\"Gabriel Martins\" \/>\n\t<meta name=\"twitter:label2\" content=\"Est. tempo de leitura\" \/>\n\t<meta name=\"twitter:data2\" content=\"3 minutos\" \/>\n<!-- \/ Yoast SEO plugin. -->","yoast_head_json":{"title":"Essas 3 estampas ressurgiram e est\u00e3o conquistando todos os looks da esta\u00e7\u00e3o - Estado de Minas - Em foco","description":"Tr\u00eas estampas cl\u00e1ssicas voltaram repaginadas e est\u00e3o dominando o ver\u00e3o com leveza e estilo. Veja como incluir essas pe\u00e7as no dia a dia.","robots":{"index":"index","follow":"follow","max-snippet":"max-snippet:-1","max-image-preview":"max-image-preview:large","max-video-preview":"max-video-preview:-1"},"canonical":"https:\/\/www.em.com.br\/emfoco\/2025\/11\/24\/essas-3-estampas-ressurgiram-e-estao-conquistando-todos-os-looks-da-estacao\/","og_locale":"pt_BR","og_type":"article","og_title":"Essas 3 estampas ressurgiram e est\u00e3o conquistando todos os looks da esta\u00e7\u00e3o - Estado de Minas - Em foco","og_description":"Tr\u00eas estampas cl\u00e1ssicas voltaram repaginadas e est\u00e3o dominando o ver\u00e3o com leveza e estilo. Veja como incluir essas pe\u00e7as no dia a dia.","og_url":"https:\/\/www.em.com.br\/emfoco\/2025\/11\/24\/essas-3-estampas-ressurgiram-e-estao-conquistando-todos-os-looks-da-estacao\/","og_site_name":"Estado de Minas - Em foco","article_published_time":"2025-11-24T15:55:00+00:00","article_modified_time":"2025-11-22T17:56:31+00:00","og_image":[{"width":1280,"height":720,"url":"https:\/\/www.em.com.br\/emfoco\/wp-content\/uploads\/2025\/11\/IA-IMG-3-11.jpg","type":"image\/jpeg"}],"author":"Gabriel Martins","twitter_card":"summary_large_image","twitter_misc":{"Escrito por":"Gabriel Martins","Est. tempo de leitura":"3 minutos"},"schema":{"@context":"https:\/\/schema.org","@graph":[{"@type":"WebPage","@id":"https:\/\/www.em.com.br\/emfoco\/2025\/11\/24\/essas-3-estampas-ressurgiram-e-estao-conquistando-todos-os-looks-da-estacao\/","url":"https:\/\/www.em.com.br\/emfoco\/2025\/11\/24\/essas-3-estampas-ressurgiram-e-estao-conquistando-todos-os-looks-da-estacao\/","name":"Essas 3 estampas ressurgiram e est\u00e3o conquistando todos os looks da esta\u00e7\u00e3o - Estado de Minas - Em foco","isPartOf":{"@id":"https:\/\/www.em.com.br\/emfoco\/#website"},"primaryImageOfPage":{"@id":"https:\/\/www.em.com.br\/emfoco\/2025\/11\/24\/essas-3-estampas-ressurgiram-e-estao-conquistando-todos-os-looks-da-estacao\/#primaryimage"},"image":{"@id":"https:\/\/www.em.com.br\/emfoco\/2025\/11\/24\/essas-3-estampas-ressurgiram-e-estao-conquistando-todos-os-looks-da-estacao\/#primaryimage"},"thumbnailUrl":"https:\/\/www.em.com.br\/emfoco\/wp-content\/uploads\/2025\/11\/IA-IMG-3-11.jpg","datePublished":"2025-11-24T15:55:00+00:00","dateModified":"2025-11-22T17:56:31+00:00","author":{"@id":"https:\/\/www.em.com.br\/emfoco\/#\/schema\/person\/1c9ddeab18b98abeffef834667bcf08a"},"description":"Tr\u00eas estampas cl\u00e1ssicas voltaram repaginadas e est\u00e3o dominando o ver\u00e3o com leveza e estilo. Veja como incluir essas pe\u00e7as no dia a dia.","breadcrumb":{"@id":"https:\/\/www.em.com.br\/emfoco\/2025\/11\/24\/essas-3-estampas-ressurgiram-e-estao-conquistando-todos-os-looks-da-estacao\/#breadcrumb"},"inLanguage":"pt-BR","potentialAction":[{"@type":"ReadAction","target":["https:\/\/www.em.com.br\/emfoco\/2025\/11\/24\/essas-3-estampas-ressurgiram-e-estao-conquistando-todos-os-looks-da-estacao\/"]}]},{"@type":"ImageObject","inLanguage":"pt-BR","@id":"https:\/\/www.em.com.br\/emfoco\/2025\/11\/24\/essas-3-estampas-ressurgiram-e-estao-conquistando-todos-os-looks-da-estacao\/#primaryimage","url":"https:\/\/www.em.com.br\/emfoco\/wp-content\/uploads\/2025\/11\/IA-IMG-3-11.jpg","contentUrl":"https:\/\/www.em.com.br\/emfoco\/wp-content\/uploads\/2025\/11\/IA-IMG-3-11.jpg","width":1280,"height":720,"caption":"Tr\u00eas estampas cl\u00e1ssicas voltam ao ver\u00e3o com leveza e estilo moderno - Cr\u00e9ditos: Lovart"},{"@type":"BreadcrumbList","@id":"https:\/\/www.em.com.br\/emfoco\/2025\/11\/24\/essas-3-estampas-ressurgiram-e-estao-conquistando-todos-os-looks-da-estacao\/#breadcrumb","itemListElement":[{"@type":"ListItem","position":1,"name":"In\u00edcio","item":"https:\/\/www.em.com.br\/emfoco\/"},{"@type":"ListItem","position":2,"name":"Essas 3 estampas ressurgiram e est\u00e3o conquistando todos os looks da esta\u00e7\u00e3o"}]},{"@type":"WebSite","@id":"https:\/\/www.em.com.br\/emfoco\/#website","url":"https:\/\/www.em.com.br\/emfoco\/","name":"Estado de Minas - Em foco","description":"Acompanhe as \u00faltimas not\u00edcias e fique bem informado sobre tudo o que acontece em Minas Gerais, Brasil e no mundo.","potentialAction":[{"@type":"SearchAction","target":{"@type":"EntryPoint","urlTemplate":"https:\/\/www.em.com.br\/emfoco\/?s={search_term_string}"},"query-input":{"@type":"PropertyValueSpecification","valueRequired":true,"valueName":"search_term_string"}}],"inLanguage":"pt-BR"},{"@type":"Person","@id":"https:\/\/www.em.com.br\/emfoco\/#\/schema\/person\/1c9ddeab18b98abeffef834667bcf08a","name":"Gabriel Martins","image":{"@type":"ImageObject","inLanguage":"pt-BR","@id":"https:\/\/www.em.com.br\/emfoco\/#\/schema\/person\/image\/","url":"https:\/\/secure.gravatar.com\/avatar\/f0f1e2efdfd88f1ad2cb08c5c2731e50?s=96&d=mm&r=g","contentUrl":"https:\/\/secure.gravatar.com\/avatar\/f0f1e2efdfd88f1ad2cb08c5c2731e50?s=96&d=mm&r=g","caption":"Gabriel Martins"},"sameAs":["https:\/\/www.em.com.br\/emfoco\/"],"url":"https:\/\/www.em.com.br\/emfoco\/author\/gabrielmartinsmyth\/"}]}},"_links":{"self":[{"href":"https:\/\/www.em.com.br\/emfoco\/wp-json\/wp\/v2\/posts\/130909","targetHints":{"allow":["GET"]}}],"collection":[{"href":"https:\/\/www.em.com.br\/emfoco\/wp-json\/wp\/v2\/posts"}],"about":[{"href":"https:\/\/www.em.com.br\/emfoco\/wp-json\/wp\/v2\/types\/post"}],"author":[{"embeddable":true,"href":"https:\/\/www.em.com.br\/emfoco\/wp-json\/wp\/v2\/users\/13"}],"replies":[{"embeddable":true,"href":"https:\/\/www.em.com.br\/emfoco\/wp-json\/wp\/v2\/comments?post=130909"}],"version-history":[{"count":1,"href":"https:\/\/www.em.com.br\/emfoco\/wp-json\/wp\/v2\/posts\/130909\/revisions"}],"predecessor-version":[{"id":130928,"href":"https:\/\/www.em.com.br\/emfoco\/wp-json\/wp\/v2\/posts\/130909\/revisions\/130928"}],"wp:featuredmedia":[{"embeddable":true,"href":"https:\/\/www.em.com.br\/emfoco\/wp-json\/wp\/v2\/media\/130925"}],"wp:attachment":[{"href":"https:\/\/www.em.com.br\/emfoco\/wp-json\/wp\/v2\/media?parent=130909"}],"wp:term":[{"taxonomy":"category","embeddable":true,"href":"https:\/\/www.em.com.br\/emfoco\/wp-json\/wp\/v2\/categories?post=130909"},{"taxonomy":"post_tag","embeddable":true,"href":"https:\/\/www.em.com.br\/emfoco\/wp-json\/wp\/v2\/tags?post=130909"}],"curies":[{"name":"wp","href":"https:\/\/api.w.org\/{rel}","templated":true}]}}