{"id":130907,"date":"2025-11-24T08:15:00","date_gmt":"2025-11-24T11:15:00","guid":{"rendered":"https:\/\/www.em.com.br\/emfoco\/?p=130907"},"modified":"2025-11-22T14:48:28","modified_gmt":"2025-11-22T17:48:28","slug":"o-azul-que-conquistou-as-ruas-e-promete-invadir-seu-armario-nesse-verao","status":"publish","type":"post","link":"https:\/\/www.em.com.br\/emfoco\/2025\/11\/24\/o-azul-que-conquistou-as-ruas-e-promete-invadir-seu-armario-nesse-verao\/","title":{"rendered":"O azul que conquistou as ruas e promete invadir seu arm\u00e1rio nesse ver\u00e3o"},"content":{"rendered":"\n<p>O <strong>azul-cobalto<\/strong> ganhou for\u00e7a nas passarelas e no street style e promete dominar o ver\u00e3o por unir impacto visual, frescor e versatilidade. A cor funciona em diferentes estilos e cria combina\u00e7\u00f5es modernas sem exigir grandes mudan\u00e7as no guarda-roupa.<\/p>\n\n\n\n<h2 class=\"wp-block-heading\">Por que o azul-cobalto virou a cor queridinha da temporada?<\/h2>\n\n\n\n<p>A intensidade do <strong>tom vibrante<\/strong> transmite energia e modernidade, criando um visual marcante com pouco esfor\u00e7o. Essa sensa\u00e7\u00e3o de frescor combina com o clima quente e faz da cor uma aposta natural para quem busca leveza no ver\u00e3o.<\/p>\n\n\n\n<p>Outro motivo para o sucesso \u00e9 que o azul-cobalto valoriza diferentes <strong>tons de pele<\/strong>, garantindo eleg\u00e2ncia em produ\u00e7\u00f5es casuais ou sofisticadas. A paleta luminosa tamb\u00e9m refor\u00e7a o mood solar da esta\u00e7\u00e3o, tornando o look mais vivo e atual.<\/p>\n\n\n\n<figure class=\"wp-block-image size-large\"><img loading=\"lazy\" decoding=\"async\" width=\"1024\" height=\"576\" src=\"https:\/\/www.em.com.br\/emfoco\/wp-content\/uploads\/2025\/11\/IA-IMG-1-31-1024x576.jpg\" alt=\"O azul que conquistou as ruas e promete invadir seu arm\u00e1rio nesse ver\u00e3o\" class=\"wp-image-130918\" srcset=\"https:\/\/www.em.com.br\/emfoco\/wp-content\/uploads\/2025\/11\/IA-IMG-1-31-1024x576.jpg 1024w, https:\/\/www.em.com.br\/emfoco\/wp-content\/uploads\/2025\/11\/IA-IMG-1-31-300x169.jpg 300w, https:\/\/www.em.com.br\/emfoco\/wp-content\/uploads\/2025\/11\/IA-IMG-1-31-768x432.jpg 768w, https:\/\/www.em.com.br\/emfoco\/wp-content\/uploads\/2025\/11\/IA-IMG-1-31-750x422.jpg 750w, https:\/\/www.em.com.br\/emfoco\/wp-content\/uploads\/2025\/11\/IA-IMG-1-31-1140x641.jpg 1140w, https:\/\/www.em.com.br\/emfoco\/wp-content\/uploads\/2025\/11\/IA-IMG-1-31.jpg 1280w\" sizes=\"auto, (max-width: 1024px) 100vw, 1024px\" \/><figcaption class=\"wp-element-caption\">O tom vibrante transmite energia e valoriza diferentes tons de pele &#8211; Cr\u00e9ditos: Lovart<\/figcaption><\/figure>\n\n\n\n<p><em>Leia mais: <strong><a href=\"https:\/\/www.em.com.br\/emfoco\/2025\/11\/22\/os-penteados-que-vao-dominar-a-cabeca-das-mulheres-em-2025-e-nunca-saem-de-moda\/\" target=\"_blank\" rel=\"noreferrer noopener\">Os penteados que v\u00e3o dominar a cabe\u00e7a das mulheres em 2025 e nunca saem de moda<\/a><\/strong><\/em><\/p>\n\n\n\n<h2 class=\"wp-block-heading\">Como usar o azul-cobalto nas pe\u00e7as do dia a dia?<\/h2>\n\n\n\n<p>Incorporar essa cor no guarda-roupa \u00e9 simples, j\u00e1 que ela se adapta a v\u00e1rias propostas. Para facilitar, abaixo est\u00e3o formas pr\u00e1ticas e estilosas de incluir o <strong>azul intenso<\/strong> nas produ\u00e7\u00f5es:<\/p>\n\n\n\n<ul class=\"wp-block-list\">\n<li><strong>Pe\u00e7as leves:<\/strong> vestidos fluidos, tops e biqu\u00ednis deixam o look fresco e moderno, trazendo impacto imediato.<\/li>\n\n\n\n<li><strong>Alfaiataria descontra\u00edda:<\/strong> shorts, camisas e cal\u00e7as no tom criam um visual elegante sem parecer formal demais.<\/li>\n\n\n\n<li><strong>Acess\u00f3rios marcantes:<\/strong> bolsas, sand\u00e1lias e brincos em azul-cobalto funcionam como ponto de destaque e renovam composi\u00e7\u00f5es b\u00e1sicas.<\/li>\n<\/ul>\n\n\n\n<h2 class=\"wp-block-heading\">Quais cores combinam melhor com o azul-cobalto?<\/h2>\n\n\n\n<p>Para quem prefere um <strong><a href=\"https:\/\/www.usofascinius.com.br\/blog\/estilo-elegante-como-aderir?srsltid=AfmBOorAPOMIi8i_ByEZsYi58EREvxqmyEHyS8Nib0hR_3kRDC74U5zS\" target=\"_blank\" rel=\"noreferrer noopener\">estilo mais elegante<\/a><\/strong>, combinar o azul-cobalto com <strong>neutros<\/strong> como branco, areia e jeans cria equil\u00edbrio e sofistica\u00e7\u00e3o. Essas tonalidades suavizam o look sem perder o efeito moderno da cor.<\/p>\n\n\n\n<p>J\u00e1 quem gosta de ousar pode apostar em pares vibrantes, como <strong>laranja<\/strong> ou verde, criando contrastes intensos e cheios de personalidade. A combina\u00e7\u00e3o resulta em produ\u00e7\u00f5es energ\u00e9ticas que refletem o clima leve do ver\u00e3o.<\/p>\n\n\n\n<figure class=\"wp-block-image size-large\"><img loading=\"lazy\" decoding=\"async\" width=\"1024\" height=\"576\" src=\"https:\/\/www.em.com.br\/emfoco\/wp-content\/uploads\/2025\/11\/IA-IMG-3-10-1024x576.jpg\" alt=\"O azul que conquistou as ruas e promete invadir seu arm\u00e1rio nesse ver\u00e3o\" class=\"wp-image-130919\" srcset=\"https:\/\/www.em.com.br\/emfoco\/wp-content\/uploads\/2025\/11\/IA-IMG-3-10-1024x576.jpg 1024w, https:\/\/www.em.com.br\/emfoco\/wp-content\/uploads\/2025\/11\/IA-IMG-3-10-300x169.jpg 300w, https:\/\/www.em.com.br\/emfoco\/wp-content\/uploads\/2025\/11\/IA-IMG-3-10-768x432.jpg 768w, https:\/\/www.em.com.br\/emfoco\/wp-content\/uploads\/2025\/11\/IA-IMG-3-10-750x422.jpg 750w, https:\/\/www.em.com.br\/emfoco\/wp-content\/uploads\/2025\/11\/IA-IMG-3-10-1140x641.jpg 1140w, https:\/\/www.em.com.br\/emfoco\/wp-content\/uploads\/2025\/11\/IA-IMG-3-10.jpg 1280w\" sizes=\"auto, (max-width: 1024px) 100vw, 1024px\" \/><figcaption class=\"wp-element-caption\">Neutros equilibram a cor; tons vibrantes criam contrastes cheios de personalidade &#8211; Cr\u00e9ditos: Lovart<\/figcaption><\/figure>\n\n\n\n<h2 class=\"wp-block-heading\">Como adaptar a cor a diferentes estilos pessoais?<\/h2>\n\n\n\n<p>Essa tonalidade funciona em diversas propostas, e cada estilo pode aproveitar o <strong>azul-cobalto<\/strong> de um jeito \u00fanico. Abaixo est\u00e3o sugest\u00f5es que ajudam a adaptar a cor ao visual de cada pessoa:<\/p>\n\n\n\n<ul class=\"wp-block-list\">\n<li><strong>Cl\u00e1ssico:<\/strong> camisas estruturadas e saias midi mant\u00eam eleg\u00e2ncia, trazendo modernidade sem exagero.<\/li>\n\n\n\n<li><strong>Esportivo:<\/strong> shorts tecnol\u00f3gicos e regatas no tom deixam o look din\u00e2mico e confort\u00e1vel.<\/li>\n\n\n\n<li><strong>Rom\u00e2ntico e minimalista:<\/strong> vestidos fluidos, mangas bufantes ou blusas lisas com cortes limpos refor\u00e7am feminilidade e simplicidade.<\/li>\n<\/ul>\n","protected":false},"excerpt":{"rendered":"<p>O azul-cobalto ganhou for\u00e7a nas passarelas e no street style e promete dominar o ver\u00e3o por unir impacto visual, frescor e versatilidade. A cor funciona em diferentes estilos e cria combina\u00e7\u00f5es modernas sem exigir grandes mudan\u00e7as no guarda-roupa. Por que o azul-cobalto virou a cor queridinha da temporada? A intensidade do tom vibrante transmite energia [&hellip;]<\/p>\n","protected":false},"author":13,"featured_media":130917,"comment_status":"open","ping_status":"open","sticky":false,"template":"","format":"standard","meta":{"jnews-multi-image_gallery":[],"jnews_single_post":{"format":"standard"},"jnews_primary_category":[],"jnews_social_meta":[],"jnews_override_counter":[],"footnotes":""},"categories":[8819],"tags":[19191,7063,7025],"class_list":["post-130907","post","type-post","status-publish","format-standard","has-post-thumbnail","hentry","category-curiosidades","tag-azul-cobalto","tag-looks","tag-tendencias-de-moda"],"yoast_head":"<!-- This site is optimized with the Yoast SEO plugin v23.8 - https:\/\/yoast.com\/wordpress\/plugins\/seo\/ -->\n<title>O azul que conquistou as ruas e promete invadir seu arm\u00e1rio nesse ver\u00e3o - Estado de Minas - Em foco<\/title>\n<meta name=\"description\" content=\"Visual moderno, leveza e impacto. O azul-cobalto \u00e9 o tom que conquistou o ver\u00e3o e est\u00e1 dominando as ruas com estilo e versatilidade.\" \/>\n<meta name=\"robots\" content=\"index, follow, max-snippet:-1, max-image-preview:large, max-video-preview:-1\" \/>\n<link rel=\"canonical\" href=\"https:\/\/www.em.com.br\/emfoco\/2025\/11\/24\/o-azul-que-conquistou-as-ruas-e-promete-invadir-seu-armario-nesse-verao\/\" \/>\n<meta property=\"og:locale\" content=\"pt_BR\" \/>\n<meta property=\"og:type\" content=\"article\" \/>\n<meta property=\"og:title\" content=\"O azul que conquistou as ruas e promete invadir seu arm\u00e1rio nesse ver\u00e3o - Estado de Minas - Em foco\" \/>\n<meta property=\"og:description\" content=\"Visual moderno, leveza e impacto. O azul-cobalto \u00e9 o tom que conquistou o ver\u00e3o e est\u00e1 dominando as ruas com estilo e versatilidade.\" \/>\n<meta property=\"og:url\" content=\"https:\/\/www.em.com.br\/emfoco\/2025\/11\/24\/o-azul-que-conquistou-as-ruas-e-promete-invadir-seu-armario-nesse-verao\/\" \/>\n<meta property=\"og:site_name\" content=\"Estado de Minas - Em foco\" \/>\n<meta property=\"article:published_time\" content=\"2025-11-24T11:15:00+00:00\" \/>\n<meta property=\"article:modified_time\" content=\"2025-11-22T17:48:28+00:00\" \/>\n<meta property=\"og:image\" content=\"https:\/\/www.em.com.br\/emfoco\/wp-content\/uploads\/2025\/11\/IA-IMG-43.jpg\" \/>\n\t<meta property=\"og:image:width\" content=\"1280\" \/>\n\t<meta property=\"og:image:height\" content=\"720\" \/>\n\t<meta property=\"og:image:type\" content=\"image\/jpeg\" \/>\n<meta name=\"author\" content=\"Gabriel Martins\" \/>\n<meta name=\"twitter:card\" content=\"summary_large_image\" \/>\n<meta name=\"twitter:label1\" content=\"Escrito por\" \/>\n\t<meta name=\"twitter:data1\" content=\"Gabriel Martins\" \/>\n\t<meta name=\"twitter:label2\" content=\"Est. tempo de leitura\" \/>\n\t<meta name=\"twitter:data2\" content=\"3 minutos\" \/>\n<!-- \/ Yoast SEO plugin. -->","yoast_head_json":{"title":"O azul que conquistou as ruas e promete invadir seu arm\u00e1rio nesse ver\u00e3o - Estado de Minas - Em foco","description":"Visual moderno, leveza e impacto. O azul-cobalto \u00e9 o tom que conquistou o ver\u00e3o e est\u00e1 dominando as ruas com estilo e versatilidade.","robots":{"index":"index","follow":"follow","max-snippet":"max-snippet:-1","max-image-preview":"max-image-preview:large","max-video-preview":"max-video-preview:-1"},"canonical":"https:\/\/www.em.com.br\/emfoco\/2025\/11\/24\/o-azul-que-conquistou-as-ruas-e-promete-invadir-seu-armario-nesse-verao\/","og_locale":"pt_BR","og_type":"article","og_title":"O azul que conquistou as ruas e promete invadir seu arm\u00e1rio nesse ver\u00e3o - Estado de Minas - Em foco","og_description":"Visual moderno, leveza e impacto. O azul-cobalto \u00e9 o tom que conquistou o ver\u00e3o e est\u00e1 dominando as ruas com estilo e versatilidade.","og_url":"https:\/\/www.em.com.br\/emfoco\/2025\/11\/24\/o-azul-que-conquistou-as-ruas-e-promete-invadir-seu-armario-nesse-verao\/","og_site_name":"Estado de Minas - Em foco","article_published_time":"2025-11-24T11:15:00+00:00","article_modified_time":"2025-11-22T17:48:28+00:00","og_image":[{"width":1280,"height":720,"url":"https:\/\/www.em.com.br\/emfoco\/wp-content\/uploads\/2025\/11\/IA-IMG-43.jpg","type":"image\/jpeg"}],"author":"Gabriel Martins","twitter_card":"summary_large_image","twitter_misc":{"Escrito por":"Gabriel Martins","Est. tempo de leitura":"3 minutos"},"schema":{"@context":"https:\/\/schema.org","@graph":[{"@type":"WebPage","@id":"https:\/\/www.em.com.br\/emfoco\/2025\/11\/24\/o-azul-que-conquistou-as-ruas-e-promete-invadir-seu-armario-nesse-verao\/","url":"https:\/\/www.em.com.br\/emfoco\/2025\/11\/24\/o-azul-que-conquistou-as-ruas-e-promete-invadir-seu-armario-nesse-verao\/","name":"O azul que conquistou as ruas e promete invadir seu arm\u00e1rio nesse ver\u00e3o - Estado de Minas - Em foco","isPartOf":{"@id":"https:\/\/www.em.com.br\/emfoco\/#website"},"primaryImageOfPage":{"@id":"https:\/\/www.em.com.br\/emfoco\/2025\/11\/24\/o-azul-que-conquistou-as-ruas-e-promete-invadir-seu-armario-nesse-verao\/#primaryimage"},"image":{"@id":"https:\/\/www.em.com.br\/emfoco\/2025\/11\/24\/o-azul-que-conquistou-as-ruas-e-promete-invadir-seu-armario-nesse-verao\/#primaryimage"},"thumbnailUrl":"https:\/\/www.em.com.br\/emfoco\/wp-content\/uploads\/2025\/11\/IA-IMG-43.jpg","datePublished":"2025-11-24T11:15:00+00:00","dateModified":"2025-11-22T17:48:28+00:00","author":{"@id":"https:\/\/www.em.com.br\/emfoco\/#\/schema\/person\/1c9ddeab18b98abeffef834667bcf08a"},"description":"Visual moderno, leveza e impacto. O azul-cobalto \u00e9 o tom que conquistou o ver\u00e3o e est\u00e1 dominando as ruas com estilo e versatilidade.","breadcrumb":{"@id":"https:\/\/www.em.com.br\/emfoco\/2025\/11\/24\/o-azul-que-conquistou-as-ruas-e-promete-invadir-seu-armario-nesse-verao\/#breadcrumb"},"inLanguage":"pt-BR","potentialAction":[{"@type":"ReadAction","target":["https:\/\/www.em.com.br\/emfoco\/2025\/11\/24\/o-azul-que-conquistou-as-ruas-e-promete-invadir-seu-armario-nesse-verao\/"]}]},{"@type":"ImageObject","inLanguage":"pt-BR","@id":"https:\/\/www.em.com.br\/emfoco\/2025\/11\/24\/o-azul-que-conquistou-as-ruas-e-promete-invadir-seu-armario-nesse-verao\/#primaryimage","url":"https:\/\/www.em.com.br\/emfoco\/wp-content\/uploads\/2025\/11\/IA-IMG-43.jpg","contentUrl":"https:\/\/www.em.com.br\/emfoco\/wp-content\/uploads\/2025\/11\/IA-IMG-43.jpg","width":1280,"height":720,"caption":"O azul-cobalto virou destaque do ver\u00e3o por frescor e impacto visual - Cr\u00e9ditos: Lovart"},{"@type":"BreadcrumbList","@id":"https:\/\/www.em.com.br\/emfoco\/2025\/11\/24\/o-azul-que-conquistou-as-ruas-e-promete-invadir-seu-armario-nesse-verao\/#breadcrumb","itemListElement":[{"@type":"ListItem","position":1,"name":"In\u00edcio","item":"https:\/\/www.em.com.br\/emfoco\/"},{"@type":"ListItem","position":2,"name":"O azul que conquistou as ruas e promete invadir seu arm\u00e1rio nesse ver\u00e3o"}]},{"@type":"WebSite","@id":"https:\/\/www.em.com.br\/emfoco\/#website","url":"https:\/\/www.em.com.br\/emfoco\/","name":"Estado de Minas - Em foco","description":"Acompanhe as \u00faltimas not\u00edcias e fique bem informado sobre tudo o que acontece em Minas Gerais, Brasil e no mundo.","potentialAction":[{"@type":"SearchAction","target":{"@type":"EntryPoint","urlTemplate":"https:\/\/www.em.com.br\/emfoco\/?s={search_term_string}"},"query-input":{"@type":"PropertyValueSpecification","valueRequired":true,"valueName":"search_term_string"}}],"inLanguage":"pt-BR"},{"@type":"Person","@id":"https:\/\/www.em.com.br\/emfoco\/#\/schema\/person\/1c9ddeab18b98abeffef834667bcf08a","name":"Gabriel Martins","image":{"@type":"ImageObject","inLanguage":"pt-BR","@id":"https:\/\/www.em.com.br\/emfoco\/#\/schema\/person\/image\/","url":"https:\/\/secure.gravatar.com\/avatar\/f0f1e2efdfd88f1ad2cb08c5c2731e50?s=96&d=mm&r=g","contentUrl":"https:\/\/secure.gravatar.com\/avatar\/f0f1e2efdfd88f1ad2cb08c5c2731e50?s=96&d=mm&r=g","caption":"Gabriel Martins"},"sameAs":["https:\/\/www.em.com.br\/emfoco\/"],"url":"https:\/\/www.em.com.br\/emfoco\/author\/gabrielmartinsmyth\/"}]}},"_links":{"self":[{"href":"https:\/\/www.em.com.br\/emfoco\/wp-json\/wp\/v2\/posts\/130907","targetHints":{"allow":["GET"]}}],"collection":[{"href":"https:\/\/www.em.com.br\/emfoco\/wp-json\/wp\/v2\/posts"}],"about":[{"href":"https:\/\/www.em.com.br\/emfoco\/wp-json\/wp\/v2\/types\/post"}],"author":[{"embeddable":true,"href":"https:\/\/www.em.com.br\/emfoco\/wp-json\/wp\/v2\/users\/13"}],"replies":[{"embeddable":true,"href":"https:\/\/www.em.com.br\/emfoco\/wp-json\/wp\/v2\/comments?post=130907"}],"version-history":[{"count":1,"href":"https:\/\/www.em.com.br\/emfoco\/wp-json\/wp\/v2\/posts\/130907\/revisions"}],"predecessor-version":[{"id":130920,"href":"https:\/\/www.em.com.br\/emfoco\/wp-json\/wp\/v2\/posts\/130907\/revisions\/130920"}],"wp:featuredmedia":[{"embeddable":true,"href":"https:\/\/www.em.com.br\/emfoco\/wp-json\/wp\/v2\/media\/130917"}],"wp:attachment":[{"href":"https:\/\/www.em.com.br\/emfoco\/wp-json\/wp\/v2\/media?parent=130907"}],"wp:term":[{"taxonomy":"category","embeddable":true,"href":"https:\/\/www.em.com.br\/emfoco\/wp-json\/wp\/v2\/categories?post=130907"},{"taxonomy":"post_tag","embeddable":true,"href":"https:\/\/www.em.com.br\/emfoco\/wp-json\/wp\/v2\/tags?post=130907"}],"curies":[{"name":"wp","href":"https:\/\/api.w.org\/{rel}","templated":true}]}}