{"id":130842,"date":"2025-11-23T07:15:00","date_gmt":"2025-11-23T10:15:00","guid":{"rendered":"https:\/\/www.em.com.br\/emfoco\/?p=130842"},"modified":"2025-11-22T18:43:44","modified_gmt":"2025-11-22T21:43:44","slug":"cadastro-unico-abre-portas-para-todos-os-beneficios-sociais-que-voce-precisar","status":"publish","type":"post","link":"https:\/\/www.em.com.br\/emfoco\/2025\/11\/23\/cadastro-unico-abre-portas-para-todos-os-beneficios-sociais-que-voce-precisar\/","title":{"rendered":"Cadastro \u00danico abre portas para todos os benef\u00edcios sociais que voc\u00ea precisar"},"content":{"rendered":"\n<p>O <strong>Cadastro \u00danico<\/strong> \u00e9 uma importante ferramenta que re\u00fane dados socioecon\u00f4micos das fam\u00edlias brasileiras, sendo fundamental para identificar e incluir cidad\u00e3os de baixa renda em programas sociais, promovendo o acesso a direitos e a melhoria da qualidade de vida.<\/p>\n\n\n\n<h2 class=\"wp-block-heading\">Como o Cadastro \u00danico contribui para a inclus\u00e3o social no Brasil<\/h2>\n\n\n\n<p>Desde sua cria\u00e7\u00e3o, o <strong>Cadastro \u00danico<\/strong> ampliou seu alcance, tornando-se eficiente na conex\u00e3o entre fam\u00edlias vulner\u00e1veis e benef\u00edcios sociais. Sua estrutura garante que fam\u00edlias marginalizadas possam ser localizadas e assistidas adequadamente. <\/p>\n\n\n\n<p>\nCom atualiza\u00e7\u00e3o constante dos dados, o sistema permite que pol\u00edticas p\u00fablicas sejam desenvolvidas com base em informa\u00e7\u00f5es reais, fortalecendo a distribui\u00e7\u00e3o de recursos e o impacto nos lares atendidos.\n<\/p>\n\n\n<div class=\"wp-block-image\">\n<figure class=\"aligncenter size-large\"><img loading=\"lazy\" decoding=\"async\" width=\"1024\" height=\"576\" src=\"https:\/\/www.em.com.br\/emfoco\/wp-content\/uploads\/2025\/06\/familia_1748976621996-1024x576.jpg\" alt=\"Afeto vale como lei e muda o registro de filhos e pais na fam\u00edlia\" class=\"wp-image-55006\" srcset=\"https:\/\/www.em.com.br\/emfoco\/wp-content\/uploads\/2025\/06\/familia_1748976621996-1024x576.jpg 1024w, https:\/\/www.em.com.br\/emfoco\/wp-content\/uploads\/2025\/06\/familia_1748976621996-300x169.jpg 300w, https:\/\/www.em.com.br\/emfoco\/wp-content\/uploads\/2025\/06\/familia_1748976621996-768x432.jpg 768w, https:\/\/www.em.com.br\/emfoco\/wp-content\/uploads\/2025\/06\/familia_1748976621996-750x422.jpg 750w, https:\/\/www.em.com.br\/emfoco\/wp-content\/uploads\/2025\/06\/familia_1748976621996-1140x641.jpg 1140w, https:\/\/www.em.com.br\/emfoco\/wp-content\/uploads\/2025\/06\/familia_1748976621996.jpg 1280w\" sizes=\"auto, (max-width: 1024px) 100vw, 1024px\" \/><figcaption class=\"wp-element-caption\">Cadastro \u00danico como chave para benef\u00edcios sociais &#8211; Cr\u00e9ditos: depositphotos.com \/ asife<\/figcaption><\/figure><\/div>\n\n\n<h2 class=\"wp-block-heading\">Veja como funciona o processo do Cadastro \u00danico<\/h2>\n\n\n\n<p>O funcionamento do <strong>Cadastro \u00danico<\/strong> \u00e9 focado na praticidade. O procedimento exige informa\u00e7\u00f5es como renda, composi\u00e7\u00e3o familiar e moradia, facilitando o acesso por meio dos <strong>Centros de Refer\u00eancia de Assist\u00eancia Social <\/strong>(CRAS). <\/p>\n\n\n\n<p>\nAp\u00f3s o cadastro realizado nos postos de atendimento, os dados s\u00e3o validados e integrados a um banco nacional. Isso contribui para uma an\u00e1lise centralizada e para a coordena\u00e7\u00e3o dos servi\u00e7os p\u00fablicos com maior precis\u00e3o.\n<\/p>\n\n\n\n<p>Leia mais: <a href=\"https:\/\/www.em.com.br\/emfoco\/2025\/11\/21\/entenda-o-calendario-do-bolsa-familia-e-garanta-seu-pagamento-em-3-passos\/\" target=\"_blank\" rel=\"noreferrer noopener\">Entenda o calend\u00e1rio do Bolsa Fam\u00edlia e garanta seu pagamento em 3 passos<\/a><\/p>\n\n\n\n<h2 class=\"wp-block-heading\">Principais programas sociais que utilizam o Cadastro \u00danico<\/h2>\n\n\n\n<p>Diversos benef\u00edcios essenciais est\u00e3o associados ao <strong>Cadastro \u00danico<\/strong>. Al\u00e9m do famoso <strong>Bolsa Fam\u00edlia,<\/strong> outros programas sociais dependem dessa base de dados para garantir a inclus\u00e3o correta dos participantes. <\/p>\n\n\n\n<p>Confira alguns exemplos de programas que requerem a inscri\u00e7\u00e3o no <strong><a href=\"https:\/\/www.gov.br\/pt-br\/servicos\/consultar-dados-do-cadastro-unico-cadunico\" target=\"_blank\" rel=\"noreferrer noopener\">Cadastro \u00danico<\/a><\/strong>: <\/p>\n\n\n\n<ul class=\"wp-block-list\">\n<li><strong>Bolsa Fam\u00edlia<\/strong><\/li>\n\n\n\n<li><strong>Programa Minha Casa, Minha Vida<\/strong><\/li>\n\n\n\n<li><strong>Tarifa Social de Energia El\u00e9trica<\/strong><\/li>\n\n\n\n<li><strong>Benef\u00edcio de Presta\u00e7\u00e3o Continuada (BPC)<\/strong><\/li>\n<\/ul>\n\n\n\n<h2 class=\"wp-block-heading\">Como a tecnologia vem aprimorando o Cadastro \u00danico<\/h2>\n\n\n<div class=\"wp-block-image\">\n<figure class=\"aligncenter size-large\"><img loading=\"lazy\" decoding=\"async\" width=\"1024\" height=\"576\" src=\"https:\/\/www.em.com.br\/emfoco\/wp-content\/uploads\/2025\/11\/mulher-no-celular_1761292023493-1024x576.jpg\" alt=\"5 apps do governo que toda dona de casa deveria ter no celular\" class=\"wp-image-124187\" srcset=\"https:\/\/www.em.com.br\/emfoco\/wp-content\/uploads\/2025\/11\/mulher-no-celular_1761292023493-1024x576.jpg 1024w, https:\/\/www.em.com.br\/emfoco\/wp-content\/uploads\/2025\/11\/mulher-no-celular_1761292023493-300x169.jpg 300w, https:\/\/www.em.com.br\/emfoco\/wp-content\/uploads\/2025\/11\/mulher-no-celular_1761292023493-768x432.jpg 768w, https:\/\/www.em.com.br\/emfoco\/wp-content\/uploads\/2025\/11\/mulher-no-celular_1761292023493-750x422.jpg 750w, https:\/\/www.em.com.br\/emfoco\/wp-content\/uploads\/2025\/11\/mulher-no-celular_1761292023493-1140x641.jpg 1140w, https:\/\/www.em.com.br\/emfoco\/wp-content\/uploads\/2025\/11\/mulher-no-celular_1761292023493.jpg 1280w\" sizes=\"auto, (max-width: 1024px) 100vw, 1024px\" \/><figcaption class=\"wp-element-caption\">Cadastro \u00danico como chave para benef\u00edcios sociais &#8211; Cr\u00e9ditos: depositphotos.com \/ IgorVetushko<\/figcaption><\/figure><\/div>\n\n\n<p>O avan\u00e7o tecnol\u00f3gico trouxe melhorias significativas ao sistema. Com digitaliza\u00e7\u00e3o e integra\u00e7\u00e3o digital, o <strong>Cadastro \u00danico<\/strong> se tornou mais \u00e1gil, transparente e acess\u00edvel para os cidad\u00e3os. <\/p>\n\n\n\n<p>\nFerramentas como aplicativos m\u00f3veis e plataformas online reduzem o tempo entre cadastramento e acesso aos benef\u00edcios, tornando as atualiza\u00e7\u00f5es cadastrais mais pr\u00e1ticas e eficientes para as fam\u00edlias.\n<\/p>\n\n\n\n<p>Leia mais: <a href=\"https:\/\/www.em.com.br\/emfoco\/2025\/11\/22\/a-mudanca-do-clima-em-bh-exige-atencao-para-garantir-a-protecao-da-sua-familia\/\" target=\"_blank\" rel=\"noreferrer noopener\">A mudan\u00e7a do clima em BH exige aten\u00e7\u00e3o para garantir a prote\u00e7\u00e3o da sua fam\u00edlia<\/a><\/p>\n\n\n\n<h2 class=\"wp-block-heading\">O que torna o Cadastro \u00danico indispens\u00e1vel para reduzir a desigualdade social?<\/h2>\n\n\n\n<p>Identificar os grupos mais vulner\u00e1veis e garantir uma distribui\u00e7\u00e3o justa dos recursos s\u00e3o pap\u00e9is centrais do <strong>Cadastro \u00danico<\/strong>. Essas a\u00e7\u00f5es ajudam o governo e demais entidades a criarem estrat\u00e9gias inclusivas e eficazes. <\/p>\n\n\n\n<p>Al\u00e9m disso, a exist\u00eancia do <strong>Cadastro \u00danico<\/strong> fortalece a consci\u00eancia social e a cidadania, aumentando a busca por direitos e estimulando a constru\u00e7\u00e3o de uma sociedade mais igualit\u00e1ria. <\/p>\n\n\n\n<p>Em resumo, o <strong>Cadastro \u00danico<\/strong> \u00e9 um dos pilares da justi\u00e7a social no Brasil, possibilitando que fam\u00edlias em situa\u00e7\u00e3o de vulnerabilidade conquistem oportunidades e acesso pleno a benef\u00edcios. O aprimoramento e a amplia\u00e7\u00e3o desse sistema s\u00e3o fundamentais para garantir que direitos b\u00e1sicos alcancem todos os brasileiros.<\/p>\n","protected":false},"excerpt":{"rendered":"<p>O Cadastro \u00danico \u00e9 uma importante ferramenta que re\u00fane dados socioecon\u00f4micos das fam\u00edlias brasileiras, sendo fundamental para identificar e incluir cidad\u00e3os de baixa renda em programas sociais, promovendo o acesso a direitos e a melhoria da qualidade de vida. Como o Cadastro \u00danico contribui para a inclus\u00e3o social no Brasil Desde sua cria\u00e7\u00e3o, o Cadastro [&hellip;]<\/p>\n","protected":false},"author":20,"featured_media":54989,"comment_status":"open","ping_status":"open","sticky":false,"template":"","format":"standard","meta":{"jnews-multi-image_gallery":[],"jnews_single_post":{"format":"standard"},"jnews_primary_category":[],"jnews_social_meta":[],"jnews_override_counter":[],"footnotes":""},"categories":[28,1],"tags":[986,12081],"class_list":["post-130842","post","type-post","status-publish","format-standard","has-post-thumbnail","hentry","category-economia","category-noticias","tag-beneficios-sociais","tag-cadastro-unico-2"],"yoast_head":"<!-- This site is optimized with the Yoast SEO plugin v23.8 - https:\/\/yoast.com\/wordpress\/plugins\/seo\/ -->\n<title>Cadastro \u00danico abre portas para todos os benef\u00edcios sociais que voc\u00ea precisar - Estado de Minas - Em foco<\/title>\n<meta name=\"description\" content=\"Cadastro \u00danico garante acesso facilitado aos principais benef\u00edcios e programas sociais para quem mais precisa.\" \/>\n<meta name=\"robots\" content=\"index, follow, max-snippet:-1, max-image-preview:large, max-video-preview:-1\" \/>\n<link rel=\"canonical\" href=\"https:\/\/www.em.com.br\/emfoco\/2025\/11\/23\/cadastro-unico-abre-portas-para-todos-os-beneficios-sociais-que-voce-precisar\/\" \/>\n<meta property=\"og:locale\" content=\"pt_BR\" \/>\n<meta property=\"og:type\" content=\"article\" \/>\n<meta property=\"og:title\" content=\"Cadastro \u00danico abre portas para todos os benef\u00edcios sociais que voc\u00ea precisar - Estado de Minas - Em foco\" \/>\n<meta property=\"og:description\" content=\"Cadastro \u00danico garante acesso facilitado aos principais benef\u00edcios e programas sociais para quem mais precisa.\" \/>\n<meta property=\"og:url\" content=\"https:\/\/www.em.com.br\/emfoco\/2025\/11\/23\/cadastro-unico-abre-portas-para-todos-os-beneficios-sociais-que-voce-precisar\/\" \/>\n<meta property=\"og:site_name\" content=\"Estado de Minas - Em foco\" \/>\n<meta property=\"article:published_time\" content=\"2025-11-23T10:15:00+00:00\" \/>\n<meta property=\"article:modified_time\" content=\"2025-11-22T21:43:44+00:00\" \/>\n<meta property=\"og:image\" content=\"https:\/\/www.em.com.br\/emfoco\/wp-content\/uploads\/2025\/06\/aposentado-dinheiro-reais_1743473149469.jpg\" \/>\n\t<meta property=\"og:image:width\" content=\"1280\" \/>\n\t<meta property=\"og:image:height\" content=\"720\" \/>\n\t<meta property=\"og:image:type\" content=\"image\/jpeg\" \/>\n<meta name=\"author\" content=\"Ingrid Diniz\" \/>\n<meta name=\"twitter:card\" content=\"summary_large_image\" \/>\n<meta name=\"twitter:label1\" content=\"Escrito por\" \/>\n\t<meta name=\"twitter:data1\" content=\"Ingrid Diniz\" \/>\n\t<meta name=\"twitter:label2\" content=\"Est. tempo de leitura\" \/>\n\t<meta name=\"twitter:data2\" content=\"4 minutos\" \/>\n<!-- \/ Yoast SEO plugin. -->","yoast_head_json":{"title":"Cadastro \u00danico abre portas para todos os benef\u00edcios sociais que voc\u00ea precisar - Estado de Minas - Em foco","description":"Cadastro \u00danico garante acesso facilitado aos principais benef\u00edcios e programas sociais para quem mais precisa.","robots":{"index":"index","follow":"follow","max-snippet":"max-snippet:-1","max-image-preview":"max-image-preview:large","max-video-preview":"max-video-preview:-1"},"canonical":"https:\/\/www.em.com.br\/emfoco\/2025\/11\/23\/cadastro-unico-abre-portas-para-todos-os-beneficios-sociais-que-voce-precisar\/","og_locale":"pt_BR","og_type":"article","og_title":"Cadastro \u00danico abre portas para todos os benef\u00edcios sociais que voc\u00ea precisar - Estado de Minas - Em foco","og_description":"Cadastro \u00danico garante acesso facilitado aos principais benef\u00edcios e programas sociais para quem mais precisa.","og_url":"https:\/\/www.em.com.br\/emfoco\/2025\/11\/23\/cadastro-unico-abre-portas-para-todos-os-beneficios-sociais-que-voce-precisar\/","og_site_name":"Estado de Minas - Em foco","article_published_time":"2025-11-23T10:15:00+00:00","article_modified_time":"2025-11-22T21:43:44+00:00","og_image":[{"width":1280,"height":720,"url":"https:\/\/www.em.com.br\/emfoco\/wp-content\/uploads\/2025\/06\/aposentado-dinheiro-reais_1743473149469.jpg","type":"image\/jpeg"}],"author":"Ingrid Diniz","twitter_card":"summary_large_image","twitter_misc":{"Escrito por":"Ingrid Diniz","Est. tempo de leitura":"4 minutos"},"schema":{"@context":"https:\/\/schema.org","@graph":[{"@type":"WebPage","@id":"https:\/\/www.em.com.br\/emfoco\/2025\/11\/23\/cadastro-unico-abre-portas-para-todos-os-beneficios-sociais-que-voce-precisar\/","url":"https:\/\/www.em.com.br\/emfoco\/2025\/11\/23\/cadastro-unico-abre-portas-para-todos-os-beneficios-sociais-que-voce-precisar\/","name":"Cadastro \u00danico abre portas para todos os benef\u00edcios sociais que voc\u00ea precisar - Estado de Minas - Em foco","isPartOf":{"@id":"https:\/\/www.em.com.br\/emfoco\/#website"},"primaryImageOfPage":{"@id":"https:\/\/www.em.com.br\/emfoco\/2025\/11\/23\/cadastro-unico-abre-portas-para-todos-os-beneficios-sociais-que-voce-precisar\/#primaryimage"},"image":{"@id":"https:\/\/www.em.com.br\/emfoco\/2025\/11\/23\/cadastro-unico-abre-portas-para-todos-os-beneficios-sociais-que-voce-precisar\/#primaryimage"},"thumbnailUrl":"https:\/\/www.em.com.br\/emfoco\/wp-content\/uploads\/2025\/06\/aposentado-dinheiro-reais_1743473149469.jpg","datePublished":"2025-11-23T10:15:00+00:00","dateModified":"2025-11-22T21:43:44+00:00","author":{"@id":"https:\/\/www.em.com.br\/emfoco\/#\/schema\/person\/649e610b4eb8fff87ff394e54fe17b2b"},"description":"Cadastro \u00danico garante acesso facilitado aos principais benef\u00edcios e programas sociais para quem mais precisa.","breadcrumb":{"@id":"https:\/\/www.em.com.br\/emfoco\/2025\/11\/23\/cadastro-unico-abre-portas-para-todos-os-beneficios-sociais-que-voce-precisar\/#breadcrumb"},"inLanguage":"pt-BR","potentialAction":[{"@type":"ReadAction","target":["https:\/\/www.em.com.br\/emfoco\/2025\/11\/23\/cadastro-unico-abre-portas-para-todos-os-beneficios-sociais-que-voce-precisar\/"]}]},{"@type":"ImageObject","inLanguage":"pt-BR","@id":"https:\/\/www.em.com.br\/emfoco\/2025\/11\/23\/cadastro-unico-abre-portas-para-todos-os-beneficios-sociais-que-voce-precisar\/#primaryimage","url":"https:\/\/www.em.com.br\/emfoco\/wp-content\/uploads\/2025\/06\/aposentado-dinheiro-reais_1743473149469.jpg","contentUrl":"https:\/\/www.em.com.br\/emfoco\/wp-content\/uploads\/2025\/06\/aposentado-dinheiro-reais_1743473149469.jpg","width":1280,"height":720,"caption":"Mudan\u00e7as do MEI 2026 que alteram pre\u00e7os e emiss\u00e3o de notas - Cr\u00e9ditos: depositphotos.com \/ verganifotografia"},{"@type":"BreadcrumbList","@id":"https:\/\/www.em.com.br\/emfoco\/2025\/11\/23\/cadastro-unico-abre-portas-para-todos-os-beneficios-sociais-que-voce-precisar\/#breadcrumb","itemListElement":[{"@type":"ListItem","position":1,"name":"In\u00edcio","item":"https:\/\/www.em.com.br\/emfoco\/"},{"@type":"ListItem","position":2,"name":"Cadastro \u00danico abre portas para todos os benef\u00edcios sociais que voc\u00ea precisar"}]},{"@type":"WebSite","@id":"https:\/\/www.em.com.br\/emfoco\/#website","url":"https:\/\/www.em.com.br\/emfoco\/","name":"Estado de Minas - Em foco","description":"Acompanhe as \u00faltimas not\u00edcias e fique bem informado sobre tudo o que acontece em Minas Gerais, Brasil e no mundo.","potentialAction":[{"@type":"SearchAction","target":{"@type":"EntryPoint","urlTemplate":"https:\/\/www.em.com.br\/emfoco\/?s={search_term_string}"},"query-input":{"@type":"PropertyValueSpecification","valueRequired":true,"valueName":"search_term_string"}}],"inLanguage":"pt-BR"},{"@type":"Person","@id":"https:\/\/www.em.com.br\/emfoco\/#\/schema\/person\/649e610b4eb8fff87ff394e54fe17b2b","name":"Ingrid Diniz","image":{"@type":"ImageObject","inLanguage":"pt-BR","@id":"https:\/\/www.em.com.br\/emfoco\/#\/schema\/person\/image\/","url":"https:\/\/secure.gravatar.com\/avatar\/a3baa1449ec5c39b4c42babc9d4f3951?s=96&d=mm&r=g","contentUrl":"https:\/\/secure.gravatar.com\/avatar\/a3baa1449ec5c39b4c42babc9d4f3951?s=96&d=mm&r=g","caption":"Ingrid Diniz"},"sameAs":["https:\/\/www.em.com.br\/"],"url":"https:\/\/www.em.com.br\/emfoco\/author\/ingridmyth\/"}]}},"_links":{"self":[{"href":"https:\/\/www.em.com.br\/emfoco\/wp-json\/wp\/v2\/posts\/130842","targetHints":{"allow":["GET"]}}],"collection":[{"href":"https:\/\/www.em.com.br\/emfoco\/wp-json\/wp\/v2\/posts"}],"about":[{"href":"https:\/\/www.em.com.br\/emfoco\/wp-json\/wp\/v2\/types\/post"}],"author":[{"embeddable":true,"href":"https:\/\/www.em.com.br\/emfoco\/wp-json\/wp\/v2\/users\/20"}],"replies":[{"embeddable":true,"href":"https:\/\/www.em.com.br\/emfoco\/wp-json\/wp\/v2\/comments?post=130842"}],"version-history":[{"count":2,"href":"https:\/\/www.em.com.br\/emfoco\/wp-json\/wp\/v2\/posts\/130842\/revisions"}],"predecessor-version":[{"id":131013,"href":"https:\/\/www.em.com.br\/emfoco\/wp-json\/wp\/v2\/posts\/130842\/revisions\/131013"}],"wp:featuredmedia":[{"embeddable":true,"href":"https:\/\/www.em.com.br\/emfoco\/wp-json\/wp\/v2\/media\/54989"}],"wp:attachment":[{"href":"https:\/\/www.em.com.br\/emfoco\/wp-json\/wp\/v2\/media?parent=130842"}],"wp:term":[{"taxonomy":"category","embeddable":true,"href":"https:\/\/www.em.com.br\/emfoco\/wp-json\/wp\/v2\/categories?post=130842"},{"taxonomy":"post_tag","embeddable":true,"href":"https:\/\/www.em.com.br\/emfoco\/wp-json\/wp\/v2\/tags?post=130842"}],"curies":[{"name":"wp","href":"https:\/\/api.w.org\/{rel}","templated":true}]}}