{"id":130828,"date":"2025-11-23T17:35:38","date_gmt":"2025-11-23T20:35:38","guid":{"rendered":"https:\/\/www.em.com.br\/emfoco\/?p=130828"},"modified":"2025-11-22T15:56:22","modified_gmt":"2025-11-22T18:56:22","slug":"o-que-sua-costela-de-adao-realmente-precisa-de-luz-para-nao-ficar-com-as-folhas-queimadas","status":"publish","type":"post","link":"https:\/\/www.em.com.br\/emfoco\/2025\/11\/23\/o-que-sua-costela-de-adao-realmente-precisa-de-luz-para-nao-ficar-com-as-folhas-queimadas\/","title":{"rendered":"O que sua costela de ad\u00e3o realmente precisa para n\u00e3o ficar com as folhas queimadas"},"content":{"rendered":"\n<p>Plantar e cultivar uma <b>costela-de-ad\u00e3o<\/b>, conhecida por suas folhas largas e recortadas, pode transformar qualquer ambiente em um espa\u00e7o mais verde e acolhedor. T\u00edpica das florestas tropicais das Am\u00e9ricas, essa planta exuberante aprecia clima quente e \u00famido, tornando-se uma excelente escolha para quem deseja trazer um toque natural para dentro de casa.<\/p>\n\n\n\n<h2 class=\"wp-block-heading\">Como garantir solo e vaso adequados para a costela-de-ad\u00e3o crescer saud\u00e1vel<\/h2>\n\n\n\n<p>Para plantar a <b>costela-de-ad\u00e3o<\/b>, \u00e9 fundamental escolher um solo bem drenado. Uma mistura equilibrada garante a aera\u00e7\u00e3o necess\u00e1ria para o desenvolvimento saud\u00e1vel das ra\u00edzes. Um <b>vaso<\/b> com furos no fundo evitar\u00e1 o ac\u00famulo de \u00e1gua.<\/p>\n\n\n\n<p>Utilize uma combina\u00e7\u00e3o que proporcione estrutura leve ao solo e ajude na <b>drenagem<\/b>, tornando o ambiente ideal para o crescimento da planta:<\/p>\n\n\n<div class=\"wp-block-image\">\n<figure class=\"aligncenter size-large\"><img loading=\"lazy\" decoding=\"async\" width=\"1024\" height=\"576\" src=\"https:\/\/www.em.com.br\/emfoco\/wp-content\/uploads\/2025\/08\/Costela-de-Adao_1754757322035-1024x576.jpg\" alt=\"\" class=\"wp-image-89269\" srcset=\"https:\/\/www.em.com.br\/emfoco\/wp-content\/uploads\/2025\/08\/Costela-de-Adao_1754757322035-1024x576.jpg 1024w, https:\/\/www.em.com.br\/emfoco\/wp-content\/uploads\/2025\/08\/Costela-de-Adao_1754757322035-300x169.jpg 300w, https:\/\/www.em.com.br\/emfoco\/wp-content\/uploads\/2025\/08\/Costela-de-Adao_1754757322035-768x432.jpg 768w, https:\/\/www.em.com.br\/emfoco\/wp-content\/uploads\/2025\/08\/Costela-de-Adao_1754757322035-750x422.jpg 750w, https:\/\/www.em.com.br\/emfoco\/wp-content\/uploads\/2025\/08\/Costela-de-Adao_1754757322035-1140x641.jpg 1140w, https:\/\/www.em.com.br\/emfoco\/wp-content\/uploads\/2025\/08\/Costela-de-Adao_1754757322035.jpg 1280w\" sizes=\"auto, (max-width: 1024px) 100vw, 1024px\" \/><figcaption class=\"wp-element-caption\"> Costela-de-ad\u00e3o, conhecida por suas folhas largas e recortadas &#8211; Cr\u00e9ditos: depositphotos.com \/ kseniasol<\/figcaption><\/figure><\/div>\n\n\n<ul class=\"wp-block-list\">\n<li><b>Terra<\/b> para vasos em partes iguais<\/li>\n\n\n\n<li>Casca de <b>pinus<\/b> ou perlita<\/li>\n\n\n\n<li><b>Turfa<\/b><\/li>\n\n\n\n<li>Vaso com boa drenagem<\/li>\n<\/ul>\n\n\n\n<p>Leia tamb\u00e9m:&nbsp;<a href=\"https:\/\/www.em.com.br\/emfoco\/2025\/11\/18\/como-plantar-pitangas-em-vasos-e-ter-frutas-frescas-mesmo-em-pequenos-espacos\/\" target=\"_blank\" rel=\"noopener\">Como plantar pitangas em vasos e ter frutas frescas mesmo em pequenos espa\u00e7os<\/a><\/p>\n\n\n\n<h2 class=\"wp-block-heading\">Qual \u00e9 a ilumina\u00e7\u00e3o ideal para a costela-de-ad\u00e3o se desenvolver<\/h2>\n\n\n\n<p>A costela-de-ad\u00e3o prefere <b>luz indireta<\/b> brilhante, embora tolere ambientes de meia-sombra. Mant\u00ea-la pr\u00f3xima a uma janela com cortina ajuda a proteger as folhas dos raios solares fortes, prevenindo manchas marrons e queimaduras.<\/p>\n\n\n\n<p>Evitar <b>sol direto<\/b> \u00e9 importante para que a planta mantenha suas folhas vistosas e saud\u00e1veis. Ambientes internos bem iluminados s\u00e3o ideais para seu desenvolvimento vigoroso.<\/p>\n\n\n<div class=\"wp-block-image\">\n<figure class=\"aligncenter size-large\"><img loading=\"lazy\" decoding=\"async\" width=\"1024\" height=\"576\" src=\"https:\/\/www.em.com.br\/emfoco\/wp-content\/uploads\/2025\/11\/costela-de-adao_1763837657938-1024x576.jpg\" alt=\"\" class=\"wp-image-130985\" srcset=\"https:\/\/www.em.com.br\/emfoco\/wp-content\/uploads\/2025\/11\/costela-de-adao_1763837657938-1024x576.jpg 1024w, https:\/\/www.em.com.br\/emfoco\/wp-content\/uploads\/2025\/11\/costela-de-adao_1763837657938-300x169.jpg 300w, https:\/\/www.em.com.br\/emfoco\/wp-content\/uploads\/2025\/11\/costela-de-adao_1763837657938-768x432.jpg 768w, https:\/\/www.em.com.br\/emfoco\/wp-content\/uploads\/2025\/11\/costela-de-adao_1763837657938-750x422.jpg 750w, https:\/\/www.em.com.br\/emfoco\/wp-content\/uploads\/2025\/11\/costela-de-adao_1763837657938-1140x641.jpg 1140w, https:\/\/www.em.com.br\/emfoco\/wp-content\/uploads\/2025\/11\/costela-de-adao_1763837657938.jpg 1280w\" sizes=\"auto, (max-width: 1024px) 100vw, 1024px\" \/><figcaption class=\"wp-element-caption\">A costela-de-ad\u00e3o prefere luz indireta brilhante, embora tolere ambientes de meia-sombra &#8211; Cr\u00e9ditos: depositphotos.com \/ kseniasol<\/figcaption><\/figure><\/div>\n\n\n<h2 class=\"wp-block-heading\">Como manter folhas grandes e vistosas durante todo o ano<\/h2>\n\n\n\n<p>A sa\u00fade das folhas da <b>costela-de-ad\u00e3o<\/b> depende de regas na frequ\u00eancia correta e da umidade ambiente. Durante a primavera e o ver\u00e3o, regue quando o <b>solo<\/b> estiver seco ao toque e reduza a frequ\u00eancia no inverno. Borrifar \u00e1gua nas folhas \u00e9 uma dica extra para manter a umidade adequada.<\/p>\n\n\n\n<p>Al\u00e9m disso, adube mensalmente na esta\u00e7\u00e3o de <b>crescimento<\/b> com fertilizante balanceado para estimular folhas maiores. O ambiente \u00famido \u00e9 essencial para imitar as condi\u00e7\u00f5es tropicais.<\/p>\n\n\n\n<h2 class=\"wp-block-heading\">Como realizar a poda corretamente na costela-de-ad\u00e3o<\/h2>\n\n\n\n<p>A poda regular facilita o desenvolvimento saud\u00e1vel da planta e controla seu tamanho. Remova folhas amareladas ou danificadas para evitar desperd\u00edcio de <b>nutrientes<\/b>, utilizando tesouras de poda afiadas e esterilizadas.<\/p>\n\n\n\n<p>Esse cuidado incentiva a <b>ramifica\u00e7\u00e3o<\/b>, tornando a costela-de-ad\u00e3o mais cheia e bonita, al\u00e9m de valorizar sua beleza ornamental.<\/p>\n\n\n\n<p>Veja um v\u00eddeo abaixo do canal <a class=\"yt-simple-endpoint style-scope yt-formatted-string\" spellcheck=\"false\" href=\"https:\/\/www.youtube.com\/@SpagnholPlantas1\" target=\"_blank\" rel=\"noopener\">Spagnhol Plantas&nbsp;<\/a>sobre o plantio da costela de ad\u00e3o:<\/p>\n\n\n\n<figure class=\"wp-block-embed is-type-video is-provider-youtube wp-block-embed-youtube wp-embed-aspect-16-9 wp-has-aspect-ratio\"><div class=\"wp-block-embed__wrapper\">\n<div class=\"jeg_video_container jeg_video_content\"><iframe loading=\"lazy\" title=\"Como plantar e cultivar COSTELA DE AD\u00c3O (Monstera Deliciosa) no VASO?\" width=\"500\" height=\"281\" src=\"https:\/\/www.youtube.com\/embed\/RVLODeP5tDE?feature=oembed\" frameborder=\"0\" allow=\"accelerometer; autoplay; clipboard-write; encrypted-media; gyroscope; picture-in-picture; web-share\" referrerpolicy=\"strict-origin-when-cross-origin\" allowfullscreen><\/iframe><\/div>\n<\/div><\/figure>\n\n\n\n<h2 class=\"wp-block-heading\">Quais pr\u00e1ticas simples ajudam a evitar pragas e doen\u00e7as na costela-de-ad\u00e3o<\/h2>\n\n\n\n<p>Observar as folhas com frequ\u00eancia \u00e9 fundamental para detectar pragas como <b>cochonilhas<\/b> e \u00e1caros em est\u00e1gio inicial. Garantir a <b>ventila\u00e7\u00e3o<\/b> adequada e higienizar folhas faz toda diferen\u00e7a para o controle dessas amea\u00e7as.<\/p>\n\n\n\n<p>Em caso de infesta\u00e7\u00e3o, utilize m\u00e9todos simples de <b>limpeza<\/b> e preven\u00e7\u00e3o para proteger sua planta:<\/p>\n\n\n\n<ul class=\"wp-block-list\">\n<li>Passe pano \u00famido com \u00e1gua e <b>sab\u00e3o neutro<\/b> nas folhas<\/li>\n\n\n\n<li>Promova a <b>circula\u00e7\u00e3o<\/b> de ar ao redor da planta<\/li>\n\n\n\n<li>Evite excesso de umidade no vaso<\/li>\n<\/ul>\n\n\n\n<p>Com esses cuidados, a <b>costela-de-ad\u00e3o<\/b> crescer\u00e1 forte e exuberante, deixando seu ambiente ainda mais bonito e acolhedor, e trazendo um pedacinho das <b>florestas tropicais<\/b> para dentro de casa.<\/p>\n","protected":false},"excerpt":{"rendered":"<p>Plantar e cultivar uma costela-de-ad\u00e3o, conhecida por suas folhas largas e recortadas, pode transformar qualquer ambiente em um espa\u00e7o mais verde e acolhedor. T\u00edpica das florestas tropicais das Am\u00e9ricas, essa planta exuberante aprecia clima quente e \u00famido, tornando-se uma excelente escolha para quem deseja trazer um toque natural para dentro de casa. Como garantir solo [&hellip;]<\/p>\n","protected":false},"author":9,"featured_media":89272,"comment_status":"open","ping_status":"open","sticky":false,"template":"","format":"standard","meta":{"jnews-multi-image_gallery":[],"jnews_single_post":{"format":"standard"},"jnews_primary_category":[],"jnews_social_meta":[],"jnews_override_counter":[],"footnotes":""},"categories":[8691,8819,1],"tags":[7701,13452,12986],"class_list":["post-130828","post","type-post","status-publish","format-standard","has-post-thumbnail","hentry","category-bem-estar","category-curiosidades","category-noticias","tag-como-plantar","tag-costela-de-adao","tag-plantas-decorativas"],"yoast_head":"<!-- This site is optimized with the Yoast SEO plugin v23.8 - https:\/\/yoast.com\/wordpress\/plugins\/seo\/ -->\n<title>O que sua costela de ad\u00e3o realmente precisa para n\u00e3o ficar com as folhas queimadas - Estado de Minas - Em foco<\/title>\n<meta name=\"description\" content=\"A costela de ad\u00e3o exige luz indireta e umidade. Entenda o solo ideal e a rega correta para garantir folhas grandes e saud\u00e1veis em casa.\" \/>\n<meta name=\"robots\" content=\"index, follow, max-snippet:-1, max-image-preview:large, max-video-preview:-1\" \/>\n<link rel=\"canonical\" href=\"https:\/\/www.em.com.br\/emfoco\/2025\/11\/23\/o-que-sua-costela-de-adao-realmente-precisa-de-luz-para-nao-ficar-com-as-folhas-queimadas\/\" \/>\n<meta property=\"og:locale\" content=\"pt_BR\" \/>\n<meta property=\"og:type\" content=\"article\" \/>\n<meta property=\"og:title\" content=\"O que sua costela de ad\u00e3o realmente precisa para n\u00e3o ficar com as folhas queimadas - Estado de Minas - Em foco\" \/>\n<meta property=\"og:description\" content=\"A costela de ad\u00e3o exige luz indireta e umidade. Entenda o solo ideal e a rega correta para garantir folhas grandes e saud\u00e1veis em casa.\" \/>\n<meta property=\"og:url\" content=\"https:\/\/www.em.com.br\/emfoco\/2025\/11\/23\/o-que-sua-costela-de-adao-realmente-precisa-de-luz-para-nao-ficar-com-as-folhas-queimadas\/\" \/>\n<meta property=\"og:site_name\" content=\"Estado de Minas - Em foco\" \/>\n<meta property=\"article:published_time\" content=\"2025-11-23T20:35:38+00:00\" \/>\n<meta property=\"article:modified_time\" content=\"2025-11-22T18:56:22+00:00\" \/>\n<meta property=\"og:image\" content=\"https:\/\/www.em.com.br\/emfoco\/wp-content\/uploads\/2025\/08\/Costela-de-Adao_1754757445557.jpg\" \/>\n\t<meta property=\"og:image:width\" content=\"1280\" \/>\n\t<meta property=\"og:image:height\" content=\"720\" \/>\n\t<meta property=\"og:image:type\" content=\"image\/jpeg\" \/>\n<meta name=\"author\" content=\"Daniely Cardoso\" \/>\n<meta name=\"twitter:card\" content=\"summary_large_image\" \/>\n<meta name=\"twitter:label1\" content=\"Escrito por\" \/>\n\t<meta name=\"twitter:data1\" content=\"Daniely Cardoso\" \/>\n\t<meta name=\"twitter:label2\" content=\"Est. tempo de leitura\" \/>\n\t<meta name=\"twitter:data2\" content=\"4 minutos\" \/>\n<!-- \/ Yoast SEO plugin. -->","yoast_head_json":{"title":"O que sua costela de ad\u00e3o realmente precisa para n\u00e3o ficar com as folhas queimadas - Estado de Minas - Em foco","description":"A costela de ad\u00e3o exige luz indireta e umidade. Entenda o solo ideal e a rega correta para garantir folhas grandes e saud\u00e1veis em casa.","robots":{"index":"index","follow":"follow","max-snippet":"max-snippet:-1","max-image-preview":"max-image-preview:large","max-video-preview":"max-video-preview:-1"},"canonical":"https:\/\/www.em.com.br\/emfoco\/2025\/11\/23\/o-que-sua-costela-de-adao-realmente-precisa-de-luz-para-nao-ficar-com-as-folhas-queimadas\/","og_locale":"pt_BR","og_type":"article","og_title":"O que sua costela de ad\u00e3o realmente precisa para n\u00e3o ficar com as folhas queimadas - Estado de Minas - Em foco","og_description":"A costela de ad\u00e3o exige luz indireta e umidade. Entenda o solo ideal e a rega correta para garantir folhas grandes e saud\u00e1veis em casa.","og_url":"https:\/\/www.em.com.br\/emfoco\/2025\/11\/23\/o-que-sua-costela-de-adao-realmente-precisa-de-luz-para-nao-ficar-com-as-folhas-queimadas\/","og_site_name":"Estado de Minas - Em foco","article_published_time":"2025-11-23T20:35:38+00:00","article_modified_time":"2025-11-22T18:56:22+00:00","og_image":[{"width":1280,"height":720,"url":"https:\/\/www.em.com.br\/emfoco\/wp-content\/uploads\/2025\/08\/Costela-de-Adao_1754757445557.jpg","type":"image\/jpeg"}],"author":"Daniely Cardoso","twitter_card":"summary_large_image","twitter_misc":{"Escrito por":"Daniely Cardoso","Est. tempo de leitura":"4 minutos"},"schema":{"@context":"https:\/\/schema.org","@graph":[{"@type":"WebPage","@id":"https:\/\/www.em.com.br\/emfoco\/2025\/11\/23\/o-que-sua-costela-de-adao-realmente-precisa-de-luz-para-nao-ficar-com-as-folhas-queimadas\/","url":"https:\/\/www.em.com.br\/emfoco\/2025\/11\/23\/o-que-sua-costela-de-adao-realmente-precisa-de-luz-para-nao-ficar-com-as-folhas-queimadas\/","name":"O que sua costela de ad\u00e3o realmente precisa para n\u00e3o ficar com as folhas queimadas - Estado de Minas - Em foco","isPartOf":{"@id":"https:\/\/www.em.com.br\/emfoco\/#website"},"primaryImageOfPage":{"@id":"https:\/\/www.em.com.br\/emfoco\/2025\/11\/23\/o-que-sua-costela-de-adao-realmente-precisa-de-luz-para-nao-ficar-com-as-folhas-queimadas\/#primaryimage"},"image":{"@id":"https:\/\/www.em.com.br\/emfoco\/2025\/11\/23\/o-que-sua-costela-de-adao-realmente-precisa-de-luz-para-nao-ficar-com-as-folhas-queimadas\/#primaryimage"},"thumbnailUrl":"https:\/\/www.em.com.br\/emfoco\/wp-content\/uploads\/2025\/08\/Costela-de-Adao_1754757445557.jpg","datePublished":"2025-11-23T20:35:38+00:00","dateModified":"2025-11-22T18:56:22+00:00","author":{"@id":"https:\/\/www.em.com.br\/emfoco\/#\/schema\/person\/0a8186d72f2c3a5c6276d90b41f271a0"},"description":"A costela de ad\u00e3o exige luz indireta e umidade. Entenda o solo ideal e a rega correta para garantir folhas grandes e saud\u00e1veis em casa.","breadcrumb":{"@id":"https:\/\/www.em.com.br\/emfoco\/2025\/11\/23\/o-que-sua-costela-de-adao-realmente-precisa-de-luz-para-nao-ficar-com-as-folhas-queimadas\/#breadcrumb"},"inLanguage":"pt-BR","potentialAction":[{"@type":"ReadAction","target":["https:\/\/www.em.com.br\/emfoco\/2025\/11\/23\/o-que-sua-costela-de-adao-realmente-precisa-de-luz-para-nao-ficar-com-as-folhas-queimadas\/"]}]},{"@type":"ImageObject","inLanguage":"pt-BR","@id":"https:\/\/www.em.com.br\/emfoco\/2025\/11\/23\/o-que-sua-costela-de-adao-realmente-precisa-de-luz-para-nao-ficar-com-as-folhas-queimadas\/#primaryimage","url":"https:\/\/www.em.com.br\/emfoco\/wp-content\/uploads\/2025\/08\/Costela-de-Adao_1754757445557.jpg","contentUrl":"https:\/\/www.em.com.br\/emfoco\/wp-content\/uploads\/2025\/08\/Costela-de-Adao_1754757445557.jpg","width":1280,"height":720,"caption":"Costela de Ad\u00e3o - Cr\u00e9ditos: depositphotos.com \/ kseniasol"},{"@type":"BreadcrumbList","@id":"https:\/\/www.em.com.br\/emfoco\/2025\/11\/23\/o-que-sua-costela-de-adao-realmente-precisa-de-luz-para-nao-ficar-com-as-folhas-queimadas\/#breadcrumb","itemListElement":[{"@type":"ListItem","position":1,"name":"In\u00edcio","item":"https:\/\/www.em.com.br\/emfoco\/"},{"@type":"ListItem","position":2,"name":"O que sua costela de ad\u00e3o realmente precisa para n\u00e3o ficar com as folhas queimadas"}]},{"@type":"WebSite","@id":"https:\/\/www.em.com.br\/emfoco\/#website","url":"https:\/\/www.em.com.br\/emfoco\/","name":"Estado de Minas - Em foco","description":"Acompanhe as \u00faltimas not\u00edcias e fique bem informado sobre tudo o que acontece em Minas Gerais, Brasil e no mundo.","potentialAction":[{"@type":"SearchAction","target":{"@type":"EntryPoint","urlTemplate":"https:\/\/www.em.com.br\/emfoco\/?s={search_term_string}"},"query-input":{"@type":"PropertyValueSpecification","valueRequired":true,"valueName":"search_term_string"}}],"inLanguage":"pt-BR"},{"@type":"Person","@id":"https:\/\/www.em.com.br\/emfoco\/#\/schema\/person\/0a8186d72f2c3a5c6276d90b41f271a0","name":"Daniely Cardoso","image":{"@type":"ImageObject","inLanguage":"pt-BR","@id":"https:\/\/www.em.com.br\/emfoco\/#\/schema\/person\/image\/","url":"https:\/\/secure.gravatar.com\/avatar\/4b80ddbd124d1f071b626d52d62e5dff?s=96&d=mm&r=g","contentUrl":"https:\/\/secure.gravatar.com\/avatar\/4b80ddbd124d1f071b626d52d62e5dff?s=96&d=mm&r=g","caption":"Daniely Cardoso"},"url":"https:\/\/www.em.com.br\/emfoco\/author\/danielymyth\/"}]}},"_links":{"self":[{"href":"https:\/\/www.em.com.br\/emfoco\/wp-json\/wp\/v2\/posts\/130828","targetHints":{"allow":["GET"]}}],"collection":[{"href":"https:\/\/www.em.com.br\/emfoco\/wp-json\/wp\/v2\/posts"}],"about":[{"href":"https:\/\/www.em.com.br\/emfoco\/wp-json\/wp\/v2\/types\/post"}],"author":[{"embeddable":true,"href":"https:\/\/www.em.com.br\/emfoco\/wp-json\/wp\/v2\/users\/9"}],"replies":[{"embeddable":true,"href":"https:\/\/www.em.com.br\/emfoco\/wp-json\/wp\/v2\/comments?post=130828"}],"version-history":[{"count":3,"href":"https:\/\/www.em.com.br\/emfoco\/wp-json\/wp\/v2\/posts\/130828\/revisions"}],"predecessor-version":[{"id":130986,"href":"https:\/\/www.em.com.br\/emfoco\/wp-json\/wp\/v2\/posts\/130828\/revisions\/130986"}],"wp:featuredmedia":[{"embeddable":true,"href":"https:\/\/www.em.com.br\/emfoco\/wp-json\/wp\/v2\/media\/89272"}],"wp:attachment":[{"href":"https:\/\/www.em.com.br\/emfoco\/wp-json\/wp\/v2\/media?parent=130828"}],"wp:term":[{"taxonomy":"category","embeddable":true,"href":"https:\/\/www.em.com.br\/emfoco\/wp-json\/wp\/v2\/categories?post=130828"},{"taxonomy":"post_tag","embeddable":true,"href":"https:\/\/www.em.com.br\/emfoco\/wp-json\/wp\/v2\/tags?post=130828"}],"curies":[{"name":"wp","href":"https:\/\/api.w.org\/{rel}","templated":true}]}}