{"id":130805,"date":"2025-11-23T07:25:01","date_gmt":"2025-11-23T10:25:01","guid":{"rendered":"https:\/\/www.em.com.br\/emfoco\/?p=130805"},"modified":"2025-11-22T11:40:48","modified_gmt":"2025-11-22T14:40:48","slug":"o-aliado-poderoso-para-quem-sofre-com-descamacao-e-pele-muito-grossa","status":"publish","type":"post","link":"https:\/\/www.em.com.br\/emfoco\/2025\/11\/23\/o-aliado-poderoso-para-quem-sofre-com-descamacao-e-pele-muito-grossa\/","title":{"rendered":"O aliado poderoso para quem sofre com descama\u00e7\u00e3o e pele muito grossa"},"content":{"rendered":"\n<p>O uso de cremes com <b>ureia<\/b> tem se destacado no mercado de cuidados com a pele, principalmente devido \u00e0s suas propriedades <b>hidratantes<\/b>, que ajudam a reter \u00e1gua nas camadas superficiais, promovendo uma apar\u00eancia saud\u00e1vel e vi\u00e7osa. Seu efeito positivo \u00e9 comprovado tanto na reposi\u00e7\u00e3o da barreira protetora quanto na melhora da textura da pele, tornando-se um aliado importante para quem deseja manter a pele bem cuidada.<\/p>\n\n\n\n<h2 class=\"wp-block-heading\">Como a ureia realmente age na hidrata\u00e7\u00e3o e renova\u00e7\u00e3o da pele<\/h2>\n\n\n\n<p>A <b>ureia<\/b> atua como um umectante, atraindo e retendo <b>umidade<\/b> na epiderme, o que favorece uma hidrata\u00e7\u00e3o imediata e prolongada. Al\u00e9m disso, sua a\u00e7\u00e3o queratol\u00edtica ajuda a remover c\u00e9lulas mortas, o que estimula uma renova\u00e7\u00e3o celular mais eficiente e deixa a pele mais suave.<\/p>\n\n\n<div class=\"wp-block-image\">\n<figure class=\"aligncenter size-large\"><img loading=\"lazy\" decoding=\"async\" width=\"1024\" height=\"576\" src=\"https:\/\/www.em.com.br\/emfoco\/wp-content\/uploads\/2025\/11\/cuidados-com-a-pele_1763140588833-1024x576.jpg\" alt=\"\" class=\"wp-image-127673\" srcset=\"https:\/\/www.em.com.br\/emfoco\/wp-content\/uploads\/2025\/11\/cuidados-com-a-pele_1763140588833-1024x576.jpg 1024w, https:\/\/www.em.com.br\/emfoco\/wp-content\/uploads\/2025\/11\/cuidados-com-a-pele_1763140588833-300x169.jpg 300w, https:\/\/www.em.com.br\/emfoco\/wp-content\/uploads\/2025\/11\/cuidados-com-a-pele_1763140588833-768x432.jpg 768w, https:\/\/www.em.com.br\/emfoco\/wp-content\/uploads\/2025\/11\/cuidados-com-a-pele_1763140588833-750x422.jpg 750w, https:\/\/www.em.com.br\/emfoco\/wp-content\/uploads\/2025\/11\/cuidados-com-a-pele_1763140588833-1140x641.jpg 1140w, https:\/\/www.em.com.br\/emfoco\/wp-content\/uploads\/2025\/11\/cuidados-com-a-pele_1763140588833.jpg 1280w\" sizes=\"auto, (max-width: 1024px) 100vw, 1024px\" \/><figcaption class=\"wp-element-caption\">Muitos equ\u00edvocos di\u00e1rios podem impactar negativamente a sa\u00fade da pele, limitando o efeito dos produtos &#8211; Cr\u00e9ditos: depositphotos.com \/ AllaSerebrina<\/figcaption><\/figure><\/div>\n\n\n<p>Uma vantagem extra \u00e9 que a <b>ureia<\/b> melhora a efic\u00e1cia da <b>barreira de prote\u00e7\u00e3o cut\u00e2nea<\/b>, fortalecendo as defesas naturais contra perda de \u00e1gua e polui\u00e7\u00e3o. Com isso, o uso regular ajuda a manter a integridade da pele, al\u00e9m de prevenir ressecamento intenso e recorrente.<\/p>\n\n\n\n<p>Leia tamb\u00e9m:&nbsp;<a href=\"https:\/\/www.em.com.br\/emfoco\/2025\/11\/20\/por-que-passar-creme-todos-os-dias-nao-esta-adiantando-para-sua-pele\/\" target=\"_blank\" rel=\"noopener\">Por que passar creme todos os dias n\u00e3o est\u00e1 adiantando para sua pele<\/a><\/p>\n\n\n\n<h2 class=\"wp-block-heading\">Descubra para quem os cremes com ureia s\u00e3o mais indicados<\/h2>\n\n\n\n<p>Cremes com <b>ureia<\/b> s\u00e3o recomendados para pessoas com <b>pele seca<\/b>, \u00e1spera ou propensas \u00e0 descama\u00e7\u00e3o recorrente. Tamb\u00e9m beneficiam aqueles que convivem com doen\u00e7as como <b>psor\u00edase<\/b> e <b>eczema<\/b>, proporcionando al\u00edvio significativo dos sintomas.<\/p>\n\n\n\n<p>Confira situa\u00e7\u00f5es em que o uso de <b>ureia<\/b> pode ser especialmente ben\u00e9fico:<\/p>\n\n\n\n<ul class=\"wp-block-list\">\n<li><b>Ambientes<\/b> com baixa umidade, como avi\u00f5es ou locais com ar-condicionado<\/li>\n\n\n\n<li>P\u00f3s-banho, para evitar o ressecamento t\u00edpico da <b>\u00e1gua quente<\/b><\/li>\n\n\n\n<li><b>Peles maduras<\/b>, que naturalmente produzem menos ureia<\/li>\n\n\n\n<li>Tratamento de \u00e1reas endurecidas, como <b>cotovelos<\/b>, joelhos e calcanhares<\/li>\n<\/ul>\n\n\n\n<p>Veja um v\u00eddeo do canal <a class=\"yt-simple-endpoint style-scope yt-formatted-string\" spellcheck=\"false\" href=\"https:\/\/www.youtube.com\/@quimicacomarte\" target=\"_blank\" rel=\"noopener\">Qu\u00edmica com Arte&nbsp;<\/a>onde ele fala do funcionamento dos cremes com ureia:<\/p>\n\n\n\n<figure class=\"wp-block-embed is-type-video is-provider-youtube wp-block-embed-youtube wp-embed-aspect-16-9 wp-has-aspect-ratio\"><div class=\"wp-block-embed__wrapper\">\n<div class=\"jeg_video_container jeg_video_content\"><iframe loading=\"lazy\" title=\"\ud83d\udca1 Como funcionam os cremes a base de ureia? Fun\u00e7\u00f5es Nitrogenadas\" width=\"500\" height=\"281\" src=\"https:\/\/www.youtube.com\/embed\/Y1Akf-v1f8Y?feature=oembed\" frameborder=\"0\" allow=\"accelerometer; autoplay; clipboard-write; encrypted-media; gyroscope; picture-in-picture; web-share\" referrerpolicy=\"strict-origin-when-cross-origin\" allowfullscreen><\/iframe><\/div>\n<\/div><\/figure>\n\n\n\n<h2 class=\"wp-block-heading\">Quais cuidados s\u00e3o necess\u00e1rios ao aplicar cremes com ureia na pele<\/h2>\n\n\n\n<p>Apesar dos benef\u00edcios, \u00e9 importante observar poss\u00edveis rea\u00e7\u00f5es da pele, como ard\u00eancia ou <b>vermelhid\u00e3o<\/b>, especialmente ao iniciar o uso com altas concentra\u00e7\u00f5es do composto. Recomenda-se come\u00e7ar com f\u00f3rmulas mais leves e monitorar como a pele responde.<\/p>\n\n\n\n<p>Al\u00e9m disso, a <b>ureia<\/b> pode aumentar a sensibilidade \u00e0 luz solar, demandando o uso regular de <b>protetor solar<\/b> durante o dia. Se utilizados de acordo com as orienta\u00e7\u00f5es e respeitando o limite de toler\u00e2ncia da pele, os cremes com <b>ureia<\/b> s\u00e3o excelentes aliados para manter uma pele hidratada, macia e revitalizada.<\/p>\n","protected":false},"excerpt":{"rendered":"<p>O uso de cremes com ureia tem se destacado no mercado de cuidados com a pele, principalmente devido \u00e0s suas propriedades hidratantes, que ajudam a reter \u00e1gua nas camadas superficiais, promovendo uma apar\u00eancia saud\u00e1vel e vi\u00e7osa. Seu efeito positivo \u00e9 comprovado tanto na reposi\u00e7\u00e3o da barreira protetora quanto na melhora da textura da pele, tornando-se [&hellip;]<\/p>\n","protected":false},"author":9,"featured_media":130855,"comment_status":"open","ping_status":"open","sticky":false,"template":"","format":"standard","meta":{"jnews-multi-image_gallery":[],"jnews_single_post":{"format":"standard"},"jnews_primary_category":[],"jnews_social_meta":[],"jnews_override_counter":[],"footnotes":""},"categories":[8691,8819,1],"tags":[7618,6394,19180],"class_list":["post-130805","post","type-post","status-publish","format-standard","has-post-thumbnail","hentry","category-bem-estar","category-curiosidades","category-noticias","tag-creme","tag-cuidado-com-a-pele","tag-ureia"],"yoast_head":"<!-- This site is optimized with the Yoast SEO plugin v23.8 - https:\/\/yoast.com\/wordpress\/plugins\/seo\/ -->\n<title>O aliado poderoso para quem sofre com descama\u00e7\u00e3o e pele muito grossa - Estado de Minas - Em foco<\/title>\n<meta name=\"description\" content=\"Um ativo potente ret\u00e9m a umidade e renova a textura da pele. Entenda como ele recupera \u00e1reas \u00e1speras e fortalece a prote\u00e7\u00e3o.\" \/>\n<meta name=\"robots\" content=\"index, follow, max-snippet:-1, max-image-preview:large, max-video-preview:-1\" \/>\n<link rel=\"canonical\" href=\"https:\/\/www.em.com.br\/emfoco\/2025\/11\/23\/o-aliado-poderoso-para-quem-sofre-com-descamacao-e-pele-muito-grossa\/\" \/>\n<meta property=\"og:locale\" content=\"pt_BR\" \/>\n<meta property=\"og:type\" content=\"article\" \/>\n<meta property=\"og:title\" content=\"O aliado poderoso para quem sofre com descama\u00e7\u00e3o e pele muito grossa - Estado de Minas - Em foco\" \/>\n<meta property=\"og:description\" content=\"Um ativo potente ret\u00e9m a umidade e renova a textura da pele. Entenda como ele recupera \u00e1reas \u00e1speras e fortalece a prote\u00e7\u00e3o.\" \/>\n<meta property=\"og:url\" content=\"https:\/\/www.em.com.br\/emfoco\/2025\/11\/23\/o-aliado-poderoso-para-quem-sofre-com-descamacao-e-pele-muito-grossa\/\" \/>\n<meta property=\"og:site_name\" content=\"Estado de Minas - Em foco\" \/>\n<meta property=\"article:published_time\" content=\"2025-11-23T10:25:01+00:00\" \/>\n<meta property=\"article:modified_time\" content=\"2025-11-22T14:40:48+00:00\" \/>\n<meta property=\"og:image\" content=\"https:\/\/www.em.com.br\/emfoco\/wp-content\/uploads\/2025\/11\/pele-ressecada_1763822202341.jpg\" \/>\n\t<meta property=\"og:image:width\" content=\"1280\" \/>\n\t<meta property=\"og:image:height\" content=\"720\" \/>\n\t<meta property=\"og:image:type\" content=\"image\/jpeg\" \/>\n<meta name=\"author\" content=\"Daniely Cardoso\" \/>\n<meta name=\"twitter:card\" content=\"summary_large_image\" \/>\n<meta name=\"twitter:label1\" content=\"Escrito por\" \/>\n\t<meta name=\"twitter:data1\" content=\"Daniely Cardoso\" \/>\n\t<meta name=\"twitter:label2\" content=\"Est. tempo de leitura\" \/>\n\t<meta name=\"twitter:data2\" content=\"3 minutos\" \/>\n<!-- \/ Yoast SEO plugin. -->","yoast_head_json":{"title":"O aliado poderoso para quem sofre com descama\u00e7\u00e3o e pele muito grossa - Estado de Minas - Em foco","description":"Um ativo potente ret\u00e9m a umidade e renova a textura da pele. Entenda como ele recupera \u00e1reas \u00e1speras e fortalece a prote\u00e7\u00e3o.","robots":{"index":"index","follow":"follow","max-snippet":"max-snippet:-1","max-image-preview":"max-image-preview:large","max-video-preview":"max-video-preview:-1"},"canonical":"https:\/\/www.em.com.br\/emfoco\/2025\/11\/23\/o-aliado-poderoso-para-quem-sofre-com-descamacao-e-pele-muito-grossa\/","og_locale":"pt_BR","og_type":"article","og_title":"O aliado poderoso para quem sofre com descama\u00e7\u00e3o e pele muito grossa - Estado de Minas - Em foco","og_description":"Um ativo potente ret\u00e9m a umidade e renova a textura da pele. Entenda como ele recupera \u00e1reas \u00e1speras e fortalece a prote\u00e7\u00e3o.","og_url":"https:\/\/www.em.com.br\/emfoco\/2025\/11\/23\/o-aliado-poderoso-para-quem-sofre-com-descamacao-e-pele-muito-grossa\/","og_site_name":"Estado de Minas - Em foco","article_published_time":"2025-11-23T10:25:01+00:00","article_modified_time":"2025-11-22T14:40:48+00:00","og_image":[{"width":1280,"height":720,"url":"https:\/\/www.em.com.br\/emfoco\/wp-content\/uploads\/2025\/11\/pele-ressecada_1763822202341.jpg","type":"image\/jpeg"}],"author":"Daniely Cardoso","twitter_card":"summary_large_image","twitter_misc":{"Escrito por":"Daniely Cardoso","Est. tempo de leitura":"3 minutos"},"schema":{"@context":"https:\/\/schema.org","@graph":[{"@type":"WebPage","@id":"https:\/\/www.em.com.br\/emfoco\/2025\/11\/23\/o-aliado-poderoso-para-quem-sofre-com-descamacao-e-pele-muito-grossa\/","url":"https:\/\/www.em.com.br\/emfoco\/2025\/11\/23\/o-aliado-poderoso-para-quem-sofre-com-descamacao-e-pele-muito-grossa\/","name":"O aliado poderoso para quem sofre com descama\u00e7\u00e3o e pele muito grossa - Estado de Minas - Em foco","isPartOf":{"@id":"https:\/\/www.em.com.br\/emfoco\/#website"},"primaryImageOfPage":{"@id":"https:\/\/www.em.com.br\/emfoco\/2025\/11\/23\/o-aliado-poderoso-para-quem-sofre-com-descamacao-e-pele-muito-grossa\/#primaryimage"},"image":{"@id":"https:\/\/www.em.com.br\/emfoco\/2025\/11\/23\/o-aliado-poderoso-para-quem-sofre-com-descamacao-e-pele-muito-grossa\/#primaryimage"},"thumbnailUrl":"https:\/\/www.em.com.br\/emfoco\/wp-content\/uploads\/2025\/11\/pele-ressecada_1763822202341.jpg","datePublished":"2025-11-23T10:25:01+00:00","dateModified":"2025-11-22T14:40:48+00:00","author":{"@id":"https:\/\/www.em.com.br\/emfoco\/#\/schema\/person\/0a8186d72f2c3a5c6276d90b41f271a0"},"description":"Um ativo potente ret\u00e9m a umidade e renova a textura da pele. Entenda como ele recupera \u00e1reas \u00e1speras e fortalece a prote\u00e7\u00e3o.","breadcrumb":{"@id":"https:\/\/www.em.com.br\/emfoco\/2025\/11\/23\/o-aliado-poderoso-para-quem-sofre-com-descamacao-e-pele-muito-grossa\/#breadcrumb"},"inLanguage":"pt-BR","potentialAction":[{"@type":"ReadAction","target":["https:\/\/www.em.com.br\/emfoco\/2025\/11\/23\/o-aliado-poderoso-para-quem-sofre-com-descamacao-e-pele-muito-grossa\/"]}]},{"@type":"ImageObject","inLanguage":"pt-BR","@id":"https:\/\/www.em.com.br\/emfoco\/2025\/11\/23\/o-aliado-poderoso-para-quem-sofre-com-descamacao-e-pele-muito-grossa\/#primaryimage","url":"https:\/\/www.em.com.br\/emfoco\/wp-content\/uploads\/2025\/11\/pele-ressecada_1763822202341.jpg","contentUrl":"https:\/\/www.em.com.br\/emfoco\/wp-content\/uploads\/2025\/11\/pele-ressecada_1763822202341.jpg","width":1280,"height":720,"caption":"O uso de cremes com ureia tem se destacado no mercado de cuidados com a pele - Cr\u00e9ditos: depositphotos.com \/ olly18"},{"@type":"BreadcrumbList","@id":"https:\/\/www.em.com.br\/emfoco\/2025\/11\/23\/o-aliado-poderoso-para-quem-sofre-com-descamacao-e-pele-muito-grossa\/#breadcrumb","itemListElement":[{"@type":"ListItem","position":1,"name":"In\u00edcio","item":"https:\/\/www.em.com.br\/emfoco\/"},{"@type":"ListItem","position":2,"name":"O aliado poderoso para quem sofre com descama\u00e7\u00e3o e pele muito grossa"}]},{"@type":"WebSite","@id":"https:\/\/www.em.com.br\/emfoco\/#website","url":"https:\/\/www.em.com.br\/emfoco\/","name":"Estado de Minas - Em foco","description":"Acompanhe as \u00faltimas not\u00edcias e fique bem informado sobre tudo o que acontece em Minas Gerais, Brasil e no mundo.","potentialAction":[{"@type":"SearchAction","target":{"@type":"EntryPoint","urlTemplate":"https:\/\/www.em.com.br\/emfoco\/?s={search_term_string}"},"query-input":{"@type":"PropertyValueSpecification","valueRequired":true,"valueName":"search_term_string"}}],"inLanguage":"pt-BR"},{"@type":"Person","@id":"https:\/\/www.em.com.br\/emfoco\/#\/schema\/person\/0a8186d72f2c3a5c6276d90b41f271a0","name":"Daniely Cardoso","image":{"@type":"ImageObject","inLanguage":"pt-BR","@id":"https:\/\/www.em.com.br\/emfoco\/#\/schema\/person\/image\/","url":"https:\/\/secure.gravatar.com\/avatar\/4b80ddbd124d1f071b626d52d62e5dff?s=96&d=mm&r=g","contentUrl":"https:\/\/secure.gravatar.com\/avatar\/4b80ddbd124d1f071b626d52d62e5dff?s=96&d=mm&r=g","caption":"Daniely Cardoso"},"url":"https:\/\/www.em.com.br\/emfoco\/author\/danielymyth\/"}]}},"_links":{"self":[{"href":"https:\/\/www.em.com.br\/emfoco\/wp-json\/wp\/v2\/posts\/130805","targetHints":{"allow":["GET"]}}],"collection":[{"href":"https:\/\/www.em.com.br\/emfoco\/wp-json\/wp\/v2\/posts"}],"about":[{"href":"https:\/\/www.em.com.br\/emfoco\/wp-json\/wp\/v2\/types\/post"}],"author":[{"embeddable":true,"href":"https:\/\/www.em.com.br\/emfoco\/wp-json\/wp\/v2\/users\/9"}],"replies":[{"embeddable":true,"href":"https:\/\/www.em.com.br\/emfoco\/wp-json\/wp\/v2\/comments?post=130805"}],"version-history":[{"count":2,"href":"https:\/\/www.em.com.br\/emfoco\/wp-json\/wp\/v2\/posts\/130805\/revisions"}],"predecessor-version":[{"id":130856,"href":"https:\/\/www.em.com.br\/emfoco\/wp-json\/wp\/v2\/posts\/130805\/revisions\/130856"}],"wp:featuredmedia":[{"embeddable":true,"href":"https:\/\/www.em.com.br\/emfoco\/wp-json\/wp\/v2\/media\/130855"}],"wp:attachment":[{"href":"https:\/\/www.em.com.br\/emfoco\/wp-json\/wp\/v2\/media?parent=130805"}],"wp:term":[{"taxonomy":"category","embeddable":true,"href":"https:\/\/www.em.com.br\/emfoco\/wp-json\/wp\/v2\/categories?post=130805"},{"taxonomy":"post_tag","embeddable":true,"href":"https:\/\/www.em.com.br\/emfoco\/wp-json\/wp\/v2\/tags?post=130805"}],"curies":[{"name":"wp","href":"https:\/\/api.w.org\/{rel}","templated":true}]}}