{"id":13077,"date":"2025-01-23T18:40:40","date_gmt":"2025-01-23T21:40:40","guid":{"rendered":"https:\/\/www.em.com.br\/emfoco\/?p=13077"},"modified":"2025-01-23T10:47:11","modified_gmt":"2025-01-23T13:47:11","slug":"estamos-sendo-governados-pela-ficcao","status":"publish","type":"post","link":"https:\/\/www.em.com.br\/emfoco\/2025\/01\/23\/estamos-sendo-governados-pela-ficcao\/","title":{"rendered":"Estamos sendo governados pela fic\u00e7\u00e3o?"},"content":{"rendered":"\n<p>Nos \u00faltimos anos, o g\u00eanero de conspira\u00e7\u00e3o pol\u00edtica tem ganhado destaque nas <a href=\"https:\/\/www.em.com.br\/emfoco\/2025\/01\/22\/inovacoes-tecnologicas-na-mobilidade-urbana\/\" target=\"_blank\" rel=\"noreferrer noopener\">plataformas <\/a>de streaming, colocando-se como um dos temas mais explorados por cineastas e escritores. Uma das produ\u00e7\u00f5es mais aguardadas, &#8220;Dia Zero&#8221;, busca aprofundar essas intrigas a partir da perspectiva de um ex-presidente dos Estados Unidos. A s\u00e9rie procura instigar o questionamento sobre os limites \u00e9ticos de a\u00e7\u00f5es governamentais em situa\u00e7\u00f5es de crise.<\/p>\n\n\n\n<figure class=\"wp-block-embed is-type-video is-provider-youtube wp-block-embed-youtube wp-embed-aspect-16-9 wp-has-aspect-ratio\"><div class=\"wp-block-embed__wrapper\">\n<div class=\"jeg_video_container jeg_video_content\"><iframe loading=\"lazy\" title=\"Dia Zero | Trailer oficial | Netflix\" width=\"500\" height=\"281\" src=\"https:\/\/www.youtube.com\/embed\/nOgZ3Y43PTQ?feature=oembed\" frameborder=\"0\" allow=\"accelerometer; autoplay; clipboard-write; encrypted-media; gyroscope; picture-in-picture; web-share\" referrerpolicy=\"strict-origin-when-cross-origin\" allowfullscreen><\/iframe><\/div>\n<\/div><\/figure>\n\n\n\n<p>Com a estreia agendada para fevereiro de 2025, &#8220;Dia Zero&#8221; promete desafiar a percep\u00e7\u00e3o do p\u00fablico sobre poder, tecnologia e responsabilidade. Diversos atores renomados comp\u00f5em o elenco, oferecendo interpreta\u00e7\u00f5es intensas que pretendem tornar a narrativa ainda mais envolvente. Essa abordagem desperta reflex\u00f5es sobre decis\u00f5es pol\u00edticas impactantes, al\u00e9m de explorar a interse\u00e7\u00e3o entre desinforma\u00e7\u00e3o e agendas pessoais.<\/p>\n\n\n\n<h2 class=\"wp-block-heading\">Qual \u00e9 a Premissa de &#8220;Dia Zero&#8221;?<\/h2>\n\n\n\n<p>A trama centra-se em George Mullen, um ex-presidente americano incumbido de liderar uma investiga\u00e7\u00e3o sobre um ataque cibern\u00e9tico catastr\u00f3fico. Este evento n\u00e3o apenas causou milhares de mortes, mas tamb\u00e9m lan\u00e7ou o pa\u00eds em uma espiral de desordem severa. O conceito principal gira em torno da luta por justi\u00e7a e verdade, enquanto desafia os envolvidos a confrontarem suas pr\u00f3prias falhas e segredos pessoais.<\/p>\n\n\n\n<p>Durante o desenrolar da hist\u00f3ria, Mullen e a equipe investigativa enfrentam dilemas \u00e9ticos profundos. Quest\u00f5es sobre vigil\u00e2ncia sem mandados e a extens\u00e3o dos poderes governamentais se tornam centrais, levantando debates sobre at\u00e9 que ponto as liberdades civis podem ser comprometidas em nome da seguran\u00e7a nacional.<\/p>\n\n\n\n<h2 class=\"wp-block-heading\">Como a Produ\u00e7\u00e3o Aborda Temas Contempor\u00e2neos?<\/h2>\n\n\n\n<p>&#8220;Dia Zero&#8221; usa sua narrativa para refletir sobre quest\u00f5es atuais, como a difus\u00e3o de desinforma\u00e7\u00e3o e o papel crescente da tecnologia na pol\u00edtica. Temas como as ambi\u00e7\u00f5es pessoais de figuras influentes, a intersec\u00e7\u00e3o de interesses entre Wall Street e os respons\u00e1veis por governar, aparecem frequentemente. A s\u00e9rie pretende explorar os impactos dessas for\u00e7as no cotidiano dos cidad\u00e3os.<\/p>\n\n\n\n<p>A est\u00e9tica escolhida para a s\u00e9rie busca criar uma atmosfera de constante tens\u00e3o e urg\u00eancia, transportando o espectador para um mundo onde decis\u00f5es em fra\u00e7\u00f5es de segundo podem ter consequ\u00eancias dr\u00e1sticas. Este ambiente torna-se ainda mais veross\u00edmil com a inclus\u00e3o de detalhes contempor\u00e2neos e refer\u00eancias ao cen\u00e1rio pol\u00edtico global.<\/p>\n\n\n\n<h2 class=\"wp-block-heading\">Quem est\u00e1 por tr\u00e1s da cria\u00e7\u00e3o de &#8220;Dia Zero&#8221;?<\/h2>\n\n\n\n<p>A s\u00e9rie foi desenvolvida por um time altamente qualificado, incluindo nomes como Eric Newman, conhecido por seu trabalho em &#8220;Narcos&#8221;. Juntamente com Newman, Noah Oppenheim e Michael S. Schmidt contribuem com roteiros e produ\u00e7\u00e3o executiva, trazendo suas experi\u00eancias do jornalismo e do entretenimento. Lesli Linka Glatter, aclamada pela cr\u00edtica por sua dire\u00e7\u00e3o em &#8220;Homeland&#8221;, dirige os epis\u00f3dios, garantindo uma vis\u00e3o \u00fanica para a s\u00e9rie.<\/p>\n\n\n\n<p>O elenco conta com Robert De Niro assumindo o papel principal, trazendo credibilidade e profundidade \u00e0 narra\u00e7\u00e3o. Ao lado dele, Angela Bassett, Lizzy Caplan, Jesse Plemons, Joan Allen e outros talentos renomados, prometem interpreta\u00e7\u00f5es marcantes que tornam a s\u00e9rie uma experi\u00eancia rica para o p\u00fablico.<\/p>\n\n\n\n<h2 class=\"wp-block-heading\">Por que S\u00e9ries de Conspira\u00e7\u00e3o Pol\u00edtica Fascinam o P\u00fablico?<\/h2>\n\n\n\n<p>Essas produ\u00e7\u00f5es oferecem aos espectadores a oportunidade de explorar quest\u00f5es complexas e controversas de forma dramatizada. Isso n\u00e3o s\u00f3 entret\u00e9m, mas tamb\u00e9m encoraja o pensamento cr\u00edtico sobre o mundo real. Ao misturar fatos com fic\u00e7\u00e3o, elas permitem discuss\u00f5es sobre a natureza da verdade, poder e a moralidade das decis\u00f5es pol\u00edticas.<\/p>\n\n\n\n<p>Al\u00e9m disso, o elemento de suspense e mist\u00e9rio inerente ao g\u00eanero mant\u00e9m o p\u00fablico envolvido, sempre questionando o que \u00e9 realidade e o que \u00e9 manipula\u00e7\u00e3o. &#8220;Dia Zero&#8221; \u00e9 mais um exemplo dessa tend\u00eancia, utilizando uma trama fict\u00edcia para magnificar temas pertinentes no cen\u00e1rio atual.<\/p>\n","protected":false},"excerpt":{"rendered":"<p>Nos \u00faltimos anos, o g\u00eanero de conspira\u00e7\u00e3o pol\u00edtica tem ganhado destaque nas plataformas de streaming, colocando-se como um dos temas mais explorados por cineastas e escritores. Uma das produ\u00e7\u00f5es mais aguardadas, &#8220;Dia Zero&#8221;, busca aprofundar essas intrigas a partir da perspectiva de um ex-presidente dos Estados Unidos. A s\u00e9rie procura instigar o questionamento sobre os [&hellip;]<\/p>\n","protected":false},"author":7,"featured_media":13079,"comment_status":"open","ping_status":"open","sticky":false,"template":"","format":"standard","meta":{"jnews-multi-image_gallery":[],"jnews_single_post":{"format":"standard"},"jnews_primary_category":[],"jnews_social_meta":[],"jnews_override_counter":[],"footnotes":""},"categories":[1],"tags":[4036,4037,226,1138,2343],"class_list":["post-13077","post","type-post","status-publish","format-standard","has-post-thumbnail","hentry","category-noticias","tag-conspiracy","tag-ficcao","tag-politica","tag-serie","tag-thriller"],"yoast_head":"<!-- This site is optimized with the Yoast SEO plugin v23.8 - https:\/\/yoast.com\/wordpress\/plugins\/seo\/ -->\n<title>Estamos sendo governados pela fic\u00e7\u00e3o? - Estado de Minas - Em foco<\/title>\n<meta name=\"description\" content=\"Descrita como cativante e intensa que instiga a reflex\u00e3o. Confira essa Serie!\" \/>\n<meta name=\"robots\" content=\"index, follow, max-snippet:-1, max-image-preview:large, max-video-preview:-1\" \/>\n<link rel=\"canonical\" href=\"https:\/\/www.em.com.br\/emfoco\/2025\/01\/23\/estamos-sendo-governados-pela-ficcao\/\" \/>\n<meta property=\"og:locale\" content=\"pt_BR\" \/>\n<meta property=\"og:type\" content=\"article\" \/>\n<meta property=\"og:title\" content=\"Estamos sendo governados pela fic\u00e7\u00e3o? - Estado de Minas - Em foco\" \/>\n<meta property=\"og:description\" content=\"Descrita como cativante e intensa que instiga a reflex\u00e3o. Confira essa Serie!\" \/>\n<meta property=\"og:url\" content=\"https:\/\/www.em.com.br\/emfoco\/2025\/01\/23\/estamos-sendo-governados-pela-ficcao\/\" \/>\n<meta property=\"og:site_name\" content=\"Estado de Minas - Em foco\" \/>\n<meta property=\"article:published_time\" content=\"2025-01-23T21:40:40+00:00\" \/>\n<meta property=\"article:modified_time\" content=\"2025-01-23T13:47:11+00:00\" \/>\n<meta property=\"og:image\" content=\"https:\/\/www.em.com.br\/emfoco\/wp-content\/uploads\/2025\/01\/Screenshot_27.jpg\" \/>\n\t<meta property=\"og:image:width\" content=\"1200\" \/>\n\t<meta property=\"og:image:height\" content=\"667\" \/>\n\t<meta property=\"og:image:type\" content=\"image\/jpeg\" \/>\n<meta name=\"author\" content=\"Kelvin\" \/>\n<meta name=\"twitter:card\" content=\"summary_large_image\" \/>\n<meta name=\"twitter:label1\" content=\"Escrito por\" \/>\n\t<meta name=\"twitter:data1\" content=\"Kelvin\" \/>\n\t<meta name=\"twitter:label2\" content=\"Est. tempo de leitura\" \/>\n\t<meta name=\"twitter:data2\" content=\"4 minutos\" \/>\n<!-- \/ Yoast SEO plugin. -->","yoast_head_json":{"title":"Estamos sendo governados pela fic\u00e7\u00e3o? - Estado de Minas - Em foco","description":"Descrita como cativante e intensa que instiga a reflex\u00e3o. Confira essa Serie!","robots":{"index":"index","follow":"follow","max-snippet":"max-snippet:-1","max-image-preview":"max-image-preview:large","max-video-preview":"max-video-preview:-1"},"canonical":"https:\/\/www.em.com.br\/emfoco\/2025\/01\/23\/estamos-sendo-governados-pela-ficcao\/","og_locale":"pt_BR","og_type":"article","og_title":"Estamos sendo governados pela fic\u00e7\u00e3o? - Estado de Minas - Em foco","og_description":"Descrita como cativante e intensa que instiga a reflex\u00e3o. Confira essa Serie!","og_url":"https:\/\/www.em.com.br\/emfoco\/2025\/01\/23\/estamos-sendo-governados-pela-ficcao\/","og_site_name":"Estado de Minas - Em foco","article_published_time":"2025-01-23T21:40:40+00:00","article_modified_time":"2025-01-23T13:47:11+00:00","og_image":[{"width":1200,"height":667,"url":"https:\/\/www.em.com.br\/emfoco\/wp-content\/uploads\/2025\/01\/Screenshot_27.jpg","type":"image\/jpeg"}],"author":"Kelvin","twitter_card":"summary_large_image","twitter_misc":{"Escrito por":"Kelvin","Est. tempo de leitura":"4 minutos"},"schema":{"@context":"https:\/\/schema.org","@graph":[{"@type":"WebPage","@id":"https:\/\/www.em.com.br\/emfoco\/2025\/01\/23\/estamos-sendo-governados-pela-ficcao\/","url":"https:\/\/www.em.com.br\/emfoco\/2025\/01\/23\/estamos-sendo-governados-pela-ficcao\/","name":"Estamos sendo governados pela fic\u00e7\u00e3o? - Estado de Minas - Em foco","isPartOf":{"@id":"https:\/\/www.em.com.br\/emfoco\/#website"},"primaryImageOfPage":{"@id":"https:\/\/www.em.com.br\/emfoco\/2025\/01\/23\/estamos-sendo-governados-pela-ficcao\/#primaryimage"},"image":{"@id":"https:\/\/www.em.com.br\/emfoco\/2025\/01\/23\/estamos-sendo-governados-pela-ficcao\/#primaryimage"},"thumbnailUrl":"https:\/\/www.em.com.br\/emfoco\/wp-content\/uploads\/2025\/01\/Screenshot_27.jpg","datePublished":"2025-01-23T21:40:40+00:00","dateModified":"2025-01-23T13:47:11+00:00","author":{"@id":"https:\/\/www.em.com.br\/emfoco\/#\/schema\/person\/fb0a7f48c6fbb94b83f413a80f61917d"},"description":"Descrita como cativante e intensa que instiga a reflex\u00e3o. Confira essa Serie!","breadcrumb":{"@id":"https:\/\/www.em.com.br\/emfoco\/2025\/01\/23\/estamos-sendo-governados-pela-ficcao\/#breadcrumb"},"inLanguage":"pt-BR","potentialAction":[{"@type":"ReadAction","target":["https:\/\/www.em.com.br\/emfoco\/2025\/01\/23\/estamos-sendo-governados-pela-ficcao\/"]}]},{"@type":"ImageObject","inLanguage":"pt-BR","@id":"https:\/\/www.em.com.br\/emfoco\/2025\/01\/23\/estamos-sendo-governados-pela-ficcao\/#primaryimage","url":"https:\/\/www.em.com.br\/emfoco\/wp-content\/uploads\/2025\/01\/Screenshot_27.jpg","contentUrl":"https:\/\/www.em.com.br\/emfoco\/wp-content\/uploads\/2025\/01\/Screenshot_27.jpg","width":1200,"height":667,"caption":"Dia Zero - Trailer"},{"@type":"BreadcrumbList","@id":"https:\/\/www.em.com.br\/emfoco\/2025\/01\/23\/estamos-sendo-governados-pela-ficcao\/#breadcrumb","itemListElement":[{"@type":"ListItem","position":1,"name":"In\u00edcio","item":"https:\/\/www.em.com.br\/emfoco\/"},{"@type":"ListItem","position":2,"name":"Estamos sendo governados pela fic\u00e7\u00e3o?"}]},{"@type":"WebSite","@id":"https:\/\/www.em.com.br\/emfoco\/#website","url":"https:\/\/www.em.com.br\/emfoco\/","name":"Estado de Minas - Em foco","description":"Acompanhe as \u00faltimas not\u00edcias e fique bem informado sobre tudo o que acontece em Minas Gerais, Brasil e no mundo.","potentialAction":[{"@type":"SearchAction","target":{"@type":"EntryPoint","urlTemplate":"https:\/\/www.em.com.br\/emfoco\/?s={search_term_string}"},"query-input":{"@type":"PropertyValueSpecification","valueRequired":true,"valueName":"search_term_string"}}],"inLanguage":"pt-BR"},{"@type":"Person","@id":"https:\/\/www.em.com.br\/emfoco\/#\/schema\/person\/fb0a7f48c6fbb94b83f413a80f61917d","name":"Kelvin","image":{"@type":"ImageObject","inLanguage":"pt-BR","@id":"https:\/\/www.em.com.br\/emfoco\/#\/schema\/person\/image\/","url":"https:\/\/secure.gravatar.com\/avatar\/e74f84337e6bf6c4c5e88fbdffa05270?s=96&d=mm&r=g","contentUrl":"https:\/\/secure.gravatar.com\/avatar\/e74f84337e6bf6c4c5e88fbdffa05270?s=96&d=mm&r=g","caption":"Kelvin"},"sameAs":["https:\/\/www.em.com.br\/emfoco"],"url":"https:\/\/www.em.com.br\/emfoco\/author\/kelvinmyth\/"}]}},"_links":{"self":[{"href":"https:\/\/www.em.com.br\/emfoco\/wp-json\/wp\/v2\/posts\/13077","targetHints":{"allow":["GET"]}}],"collection":[{"href":"https:\/\/www.em.com.br\/emfoco\/wp-json\/wp\/v2\/posts"}],"about":[{"href":"https:\/\/www.em.com.br\/emfoco\/wp-json\/wp\/v2\/types\/post"}],"author":[{"embeddable":true,"href":"https:\/\/www.em.com.br\/emfoco\/wp-json\/wp\/v2\/users\/7"}],"replies":[{"embeddable":true,"href":"https:\/\/www.em.com.br\/emfoco\/wp-json\/wp\/v2\/comments?post=13077"}],"version-history":[{"count":2,"href":"https:\/\/www.em.com.br\/emfoco\/wp-json\/wp\/v2\/posts\/13077\/revisions"}],"predecessor-version":[{"id":13080,"href":"https:\/\/www.em.com.br\/emfoco\/wp-json\/wp\/v2\/posts\/13077\/revisions\/13080"}],"wp:featuredmedia":[{"embeddable":true,"href":"https:\/\/www.em.com.br\/emfoco\/wp-json\/wp\/v2\/media\/13079"}],"wp:attachment":[{"href":"https:\/\/www.em.com.br\/emfoco\/wp-json\/wp\/v2\/media?parent=13077"}],"wp:term":[{"taxonomy":"category","embeddable":true,"href":"https:\/\/www.em.com.br\/emfoco\/wp-json\/wp\/v2\/categories?post=13077"},{"taxonomy":"post_tag","embeddable":true,"href":"https:\/\/www.em.com.br\/emfoco\/wp-json\/wp\/v2\/tags?post=13077"}],"curies":[{"name":"wp","href":"https:\/\/api.w.org\/{rel}","templated":true}]}}