{"id":13069,"date":"2025-01-23T17:00:00","date_gmt":"2025-01-23T20:00:00","guid":{"rendered":"https:\/\/www.em.com.br\/emfoco\/?p=13069"},"modified":"2025-01-23T10:32:14","modified_gmt":"2025-01-23T13:32:14","slug":"o-que-e-o-bpc-e-como-solicitar","status":"publish","type":"post","link":"https:\/\/www.em.com.br\/emfoco\/2025\/01\/23\/o-que-e-o-bpc-e-como-solicitar\/","title":{"rendered":"O que \u00e9 o BPC e como solicitar?"},"content":{"rendered":"\n<p>O Benef\u00edcio de Presta\u00e7\u00e3o Continuada (<a href=\"https:\/\/www.gov.br\/mds\/pt-br\/acoes-e-programas\/suas\/beneficios-assistenciais\/beneficio-assistencial-ao-idoso-e-a-pessoa-com-deficiencia-bpc\" target=\"_blank\" rel=\"noreferrer noopener\">BPC<\/a>) \u00e9 um aux\u00edlio financeiro que garante o pagamento mensal de um sal\u00e1rio m\u00ednimo a <a href=\"https:\/\/www.em.com.br\/emfoco\/2024\/12\/29\/mais-de-4-800-pessoas-encontradas-o-combate-aos-desaparecimentos-em-mg\/\" target=\"_blank\" rel=\"noreferrer noopener\">pessoas <\/a>idosas com 65 anos ou mais e a indiv\u00edduos com defici\u00eancia, desde que atendam crit\u00e9rios espec\u00edficos. O benef\u00edcio faz parte da pol\u00edtica de assist\u00eancia social do governo brasileiro e n\u00e3o est\u00e1 vinculado a contribui\u00e7\u00f5es previdenci\u00e1rias. O principal requisito para a concess\u00e3o \u00e9 a comprova\u00e7\u00e3o de baixa renda, definida como at\u00e9 um quarto do sal\u00e1rio m\u00ednimo per capita familiar.<\/p>\n\n\n\n<h2 class=\"wp-block-heading\">Como realizar o cadastramento biom\u00e9trico para o BPC?<\/h2>\n\n\n\n<p>Recentemente, tornou-se obrigat\u00f3ria a realiza\u00e7\u00e3o do cadastramento biom\u00e9trico para os benefici\u00e1rios do BPC, visando garantir maior seguran\u00e7a e evitar fraudes no recebimento do aux\u00edlio. Para realizar o cadastro, o benefici\u00e1rio deve se dirigir a uma ag\u00eancia do Instituto Nacional de Seguridade Social (INSS) ou a um posto de atendimento do Cadastro \u00danico. \u00c9 importante levar documentos pessoais e um comprovante de resid\u00eancia atualizado. A falta do cadastramento pode resultar na suspens\u00e3o tempor\u00e1ria do benef\u00edcio at\u00e9 a regulariza\u00e7\u00e3o dos dados.<\/p>\n\n\n<div class=\"wp-block-image\">\n<figure class=\"aligncenter size-large\"><img loading=\"lazy\" decoding=\"async\" width=\"1024\" height=\"576\" src=\"https:\/\/www.em.com.br\/emfoco\/wp-content\/uploads\/2024\/12\/Idosos-familia_1733068883769-1024x576.jpg\" alt=\"\" class=\"wp-image-2606\" srcset=\"https:\/\/www.em.com.br\/emfoco\/wp-content\/uploads\/2024\/12\/Idosos-familia_1733068883769-1024x576.jpg 1024w, https:\/\/www.em.com.br\/emfoco\/wp-content\/uploads\/2024\/12\/Idosos-familia_1733068883769-300x169.jpg 300w, https:\/\/www.em.com.br\/emfoco\/wp-content\/uploads\/2024\/12\/Idosos-familia_1733068883769-768x432.jpg 768w, https:\/\/www.em.com.br\/emfoco\/wp-content\/uploads\/2024\/12\/Idosos-familia_1733068883769-750x422.jpg 750w, https:\/\/www.em.com.br\/emfoco\/wp-content\/uploads\/2024\/12\/Idosos-familia_1733068883769-1140x641.jpg 1140w, https:\/\/www.em.com.br\/emfoco\/wp-content\/uploads\/2024\/12\/Idosos-familia_1733068883769.jpg 1280w\" sizes=\"auto, (max-width: 1024px) 100vw, 1024px\" \/><figcaption class=\"wp-element-caption\">Casal de Idosos &#8211; Cr\u00e9ditos: depositphotos.com \/ simonapilolla<\/figcaption><\/figure><\/div>\n\n\n<h2 class=\"wp-block-heading\">Como o afastamento por motivos de sa\u00fade impacta na aposentadoria?<\/h2>\n\n\n\n<p>Muitos contribuintes t\u00eam d\u00favidas sobre como per\u00edodos de afastamento devido a tratamento de sa\u00fade podem impactar na conquista da aposentadoria. No caso de segurados que estejam afastados e recebendo algum tipo de aux\u00edlio-doen\u00e7a, este per\u00edodo \u00e9 considerado como tempo de contribui\u00e7\u00e3o. Portanto, mesmo afastado, o segurado continua a acumular tempo para sua aposentadoria, desde que esteja recebendo os devidos aux\u00edlios previdenci\u00e1rios.<\/p>\n\n\n\n<h2 class=\"wp-block-heading\">\u00c9 poss\u00edvel receber o BPC sem contribui\u00e7\u00f5es ao INSS?<\/h2>\n\n\n\n<p>O BPC \u00e9 um benef\u00edcio assistencial e, portanto, n\u00e3o exige contribui\u00e7\u00f5es pr\u00e9vias ao INSS. Basta que o requerente se enquadre nos crit\u00e9rios de idade ou de defici\u00eancia, e comprove a renda familiar per capita m\u00ednima. Desta forma, pessoas que nunca contribu\u00edram para o INSS podem, sim, ter direito ao BPC, desde que cumpram os requisitos de baixa renda e vulnerabilidade estabelecidos pela legisla\u00e7\u00e3o.<\/p>\n\n\n\n<h2 class=\"wp-block-heading\">Posso mudar minha aposentadoria para o BPC ap\u00f3s um acidente?<\/h2>\n\n\n\n<p>Indiv\u00edduos que j\u00e1 est\u00e3o aposentados por idade ou tempo de contribui\u00e7\u00e3o e se tornam deficientes em virtude de acidente podem se questionar sobre a possibilidade de mudar para o BPC. Todavia, o BPC s\u00f3 \u00e9 concedido a quem n\u00e3o possui qualquer tipo de benef\u00edcio previdenci\u00e1rio em andamento. Assim, para que a mudan\u00e7a ocorra, seria necess\u00e1rio abrir m\u00e3o da aposentadoria atual, fato que requer cuidadosa avalia\u00e7\u00e3o dos impactos financeiros e das condi\u00e7\u00f5es legais espec\u00edficas.<\/p>\n\n\n\n<h2 class=\"wp-block-heading\">Como garantir o direito ao BPC em caso de d\u00favidas?<\/h2>\n\n\n\n<p>Para garantir o direito ao BPC e solucionar qualquer d\u00favida a respeito do benef\u00edcio, recomenda-se a consulta com um advogado especializado em previd\u00eancia social. Esse profissional pode oferecer orienta\u00e7\u00f5es adequadas, analisar documenta\u00e7\u00e3o e auxiliar no processo de solicita\u00e7\u00e3o ou manuten\u00e7\u00e3o do benef\u00edcio frente ao INSS. Al\u00e9m disso, \u00e9 importante manter-se atualizado sobre eventuais mudan\u00e7as na legisla\u00e7\u00e3o ou nos crit\u00e9rios de concess\u00e3o, para evitar surpresas indesejadas.<\/p>\n","protected":false},"excerpt":{"rendered":"<p>O Benef\u00edcio de Presta\u00e7\u00e3o Continuada (BPC) \u00e9 um aux\u00edlio financeiro que garante o pagamento mensal de um sal\u00e1rio m\u00ednimo a pessoas idosas com 65 anos ou mais e a indiv\u00edduos com defici\u00eancia, desde que atendam crit\u00e9rios espec\u00edficos. O benef\u00edcio faz parte da pol\u00edtica de assist\u00eancia social do governo brasileiro e n\u00e3o est\u00e1 vinculado a contribui\u00e7\u00f5es [&hellip;]<\/p>\n","protected":false},"author":7,"featured_media":5003,"comment_status":"open","ping_status":"open","sticky":false,"template":"","format":"standard","meta":{"jnews-multi-image_gallery":[],"jnews_single_post":{"format":"standard"},"jnews_primary_category":[],"jnews_social_meta":[],"jnews_override_counter":[],"footnotes":""},"categories":[28],"tags":[172,498,257,4035,174],"class_list":["post-13069","post","type-post","status-publish","format-standard","has-post-thumbnail","hentry","category-economia","tag-aposentadoria","tag-assistencia-social","tag-bpc","tag-cadastramento-biometrico","tag-inss"],"yoast_head":"<!-- This site is optimized with the Yoast SEO plugin v23.8 - https:\/\/yoast.com\/wordpress\/plugins\/seo\/ -->\n<title>O que \u00e9 o BPC e como solicitar? - Estado de Minas - Em foco<\/title>\n<meta name=\"description\" content=\"O Benef\u00edcio de Presta\u00e7\u00e3o Continuada (BPC) \u00e9 um aux\u00edlio financeiro para idosos e pessoas com defici\u00eancia.\" \/>\n<meta name=\"robots\" content=\"index, follow, max-snippet:-1, max-image-preview:large, max-video-preview:-1\" \/>\n<link rel=\"canonical\" href=\"https:\/\/www.em.com.br\/emfoco\/2025\/01\/23\/o-que-e-o-bpc-e-como-solicitar\/\" \/>\n<meta property=\"og:locale\" content=\"pt_BR\" \/>\n<meta property=\"og:type\" content=\"article\" \/>\n<meta property=\"og:title\" content=\"O que \u00e9 o BPC e como solicitar? - Estado de Minas - Em foco\" \/>\n<meta property=\"og:description\" content=\"O Benef\u00edcio de Presta\u00e7\u00e3o Continuada (BPC) \u00e9 um aux\u00edlio financeiro para idosos e pessoas com defici\u00eancia.\" \/>\n<meta property=\"og:url\" content=\"https:\/\/www.em.com.br\/emfoco\/2025\/01\/23\/o-que-e-o-bpc-e-como-solicitar\/\" \/>\n<meta property=\"og:site_name\" content=\"Estado de Minas - Em foco\" \/>\n<meta property=\"article:published_time\" content=\"2025-01-23T20:00:00+00:00\" \/>\n<meta property=\"article:modified_time\" content=\"2025-01-23T13:32:14+00:00\" \/>\n<meta property=\"og:image\" content=\"https:\/\/www.em.com.br\/emfoco\/wp-content\/uploads\/2024\/12\/Idosos_1734194756779.jpg\" \/>\n\t<meta property=\"og:image:width\" content=\"1280\" \/>\n\t<meta property=\"og:image:height\" content=\"720\" \/>\n\t<meta property=\"og:image:type\" content=\"image\/jpeg\" \/>\n<meta name=\"author\" content=\"Kelvin\" \/>\n<meta name=\"twitter:card\" content=\"summary_large_image\" \/>\n<meta name=\"twitter:label1\" content=\"Escrito por\" \/>\n\t<meta name=\"twitter:data1\" content=\"Kelvin\" \/>\n\t<meta name=\"twitter:label2\" content=\"Est. tempo de leitura\" \/>\n\t<meta name=\"twitter:data2\" content=\"4 minutos\" \/>\n<!-- \/ Yoast SEO plugin. -->","yoast_head_json":{"title":"O que \u00e9 o BPC e como solicitar? - Estado de Minas - Em foco","description":"O Benef\u00edcio de Presta\u00e7\u00e3o Continuada (BPC) \u00e9 um aux\u00edlio financeiro para idosos e pessoas com defici\u00eancia.","robots":{"index":"index","follow":"follow","max-snippet":"max-snippet:-1","max-image-preview":"max-image-preview:large","max-video-preview":"max-video-preview:-1"},"canonical":"https:\/\/www.em.com.br\/emfoco\/2025\/01\/23\/o-que-e-o-bpc-e-como-solicitar\/","og_locale":"pt_BR","og_type":"article","og_title":"O que \u00e9 o BPC e como solicitar? - Estado de Minas - Em foco","og_description":"O Benef\u00edcio de Presta\u00e7\u00e3o Continuada (BPC) \u00e9 um aux\u00edlio financeiro para idosos e pessoas com defici\u00eancia.","og_url":"https:\/\/www.em.com.br\/emfoco\/2025\/01\/23\/o-que-e-o-bpc-e-como-solicitar\/","og_site_name":"Estado de Minas - Em foco","article_published_time":"2025-01-23T20:00:00+00:00","article_modified_time":"2025-01-23T13:32:14+00:00","og_image":[{"width":1280,"height":720,"url":"https:\/\/www.em.com.br\/emfoco\/wp-content\/uploads\/2024\/12\/Idosos_1734194756779.jpg","type":"image\/jpeg"}],"author":"Kelvin","twitter_card":"summary_large_image","twitter_misc":{"Escrito por":"Kelvin","Est. tempo de leitura":"4 minutos"},"schema":{"@context":"https:\/\/schema.org","@graph":[{"@type":"WebPage","@id":"https:\/\/www.em.com.br\/emfoco\/2025\/01\/23\/o-que-e-o-bpc-e-como-solicitar\/","url":"https:\/\/www.em.com.br\/emfoco\/2025\/01\/23\/o-que-e-o-bpc-e-como-solicitar\/","name":"O que \u00e9 o BPC e como solicitar? - Estado de Minas - Em foco","isPartOf":{"@id":"https:\/\/www.em.com.br\/emfoco\/#website"},"primaryImageOfPage":{"@id":"https:\/\/www.em.com.br\/emfoco\/2025\/01\/23\/o-que-e-o-bpc-e-como-solicitar\/#primaryimage"},"image":{"@id":"https:\/\/www.em.com.br\/emfoco\/2025\/01\/23\/o-que-e-o-bpc-e-como-solicitar\/#primaryimage"},"thumbnailUrl":"https:\/\/www.em.com.br\/emfoco\/wp-content\/uploads\/2024\/12\/Idosos_1734194756779.jpg","datePublished":"2025-01-23T20:00:00+00:00","dateModified":"2025-01-23T13:32:14+00:00","author":{"@id":"https:\/\/www.em.com.br\/emfoco\/#\/schema\/person\/fb0a7f48c6fbb94b83f413a80f61917d"},"description":"O Benef\u00edcio de Presta\u00e7\u00e3o Continuada (BPC) \u00e9 um aux\u00edlio financeiro para idosos e pessoas com defici\u00eancia.","breadcrumb":{"@id":"https:\/\/www.em.com.br\/emfoco\/2025\/01\/23\/o-que-e-o-bpc-e-como-solicitar\/#breadcrumb"},"inLanguage":"pt-BR","potentialAction":[{"@type":"ReadAction","target":["https:\/\/www.em.com.br\/emfoco\/2025\/01\/23\/o-que-e-o-bpc-e-como-solicitar\/"]}]},{"@type":"ImageObject","inLanguage":"pt-BR","@id":"https:\/\/www.em.com.br\/emfoco\/2025\/01\/23\/o-que-e-o-bpc-e-como-solicitar\/#primaryimage","url":"https:\/\/www.em.com.br\/emfoco\/wp-content\/uploads\/2024\/12\/Idosos_1734194756779.jpg","contentUrl":"https:\/\/www.em.com.br\/emfoco\/wp-content\/uploads\/2024\/12\/Idosos_1734194756779.jpg","width":1280,"height":720,"caption":"Aponsetado - Cr\u00e9ditos: depositphotos.com \/ AndrewLozovyi"},{"@type":"BreadcrumbList","@id":"https:\/\/www.em.com.br\/emfoco\/2025\/01\/23\/o-que-e-o-bpc-e-como-solicitar\/#breadcrumb","itemListElement":[{"@type":"ListItem","position":1,"name":"In\u00edcio","item":"https:\/\/www.em.com.br\/emfoco\/"},{"@type":"ListItem","position":2,"name":"O que \u00e9 o BPC e como solicitar?"}]},{"@type":"WebSite","@id":"https:\/\/www.em.com.br\/emfoco\/#website","url":"https:\/\/www.em.com.br\/emfoco\/","name":"Estado de Minas - Em foco","description":"Acompanhe as \u00faltimas not\u00edcias e fique bem informado sobre tudo o que acontece em Minas Gerais, Brasil e no mundo.","potentialAction":[{"@type":"SearchAction","target":{"@type":"EntryPoint","urlTemplate":"https:\/\/www.em.com.br\/emfoco\/?s={search_term_string}"},"query-input":{"@type":"PropertyValueSpecification","valueRequired":true,"valueName":"search_term_string"}}],"inLanguage":"pt-BR"},{"@type":"Person","@id":"https:\/\/www.em.com.br\/emfoco\/#\/schema\/person\/fb0a7f48c6fbb94b83f413a80f61917d","name":"Kelvin","image":{"@type":"ImageObject","inLanguage":"pt-BR","@id":"https:\/\/www.em.com.br\/emfoco\/#\/schema\/person\/image\/","url":"https:\/\/secure.gravatar.com\/avatar\/e74f84337e6bf6c4c5e88fbdffa05270?s=96&d=mm&r=g","contentUrl":"https:\/\/secure.gravatar.com\/avatar\/e74f84337e6bf6c4c5e88fbdffa05270?s=96&d=mm&r=g","caption":"Kelvin"},"sameAs":["https:\/\/www.em.com.br\/emfoco"],"url":"https:\/\/www.em.com.br\/emfoco\/author\/kelvinmyth\/"}]}},"_links":{"self":[{"href":"https:\/\/www.em.com.br\/emfoco\/wp-json\/wp\/v2\/posts\/13069","targetHints":{"allow":["GET"]}}],"collection":[{"href":"https:\/\/www.em.com.br\/emfoco\/wp-json\/wp\/v2\/posts"}],"about":[{"href":"https:\/\/www.em.com.br\/emfoco\/wp-json\/wp\/v2\/types\/post"}],"author":[{"embeddable":true,"href":"https:\/\/www.em.com.br\/emfoco\/wp-json\/wp\/v2\/users\/7"}],"replies":[{"embeddable":true,"href":"https:\/\/www.em.com.br\/emfoco\/wp-json\/wp\/v2\/comments?post=13069"}],"version-history":[{"count":2,"href":"https:\/\/www.em.com.br\/emfoco\/wp-json\/wp\/v2\/posts\/13069\/revisions"}],"predecessor-version":[{"id":13072,"href":"https:\/\/www.em.com.br\/emfoco\/wp-json\/wp\/v2\/posts\/13069\/revisions\/13072"}],"wp:featuredmedia":[{"embeddable":true,"href":"https:\/\/www.em.com.br\/emfoco\/wp-json\/wp\/v2\/media\/5003"}],"wp:attachment":[{"href":"https:\/\/www.em.com.br\/emfoco\/wp-json\/wp\/v2\/media?parent=13069"}],"wp:term":[{"taxonomy":"category","embeddable":true,"href":"https:\/\/www.em.com.br\/emfoco\/wp-json\/wp\/v2\/categories?post=13069"},{"taxonomy":"post_tag","embeddable":true,"href":"https:\/\/www.em.com.br\/emfoco\/wp-json\/wp\/v2\/tags?post=13069"}],"curies":[{"name":"wp","href":"https:\/\/api.w.org\/{rel}","templated":true}]}}