{"id":13064,"date":"2025-01-23T15:39:00","date_gmt":"2025-01-23T18:39:00","guid":{"rendered":"https:\/\/www.em.com.br\/emfoco\/?p=13064"},"modified":"2025-01-23T10:08:50","modified_gmt":"2025-01-23T13:08:50","slug":"coma-ovo-e-emagreca-com-tranquilidade","status":"publish","type":"post","link":"https:\/\/www.em.com.br\/emfoco\/2025\/01\/23\/coma-ovo-e-emagreca-com-tranquilidade\/","title":{"rendered":"Coma Ovo e Emagre\u00e7a com tranquilidade"},"content":{"rendered":"\n<p>O ovo se destaca como um alimento nutritivo e vers\u00e1til, amplamente reconhecido por seu alto teor de prote\u00ednas de qualidade. A prote\u00edna do ovo desempenha um papel crucial no aux\u00edlio ao emagrecimento, gra\u00e7as a suas propriedades \u00fanicas. Este artigo explorar\u00e1 como as prote\u00ednas do ovo podem ser aliadas eficazes no processo de perda de peso, al\u00e9m de fornecer dicas de consumo e outros benef\u00edcios para a sa\u00fade.<\/p>\n\n\n\n<p>A prote\u00edna presente no ovo \u00e9 considerada de alta qualidade biol\u00f3gica. Especialmente encontrada na clara, a albumina do ovo cont\u00e9m todos os amino\u00e1cidos essenciais necess\u00e1rios para a constru\u00e7\u00e3o e repara\u00e7\u00e3o muscular. Isso torna o ovo um alimento completo e eficiente para ser integrado na dieta, principalmente para aqueles que t\u00eam como objetivo a perda de peso.<\/p>\n\n\n\n<h2 class=\"wp-block-heading\">Por que a Prote\u00edna do Ovo \u00e9 Eficaz para Emagrecer?<\/h2>\n\n\n\n<p>Consumir <a href=\"https:\/\/receitasdepesos.com.br\/coma-ovo-e-emagreca-com-tranquilidade.html\/\" target=\"_blank\" rel=\"noreferrer noopener\">ovo<\/a> no contexto de uma dieta voltada para a perda de peso oferece v\u00e1rios benef\u00edcios. Entre eles est\u00e1 o <strong>efeito saciet\u00f3geno<\/strong>, que aumenta a sensa\u00e7\u00e3o de saciedade, reduzindo a necessidade de lanchinhos entre as refei\u00e7\u00f5es. O processo de digest\u00e3o da prote\u00edna \u00e9 mais lento em compara\u00e7\u00e3o aos carboidratos, permitindo um controle mais eficaz do apetite ao longo do dia.<\/p>\n\n\n\n<figure class=\"wp-block-image size-large\"><img loading=\"lazy\" decoding=\"async\" width=\"1024\" height=\"576\" src=\"https:\/\/www.em.com.br\/emfoco\/wp-content\/uploads\/2025\/01\/emagrecer_1736425924931-1024x576.jpg\" alt=\"A semente milagrosa que vai te surpreender!\" class=\"wp-image-9499\" srcset=\"https:\/\/www.em.com.br\/emfoco\/wp-content\/uploads\/2025\/01\/emagrecer_1736425924931-1024x576.jpg 1024w, https:\/\/www.em.com.br\/emfoco\/wp-content\/uploads\/2025\/01\/emagrecer_1736425924931-300x169.jpg 300w, https:\/\/www.em.com.br\/emfoco\/wp-content\/uploads\/2025\/01\/emagrecer_1736425924931-768x432.jpg 768w, https:\/\/www.em.com.br\/emfoco\/wp-content\/uploads\/2025\/01\/emagrecer_1736425924931-750x422.jpg 750w, https:\/\/www.em.com.br\/emfoco\/wp-content\/uploads\/2025\/01\/emagrecer_1736425924931-1140x641.jpg 1140w, https:\/\/www.em.com.br\/emfoco\/wp-content\/uploads\/2025\/01\/emagrecer_1736425924931.jpg 1280w\" sizes=\"auto, (max-width: 1024px) 100vw, 1024px\" \/><figcaption class=\"wp-element-caption\">Imagem Ilustrativa de Emagrecimento &#8211; Cr\u00e9ditos: depositphotos.com \/ MitaStockImages<\/figcaption><\/figure>\n\n\n\n<h2 class=\"wp-block-heading\">Como a Prote\u00edna do Ovo Auxilia na Manuten\u00e7\u00e3o da Massa Magra?<\/h2>\n\n\n\n<p>A manuten\u00e7\u00e3o da massa magra \u00e9 um fator importante durante o processo de emagrecimento. Perder peso muitas vezes resulta em perda de massa muscular junto com a gordura. A ingest\u00e3o adequada de prote\u00ednas, como as do ovo, \u00e9 essencial para preservar a massa magra, garantindo que o metabolismo permane\u00e7a ativo e eficiente.<\/p>\n\n\n\n<p>Outro aspecto relevante \u00e9 a <em>termog\u00eanese alimentar<\/em>, que ocorre porque a digest\u00e3o da prote\u00edna exige mais energia do corpo. Isso contribui para o aumento do gasto cal\u00f3rico total, facilitando a perda de peso. Al\u00e9m disso, os ovos possuem baixa densidade cal\u00f3rica, oferecendo muitos nutrientes sem adicionar calorias excessivas, o que \u00e9 vital para um d\u00e9ficit cal\u00f3rico saud\u00e1vel.<\/p>\n\n\n\n<h2 class=\"wp-block-heading\">Quais S\u00e3o Outros Benef\u00edcios da Inclus\u00e3o do Ovo na Dieta?<\/h2>\n\n\n\n<p>Al\u00e9m de auxiliar na perda de peso, o consumo de ovos traz uma s\u00e9rie de benef\u00edcios \u00e0 sa\u00fade. Destacam-se o suporte \u00e0 fun\u00e7\u00e3o cerebral por meio da colina presente na gema, essencial para a sa\u00fade cognitiva. Al\u00e9m disso, o ovo \u00e9 rico em antioxidantes como a lute\u00edna e a zeaxantina, que promovem a sa\u00fade ocular, e cont\u00e9m sel\u00eanio e zinco, que fortalecem o sistema imunol\u00f3gico.<\/p>\n\n\n\n<h2 class=\"wp-block-heading\">Como Incluir o Ovo nas Refei\u00e7\u00f5es Di\u00e1rias?<\/h2>\n\n\n\n<ol class=\"wp-block-list\">\n<li><strong>No caf\u00e9 da manh\u00e3:<\/strong> op\u00e7\u00f5es como ovos cozidos ou mexidos, acompanhados de vegetais ou p\u00e3o integral, s\u00e3o combinados pr\u00e1ticos e nutritivos.<\/li>\n\n\n\n<li><strong>Como lanche:<\/strong> um ovo cozido \u00e9 f\u00e1cil de transportar, tornando-se uma escolha conveniente e nutritiva.<\/li>\n\n\n\n<li><strong>Em refei\u00e7\u00f5es principais:<\/strong> o ovo pode ser ingrediente em omeletes, frittatas ou saladas, substituindo prote\u00ednas mais cal\u00f3ricas.<\/li>\n<\/ol>\n\n\n\n<p>\u00c9 importante consumir ovos de forma moderada e preferir prepara\u00e7\u00f5es que n\u00e3o utilizem frituras, a fim de aproveitar seus benef\u00edcios sem aumentar o consumo cal\u00f3rico. Consultar um nutricionista pode ajudar a determinar a quantidade ideal de ingest\u00e3o de ovos dentro de uma dieta equilibrada.<\/p>\n\n\n\n<h2 class=\"wp-block-heading\">O Papel do Ovo nas Dietas Famosas de Emagrecimento<\/h2>\n\n\n\n<p>O ovo \u00e9 frequentemente utilizado em diversas dietas populares, como a dieta do ovo, a dieta paleo e a dieta mediterr\u00e2nea, gra\u00e7as \u00e0 sua versatilidade e densidade nutricional. Em dietas low carb, o ovo \u00e9 uma escolha estrat\u00e9gica, proporcionando prote\u00ednas e gorduras saud\u00e1veis.<\/p>\n\n\n\n<p>Ao integrar o ovo de maneira consciente na alimenta\u00e7\u00e3o di\u00e1ria, ele pode se transformar em um aliado poderoso para alcan\u00e7ar objetivos de emagrecimento e promover uma sa\u00fade geral mais equilibrada.<\/p>\n","protected":false},"excerpt":{"rendered":"<p>O ovo se destaca como um alimento nutritivo e vers\u00e1til, amplamente reconhecido por seu alto teor de prote\u00ednas de qualidade. A prote\u00edna do ovo desempenha um papel crucial no aux\u00edlio ao emagrecimento, gra\u00e7as a suas propriedades \u00fanicas.<\/p>\n","protected":false},"author":2,"featured_media":13065,"comment_status":"open","ping_status":"open","sticky":false,"template":"","format":"standard","meta":{"jnews-multi-image_gallery":[],"jnews_single_post":{"format":"standard"},"jnews_primary_category":[],"jnews_social_meta":[],"jnews_override_counter":[],"footnotes":""},"categories":[29,1],"tags":[2577,3109,3112,3113,415],"class_list":["post-13064","post","type-post","status-publish","format-standard","has-post-thumbnail","hentry","category-entretenimento","category-noticias","tag-dieta","tag-emagrecimento","tag-ovo","tag-proteina","tag-saude"],"yoast_head":"<!-- This site is optimized with the Yoast SEO plugin v23.8 - https:\/\/yoast.com\/wordpress\/plugins\/seo\/ -->\n<title>Coma Ovo e Emagre\u00e7a com tranquilidade - Estado de Minas - Em foco<\/title>\n<meta name=\"description\" content=\"O ovo se destaca como um alimento nutritivo e vers\u00e1til, amplamente reconhecido por seu alto teor de prote\u00ednas de qualidade. A prote\u00edna do ovo desempenha um papel crucial no aux\u00edlio ao emagrecimento, gra\u00e7as a suas propriedades \u00fanicas.\" \/>\n<meta name=\"robots\" content=\"index, follow, max-snippet:-1, max-image-preview:large, max-video-preview:-1\" \/>\n<link rel=\"canonical\" href=\"https:\/\/www.em.com.br\/emfoco\/2025\/01\/23\/coma-ovo-e-emagreca-com-tranquilidade\/\" \/>\n<meta property=\"og:locale\" content=\"pt_BR\" \/>\n<meta property=\"og:type\" content=\"article\" \/>\n<meta property=\"og:title\" content=\"Coma Ovo e Emagre\u00e7a com tranquilidade - Estado de Minas - Em foco\" \/>\n<meta property=\"og:description\" content=\"O ovo se destaca como um alimento nutritivo e vers\u00e1til, amplamente reconhecido por seu alto teor de prote\u00ednas de qualidade. A prote\u00edna do ovo desempenha um papel crucial no aux\u00edlio ao emagrecimento, gra\u00e7as a suas propriedades \u00fanicas.\" \/>\n<meta property=\"og:url\" content=\"https:\/\/www.em.com.br\/emfoco\/2025\/01\/23\/coma-ovo-e-emagreca-com-tranquilidade\/\" \/>\n<meta property=\"og:site_name\" content=\"Estado de Minas - Em foco\" \/>\n<meta property=\"article:published_time\" content=\"2025-01-23T18:39:00+00:00\" \/>\n<meta property=\"article:modified_time\" content=\"2025-01-23T13:08:50+00:00\" \/>\n<meta property=\"og:image\" content=\"https:\/\/www.em.com.br\/emfoco\/wp-content\/uploads\/2025\/01\/httpsneural.myth_.devstaticcache27c5373c-ab02-4af4-aa17-334b2e38f60f.jpeg\" \/>\n\t<meta property=\"og:image:width\" content=\"1280\" \/>\n\t<meta property=\"og:image:height\" content=\"720\" \/>\n\t<meta property=\"og:image:type\" content=\"image\/jpeg\" \/>\n<meta name=\"author\" content=\"Guilherme\" \/>\n<meta name=\"twitter:card\" content=\"summary_large_image\" \/>\n<meta name=\"twitter:label1\" content=\"Escrito por\" \/>\n\t<meta name=\"twitter:data1\" content=\"Guilherme\" \/>\n\t<meta name=\"twitter:label2\" content=\"Est. tempo de leitura\" \/>\n\t<meta name=\"twitter:data2\" content=\"4 minutos\" \/>\n<!-- \/ Yoast SEO plugin. -->","yoast_head_json":{"title":"Coma Ovo e Emagre\u00e7a com tranquilidade - Estado de Minas - Em foco","description":"O ovo se destaca como um alimento nutritivo e vers\u00e1til, amplamente reconhecido por seu alto teor de prote\u00ednas de qualidade. A prote\u00edna do ovo desempenha um papel crucial no aux\u00edlio ao emagrecimento, gra\u00e7as a suas propriedades \u00fanicas.","robots":{"index":"index","follow":"follow","max-snippet":"max-snippet:-1","max-image-preview":"max-image-preview:large","max-video-preview":"max-video-preview:-1"},"canonical":"https:\/\/www.em.com.br\/emfoco\/2025\/01\/23\/coma-ovo-e-emagreca-com-tranquilidade\/","og_locale":"pt_BR","og_type":"article","og_title":"Coma Ovo e Emagre\u00e7a com tranquilidade - Estado de Minas - Em foco","og_description":"O ovo se destaca como um alimento nutritivo e vers\u00e1til, amplamente reconhecido por seu alto teor de prote\u00ednas de qualidade. A prote\u00edna do ovo desempenha um papel crucial no aux\u00edlio ao emagrecimento, gra\u00e7as a suas propriedades \u00fanicas.","og_url":"https:\/\/www.em.com.br\/emfoco\/2025\/01\/23\/coma-ovo-e-emagreca-com-tranquilidade\/","og_site_name":"Estado de Minas - Em foco","article_published_time":"2025-01-23T18:39:00+00:00","article_modified_time":"2025-01-23T13:08:50+00:00","og_image":[{"width":1280,"height":720,"url":"https:\/\/www.em.com.br\/emfoco\/wp-content\/uploads\/2025\/01\/httpsneural.myth_.devstaticcache27c5373c-ab02-4af4-aa17-334b2e38f60f.jpeg","type":"image\/jpeg"}],"author":"Guilherme","twitter_card":"summary_large_image","twitter_misc":{"Escrito por":"Guilherme","Est. tempo de leitura":"4 minutos"},"schema":{"@context":"https:\/\/schema.org","@graph":[{"@type":"WebPage","@id":"https:\/\/www.em.com.br\/emfoco\/2025\/01\/23\/coma-ovo-e-emagreca-com-tranquilidade\/","url":"https:\/\/www.em.com.br\/emfoco\/2025\/01\/23\/coma-ovo-e-emagreca-com-tranquilidade\/","name":"Coma Ovo e Emagre\u00e7a com tranquilidade - Estado de Minas - Em foco","isPartOf":{"@id":"https:\/\/www.em.com.br\/emfoco\/#website"},"primaryImageOfPage":{"@id":"https:\/\/www.em.com.br\/emfoco\/2025\/01\/23\/coma-ovo-e-emagreca-com-tranquilidade\/#primaryimage"},"image":{"@id":"https:\/\/www.em.com.br\/emfoco\/2025\/01\/23\/coma-ovo-e-emagreca-com-tranquilidade\/#primaryimage"},"thumbnailUrl":"https:\/\/www.em.com.br\/emfoco\/wp-content\/uploads\/2025\/01\/httpsneural.myth_.devstaticcache27c5373c-ab02-4af4-aa17-334b2e38f60f.jpeg","datePublished":"2025-01-23T18:39:00+00:00","dateModified":"2025-01-23T13:08:50+00:00","author":{"@id":"https:\/\/www.em.com.br\/emfoco\/#\/schema\/person\/097c4a57cc4dc96be3b74aaf7185dd84"},"description":"O ovo se destaca como um alimento nutritivo e vers\u00e1til, amplamente reconhecido por seu alto teor de prote\u00ednas de qualidade. A prote\u00edna do ovo desempenha um papel crucial no aux\u00edlio ao emagrecimento, gra\u00e7as a suas propriedades \u00fanicas.","breadcrumb":{"@id":"https:\/\/www.em.com.br\/emfoco\/2025\/01\/23\/coma-ovo-e-emagreca-com-tranquilidade\/#breadcrumb"},"inLanguage":"pt-BR","potentialAction":[{"@type":"ReadAction","target":["https:\/\/www.em.com.br\/emfoco\/2025\/01\/23\/coma-ovo-e-emagreca-com-tranquilidade\/"]}]},{"@type":"ImageObject","inLanguage":"pt-BR","@id":"https:\/\/www.em.com.br\/emfoco\/2025\/01\/23\/coma-ovo-e-emagreca-com-tranquilidade\/#primaryimage","url":"https:\/\/www.em.com.br\/emfoco\/wp-content\/uploads\/2025\/01\/httpsneural.myth_.devstaticcache27c5373c-ab02-4af4-aa17-334b2e38f60f.jpeg","contentUrl":"https:\/\/www.em.com.br\/emfoco\/wp-content\/uploads\/2025\/01\/httpsneural.myth_.devstaticcache27c5373c-ab02-4af4-aa17-334b2e38f60f.jpeg","width":1280,"height":720,"caption":"Coma Ovo e Emagre\u00e7a com tranquilidade Cr\u00e9ditos: depositphotos.com \/ svehlik"},{"@type":"BreadcrumbList","@id":"https:\/\/www.em.com.br\/emfoco\/2025\/01\/23\/coma-ovo-e-emagreca-com-tranquilidade\/#breadcrumb","itemListElement":[{"@type":"ListItem","position":1,"name":"In\u00edcio","item":"https:\/\/www.em.com.br\/emfoco\/"},{"@type":"ListItem","position":2,"name":"Coma Ovo e Emagre\u00e7a com tranquilidade"}]},{"@type":"WebSite","@id":"https:\/\/www.em.com.br\/emfoco\/#website","url":"https:\/\/www.em.com.br\/emfoco\/","name":"Estado de Minas - Em foco","description":"Acompanhe as \u00faltimas not\u00edcias e fique bem informado sobre tudo o que acontece em Minas Gerais, Brasil e no mundo.","potentialAction":[{"@type":"SearchAction","target":{"@type":"EntryPoint","urlTemplate":"https:\/\/www.em.com.br\/emfoco\/?s={search_term_string}"},"query-input":{"@type":"PropertyValueSpecification","valueRequired":true,"valueName":"search_term_string"}}],"inLanguage":"pt-BR"},{"@type":"Person","@id":"https:\/\/www.em.com.br\/emfoco\/#\/schema\/person\/097c4a57cc4dc96be3b74aaf7185dd84","name":"Guilherme","image":{"@type":"ImageObject","inLanguage":"pt-BR","@id":"https:\/\/www.em.com.br\/emfoco\/#\/schema\/person\/image\/","url":"https:\/\/secure.gravatar.com\/avatar\/6a059d20d980bdeb1d1d6b0fa2b4633c?s=96&d=mm&r=g","contentUrl":"https:\/\/secure.gravatar.com\/avatar\/6a059d20d980bdeb1d1d6b0fa2b4633c?s=96&d=mm&r=g","caption":"Guilherme"},"url":"https:\/\/www.em.com.br\/emfoco\/author\/guilhermemyth\/"}]}},"_links":{"self":[{"href":"https:\/\/www.em.com.br\/emfoco\/wp-json\/wp\/v2\/posts\/13064","targetHints":{"allow":["GET"]}}],"collection":[{"href":"https:\/\/www.em.com.br\/emfoco\/wp-json\/wp\/v2\/posts"}],"about":[{"href":"https:\/\/www.em.com.br\/emfoco\/wp-json\/wp\/v2\/types\/post"}],"author":[{"embeddable":true,"href":"https:\/\/www.em.com.br\/emfoco\/wp-json\/wp\/v2\/users\/2"}],"replies":[{"embeddable":true,"href":"https:\/\/www.em.com.br\/emfoco\/wp-json\/wp\/v2\/comments?post=13064"}],"version-history":[{"count":3,"href":"https:\/\/www.em.com.br\/emfoco\/wp-json\/wp\/v2\/posts\/13064\/revisions"}],"predecessor-version":[{"id":13068,"href":"https:\/\/www.em.com.br\/emfoco\/wp-json\/wp\/v2\/posts\/13064\/revisions\/13068"}],"wp:featuredmedia":[{"embeddable":true,"href":"https:\/\/www.em.com.br\/emfoco\/wp-json\/wp\/v2\/media\/13065"}],"wp:attachment":[{"href":"https:\/\/www.em.com.br\/emfoco\/wp-json\/wp\/v2\/media?parent=13064"}],"wp:term":[{"taxonomy":"category","embeddable":true,"href":"https:\/\/www.em.com.br\/emfoco\/wp-json\/wp\/v2\/categories?post=13064"},{"taxonomy":"post_tag","embeddable":true,"href":"https:\/\/www.em.com.br\/emfoco\/wp-json\/wp\/v2\/tags?post=13064"}],"curies":[{"name":"wp","href":"https:\/\/api.w.org\/{rel}","templated":true}]}}