{"id":13059,"date":"2025-02-03T22:40:00","date_gmt":"2025-02-04T01:40:00","guid":{"rendered":"https:\/\/www.em.com.br\/emfoco\/?p=13059"},"modified":"2025-02-01T09:19:32","modified_gmt":"2025-02-01T12:19:32","slug":"o-futuro-da-energia-esta-no-subsolo-conheca-a-energia-geotermica","status":"publish","type":"post","link":"https:\/\/www.em.com.br\/emfoco\/2025\/02\/03\/o-futuro-da-energia-esta-no-subsolo-conheca-a-energia-geotermica\/","title":{"rendered":"O futuro da energia est\u00e1 no subsolo! Conhe\u00e7a a energia geot\u00e9rmica"},"content":{"rendered":"\n<p>A <strong><a href=\"https:\/\/www.em.com.br\/emfoco\/2025\/01\/13\/horoscopo-do-dia-descubra-as-energias-de-13-de-janeiro\/\" target=\"_blank\" rel=\"noreferrer noopener\">energia<\/a><\/strong> geot\u00e9rmica tem ganhado destaque como uma fonte alternativa e sustent\u00e1vel de energia. Este tipo de energia aproveita o calor proveniente do interior da Terra para gerar eletricidade e fornecer aquecimento, oferecendo uma solu\u00e7\u00e3o potencial para reduzir a depend\u00eancia de combust\u00edveis f\u00f3sseis e mitigar a emiss\u00e3o de gases de efeito estufa.<\/p>\n\n\n\n<p>A geotermia envolve a extra\u00e7\u00e3o de calor do subsolo, onde a temperatura naturalmente elevada pode ser transformada em energia utiliz\u00e1vel. As regi\u00f5es com maior atividade tect\u00f4nica, como aquelas pr\u00f3ximas a vulc\u00f5es e g\u00eaiseres, s\u00e3o especialmente promissoras para projetos de energia geot\u00e9rmica devido ao f\u00e1cil acesso ao calor interno da Terra.<\/p>\n\n\n\n<h2 class=\"wp-block-heading\">Como funciona a energia geot\u00e9rmica?<\/h2>\n\n\n\n<p>O princ\u00edpio b\u00e1sico da energia geot\u00e9rmica \u00e9 aproveitar o calor armazenado no interior da <strong><a href=\"https:\/\/pt.wikipedia.org\/wiki\/Terra#:~:text=A%20Terra%20%C3%A9%20o%20terceiro,como%20Mundo%20ou%20Planeta%20Azul.\" target=\"_blank\" rel=\"noreferrer noopener\">Terra<\/a><\/strong>. Este calor pode ser extra\u00eddo de diferentes profundidades atrav\u00e9s de tecnologias diversas, como sistemas de alta entalpia, que utilizam vapor direto, e sistemas de baixa entalpia, que exploram temperaturas menores. No caso das instala\u00e7\u00f5es de alta entalpia, a \u00e1gua quente ou vapor \u00e9 capturado para girar turbinas que, por sua vez, geram eletricidade.<\/p>\n\n\n\n<p>No caso de sistemas de menor temperatura, o calor pode ser utilizado diretamente para aquecimento residencial ou industrial. Essa versatilidade permite adaptar a tecnologia geot\u00e9rmica a uma larga variedade de contextos e necessidades, desde a gera\u00e7\u00e3o de eletricidade em larga escala at\u00e9 o aquecimento de edif\u00edcios.<\/p>\n\n\n\n<figure class=\"wp-block-image size-large\"><img loading=\"lazy\" decoding=\"async\" width=\"1024\" height=\"576\" src=\"https:\/\/www.em.com.br\/emfoco\/wp-content\/uploads\/2025\/01\/energia-geotermica_1737636002949-1024x576.jpg\" alt=\"O futuro da energia est\u00e1 no subsolo: conhe\u00e7a a energia geot\u00e9rmica!\" class=\"wp-image-13062\" srcset=\"https:\/\/www.em.com.br\/emfoco\/wp-content\/uploads\/2025\/01\/energia-geotermica_1737636002949-1024x576.jpg 1024w, https:\/\/www.em.com.br\/emfoco\/wp-content\/uploads\/2025\/01\/energia-geotermica_1737636002949-300x169.jpg 300w, https:\/\/www.em.com.br\/emfoco\/wp-content\/uploads\/2025\/01\/energia-geotermica_1737636002949-768x432.jpg 768w, https:\/\/www.em.com.br\/emfoco\/wp-content\/uploads\/2025\/01\/energia-geotermica_1737636002949-750x422.jpg 750w, https:\/\/www.em.com.br\/emfoco\/wp-content\/uploads\/2025\/01\/energia-geotermica_1737636002949-1140x642.jpg 1140w, https:\/\/www.em.com.br\/emfoco\/wp-content\/uploads\/2025\/01\/energia-geotermica_1737636002949.jpg 1279w\" sizes=\"auto, (max-width: 1024px) 100vw, 1024px\" \/><figcaption class=\"wp-element-caption\">Energia geot\u00e9rmica &#8211; Cr\u00e9ditos: depositphotos.com \/ vampy1<\/figcaption><\/figure>\n\n\n\n<h2 class=\"wp-block-heading\">Quais s\u00e3o os benef\u00edcios do uso da geotermia?<\/h2>\n\n\n\n<p>A ado\u00e7\u00e3o da energia geot\u00e9rmica traz in\u00fameros benef\u00edcios ambientais, econ\u00f4micos e sociais. Um dos aspectos mais significativos \u00e9 seu car\u00e1ter sustent\u00e1vel e de baixo carbono. Diferentemente das usinas tradicionais que queimam combust\u00edveis f\u00f3sseis, as instala\u00e7\u00f5es geot\u00e9rmicas emitem quantidades m\u00ednimas de gases de efeito estufa, contribuindo significativamente para a redu\u00e7\u00e3o do impacto ambiental.<\/p>\n\n\n\n<p>Al\u00e9m disso, a geotermia oferece um recurso praticamente ilimitado e renov\u00e1vel, uma vez que o calor interno da <strong>Terra<\/strong> \u00e9 constantemente reposto. Essa caracter\u00edstica proporciona uma fonte est\u00e1vel de energia que pode operar de maneira cont\u00ednua, ao contr\u00e1rio das energias solar e e\u00f3lica que est\u00e3o sujeitas \u00e0s condi\u00e7\u00f5es clim\u00e1ticas.<\/p>\n\n\n\n<h2 class=\"wp-block-heading\">Quais s\u00e3o os desafios da energia geot\u00e9rmica?<\/h2>\n\n\n\n<p>Apesar de seus muitos benef\u00edcios, a energia geot\u00e9rmica enfrenta alguns desafios. A explora\u00e7\u00e3o geot\u00e9rmica requer investimentos iniciais significativos, especialmente para perfura\u00e7\u00e3o em profundidade e infraestrutura de extra\u00e7\u00e3o. A viabilidade econ\u00f4mica pode ser um obst\u00e1culo em regi\u00f5es distantes de atividade geot\u00e9rmica superficial.<\/p>\n\n\n\n<p>Outro ponto a ser considerado \u00e9 o potencial de riscos geol\u00f3gicos, como terremotos induzidos pela extra\u00e7\u00e3o de calor. Contudo, com avan\u00e7os tecnol\u00f3gicos e regulamentos adequados, esses riscos podem ser minimizados, tornando a geotermia uma op\u00e7\u00e3o cada vez mais segura e eficaz.<\/p>\n\n\n\n<h2 class=\"wp-block-heading\">A geotermia \u00e9 a resposta para a demanda energ\u00e9tica mundial?<\/h2>\n\n\n\n<p>A energia geot\u00e9rmica possui um potencial enorme para complementar outras fontes renov\u00e1veis no mix energ\u00e9tico global. Sua capacidade de fornecer energia constantemente, independente do clima, a torna essencial para atender a demanda b\u00e1sica de energia com confiabilidade. Contudo, sua implementa\u00e7\u00e3o depende de aspectos geol\u00f3gicos favor\u00e1veis e de investimentos robustos em pesquisa e desenvolvimento para melhorar a efici\u00eancia e a minimiza\u00e7\u00e3o de riscos.<\/p>\n\n\n\n<p>Com os avan\u00e7os cont\u00ednuos na tecnologia e a crescente press\u00e3o para a descarboniza\u00e7\u00e3o, a geotermia pode ter um papel importante na transi\u00e7\u00e3o para um futuro energ\u00e9tico sustent\u00e1vel e limpo, oferecendo uma via pr\u00e1tica para reduzir a depend\u00eancia de combust\u00edveis f\u00f3sseis e suas consequentes emiss\u00f5es.<\/p>\n","protected":false},"excerpt":{"rendered":"<p>A energia geot\u00e9rmica tem ganhado destaque como uma fonte alternativa e sustent\u00e1vel de energia. Este tipo de energia aproveita o calor proveniente do interior da Terra para gerar eletricidade e fornecer aquecimento, oferecendo uma solu\u00e7\u00e3o potencial para reduzir a depend\u00eancia de combust\u00edveis f\u00f3sseis e mitigar a emiss\u00e3o de gases de efeito estufa. A geotermia envolve [&hellip;]<\/p>\n","protected":false},"author":5,"featured_media":13061,"comment_status":"open","ping_status":"open","sticky":false,"template":"","format":"standard","meta":{"jnews-multi-image_gallery":[],"jnews_single_post":{"format":"standard"},"jnews_primary_category":[],"jnews_social_meta":[],"jnews_override_counter":[],"footnotes":""},"categories":[28,1],"tags":[2120,4034,325],"class_list":["post-13059","post","type-post","status-publish","format-standard","has-post-thumbnail","hentry","category-economia","category-noticias","tag-energia-limpa","tag-geracao-de-energia-limpa","tag-sustentabilidade"],"yoast_head":"<!-- This site is optimized with the Yoast SEO plugin v23.8 - https:\/\/yoast.com\/wordpress\/plugins\/seo\/ -->\n<title>O futuro da energia est\u00e1 no subsolo! Conhe\u00e7a a energia geot\u00e9rmica - Estado de Minas - Em foco<\/title>\n<meta name=\"description\" content=\"A energia geot\u00e9rmica \u00e9 uma fonte de energia limpa e renov\u00e1vel que pode ajudar a combater as mudan\u00e7as clim\u00e1ticas. Saiba mais!\" \/>\n<meta name=\"robots\" content=\"index, follow, max-snippet:-1, max-image-preview:large, max-video-preview:-1\" \/>\n<link rel=\"canonical\" href=\"https:\/\/www.em.com.br\/emfoco\/2025\/02\/03\/o-futuro-da-energia-esta-no-subsolo-conheca-a-energia-geotermica\/\" \/>\n<meta property=\"og:locale\" content=\"pt_BR\" \/>\n<meta property=\"og:type\" content=\"article\" \/>\n<meta property=\"og:title\" content=\"O futuro da energia est\u00e1 no subsolo! Conhe\u00e7a a energia geot\u00e9rmica - Estado de Minas - Em foco\" \/>\n<meta property=\"og:description\" content=\"A energia geot\u00e9rmica \u00e9 uma fonte de energia limpa e renov\u00e1vel que pode ajudar a combater as mudan\u00e7as clim\u00e1ticas. Saiba mais!\" \/>\n<meta property=\"og:url\" content=\"https:\/\/www.em.com.br\/emfoco\/2025\/02\/03\/o-futuro-da-energia-esta-no-subsolo-conheca-a-energia-geotermica\/\" \/>\n<meta property=\"og:site_name\" content=\"Estado de Minas - Em foco\" \/>\n<meta property=\"article:published_time\" content=\"2025-02-04T01:40:00+00:00\" \/>\n<meta property=\"article:modified_time\" content=\"2025-02-01T12:19:32+00:00\" \/>\n<meta property=\"og:image\" content=\"https:\/\/www.em.com.br\/emfoco\/wp-content\/uploads\/2025\/01\/energia-geotermica_1737635957928.jpg\" \/>\n\t<meta property=\"og:image:width\" content=\"1280\" \/>\n\t<meta property=\"og:image:height\" content=\"720\" \/>\n\t<meta property=\"og:image:type\" content=\"image\/jpeg\" \/>\n<meta name=\"author\" content=\"N\u00fabia Rangel\" \/>\n<meta name=\"twitter:card\" content=\"summary_large_image\" \/>\n<meta name=\"twitter:label1\" content=\"Escrito por\" \/>\n\t<meta name=\"twitter:data1\" content=\"N\u00fabia Rangel\" \/>\n\t<meta name=\"twitter:label2\" content=\"Est. tempo de leitura\" \/>\n\t<meta name=\"twitter:data2\" content=\"4 minutos\" \/>\n<!-- \/ Yoast SEO plugin. -->","yoast_head_json":{"title":"O futuro da energia est\u00e1 no subsolo! Conhe\u00e7a a energia geot\u00e9rmica - Estado de Minas - Em foco","description":"A energia geot\u00e9rmica \u00e9 uma fonte de energia limpa e renov\u00e1vel que pode ajudar a combater as mudan\u00e7as clim\u00e1ticas. Saiba mais!","robots":{"index":"index","follow":"follow","max-snippet":"max-snippet:-1","max-image-preview":"max-image-preview:large","max-video-preview":"max-video-preview:-1"},"canonical":"https:\/\/www.em.com.br\/emfoco\/2025\/02\/03\/o-futuro-da-energia-esta-no-subsolo-conheca-a-energia-geotermica\/","og_locale":"pt_BR","og_type":"article","og_title":"O futuro da energia est\u00e1 no subsolo! Conhe\u00e7a a energia geot\u00e9rmica - Estado de Minas - Em foco","og_description":"A energia geot\u00e9rmica \u00e9 uma fonte de energia limpa e renov\u00e1vel que pode ajudar a combater as mudan\u00e7as clim\u00e1ticas. Saiba mais!","og_url":"https:\/\/www.em.com.br\/emfoco\/2025\/02\/03\/o-futuro-da-energia-esta-no-subsolo-conheca-a-energia-geotermica\/","og_site_name":"Estado de Minas - Em foco","article_published_time":"2025-02-04T01:40:00+00:00","article_modified_time":"2025-02-01T12:19:32+00:00","og_image":[{"width":1280,"height":720,"url":"https:\/\/www.em.com.br\/emfoco\/wp-content\/uploads\/2025\/01\/energia-geotermica_1737635957928.jpg","type":"image\/jpeg"}],"author":"N\u00fabia Rangel","twitter_card":"summary_large_image","twitter_misc":{"Escrito por":"N\u00fabia Rangel","Est. tempo de leitura":"4 minutos"},"schema":{"@context":"https:\/\/schema.org","@graph":[{"@type":"WebPage","@id":"https:\/\/www.em.com.br\/emfoco\/2025\/02\/03\/o-futuro-da-energia-esta-no-subsolo-conheca-a-energia-geotermica\/","url":"https:\/\/www.em.com.br\/emfoco\/2025\/02\/03\/o-futuro-da-energia-esta-no-subsolo-conheca-a-energia-geotermica\/","name":"O futuro da energia est\u00e1 no subsolo! Conhe\u00e7a a energia geot\u00e9rmica - Estado de Minas - Em foco","isPartOf":{"@id":"https:\/\/www.em.com.br\/emfoco\/#website"},"primaryImageOfPage":{"@id":"https:\/\/www.em.com.br\/emfoco\/2025\/02\/03\/o-futuro-da-energia-esta-no-subsolo-conheca-a-energia-geotermica\/#primaryimage"},"image":{"@id":"https:\/\/www.em.com.br\/emfoco\/2025\/02\/03\/o-futuro-da-energia-esta-no-subsolo-conheca-a-energia-geotermica\/#primaryimage"},"thumbnailUrl":"https:\/\/www.em.com.br\/emfoco\/wp-content\/uploads\/2025\/01\/energia-geotermica_1737635957928.jpg","datePublished":"2025-02-04T01:40:00+00:00","dateModified":"2025-02-01T12:19:32+00:00","author":{"@id":"https:\/\/www.em.com.br\/emfoco\/#\/schema\/person\/524437ef54f8a5d32591b143307f2e20"},"description":"A energia geot\u00e9rmica \u00e9 uma fonte de energia limpa e renov\u00e1vel que pode ajudar a combater as mudan\u00e7as clim\u00e1ticas. Saiba mais!","breadcrumb":{"@id":"https:\/\/www.em.com.br\/emfoco\/2025\/02\/03\/o-futuro-da-energia-esta-no-subsolo-conheca-a-energia-geotermica\/#breadcrumb"},"inLanguage":"pt-BR","potentialAction":[{"@type":"ReadAction","target":["https:\/\/www.em.com.br\/emfoco\/2025\/02\/03\/o-futuro-da-energia-esta-no-subsolo-conheca-a-energia-geotermica\/"]}]},{"@type":"ImageObject","inLanguage":"pt-BR","@id":"https:\/\/www.em.com.br\/emfoco\/2025\/02\/03\/o-futuro-da-energia-esta-no-subsolo-conheca-a-energia-geotermica\/#primaryimage","url":"https:\/\/www.em.com.br\/emfoco\/wp-content\/uploads\/2025\/01\/energia-geotermica_1737635957928.jpg","contentUrl":"https:\/\/www.em.com.br\/emfoco\/wp-content\/uploads\/2025\/01\/energia-geotermica_1737635957928.jpg","width":1280,"height":720,"caption":"Energia geot\u00e9rmica - Cr\u00e9ditos: depositphotos.com \/ OlgaSinenkoBO"},{"@type":"BreadcrumbList","@id":"https:\/\/www.em.com.br\/emfoco\/2025\/02\/03\/o-futuro-da-energia-esta-no-subsolo-conheca-a-energia-geotermica\/#breadcrumb","itemListElement":[{"@type":"ListItem","position":1,"name":"In\u00edcio","item":"https:\/\/www.em.com.br\/emfoco\/"},{"@type":"ListItem","position":2,"name":"O futuro da energia est\u00e1 no subsolo! Conhe\u00e7a a energia geot\u00e9rmica"}]},{"@type":"WebSite","@id":"https:\/\/www.em.com.br\/emfoco\/#website","url":"https:\/\/www.em.com.br\/emfoco\/","name":"Estado de Minas - Em foco","description":"Acompanhe as \u00faltimas not\u00edcias e fique bem informado sobre tudo o que acontece em Minas Gerais, Brasil e no mundo.","potentialAction":[{"@type":"SearchAction","target":{"@type":"EntryPoint","urlTemplate":"https:\/\/www.em.com.br\/emfoco\/?s={search_term_string}"},"query-input":{"@type":"PropertyValueSpecification","valueRequired":true,"valueName":"search_term_string"}}],"inLanguage":"pt-BR"},{"@type":"Person","@id":"https:\/\/www.em.com.br\/emfoco\/#\/schema\/person\/524437ef54f8a5d32591b143307f2e20","name":"N\u00fabia Rangel","image":{"@type":"ImageObject","inLanguage":"pt-BR","@id":"https:\/\/www.em.com.br\/emfoco\/#\/schema\/person\/image\/","url":"https:\/\/secure.gravatar.com\/avatar\/47cff2827a5ba23c37e8068c86817ea4?s=96&d=mm&r=g","contentUrl":"https:\/\/secure.gravatar.com\/avatar\/47cff2827a5ba23c37e8068c86817ea4?s=96&d=mm&r=g","caption":"N\u00fabia Rangel"},"sameAs":["https:\/\/www.em.com.br\/emfoco\/"],"url":"https:\/\/www.em.com.br\/emfoco\/author\/nubiamyth\/"}]}},"_links":{"self":[{"href":"https:\/\/www.em.com.br\/emfoco\/wp-json\/wp\/v2\/posts\/13059","targetHints":{"allow":["GET"]}}],"collection":[{"href":"https:\/\/www.em.com.br\/emfoco\/wp-json\/wp\/v2\/posts"}],"about":[{"href":"https:\/\/www.em.com.br\/emfoco\/wp-json\/wp\/v2\/types\/post"}],"author":[{"embeddable":true,"href":"https:\/\/www.em.com.br\/emfoco\/wp-json\/wp\/v2\/users\/5"}],"replies":[{"embeddable":true,"href":"https:\/\/www.em.com.br\/emfoco\/wp-json\/wp\/v2\/comments?post=13059"}],"version-history":[{"count":3,"href":"https:\/\/www.em.com.br\/emfoco\/wp-json\/wp\/v2\/posts\/13059\/revisions"}],"predecessor-version":[{"id":15765,"href":"https:\/\/www.em.com.br\/emfoco\/wp-json\/wp\/v2\/posts\/13059\/revisions\/15765"}],"wp:featuredmedia":[{"embeddable":true,"href":"https:\/\/www.em.com.br\/emfoco\/wp-json\/wp\/v2\/media\/13061"}],"wp:attachment":[{"href":"https:\/\/www.em.com.br\/emfoco\/wp-json\/wp\/v2\/media?parent=13059"}],"wp:term":[{"taxonomy":"category","embeddable":true,"href":"https:\/\/www.em.com.br\/emfoco\/wp-json\/wp\/v2\/categories?post=13059"},{"taxonomy":"post_tag","embeddable":true,"href":"https:\/\/www.em.com.br\/emfoco\/wp-json\/wp\/v2\/tags?post=13059"}],"curies":[{"name":"wp","href":"https:\/\/api.w.org\/{rel}","templated":true}]}}