{"id":130571,"date":"2025-11-22T18:25:00","date_gmt":"2025-11-22T21:25:00","guid":{"rendered":"https:\/\/www.em.com.br\/emfoco\/?p=130571"},"modified":"2025-11-21T18:58:42","modified_gmt":"2025-11-21T21:58:42","slug":"a-casca-de-jabuticaba-virou-aliada-do-cuidado-diario-aprenda-a-fazer-esse-cha-para-fortalecer-o-organismo","status":"publish","type":"post","link":"https:\/\/www.em.com.br\/emfoco\/2025\/11\/22\/a-casca-de-jabuticaba-virou-aliada-do-cuidado-diario-aprenda-a-fazer-esse-cha-para-fortalecer-o-organismo\/","title":{"rendered":"A casca de jabuticaba virou aliada do cuidado di\u00e1rio, aprenda a fazer esse ch\u00e1 para fortalecer o organismo"},"content":{"rendered":"\n<p>A jabuticaba, fruta caracter\u00edstica do Brasil, \u00e9 apreciada por seu sabor marcante e reconhecida pelos benef\u00edcios nutricionais de todas as suas partes, especialmente a casca. Rica em compostos antioxidantes, a casca da fruta desponta como uma aliada na promo\u00e7\u00e3o da sa\u00fade, despertando crescente interesse em sua utiliza\u00e7\u00e3o culin\u00e1ria e medicinal devido \u00e0 presen\u00e7a de antocianinas e outros nutrientes ben\u00e9ficos.<\/p>\n\n\n\n<h2 class=\"wp-block-heading\">Por que a casca de jabuticaba oferece benef\u00edcios \u00e0 sa\u00fade<\/h2>\n\n\n\n<p>A casca \u00e9 uma fonte de antocianinas, pigmentos naturais que conferem cor escura \u00e0 fruta. Estas subst\u00e2ncias est\u00e3o ligadas a efeitos cardioprotetores, a\u00e7\u00e3o anti-inflamat\u00f3ria e aux\u00edlio na redu\u00e7\u00e3o do <a href=\"https:\/\/www.em.com.br\/emfoco\/2025\/11\/19\/aveia-reduz-colesterol-entenda-como-funciona\/\" target=\"_blank\" rel=\"noreferrer noopener\">colesterol<\/a>, al\u00e9m de atuar na prote\u00e7\u00e3o celular e contra o envelhecimento precoce.<\/p>\n\n\n\n<p>O destaque da casca tamb\u00e9m se justifica por sua alta concentra\u00e7\u00e3o de antioxidantes, que combatem radicais livres. Isso contribui para a preven\u00e7\u00e3o de doen\u00e7as cr\u00f4nicas e pode fortalecer o sistema imunol\u00f3gico.<\/p>\n\n\n\n<h2 class=\"wp-block-heading\">Como preparar corretamente o ch\u00e1 de casca de jabuticaba<\/h2>\n\n\n\n<p>O ch\u00e1 da<a href=\"https:\/\/jornal.unicamp.br\/noticias\/2025\/04\/15\/a-potencia-da-casca-da-jabuticaba-no-tratamento-de-varias-doencas\/\" target=\"_blank\" rel=\"noreferrer noopener\"> casca da jabuticaba <\/a>\u00e9 uma forma pr\u00e1tica de aproveitar seus nutrientes e pode ser feito com facilidade em casa. A seguir, veja um passo a passo claro para preparar a infus\u00e3o de maneira adequada e tirar m\u00e1ximo proveito de seus benef\u00edcios:<\/p>\n\n\n\n<figure class=\"wp-block-image size-large\"><img loading=\"lazy\" decoding=\"async\" width=\"1024\" height=\"576\" src=\"https:\/\/www.em.com.br\/emfoco\/wp-content\/uploads\/2025\/11\/jabuticaba_1763765682382-1024x576.jpg\" alt=\"\" class=\"wp-image-130584\" srcset=\"https:\/\/www.em.com.br\/emfoco\/wp-content\/uploads\/2025\/11\/jabuticaba_1763765682382-1024x576.jpg 1024w, https:\/\/www.em.com.br\/emfoco\/wp-content\/uploads\/2025\/11\/jabuticaba_1763765682382-300x169.jpg 300w, https:\/\/www.em.com.br\/emfoco\/wp-content\/uploads\/2025\/11\/jabuticaba_1763765682382-768x432.jpg 768w, https:\/\/www.em.com.br\/emfoco\/wp-content\/uploads\/2025\/11\/jabuticaba_1763765682382-750x422.jpg 750w, https:\/\/www.em.com.br\/emfoco\/wp-content\/uploads\/2025\/11\/jabuticaba_1763765682382-1140x641.jpg 1140w, https:\/\/www.em.com.br\/emfoco\/wp-content\/uploads\/2025\/11\/jabuticaba_1763765682382.jpg 1280w\" sizes=\"auto, (max-width: 1024px) 100vw, 1024px\" \/><figcaption class=\"wp-element-caption\">O que a casca de jabuticaba faz pelo corpo surpreende &#8211; Cr\u00e9ditos: depositphotos.com \/ robertohunger<\/figcaption><\/figure>\n\n\n\n<ul class=\"wp-block-list\">\n<li>Ferva a \u00e1gua por cerca de 8 minutos para garantir a extra\u00e7\u00e3o dos compostos da casca.<\/li>\n\n\n\n<li>Desligue o fogo, tampe e deixe em infus\u00e3o durante 5 minutos para liberar os nutrientes.<\/li>\n\n\n\n<li>Coe e sirva, podendo consumir quente ou frio conforme sua prefer\u00eancia.<\/li>\n<\/ul>\n\n\n\n<h2 class=\"wp-block-heading\">Outras formas de utilizar a casca de jabuticaba no dia a dia<\/h2>\n\n\n\n<p>Al\u00e9m do ch\u00e1, a casca pode ser incorporada em diversas receitas e produtos naturais. Sua versatilidade permite seu uso em prepara\u00e7\u00f5es culin\u00e1rias e at\u00e9 na ind\u00fastria de alimentos e cosm\u00e9ticos.<\/p>\n\n\n\n<p>Entre as formas mais comuns de utilizar a casca de jabuticaba est\u00e3o:<\/p>\n\n\n\n<ul class=\"wp-block-list\">\n<li>Elabora\u00e7\u00e3o de geleias.<\/li>\n\n\n\n<li>Fabrica\u00e7\u00e3o de vinagre fermentado.<\/li>\n\n\n\n<li>Produ\u00e7\u00e3o de corantes naturais para alimentos e cosm\u00e9ticos.<\/li>\n<\/ul>\n\n\n\n<h2 class=\"wp-block-heading\">Entenda mitos e verdades sobre o consumo da jabuticaba<\/h2>\n\n\n\n<p>Muitos ainda t\u00eam d\u00favidas sobre comer a casca da jabuticaba devido ao seu sabor intenso ou questionam poss\u00edveis malef\u00edcios \u00e0 sa\u00fade. Entretanto, estudos e especialistas garantem que ela \u00e9 segura e nutritiva se consumida com modera\u00e7\u00e3o.<\/p>\n\n\n\n<p>Orienta\u00e7\u00f5es atuais sugerem ingerir a fruta completa, inclusive a casca, dentro de uma dieta balanceada, para obter todos os benef\u00edcios nutricionais. A combina\u00e7\u00e3o do consumo de ch\u00e1, alimenta\u00e7\u00e3o equilibrada e boa hidrata\u00e7\u00e3o pode ampliar os efeitos ben\u00e9ficos promovidos por essa fruta brasileira.<\/p>\n\n\n\n<p><\/p>\n","protected":false},"excerpt":{"rendered":"<p>A jabuticaba, fruta caracter\u00edstica do Brasil, \u00e9 apreciada por seu sabor marcante e reconhecida pelos benef\u00edcios nutricionais de todas as suas partes, especialmente a casca. Rica em compostos antioxidantes, a casca da fruta desponta como uma aliada na promo\u00e7\u00e3o da sa\u00fade, despertando crescente interesse em sua utiliza\u00e7\u00e3o culin\u00e1ria e medicinal devido \u00e0 presen\u00e7a de antocianinas [&hellip;]<\/p>\n","protected":false},"author":11,"featured_media":130585,"comment_status":"open","ping_status":"open","sticky":false,"template":"","format":"standard","meta":{"jnews-multi-image_gallery":[],"jnews_single_post":{"format":"standard"},"jnews_primary_category":[],"jnews_social_meta":[],"jnews_override_counter":[],"footnotes":""},"categories":[8819,1],"tags":[1987,1915,3440],"class_list":["post-130571","post","type-post","status-publish","format-standard","has-post-thumbnail","hentry","category-curiosidades","category-noticias","tag-jabuticaba","tag-nutrientes","tag-receita"],"yoast_head":"<!-- This site is optimized with the Yoast SEO plugin v23.8 - https:\/\/yoast.com\/wordpress\/plugins\/seo\/ -->\n<title>A casca de jabuticaba virou aliada do cuidado di\u00e1rio, aprenda a fazer esse ch\u00e1 para fortalecer o organismo - Estado de Minas - Em foco<\/title>\n<meta name=\"description\" content=\"Pesquisas destacam a casca da jabuticaba pelos nutrientes e antocianinas que ela oferece. O ch\u00e1 e outras receitas ampliam seus benef\u00edcios naturais.\" \/>\n<meta name=\"robots\" content=\"index, follow, max-snippet:-1, max-image-preview:large, max-video-preview:-1\" \/>\n<link rel=\"canonical\" href=\"https:\/\/www.em.com.br\/emfoco\/2025\/11\/22\/a-casca-de-jabuticaba-virou-aliada-do-cuidado-diario-aprenda-a-fazer-esse-cha-para-fortalecer-o-organismo\/\" \/>\n<meta property=\"og:locale\" content=\"pt_BR\" \/>\n<meta property=\"og:type\" content=\"article\" \/>\n<meta property=\"og:title\" content=\"A casca de jabuticaba virou aliada do cuidado di\u00e1rio, aprenda a fazer esse ch\u00e1 para fortalecer o organismo - Estado de Minas - Em foco\" \/>\n<meta property=\"og:description\" content=\"Pesquisas destacam a casca da jabuticaba pelos nutrientes e antocianinas que ela oferece. O ch\u00e1 e outras receitas ampliam seus benef\u00edcios naturais.\" \/>\n<meta property=\"og:url\" content=\"https:\/\/www.em.com.br\/emfoco\/2025\/11\/22\/a-casca-de-jabuticaba-virou-aliada-do-cuidado-diario-aprenda-a-fazer-esse-cha-para-fortalecer-o-organismo\/\" \/>\n<meta property=\"og:site_name\" content=\"Estado de Minas - Em foco\" \/>\n<meta property=\"article:published_time\" content=\"2025-11-22T21:25:00+00:00\" \/>\n<meta property=\"article:modified_time\" content=\"2025-11-21T21:58:42+00:00\" \/>\n<meta property=\"og:image\" content=\"https:\/\/www.em.com.br\/emfoco\/wp-content\/uploads\/2025\/11\/Gemini_Generated_Image_azaxybazaxybazax-1.png\" \/>\n\t<meta property=\"og:image:width\" content=\"1280\" \/>\n\t<meta property=\"og:image:height\" content=\"720\" \/>\n\t<meta property=\"og:image:type\" content=\"image\/png\" \/>\n<meta name=\"author\" content=\"Andre\u0301 Rangel\u00a0\" \/>\n<meta name=\"twitter:card\" content=\"summary_large_image\" \/>\n<meta name=\"twitter:label1\" content=\"Escrito por\" \/>\n\t<meta name=\"twitter:data1\" content=\"Andre\u0301 Rangel\u00a0\" \/>\n\t<meta name=\"twitter:label2\" content=\"Est. tempo de leitura\" \/>\n\t<meta name=\"twitter:data2\" content=\"3 minutos\" \/>\n<!-- \/ Yoast SEO plugin. -->","yoast_head_json":{"title":"A casca de jabuticaba virou aliada do cuidado di\u00e1rio, aprenda a fazer esse ch\u00e1 para fortalecer o organismo - Estado de Minas - Em foco","description":"Pesquisas destacam a casca da jabuticaba pelos nutrientes e antocianinas que ela oferece. O ch\u00e1 e outras receitas ampliam seus benef\u00edcios naturais.","robots":{"index":"index","follow":"follow","max-snippet":"max-snippet:-1","max-image-preview":"max-image-preview:large","max-video-preview":"max-video-preview:-1"},"canonical":"https:\/\/www.em.com.br\/emfoco\/2025\/11\/22\/a-casca-de-jabuticaba-virou-aliada-do-cuidado-diario-aprenda-a-fazer-esse-cha-para-fortalecer-o-organismo\/","og_locale":"pt_BR","og_type":"article","og_title":"A casca de jabuticaba virou aliada do cuidado di\u00e1rio, aprenda a fazer esse ch\u00e1 para fortalecer o organismo - Estado de Minas - Em foco","og_description":"Pesquisas destacam a casca da jabuticaba pelos nutrientes e antocianinas que ela oferece. O ch\u00e1 e outras receitas ampliam seus benef\u00edcios naturais.","og_url":"https:\/\/www.em.com.br\/emfoco\/2025\/11\/22\/a-casca-de-jabuticaba-virou-aliada-do-cuidado-diario-aprenda-a-fazer-esse-cha-para-fortalecer-o-organismo\/","og_site_name":"Estado de Minas - Em foco","article_published_time":"2025-11-22T21:25:00+00:00","article_modified_time":"2025-11-21T21:58:42+00:00","og_image":[{"width":1280,"height":720,"url":"https:\/\/www.em.com.br\/emfoco\/wp-content\/uploads\/2025\/11\/Gemini_Generated_Image_azaxybazaxybazax-1.png","type":"image\/png"}],"author":"Andre\u0301 Rangel\u00a0","twitter_card":"summary_large_image","twitter_misc":{"Escrito por":"Andre\u0301 Rangel\u00a0","Est. tempo de leitura":"3 minutos"},"schema":{"@context":"https:\/\/schema.org","@graph":[{"@type":"WebPage","@id":"https:\/\/www.em.com.br\/emfoco\/2025\/11\/22\/a-casca-de-jabuticaba-virou-aliada-do-cuidado-diario-aprenda-a-fazer-esse-cha-para-fortalecer-o-organismo\/","url":"https:\/\/www.em.com.br\/emfoco\/2025\/11\/22\/a-casca-de-jabuticaba-virou-aliada-do-cuidado-diario-aprenda-a-fazer-esse-cha-para-fortalecer-o-organismo\/","name":"A casca de jabuticaba virou aliada do cuidado di\u00e1rio, aprenda a fazer esse ch\u00e1 para fortalecer o organismo - Estado de Minas - Em foco","isPartOf":{"@id":"https:\/\/www.em.com.br\/emfoco\/#website"},"primaryImageOfPage":{"@id":"https:\/\/www.em.com.br\/emfoco\/2025\/11\/22\/a-casca-de-jabuticaba-virou-aliada-do-cuidado-diario-aprenda-a-fazer-esse-cha-para-fortalecer-o-organismo\/#primaryimage"},"image":{"@id":"https:\/\/www.em.com.br\/emfoco\/2025\/11\/22\/a-casca-de-jabuticaba-virou-aliada-do-cuidado-diario-aprenda-a-fazer-esse-cha-para-fortalecer-o-organismo\/#primaryimage"},"thumbnailUrl":"https:\/\/www.em.com.br\/emfoco\/wp-content\/uploads\/2025\/11\/Gemini_Generated_Image_azaxybazaxybazax-1.png","datePublished":"2025-11-22T21:25:00+00:00","dateModified":"2025-11-21T21:58:42+00:00","author":{"@id":"https:\/\/www.em.com.br\/emfoco\/#\/schema\/person\/60eda09c1fedf0d6891f4cef4b60b8b8"},"description":"Pesquisas destacam a casca da jabuticaba pelos nutrientes e antocianinas que ela oferece. O ch\u00e1 e outras receitas ampliam seus benef\u00edcios naturais.","breadcrumb":{"@id":"https:\/\/www.em.com.br\/emfoco\/2025\/11\/22\/a-casca-de-jabuticaba-virou-aliada-do-cuidado-diario-aprenda-a-fazer-esse-cha-para-fortalecer-o-organismo\/#breadcrumb"},"inLanguage":"pt-BR","potentialAction":[{"@type":"ReadAction","target":["https:\/\/www.em.com.br\/emfoco\/2025\/11\/22\/a-casca-de-jabuticaba-virou-aliada-do-cuidado-diario-aprenda-a-fazer-esse-cha-para-fortalecer-o-organismo\/"]}]},{"@type":"ImageObject","inLanguage":"pt-BR","@id":"https:\/\/www.em.com.br\/emfoco\/2025\/11\/22\/a-casca-de-jabuticaba-virou-aliada-do-cuidado-diario-aprenda-a-fazer-esse-cha-para-fortalecer-o-organismo\/#primaryimage","url":"https:\/\/www.em.com.br\/emfoco\/wp-content\/uploads\/2025\/11\/Gemini_Generated_Image_azaxybazaxybazax-1.png","contentUrl":"https:\/\/www.em.com.br\/emfoco\/wp-content\/uploads\/2025\/11\/Gemini_Generated_Image_azaxybazaxybazax-1.png","width":1280,"height":720,"caption":"A fruta brasileira que protege e fortalece o organismo"},{"@type":"BreadcrumbList","@id":"https:\/\/www.em.com.br\/emfoco\/2025\/11\/22\/a-casca-de-jabuticaba-virou-aliada-do-cuidado-diario-aprenda-a-fazer-esse-cha-para-fortalecer-o-organismo\/#breadcrumb","itemListElement":[{"@type":"ListItem","position":1,"name":"In\u00edcio","item":"https:\/\/www.em.com.br\/emfoco\/"},{"@type":"ListItem","position":2,"name":"A casca de jabuticaba virou aliada do cuidado di\u00e1rio, aprenda a fazer esse ch\u00e1 para fortalecer o organismo"}]},{"@type":"WebSite","@id":"https:\/\/www.em.com.br\/emfoco\/#website","url":"https:\/\/www.em.com.br\/emfoco\/","name":"Estado de Minas - Em foco","description":"Acompanhe as \u00faltimas not\u00edcias e fique bem informado sobre tudo o que acontece em Minas Gerais, Brasil e no mundo.","potentialAction":[{"@type":"SearchAction","target":{"@type":"EntryPoint","urlTemplate":"https:\/\/www.em.com.br\/emfoco\/?s={search_term_string}"},"query-input":{"@type":"PropertyValueSpecification","valueRequired":true,"valueName":"search_term_string"}}],"inLanguage":"pt-BR"},{"@type":"Person","@id":"https:\/\/www.em.com.br\/emfoco\/#\/schema\/person\/60eda09c1fedf0d6891f4cef4b60b8b8","name":"Andre\u0301 Rangel\u00a0","image":{"@type":"ImageObject","inLanguage":"pt-BR","@id":"https:\/\/www.em.com.br\/emfoco\/#\/schema\/person\/image\/","url":"https:\/\/secure.gravatar.com\/avatar\/6234dc814c77c8ef6d8bba622c787efc?s=96&d=mm&r=g","contentUrl":"https:\/\/secure.gravatar.com\/avatar\/6234dc814c77c8ef6d8bba622c787efc?s=96&d=mm&r=g","caption":"Andre\u0301 Rangel\u00a0"},"url":"https:\/\/www.em.com.br\/emfoco\/author\/luizmyth\/"}]}},"_links":{"self":[{"href":"https:\/\/www.em.com.br\/emfoco\/wp-json\/wp\/v2\/posts\/130571","targetHints":{"allow":["GET"]}}],"collection":[{"href":"https:\/\/www.em.com.br\/emfoco\/wp-json\/wp\/v2\/posts"}],"about":[{"href":"https:\/\/www.em.com.br\/emfoco\/wp-json\/wp\/v2\/types\/post"}],"author":[{"embeddable":true,"href":"https:\/\/www.em.com.br\/emfoco\/wp-json\/wp\/v2\/users\/11"}],"replies":[{"embeddable":true,"href":"https:\/\/www.em.com.br\/emfoco\/wp-json\/wp\/v2\/comments?post=130571"}],"version-history":[{"count":3,"href":"https:\/\/www.em.com.br\/emfoco\/wp-json\/wp\/v2\/posts\/130571\/revisions"}],"predecessor-version":[{"id":130586,"href":"https:\/\/www.em.com.br\/emfoco\/wp-json\/wp\/v2\/posts\/130571\/revisions\/130586"}],"wp:featuredmedia":[{"embeddable":true,"href":"https:\/\/www.em.com.br\/emfoco\/wp-json\/wp\/v2\/media\/130585"}],"wp:attachment":[{"href":"https:\/\/www.em.com.br\/emfoco\/wp-json\/wp\/v2\/media?parent=130571"}],"wp:term":[{"taxonomy":"category","embeddable":true,"href":"https:\/\/www.em.com.br\/emfoco\/wp-json\/wp\/v2\/categories?post=130571"},{"taxonomy":"post_tag","embeddable":true,"href":"https:\/\/www.em.com.br\/emfoco\/wp-json\/wp\/v2\/tags?post=130571"}],"curies":[{"name":"wp","href":"https:\/\/api.w.org\/{rel}","templated":true}]}}