{"id":130562,"date":"2025-11-22T11:00:00","date_gmt":"2025-11-22T14:00:00","guid":{"rendered":"https:\/\/www.em.com.br\/emfoco\/?p=130562"},"modified":"2025-11-21T23:56:19","modified_gmt":"2025-11-22T02:56:19","slug":"os-eletrodomesticos-que-devem-ser-sempre-desligados-quando-sair-de-casa-para-evitar-incendios","status":"publish","type":"post","link":"https:\/\/www.em.com.br\/emfoco\/2025\/11\/22\/os-eletrodomesticos-que-devem-ser-sempre-desligados-quando-sair-de-casa-para-evitar-incendios\/","title":{"rendered":"Os eletrodom\u00e9sticos que devem ser sempre desligados quando sair de casa para evitar inc\u00eandios"},"content":{"rendered":"\n<p>Manter os eletrodom\u00e9sticos conectados mesmo quando n\u00e3o est\u00e3o em uso \u00e9 pr\u00e1tica comum, mas pode causar riscos de inc\u00eandio e aumentar os gastos com energia. Pequenos atos como desconectar aparelhos contribuem expressivamente para a seguran\u00e7a e economia em casa, assim como fazem parte de uma rotina preventiva indispens\u00e1vel.<\/p>\n\n\n\n<h2 class=\"wp-block-heading\">Por que desligar eletrodom\u00e9sticos aumenta a seguran\u00e7a e reduz custos<\/h2>\n\n\n\n<p>Desligar aparelhos da tomada quando n\u00e3o est\u00e3o em uso minimiza significativamente o risco de inc\u00eandios dom\u00e9sticos. A neglig\u00eancia pode resultar em acidentes causados por falhas el\u00e9tricas, que est\u00e3o entre as principais fontes de incidentes residenciais.<\/p>\n\n\n\n<p>Al\u00e9m disso, manter eletr\u00f4nicos desconectados quando poss\u00edvel reduz o consumo energ\u00e9tico oculto, colaborando para a sustentabilidade e para contas de energia mais baixas.<\/p>\n\n\n\n<h2 class=\"wp-block-heading\">Quais eletrodom\u00e9sticos requerem cuidados adicionais<\/h2>\n\n\n\n<p>Alguns eletrodom\u00e9sticos merecem aten\u00e7\u00e3o especial. A&nbsp;<strong>geladeira<\/strong>&nbsp;deve ser esvaziada e desligada em viagens longas; j\u00e1 o micro-ondas precisa ser desconectado ap\u00f3s uso prolongado, evitando operar com a porta danificada.<\/p>\n\n\n\n<figure class=\"wp-block-image\"><img decoding=\"async\" src=\"https:\/\/www.em.com.br\/emfoco\/wp-content\/uploads\/2025\/09\/retirar-da-tomada_1758060379564-1024x576.jpg\" alt=\"\"\/><figcaption class=\"wp-element-caption\">Retire os eletrodom\u00e9sticos da tomada &#8211; Cr\u00e9ditos: depositphotos.com \/ lightkeeper<\/figcaption><\/figure>\n\n\n\n<p>Para ilustrar quais aparelhos s\u00e3o mais cr\u00edticos e como lidar com cada um, veja abaixo uma rela\u00e7\u00e3o \u00fatil de cuidados recomendados:<\/p>\n\n\n\n<ul class=\"wp-block-list\">\n<li><strong>Geladeira\/Frigor\u00edfico<\/strong>: Em viagens longas, desligue-a e esvazie o eletrodom\u00e9stico. Em aus\u00eancias curtas, utilize o modo econ\u00f4mico, se dispon\u00edvel. Sempre verifique o estado dos cabos de alimenta\u00e7\u00e3o.<\/li>\n\n\n\n<li><strong>Micro-ondas<\/strong>: N\u00e3o utilize o aparelho com portas danificadas ou veda\u00e7\u00f5es falhas. Sempre retire da tomada ap\u00f3s o uso prolongado.<\/li>\n\n\n\n<li><strong>M\u00e1quina de lavar<\/strong>: Execute limpezas peri\u00f3dicas no filtro e mantenha a tomada acess\u00edvel para desconex\u00e3o em caso de emerg\u00eancia.<\/li>\n\n\n\n<li><strong>Ferro de passar<\/strong>: Nunca deixe ligado sem supervis\u00e3o ou pr\u00f3ximo a materiais inflam\u00e1veis. Retire da tomada logo ap\u00f3s o uso.<\/li>\n\n\n\n<li><strong>Ar-condicionado<\/strong>: Realize manuten\u00e7\u00e3o nos filtros e evite sobrecarga na tomada. Utilize sempre equipamentos compat\u00edveis.<\/li>\n\n\n\n<li><strong>Carregadores de celular e eletr\u00f4nicos<\/strong>: N\u00e3o deixe carregando durante a noite ou sob superf\u00edcies de f\u00e1cil combust\u00e3o. Desconecte ap\u00f3s o carregamento.<\/li>\n<\/ul>\n\n\n\n<h2 class=\"wp-block-heading\">Como adotar pr\u00e1ticas para prevenir inc\u00eandios dom\u00e9sticos<\/h2>\n\n\n\n<p>A ado\u00e7\u00e3o de equipamentos originais e manuten\u00e7\u00e3o feita por assist\u00eancia autorizada s\u00e3o medidas vitais para seguran\u00e7a. Tomadas com aterramento e disjuntores diferenciais tamb\u00e9m ajudam a evitar acidentes el\u00e9tricos e aumentam a prote\u00e7\u00e3o dos ambientes.<\/p>\n\n\n\n<p>Confira algumas recomenda\u00e7\u00f5es pr\u00e1ticas para refor\u00e7ar a preven\u00e7\u00e3o contra inc\u00eandios dom\u00e9sticos:<\/p>\n\n\n\n<ul class=\"wp-block-list\">\n<li>Opte por instala\u00e7\u00f5es realizadas por profissionais qualificados.<\/li>\n\n\n\n<li>Utilize equipamentos compat\u00edveis para evitar sobrecarga el\u00e9trica.<\/li>\n\n\n\n<li>Implemente rotinas peri\u00f3dicas de inspe\u00e7\u00e3o e manuten\u00e7\u00e3o dos aparelhos.<\/li>\n<\/ul>\n\n\n\n<h2 class=\"wp-block-heading\">A tecnologia pode ajudar a tornar sua casa mais segura<\/h2>\n\n\n\n<p>O avan\u00e7o tecnol\u00f3gico tornou as casas mais seguras com dispositivos inteligentes e automa\u00e7\u00e3o. Aplicativos de empresas como&nbsp;<strong>LG Electronics<\/strong>&nbsp;e&nbsp;<strong>Samsung<\/strong>&nbsp;permitem monitoramento remoto, alertando sobre falhas ou uso anormal dos aparelhos.<\/p>\n\n\n\n<figure class=\"wp-block-image\"><img decoding=\"async\" src=\"https:\/\/www.em.com.br\/emfoco\/wp-content\/uploads\/2025\/10\/tomada_1759549466079-1024x576.jpg\" alt=\"\"\/><figcaption class=\"wp-element-caption\">Aparelhos que devem ser ligados na tomada para evitar riscos &#8211; Cr\u00e9ditos: depositphotos.com \/ IgorVetushko<\/figcaption><\/figure>\n\n\n\n<p>Essas plataformas auxiliam no controle energ\u00e9tico, oferecendo praticidade, tranquilidade e seguran\u00e7a, especialmente para quem passa per\u00edodos fora de casa. Tomadas inteligentes proporcionam ainda mais prote\u00e7\u00e3o ao permitir desligamento remoto de dispositivos conectados.<\/p>\n\n\n\n<h2 class=\"wp-block-heading\">Quais os principais benef\u00edcios das pr\u00e1ticas seguras com eletrodom\u00e9sticos<\/h2>\n\n\n\n<p>Adotar cuidados recomendados prolonga a vida \u00fatil dos eletrodom\u00e9sticos e reduz riscos de inc\u00eandio. Seguir orienta\u00e7\u00f5es dos fabricantes e responder a alertas de seguran\u00e7a s\u00e3o a\u00e7\u00f5es essenciais para o uso seguro dos aparelhos.<\/p>\n\n\n\n<p>O uso de tecnologias modernas aumenta a efici\u00eancia energ\u00e9tica, traz conforto, confian\u00e7a e contribui para lares mais seguros e sustent\u00e1veis.<\/p>\n\n\n\n<p><strong>Dicas gerais para preven\u00e7\u00e3o de inc\u00eandios:<\/strong><\/p>\n\n\n\n<ul class=\"wp-block-list\">\n<li>Prefira sempre tomadas com aterramento e certifique-se de que a instala\u00e7\u00e3o el\u00e9trica esteja dentro das normas t\u00e9cnicas.<\/li>\n\n\n\n<li>Use apenas pe\u00e7as originais e assist\u00eancia autorizada na manuten\u00e7\u00e3o dos aparelhos.<\/li>\n\n\n\n<li>Evite o uso de benjamins ou extens\u00f5es para ligar v\u00e1rios dispositivos em uma \u00fanica tomada.<\/li>\n\n\n\n<li>Considere instalar dispositivos de prote\u00e7\u00e3o, como disjuntores diferenciais.<\/li>\n\n\n\n<li>Adote tomadas inteligentes e monitore o uso dos eletrodom\u00e9sticos por aplicativos de seguran\u00e7a.<\/li>\n<\/ul>\n","protected":false},"excerpt":{"rendered":"<p>Manter os eletrodom\u00e9sticos conectados mesmo quando n\u00e3o est\u00e3o em uso \u00e9 pr\u00e1tica comum, mas pode causar riscos de inc\u00eandio e aumentar os gastos com energia. Pequenos atos como desconectar aparelhos contribuem expressivamente para a seguran\u00e7a e economia em casa, assim como fazem parte de uma rotina preventiva indispens\u00e1vel. Por que desligar eletrodom\u00e9sticos aumenta a seguran\u00e7a [&hellip;]<\/p>\n","protected":false},"author":11,"featured_media":101794,"comment_status":"open","ping_status":"open","sticky":false,"template":"","format":"standard","meta":{"jnews-multi-image_gallery":[],"jnews_single_post":{"format":"standard"},"jnews_primary_category":[],"jnews_social_meta":[],"jnews_override_counter":[],"footnotes":""},"categories":[1,4204],"tags":[15679,5675,868,1166,16191,182],"class_list":["post-130562","post","type-post","status-publish","format-standard","has-post-thumbnail","hentry","category-noticias","category-tecnologia","tag-curto-circuito","tag-eletrodomesticos","tag-energia","tag-incendio","tag-incendio-domestico","tag-seguranca"],"yoast_head":"<!-- This site is optimized with the Yoast SEO plugin v23.8 - https:\/\/yoast.com\/wordpress\/plugins\/seo\/ -->\n<title>Os eletrodom\u00e9sticos que devem ser sempre desligados quando sair de casa para evitar inc\u00eandios - Estado de Minas - Em foco<\/title>\n<meta name=\"description\" content=\"Os eletrodom\u00e9sticos ligados podem causar inc\u00eandios e aumentar sua conta de luz. Saiba quais desligar e como evitar riscos em casa.\" \/>\n<meta name=\"robots\" content=\"index, follow, max-snippet:-1, max-image-preview:large, max-video-preview:-1\" \/>\n<link rel=\"canonical\" href=\"https:\/\/www.em.com.br\/emfoco\/2025\/11\/22\/os-eletrodomesticos-que-devem-ser-sempre-desligados-quando-sair-de-casa-para-evitar-incendios\/\" \/>\n<meta property=\"og:locale\" content=\"pt_BR\" \/>\n<meta property=\"og:type\" content=\"article\" \/>\n<meta property=\"og:title\" content=\"Os eletrodom\u00e9sticos que devem ser sempre desligados quando sair de casa para evitar inc\u00eandios - Estado de Minas - Em foco\" \/>\n<meta property=\"og:description\" content=\"Os eletrodom\u00e9sticos ligados podem causar inc\u00eandios e aumentar sua conta de luz. Saiba quais desligar e como evitar riscos em casa.\" \/>\n<meta property=\"og:url\" content=\"https:\/\/www.em.com.br\/emfoco\/2025\/11\/22\/os-eletrodomesticos-que-devem-ser-sempre-desligados-quando-sair-de-casa-para-evitar-incendios\/\" \/>\n<meta property=\"og:site_name\" content=\"Estado de Minas - Em foco\" \/>\n<meta property=\"article:published_time\" content=\"2025-11-22T14:00:00+00:00\" \/>\n<meta property=\"article:modified_time\" content=\"2025-11-22T02:56:19+00:00\" \/>\n<meta property=\"og:image\" content=\"https:\/\/www.em.com.br\/emfoco\/wp-content\/uploads\/2025\/09\/tomada-fogo_1757341196605.jpg\" \/>\n\t<meta property=\"og:image:width\" content=\"1280\" \/>\n\t<meta property=\"og:image:height\" content=\"720\" \/>\n\t<meta property=\"og:image:type\" content=\"image\/jpeg\" \/>\n<meta name=\"author\" content=\"Andre\u0301 Rangel\u00a0\" \/>\n<meta name=\"twitter:card\" content=\"summary_large_image\" \/>\n<meta name=\"twitter:label1\" content=\"Escrito por\" \/>\n\t<meta name=\"twitter:data1\" content=\"Andre\u0301 Rangel\u00a0\" \/>\n\t<meta name=\"twitter:label2\" content=\"Est. tempo de leitura\" \/>\n\t<meta name=\"twitter:data2\" content=\"4 minutos\" \/>\n<!-- \/ Yoast SEO plugin. -->","yoast_head_json":{"title":"Os eletrodom\u00e9sticos que devem ser sempre desligados quando sair de casa para evitar inc\u00eandios - Estado de Minas - Em foco","description":"Os eletrodom\u00e9sticos ligados podem causar inc\u00eandios e aumentar sua conta de luz. Saiba quais desligar e como evitar riscos em casa.","robots":{"index":"index","follow":"follow","max-snippet":"max-snippet:-1","max-image-preview":"max-image-preview:large","max-video-preview":"max-video-preview:-1"},"canonical":"https:\/\/www.em.com.br\/emfoco\/2025\/11\/22\/os-eletrodomesticos-que-devem-ser-sempre-desligados-quando-sair-de-casa-para-evitar-incendios\/","og_locale":"pt_BR","og_type":"article","og_title":"Os eletrodom\u00e9sticos que devem ser sempre desligados quando sair de casa para evitar inc\u00eandios - Estado de Minas - Em foco","og_description":"Os eletrodom\u00e9sticos ligados podem causar inc\u00eandios e aumentar sua conta de luz. Saiba quais desligar e como evitar riscos em casa.","og_url":"https:\/\/www.em.com.br\/emfoco\/2025\/11\/22\/os-eletrodomesticos-que-devem-ser-sempre-desligados-quando-sair-de-casa-para-evitar-incendios\/","og_site_name":"Estado de Minas - Em foco","article_published_time":"2025-11-22T14:00:00+00:00","article_modified_time":"2025-11-22T02:56:19+00:00","og_image":[{"width":1280,"height":720,"url":"https:\/\/www.em.com.br\/emfoco\/wp-content\/uploads\/2025\/09\/tomada-fogo_1757341196605.jpg","type":"image\/jpeg"}],"author":"Andre\u0301 Rangel\u00a0","twitter_card":"summary_large_image","twitter_misc":{"Escrito por":"Andre\u0301 Rangel\u00a0","Est. tempo de leitura":"4 minutos"},"schema":{"@context":"https:\/\/schema.org","@graph":[{"@type":"WebPage","@id":"https:\/\/www.em.com.br\/emfoco\/2025\/11\/22\/os-eletrodomesticos-que-devem-ser-sempre-desligados-quando-sair-de-casa-para-evitar-incendios\/","url":"https:\/\/www.em.com.br\/emfoco\/2025\/11\/22\/os-eletrodomesticos-que-devem-ser-sempre-desligados-quando-sair-de-casa-para-evitar-incendios\/","name":"Os eletrodom\u00e9sticos que devem ser sempre desligados quando sair de casa para evitar inc\u00eandios - Estado de Minas - Em foco","isPartOf":{"@id":"https:\/\/www.em.com.br\/emfoco\/#website"},"primaryImageOfPage":{"@id":"https:\/\/www.em.com.br\/emfoco\/2025\/11\/22\/os-eletrodomesticos-que-devem-ser-sempre-desligados-quando-sair-de-casa-para-evitar-incendios\/#primaryimage"},"image":{"@id":"https:\/\/www.em.com.br\/emfoco\/2025\/11\/22\/os-eletrodomesticos-que-devem-ser-sempre-desligados-quando-sair-de-casa-para-evitar-incendios\/#primaryimage"},"thumbnailUrl":"https:\/\/www.em.com.br\/emfoco\/wp-content\/uploads\/2025\/09\/tomada-fogo_1757341196605.jpg","datePublished":"2025-11-22T14:00:00+00:00","dateModified":"2025-11-22T02:56:19+00:00","author":{"@id":"https:\/\/www.em.com.br\/emfoco\/#\/schema\/person\/60eda09c1fedf0d6891f4cef4b60b8b8"},"description":"Os eletrodom\u00e9sticos ligados podem causar inc\u00eandios e aumentar sua conta de luz. Saiba quais desligar e como evitar riscos em casa.","breadcrumb":{"@id":"https:\/\/www.em.com.br\/emfoco\/2025\/11\/22\/os-eletrodomesticos-que-devem-ser-sempre-desligados-quando-sair-de-casa-para-evitar-incendios\/#breadcrumb"},"inLanguage":"pt-BR","potentialAction":[{"@type":"ReadAction","target":["https:\/\/www.em.com.br\/emfoco\/2025\/11\/22\/os-eletrodomesticos-que-devem-ser-sempre-desligados-quando-sair-de-casa-para-evitar-incendios\/"]}]},{"@type":"ImageObject","inLanguage":"pt-BR","@id":"https:\/\/www.em.com.br\/emfoco\/2025\/11\/22\/os-eletrodomesticos-que-devem-ser-sempre-desligados-quando-sair-de-casa-para-evitar-incendios\/#primaryimage","url":"https:\/\/www.em.com.br\/emfoco\/wp-content\/uploads\/2025\/09\/tomada-fogo_1757341196605.jpg","contentUrl":"https:\/\/www.em.com.br\/emfoco\/wp-content\/uploads\/2025\/09\/tomada-fogo_1757341196605.jpg","width":1280,"height":720,"caption":"Pequenos h\u00e1bitos podem tornar sua casa mais segura - Cr\u00e9ditos: depositphotos.com \/ Chonthicha"},{"@type":"BreadcrumbList","@id":"https:\/\/www.em.com.br\/emfoco\/2025\/11\/22\/os-eletrodomesticos-que-devem-ser-sempre-desligados-quando-sair-de-casa-para-evitar-incendios\/#breadcrumb","itemListElement":[{"@type":"ListItem","position":1,"name":"In\u00edcio","item":"https:\/\/www.em.com.br\/emfoco\/"},{"@type":"ListItem","position":2,"name":"Os eletrodom\u00e9sticos que devem ser sempre desligados quando sair de casa para evitar inc\u00eandios"}]},{"@type":"WebSite","@id":"https:\/\/www.em.com.br\/emfoco\/#website","url":"https:\/\/www.em.com.br\/emfoco\/","name":"Estado de Minas - Em foco","description":"Acompanhe as \u00faltimas not\u00edcias e fique bem informado sobre tudo o que acontece em Minas Gerais, Brasil e no mundo.","potentialAction":[{"@type":"SearchAction","target":{"@type":"EntryPoint","urlTemplate":"https:\/\/www.em.com.br\/emfoco\/?s={search_term_string}"},"query-input":{"@type":"PropertyValueSpecification","valueRequired":true,"valueName":"search_term_string"}}],"inLanguage":"pt-BR"},{"@type":"Person","@id":"https:\/\/www.em.com.br\/emfoco\/#\/schema\/person\/60eda09c1fedf0d6891f4cef4b60b8b8","name":"Andre\u0301 Rangel\u00a0","image":{"@type":"ImageObject","inLanguage":"pt-BR","@id":"https:\/\/www.em.com.br\/emfoco\/#\/schema\/person\/image\/","url":"https:\/\/secure.gravatar.com\/avatar\/6234dc814c77c8ef6d8bba622c787efc?s=96&d=mm&r=g","contentUrl":"https:\/\/secure.gravatar.com\/avatar\/6234dc814c77c8ef6d8bba622c787efc?s=96&d=mm&r=g","caption":"Andre\u0301 Rangel\u00a0"},"url":"https:\/\/www.em.com.br\/emfoco\/author\/luizmyth\/"}]}},"_links":{"self":[{"href":"https:\/\/www.em.com.br\/emfoco\/wp-json\/wp\/v2\/posts\/130562","targetHints":{"allow":["GET"]}}],"collection":[{"href":"https:\/\/www.em.com.br\/emfoco\/wp-json\/wp\/v2\/posts"}],"about":[{"href":"https:\/\/www.em.com.br\/emfoco\/wp-json\/wp\/v2\/types\/post"}],"author":[{"embeddable":true,"href":"https:\/\/www.em.com.br\/emfoco\/wp-json\/wp\/v2\/users\/11"}],"replies":[{"embeddable":true,"href":"https:\/\/www.em.com.br\/emfoco\/wp-json\/wp\/v2\/comments?post=130562"}],"version-history":[{"count":3,"href":"https:\/\/www.em.com.br\/emfoco\/wp-json\/wp\/v2\/posts\/130562\/revisions"}],"predecessor-version":[{"id":130565,"href":"https:\/\/www.em.com.br\/emfoco\/wp-json\/wp\/v2\/posts\/130562\/revisions\/130565"}],"wp:featuredmedia":[{"embeddable":true,"href":"https:\/\/www.em.com.br\/emfoco\/wp-json\/wp\/v2\/media\/101794"}],"wp:attachment":[{"href":"https:\/\/www.em.com.br\/emfoco\/wp-json\/wp\/v2\/media?parent=130562"}],"wp:term":[{"taxonomy":"category","embeddable":true,"href":"https:\/\/www.em.com.br\/emfoco\/wp-json\/wp\/v2\/categories?post=130562"},{"taxonomy":"post_tag","embeddable":true,"href":"https:\/\/www.em.com.br\/emfoco\/wp-json\/wp\/v2\/tags?post=130562"}],"curies":[{"name":"wp","href":"https:\/\/api.w.org\/{rel}","templated":true}]}}