{"id":130554,"date":"2025-11-24T14:05:00","date_gmt":"2025-11-24T17:05:00","guid":{"rendered":"https:\/\/www.em.com.br\/emfoco\/?p=130554"},"modified":"2025-11-23T22:13:27","modified_gmt":"2025-11-24T01:13:27","slug":"como-organizar-compras-do-mes-para-reduzir-desperdicio-e-economizar-mais","status":"publish","type":"post","link":"https:\/\/www.em.com.br\/emfoco\/2025\/11\/24\/como-organizar-compras-do-mes-para-reduzir-desperdicio-e-economizar-mais\/","title":{"rendered":"Como organizar compras do m\u00eas para reduzir desperd\u00edcio e economizar mais"},"content":{"rendered":"\n<p>Organizar as <strong>compras do m\u00eas<\/strong> \u00e9 uma estrat\u00e9gia eficiente para economizar, reduzir desperd\u00edcios e manter a casa abastecida sem excessos. Com planejamento, armazenamento correto e aten\u00e7\u00e3o ao consumo real, \u00e9 poss\u00edvel comprar melhor, gastar menos e aproveitar totalmente cada alimento.<\/p>\n\n\n\n<h2 class=\"wp-block-heading\">Como montar um planejamento mensal inteligente e evitar excessos?<\/h2>\n\n\n\n<p>Montar uma lista baseada no <strong>consumo real<\/strong> da casa \u00e9 o passo central para evitar desperd\u00edcio. Avaliar sobras do m\u00eas anterior, o que estragou e os itens que faltaram permite ajustar quantidades e impedir compras duplicadas que acabam esquecidas no arm\u00e1rio.<\/p>\n\n\n\n<p>Organizar a lista por categorias facilita visualizar prioridades e entender quanto \u00e9 necess\u00e1rio de cada tipo de produto. Isso reduz exageros em itens perec\u00edveis e traz mais clareza sobre o que realmente precisa entrar no carrinho, evitando gastos impulsivos.<\/p>\n\n\n\n<figure class=\"wp-block-image size-large\"><img loading=\"lazy\" decoding=\"async\" width=\"1024\" height=\"576\" src=\"https:\/\/www.em.com.br\/emfoco\/wp-content\/uploads\/2025\/11\/mercado_1763762547729-1024x576.jpg\" alt=\"Como organizar compras do m\u00eas para reduzir desperd\u00edcio e economizar mais\" class=\"wp-image-130590\" srcset=\"https:\/\/www.em.com.br\/emfoco\/wp-content\/uploads\/2025\/11\/mercado_1763762547729-1024x576.jpg 1024w, https:\/\/www.em.com.br\/emfoco\/wp-content\/uploads\/2025\/11\/mercado_1763762547729-300x169.jpg 300w, https:\/\/www.em.com.br\/emfoco\/wp-content\/uploads\/2025\/11\/mercado_1763762547729-768x432.jpg 768w, https:\/\/www.em.com.br\/emfoco\/wp-content\/uploads\/2025\/11\/mercado_1763762547729-750x422.jpg 750w, https:\/\/www.em.com.br\/emfoco\/wp-content\/uploads\/2025\/11\/mercado_1763762547729-1140x641.jpg 1140w, https:\/\/www.em.com.br\/emfoco\/wp-content\/uploads\/2025\/11\/mercado_1763762547729.jpg 1280w\" sizes=\"auto, (max-width: 1024px) 100vw, 1024px\" \/><figcaption class=\"wp-element-caption\">Listas estruturadas facilitam escolhas e reduzem compras aleat\u00f3rias &#8211; Cr\u00e9ditos: depositphotos.com \/ AndrewLozovyi<\/figcaption><\/figure>\n\n\n\n<p><em>Leia mais: <strong><a href=\"https:\/\/www.em.com.br\/emfoco\/2025\/11\/21\/quanto-custa-instalar-ar-condicionado-antes-do-verao-e-como-economizar-muito\/\" target=\"_blank\" rel=\"noreferrer noopener\">Quanto custa instalar ar-condicionado antes do ver\u00e3o e como economizar muito<\/a><\/strong><\/em><\/p>\n\n\n\n<h2 class=\"wp-block-heading\">Quais t\u00e9cnicas deixam sua lista mais funcional e evitam compras desnecess\u00e1rias?<\/h2>\n\n\n\n<p>Criar uma lista estruturada torna o processo mais r\u00e1pido e econ\u00f4mico. Abaixo, est\u00e3o m\u00e9todos eficientes que aumentam a organiza\u00e7\u00e3o, evitam compras repetidas e garantem que voc\u00ea compre apenas o que realmente vai usar.<\/p>\n\n\n\n<ul class=\"wp-block-list\">\n<li><strong>Lista por categorias<\/strong>: distribui gr\u00e3os, carnes, frutas, limpeza e higiene, facilitando controle de quantidades.<\/li>\n\n\n\n<li><strong>An\u00e1lise do m\u00eas anterior<\/strong>: revela sobras, perdas e excessos, permitindo ajustar o volume das compras com precis\u00e3o.<\/li>\n\n\n\n<li><strong>Lista fixa de essenciais<\/strong>: cria padr\u00e3o mensal para evitar esquecimentos e reduzir compras por impulso.<\/li>\n<\/ul>\n\n\n\n<figure class=\"wp-block-table\"><table class=\"has-fixed-layout\"><tbody><tr><th>Categoria<\/th><th>Quantidade ideal<\/th><th>Observa\u00e7\u00f5es<\/th><\/tr><tr><td>Gr\u00e3os (arroz, feij\u00e3o)<\/td><td>1 a 2 kg por fam\u00edlia pequena<\/td><td>Guarde em <strong>potes herm\u00e9ticos<\/strong> para evitar insetos.<\/td><\/tr><tr><td>Prote\u00ednas (carnes, ovos)<\/td><td>Varia conforme o consumo<\/td><td>Congele em por\u00e7\u00f5es individuais para reduzir perdas.<\/td><\/tr><tr><td>Frutas e legumes<\/td><td>Compra semanal<\/td><td>Perec\u00edveis exigem reposi\u00e7\u00e3o frequente.<\/td><\/tr><tr><td>Latic\u00ednios<\/td><td>Pequenas quantidades<\/td><td>Validades curtas pedem aten\u00e7\u00e3o di\u00e1ria.<\/td><\/tr><\/tbody><\/table><\/figure>\n\n\n\n<h2 class=\"wp-block-heading\">Como armazenar alimentos para prolongar a durabilidade e evitar desperd\u00edcio?<\/h2>\n\n\n\n<p>O <strong><a href=\"https:\/\/kraftbowls.com.br\/blog\/artigo\/armazenamento-dos-alimentos\/\" target=\"_blank\" rel=\"noreferrer noopener\">armazenamento correto<\/a><\/strong> aumenta a vida \u00fatil dos alimentos e melhora o aproveitamento di\u00e1rio. Usar <strong>potes herm\u00e9ticos<\/strong> mant\u00eam gr\u00e3os protegidos de insetos, enquanto organizar a geladeira por prazo de validade facilita consumir primeiro o que est\u00e1 perto de vencer.<\/p>\n\n\n\n<p>Congelar carnes, legumes e temperos em por\u00e7\u00f5es individuais impede descongelamentos repetidos e minimiza perdas. Etiquetar datas de compra e validade torna o controle mais claro e permite planejar refei\u00e7\u00f5es com mais precis\u00e3o.<\/p>\n\n\n\n<figure class=\"wp-block-image size-large\"><img loading=\"lazy\" decoding=\"async\" width=\"1024\" height=\"576\" src=\"https:\/\/www.em.com.br\/emfoco\/wp-content\/uploads\/2025\/11\/Alimentos-na-geladeira_1763762606045-1024x576.jpg\" alt=\"Como organizar compras do m\u00eas para reduzir desperd\u00edcio e economizar mais\" class=\"wp-image-130591\" srcset=\"https:\/\/www.em.com.br\/emfoco\/wp-content\/uploads\/2025\/11\/Alimentos-na-geladeira_1763762606045-1024x576.jpg 1024w, https:\/\/www.em.com.br\/emfoco\/wp-content\/uploads\/2025\/11\/Alimentos-na-geladeira_1763762606045-300x169.jpg 300w, https:\/\/www.em.com.br\/emfoco\/wp-content\/uploads\/2025\/11\/Alimentos-na-geladeira_1763762606045-768x432.jpg 768w, https:\/\/www.em.com.br\/emfoco\/wp-content\/uploads\/2025\/11\/Alimentos-na-geladeira_1763762606045-750x422.jpg 750w, https:\/\/www.em.com.br\/emfoco\/wp-content\/uploads\/2025\/11\/Alimentos-na-geladeira_1763762606045-1140x641.jpg 1140w, https:\/\/www.em.com.br\/emfoco\/wp-content\/uploads\/2025\/11\/Alimentos-na-geladeira_1763762606045.jpg 1280w\" sizes=\"auto, (max-width: 1024px) 100vw, 1024px\" \/><figcaption class=\"wp-element-caption\">Armazenar corretamente prolonga a vida \u00fatil dos alimentos comprados &#8211; Cr\u00e9ditos: depositphotos.com \/ IgorVetushko<\/figcaption><\/figure>\n\n\n\n<h2 class=\"wp-block-heading\">Quais h\u00e1bitos ajudam a economizar sem abrir m\u00e3o da despensa cheia?<\/h2>\n\n\n\n<p>Pequenos h\u00e1bitos durante as compras fazem diferen\u00e7a no or\u00e7amento mensal. As orienta\u00e7\u00f5es abaixo ajudam a evitar impulsos, comparar pre\u00e7os com estrat\u00e9gia e manter o foco apenas no que \u00e9 realmente necess\u00e1rio para o m\u00eas.<\/p>\n\n\n\n<ul class=\"wp-block-list\">\n<li><strong>Comparar pre\u00e7os<\/strong>: alternar entre mercados e priorizar marcas econ\u00f4micas reduz custos em itens b\u00e1sicos.<\/li>\n\n\n\n<li><strong>Evitar ir com fome<\/strong>: reduz compras impulsivas, especialmente em setores tentadores como snacks e guloseimas.<\/li>\n\n\n\n<li><strong>Respeitar a lista<\/strong>: seguir o planejamento evita gastos exagerados e mant\u00e9m o or\u00e7amento sob controle.<\/li>\n<\/ul>\n","protected":false},"excerpt":{"rendered":"<p>Organizar as compras do m\u00eas \u00e9 uma estrat\u00e9gia eficiente para economizar, reduzir desperd\u00edcios e manter a casa abastecida sem excessos. Com planejamento, armazenamento correto e aten\u00e7\u00e3o ao consumo real, \u00e9 poss\u00edvel comprar melhor, gastar menos e aproveitar totalmente cada alimento. Como montar um planejamento mensal inteligente e evitar excessos? Montar uma lista baseada no consumo [&hellip;]<\/p>\n","protected":false},"author":13,"featured_media":130589,"comment_status":"open","ping_status":"open","sticky":false,"template":"","format":"standard","meta":{"jnews-multi-image_gallery":[],"jnews_single_post":{"format":"standard"},"jnews_primary_category":[],"jnews_social_meta":[],"jnews_override_counter":[],"footnotes":""},"categories":[1],"tags":[1928,160,167],"class_list":["post-130554","post","type-post","status-publish","format-standard","has-post-thumbnail","hentry","category-noticias","tag-compras","tag-economia","tag-financas"],"yoast_head":"<!-- This site is optimized with the Yoast SEO plugin v23.8 - https:\/\/yoast.com\/wordpress\/plugins\/seo\/ -->\n<title>Como organizar compras do m\u00eas para reduzir desperd\u00edcio e economizar mais - Estado de Minas - Em foco<\/title>\n<meta name=\"description\" content=\"Organize suas compras mensais com estrat\u00e9gia e evite desperd\u00edcios. Esse m\u00e9todo simples pode transformar sua rotina e seu bolso.\" \/>\n<meta name=\"robots\" content=\"index, follow, max-snippet:-1, max-image-preview:large, max-video-preview:-1\" \/>\n<link rel=\"canonical\" href=\"https:\/\/www.em.com.br\/emfoco\/2025\/11\/24\/como-organizar-compras-do-mes-para-reduzir-desperdicio-e-economizar-mais\/\" \/>\n<meta property=\"og:locale\" content=\"pt_BR\" \/>\n<meta property=\"og:type\" content=\"article\" \/>\n<meta property=\"og:title\" content=\"Como organizar compras do m\u00eas para reduzir desperd\u00edcio e economizar mais - Estado de Minas - Em foco\" \/>\n<meta property=\"og:description\" content=\"Organize suas compras mensais com estrat\u00e9gia e evite desperd\u00edcios. Esse m\u00e9todo simples pode transformar sua rotina e seu bolso.\" \/>\n<meta property=\"og:url\" content=\"https:\/\/www.em.com.br\/emfoco\/2025\/11\/24\/como-organizar-compras-do-mes-para-reduzir-desperdicio-e-economizar-mais\/\" \/>\n<meta property=\"og:site_name\" content=\"Estado de Minas - Em foco\" \/>\n<meta property=\"article:published_time\" content=\"2025-11-24T17:05:00+00:00\" \/>\n<meta property=\"article:modified_time\" content=\"2025-11-24T01:13:27+00:00\" \/>\n<meta property=\"og:image\" content=\"https:\/\/www.em.com.br\/emfoco\/wp-content\/uploads\/2025\/11\/mercado_1763762525040.jpg\" \/>\n\t<meta property=\"og:image:width\" content=\"1280\" \/>\n\t<meta property=\"og:image:height\" content=\"720\" \/>\n\t<meta property=\"og:image:type\" content=\"image\/jpeg\" \/>\n<meta name=\"author\" content=\"Gabriel Martins\" \/>\n<meta name=\"twitter:card\" content=\"summary_large_image\" \/>\n<meta name=\"twitter:label1\" content=\"Escrito por\" \/>\n\t<meta name=\"twitter:data1\" content=\"Gabriel Martins\" \/>\n\t<meta name=\"twitter:label2\" content=\"Est. tempo de leitura\" \/>\n\t<meta name=\"twitter:data2\" content=\"4 minutos\" \/>\n<!-- \/ Yoast SEO plugin. -->","yoast_head_json":{"title":"Como organizar compras do m\u00eas para reduzir desperd\u00edcio e economizar mais - Estado de Minas - Em foco","description":"Organize suas compras mensais com estrat\u00e9gia e evite desperd\u00edcios. Esse m\u00e9todo simples pode transformar sua rotina e seu bolso.","robots":{"index":"index","follow":"follow","max-snippet":"max-snippet:-1","max-image-preview":"max-image-preview:large","max-video-preview":"max-video-preview:-1"},"canonical":"https:\/\/www.em.com.br\/emfoco\/2025\/11\/24\/como-organizar-compras-do-mes-para-reduzir-desperdicio-e-economizar-mais\/","og_locale":"pt_BR","og_type":"article","og_title":"Como organizar compras do m\u00eas para reduzir desperd\u00edcio e economizar mais - Estado de Minas - Em foco","og_description":"Organize suas compras mensais com estrat\u00e9gia e evite desperd\u00edcios. Esse m\u00e9todo simples pode transformar sua rotina e seu bolso.","og_url":"https:\/\/www.em.com.br\/emfoco\/2025\/11\/24\/como-organizar-compras-do-mes-para-reduzir-desperdicio-e-economizar-mais\/","og_site_name":"Estado de Minas - Em foco","article_published_time":"2025-11-24T17:05:00+00:00","article_modified_time":"2025-11-24T01:13:27+00:00","og_image":[{"width":1280,"height":720,"url":"https:\/\/www.em.com.br\/emfoco\/wp-content\/uploads\/2025\/11\/mercado_1763762525040.jpg","type":"image\/jpeg"}],"author":"Gabriel Martins","twitter_card":"summary_large_image","twitter_misc":{"Escrito por":"Gabriel Martins","Est. tempo de leitura":"4 minutos"},"schema":{"@context":"https:\/\/schema.org","@graph":[{"@type":"WebPage","@id":"https:\/\/www.em.com.br\/emfoco\/2025\/11\/24\/como-organizar-compras-do-mes-para-reduzir-desperdicio-e-economizar-mais\/","url":"https:\/\/www.em.com.br\/emfoco\/2025\/11\/24\/como-organizar-compras-do-mes-para-reduzir-desperdicio-e-economizar-mais\/","name":"Como organizar compras do m\u00eas para reduzir desperd\u00edcio e economizar mais - Estado de Minas - Em foco","isPartOf":{"@id":"https:\/\/www.em.com.br\/emfoco\/#website"},"primaryImageOfPage":{"@id":"https:\/\/www.em.com.br\/emfoco\/2025\/11\/24\/como-organizar-compras-do-mes-para-reduzir-desperdicio-e-economizar-mais\/#primaryimage"},"image":{"@id":"https:\/\/www.em.com.br\/emfoco\/2025\/11\/24\/como-organizar-compras-do-mes-para-reduzir-desperdicio-e-economizar-mais\/#primaryimage"},"thumbnailUrl":"https:\/\/www.em.com.br\/emfoco\/wp-content\/uploads\/2025\/11\/mercado_1763762525040.jpg","datePublished":"2025-11-24T17:05:00+00:00","dateModified":"2025-11-24T01:13:27+00:00","author":{"@id":"https:\/\/www.em.com.br\/emfoco\/#\/schema\/person\/1c9ddeab18b98abeffef834667bcf08a"},"description":"Organize suas compras mensais com estrat\u00e9gia e evite desperd\u00edcios. Esse m\u00e9todo simples pode transformar sua rotina e seu bolso.","breadcrumb":{"@id":"https:\/\/www.em.com.br\/emfoco\/2025\/11\/24\/como-organizar-compras-do-mes-para-reduzir-desperdicio-e-economizar-mais\/#breadcrumb"},"inLanguage":"pt-BR","potentialAction":[{"@type":"ReadAction","target":["https:\/\/www.em.com.br\/emfoco\/2025\/11\/24\/como-organizar-compras-do-mes-para-reduzir-desperdicio-e-economizar-mais\/"]}]},{"@type":"ImageObject","inLanguage":"pt-BR","@id":"https:\/\/www.em.com.br\/emfoco\/2025\/11\/24\/como-organizar-compras-do-mes-para-reduzir-desperdicio-e-economizar-mais\/#primaryimage","url":"https:\/\/www.em.com.br\/emfoco\/wp-content\/uploads\/2025\/11\/mercado_1763762525040.jpg","contentUrl":"https:\/\/www.em.com.br\/emfoco\/wp-content\/uploads\/2025\/11\/mercado_1763762525040.jpg","width":1280,"height":720,"caption":"Um bom planejamento come\u00e7a observando o consumo real da casa - Cr\u00e9ditos: depositphotos.com \/ AndrewLozovyi"},{"@type":"BreadcrumbList","@id":"https:\/\/www.em.com.br\/emfoco\/2025\/11\/24\/como-organizar-compras-do-mes-para-reduzir-desperdicio-e-economizar-mais\/#breadcrumb","itemListElement":[{"@type":"ListItem","position":1,"name":"In\u00edcio","item":"https:\/\/www.em.com.br\/emfoco\/"},{"@type":"ListItem","position":2,"name":"Como organizar compras do m\u00eas para reduzir desperd\u00edcio e economizar mais"}]},{"@type":"WebSite","@id":"https:\/\/www.em.com.br\/emfoco\/#website","url":"https:\/\/www.em.com.br\/emfoco\/","name":"Estado de Minas - Em foco","description":"Acompanhe as \u00faltimas not\u00edcias e fique bem informado sobre tudo o que acontece em Minas Gerais, Brasil e no mundo.","potentialAction":[{"@type":"SearchAction","target":{"@type":"EntryPoint","urlTemplate":"https:\/\/www.em.com.br\/emfoco\/?s={search_term_string}"},"query-input":{"@type":"PropertyValueSpecification","valueRequired":true,"valueName":"search_term_string"}}],"inLanguage":"pt-BR"},{"@type":"Person","@id":"https:\/\/www.em.com.br\/emfoco\/#\/schema\/person\/1c9ddeab18b98abeffef834667bcf08a","name":"Gabriel Martins","image":{"@type":"ImageObject","inLanguage":"pt-BR","@id":"https:\/\/www.em.com.br\/emfoco\/#\/schema\/person\/image\/","url":"https:\/\/secure.gravatar.com\/avatar\/f0f1e2efdfd88f1ad2cb08c5c2731e50?s=96&d=mm&r=g","contentUrl":"https:\/\/secure.gravatar.com\/avatar\/f0f1e2efdfd88f1ad2cb08c5c2731e50?s=96&d=mm&r=g","caption":"Gabriel Martins"},"sameAs":["https:\/\/www.em.com.br\/emfoco\/"],"url":"https:\/\/www.em.com.br\/emfoco\/author\/gabrielmartinsmyth\/"}]}},"_links":{"self":[{"href":"https:\/\/www.em.com.br\/emfoco\/wp-json\/wp\/v2\/posts\/130554","targetHints":{"allow":["GET"]}}],"collection":[{"href":"https:\/\/www.em.com.br\/emfoco\/wp-json\/wp\/v2\/posts"}],"about":[{"href":"https:\/\/www.em.com.br\/emfoco\/wp-json\/wp\/v2\/types\/post"}],"author":[{"embeddable":true,"href":"https:\/\/www.em.com.br\/emfoco\/wp-json\/wp\/v2\/users\/13"}],"replies":[{"embeddable":true,"href":"https:\/\/www.em.com.br\/emfoco\/wp-json\/wp\/v2\/comments?post=130554"}],"version-history":[{"count":1,"href":"https:\/\/www.em.com.br\/emfoco\/wp-json\/wp\/v2\/posts\/130554\/revisions"}],"predecessor-version":[{"id":130592,"href":"https:\/\/www.em.com.br\/emfoco\/wp-json\/wp\/v2\/posts\/130554\/revisions\/130592"}],"wp:featuredmedia":[{"embeddable":true,"href":"https:\/\/www.em.com.br\/emfoco\/wp-json\/wp\/v2\/media\/130589"}],"wp:attachment":[{"href":"https:\/\/www.em.com.br\/emfoco\/wp-json\/wp\/v2\/media?parent=130554"}],"wp:term":[{"taxonomy":"category","embeddable":true,"href":"https:\/\/www.em.com.br\/emfoco\/wp-json\/wp\/v2\/categories?post=130554"},{"taxonomy":"post_tag","embeddable":true,"href":"https:\/\/www.em.com.br\/emfoco\/wp-json\/wp\/v2\/tags?post=130554"}],"curies":[{"name":"wp","href":"https:\/\/api.w.org\/{rel}","templated":true}]}}