{"id":130514,"date":"2025-11-24T13:15:00","date_gmt":"2025-11-24T16:15:00","guid":{"rendered":"https:\/\/www.em.com.br\/emfoco\/?p=130514"},"modified":"2025-11-23T22:12:05","modified_gmt":"2025-11-24T01:12:05","slug":"ela-so-usou-2-ingredientes-da-cozinha-e-acabou-com-os-labios-rachados","status":"publish","type":"post","link":"https:\/\/www.em.com.br\/emfoco\/2025\/11\/24\/ela-so-usou-2-ingredientes-da-cozinha-e-acabou-com-os-labios-rachados\/","title":{"rendered":"Ela s\u00f3 usou 2 ingredientes da cozinha e acabou com os l\u00e1bios rachados"},"content":{"rendered":"\n<p>No calor, os l\u00e1bios tendem a ressecar, rachar e perder o vi\u00e7o, deixando a apar\u00eancia opaca e desconfort\u00e1vel. Existe um <strong>m\u00e9todo caseiro<\/strong> simples que devolve maciez quase imediata usando ingredientes comuns, criando um cuidado r\u00e1pido e eficaz para o dia a dia.<\/p>\n\n\n\n<h2 class=\"wp-block-heading\">Por que os l\u00e1bios ressecam tanto e precisam de renova\u00e7\u00e3o?<\/h2>\n\n\n\n<p>A pele da boca \u00e9 fina, sem gl\u00e2ndulas seb\u00e1ceas e muito sens\u00edvel ao clima, por isso perde hidrata\u00e7\u00e3o com facilidade. A esfolia\u00e7\u00e3o com um <strong>esfoliante natural<\/strong> ajuda a remover as peles soltas e permite que o hidratante penetre melhor.<\/p>\n\n\n\n<p>Quando a renova\u00e7\u00e3o \u00e9 regular, os l\u00e1bios ficam mais lisos e respondem melhor ao uso de balm e gloss. Esse processo tamb\u00e9m evita o aparecimento de <strong>rachaduras profundas<\/strong>, comuns em dias quentes e secos.<\/p>\n\n\n\n<figure class=\"wp-block-image size-large\"><img loading=\"lazy\" decoding=\"async\" width=\"1024\" height=\"576\" src=\"https:\/\/www.em.com.br\/emfoco\/wp-content\/uploads\/2025\/11\/Labios-rachados_1763758649507-1024x576.jpg\" alt=\"Ela s\u00f3 usou 2 ingredientes da cozinha e acabou com os l\u00e1bios rachados\" class=\"wp-image-130545\" srcset=\"https:\/\/www.em.com.br\/emfoco\/wp-content\/uploads\/2025\/11\/Labios-rachados_1763758649507-1024x576.jpg 1024w, https:\/\/www.em.com.br\/emfoco\/wp-content\/uploads\/2025\/11\/Labios-rachados_1763758649507-300x169.jpg 300w, https:\/\/www.em.com.br\/emfoco\/wp-content\/uploads\/2025\/11\/Labios-rachados_1763758649507-768x432.jpg 768w, https:\/\/www.em.com.br\/emfoco\/wp-content\/uploads\/2025\/11\/Labios-rachados_1763758649507-750x422.jpg 750w, https:\/\/www.em.com.br\/emfoco\/wp-content\/uploads\/2025\/11\/Labios-rachados_1763758649507-1140x641.jpg 1140w, https:\/\/www.em.com.br\/emfoco\/wp-content\/uploads\/2025\/11\/Labios-rachados_1763758649507.jpg 1280w\" sizes=\"auto, (max-width: 1024px) 100vw, 1024px\" \/><figcaption class=\"wp-element-caption\">A mistura caseira une esfolia\u00e7\u00e3o leve com hidrata\u00e7\u00e3o imediata eficaz &#8211; Cr\u00e9ditos: depositphotos.com \/ kotin<\/figcaption><\/figure>\n\n\n\n<p><em>Leia mais: <strong><a href=\"https:\/\/www.em.com.br\/emfoco\/2025\/11\/21\/como-fazer-um-hidratante-potente-para-peles-rachadas-usando-ingredientes-simples\/\" target=\"_blank\" rel=\"noreferrer noopener\">Como fazer um hidratante potente para peles rachadas usando ingredientes simples<\/a><\/strong><\/em><\/p>\n\n\n\n<h2 class=\"wp-block-heading\">Como funciona a mistura de a\u00e7\u00facar e mel na esfolia\u00e7\u00e3o?<\/h2>\n\n\n\n<p>A combina\u00e7\u00e3o de ingredientes forma uma pastinha firme que age como um <strong>esfoliante suave<\/strong>, unindo a textura granulada do a\u00e7\u00facar com o poder hidratante do mel. Antes de aplicar, entenda como preparar a receita corretamente:<\/p>\n\n\n\n<ul class=\"wp-block-list\">\n<li><strong>1 colher de ch\u00e1 de a\u00e7\u00facar:<\/strong> cristal ou mascavo, respons\u00e1vel por remover delicadamente as peles soltas sem agredir.<\/li>\n\n\n\n<li><strong>1 colher de ch\u00e1 de mel:<\/strong> hidrata profundamente, cria uma pel\u00edcula protetora e ajuda a prevenir novas rachaduras.<\/li>\n\n\n\n<li><strong>Mistura firme:<\/strong> combine os dois at\u00e9 formar uma pastinha homog\u00eanea, ideal para massagear e renovar a superf\u00edcie dos l\u00e1bios.<\/li>\n<\/ul>\n\n\n\n<h2 class=\"wp-block-heading\">Como aplicar o esfoliante caseiro para melhores resultados?<\/h2>\n\n\n\n<p>Com os l\u00e1bios limpos e secos, coloque uma pequena quantidade da mistura e realize movimentos circulares por <strong>30 a 40 segundos<\/strong>, garantindo uma esfolia\u00e7\u00e3o eficiente sem causar irrita\u00e7\u00e3o. Esse processo ativa a circula\u00e7\u00e3o e melhora a textura da boca.<\/p>\n\n\n\n<p>Ap\u00f3s massagear, retire o excesso com \u00e1gua morna e finalize com um <strong>hidratante labial nutritivo<\/strong> ou algumas gotas de <strong><a href=\"https:\/\/www.nivea.com.br\/dicas\/oleo-vegetal-o-que-e-para-que-serve?srsltid=AfmBOorVi2B0HQfSN_xI-vrsunO9CS8q5nwhKKVCUJe8kpuByf-h2fly\" target=\"_blank\" rel=\"noreferrer noopener\">\u00f3leo vegetal<\/a><\/strong>. Essa etapa sela a hidrata\u00e7\u00e3o e mant\u00e9m os l\u00e1bios protegidos ao longo do dia.<\/p>\n\n\n\n<figure class=\"wp-block-image size-large\"><img loading=\"lazy\" decoding=\"async\" width=\"1024\" height=\"576\" src=\"https:\/\/www.em.com.br\/emfoco\/wp-content\/uploads\/2025\/11\/Esfoliante-na-boca_1763758693370-1024x576.jpg\" alt=\"Ela s\u00f3 usou 2 ingredientes da cozinha e acabou com os l\u00e1bios rachados\" class=\"wp-image-130547\" srcset=\"https:\/\/www.em.com.br\/emfoco\/wp-content\/uploads\/2025\/11\/Esfoliante-na-boca_1763758693370-1024x576.jpg 1024w, https:\/\/www.em.com.br\/emfoco\/wp-content\/uploads\/2025\/11\/Esfoliante-na-boca_1763758693370-300x169.jpg 300w, https:\/\/www.em.com.br\/emfoco\/wp-content\/uploads\/2025\/11\/Esfoliante-na-boca_1763758693370-768x432.jpg 768w, https:\/\/www.em.com.br\/emfoco\/wp-content\/uploads\/2025\/11\/Esfoliante-na-boca_1763758693370-750x422.jpg 750w, https:\/\/www.em.com.br\/emfoco\/wp-content\/uploads\/2025\/11\/Esfoliante-na-boca_1763758693370-1140x641.jpg 1140w, https:\/\/www.em.com.br\/emfoco\/wp-content\/uploads\/2025\/11\/Esfoliante-na-boca_1763758693370.jpg 1280w\" sizes=\"auto, (max-width: 1024px) 100vw, 1024px\" \/><figcaption class=\"wp-element-caption\">A aplica\u00e7\u00e3o correta ativa circula\u00e7\u00e3o e deixa os l\u00e1bios mais lisos &#8211; Cr\u00e9ditos: depositphotos.com \/ AllaSerebrina<\/figcaption><\/figure>\n\n\n\n<h2 class=\"wp-block-heading\">Quais cuidados extras ajudam a manter os l\u00e1bios sempre macios?<\/h2>\n\n\n\n<p>Para evitar sensibilidade, o ideal \u00e9 realizar esse m\u00e9todo apenas <strong>1 a 2 vezes por semana<\/strong>. Alguns cuidados simples mant\u00eam os l\u00e1bios saud\u00e1veis entre as esfolia\u00e7\u00f5es e prolongam a sensa\u00e7\u00e3o de maciez:<\/p>\n\n\n\n<ul class=\"wp-block-list\">\n<li><strong>Use hidratantes diariamente:<\/strong> balms com manteigas vegetais ajudam a preservar a barreira natural da pele.<\/li>\n\n\n\n<li><strong>Evite puxar pelinhas:<\/strong> esse h\u00e1bito piora o ressecamento e pode causar pequenas fissuras dolorosas.<\/li>\n\n\n\n<li><strong>Beba \u00e1gua regularmente:<\/strong> manter o corpo hidratado melhora diretamente a apar\u00eancia dos l\u00e1bios.<\/li>\n<\/ul>\n","protected":false},"excerpt":{"rendered":"<p>No calor, os l\u00e1bios tendem a ressecar, rachar e perder o vi\u00e7o, deixando a apar\u00eancia opaca e desconfort\u00e1vel. Existe um m\u00e9todo caseiro simples que devolve maciez quase imediata usando ingredientes comuns, criando um cuidado r\u00e1pido e eficaz para o dia a dia. Por que os l\u00e1bios ressecam tanto e precisam de renova\u00e7\u00e3o? A pele da [&hellip;]<\/p>\n","protected":false},"author":13,"featured_media":130544,"comment_status":"open","ping_status":"open","sticky":false,"template":"","format":"standard","meta":{"jnews-multi-image_gallery":[],"jnews_single_post":{"format":"standard"},"jnews_primary_category":[],"jnews_social_meta":[],"jnews_override_counter":[],"footnotes":""},"categories":[8819,1],"tags":[9586,19213,14839],"class_list":["post-130514","post","type-post","status-publish","format-standard","has-post-thumbnail","hentry","category-curiosidades","category-noticias","tag-labios","tag-labios-rachados","tag-labios-ressecados"],"yoast_head":"<!-- This site is optimized with the Yoast SEO plugin v23.8 - https:\/\/yoast.com\/wordpress\/plugins\/seo\/ -->\n<title>Ela s\u00f3 usou 2 ingredientes da cozinha e acabou com os l\u00e1bios rachados - Estado de Minas - Em foco<\/title>\n<meta name=\"description\" content=\"Seus l\u00e1bios est\u00e3o rachando no calor? Essa misturinha com mel e a\u00e7\u00facar \u00e9 o al\u00edvio mais r\u00e1pido e natural que voc\u00ea vai encontrar.\" \/>\n<meta name=\"robots\" content=\"index, follow, max-snippet:-1, max-image-preview:large, max-video-preview:-1\" \/>\n<link rel=\"canonical\" href=\"https:\/\/www.em.com.br\/emfoco\/2025\/11\/24\/ela-so-usou-2-ingredientes-da-cozinha-e-acabou-com-os-labios-rachados\/\" \/>\n<meta property=\"og:locale\" content=\"pt_BR\" \/>\n<meta property=\"og:type\" content=\"article\" \/>\n<meta property=\"og:title\" content=\"Ela s\u00f3 usou 2 ingredientes da cozinha e acabou com os l\u00e1bios rachados - Estado de Minas - Em foco\" \/>\n<meta property=\"og:description\" content=\"Seus l\u00e1bios est\u00e3o rachando no calor? Essa misturinha com mel e a\u00e7\u00facar \u00e9 o al\u00edvio mais r\u00e1pido e natural que voc\u00ea vai encontrar.\" \/>\n<meta property=\"og:url\" content=\"https:\/\/www.em.com.br\/emfoco\/2025\/11\/24\/ela-so-usou-2-ingredientes-da-cozinha-e-acabou-com-os-labios-rachados\/\" \/>\n<meta property=\"og:site_name\" content=\"Estado de Minas - Em foco\" \/>\n<meta property=\"article:published_time\" content=\"2025-11-24T16:15:00+00:00\" \/>\n<meta property=\"article:modified_time\" content=\"2025-11-24T01:12:05+00:00\" \/>\n<meta property=\"og:image\" content=\"https:\/\/www.em.com.br\/emfoco\/wp-content\/uploads\/2025\/11\/Labios-rachados_1763758625201.jpg\" \/>\n\t<meta property=\"og:image:width\" content=\"1280\" \/>\n\t<meta property=\"og:image:height\" content=\"720\" \/>\n\t<meta property=\"og:image:type\" content=\"image\/jpeg\" \/>\n<meta name=\"author\" content=\"Gabriel Martins\" \/>\n<meta name=\"twitter:card\" content=\"summary_large_image\" \/>\n<meta name=\"twitter:label1\" content=\"Escrito por\" \/>\n\t<meta name=\"twitter:data1\" content=\"Gabriel Martins\" \/>\n\t<meta name=\"twitter:label2\" content=\"Est. tempo de leitura\" \/>\n\t<meta name=\"twitter:data2\" content=\"3 minutos\" \/>\n<!-- \/ Yoast SEO plugin. -->","yoast_head_json":{"title":"Ela s\u00f3 usou 2 ingredientes da cozinha e acabou com os l\u00e1bios rachados - Estado de Minas - Em foco","description":"Seus l\u00e1bios est\u00e3o rachando no calor? Essa misturinha com mel e a\u00e7\u00facar \u00e9 o al\u00edvio mais r\u00e1pido e natural que voc\u00ea vai encontrar.","robots":{"index":"index","follow":"follow","max-snippet":"max-snippet:-1","max-image-preview":"max-image-preview:large","max-video-preview":"max-video-preview:-1"},"canonical":"https:\/\/www.em.com.br\/emfoco\/2025\/11\/24\/ela-so-usou-2-ingredientes-da-cozinha-e-acabou-com-os-labios-rachados\/","og_locale":"pt_BR","og_type":"article","og_title":"Ela s\u00f3 usou 2 ingredientes da cozinha e acabou com os l\u00e1bios rachados - Estado de Minas - Em foco","og_description":"Seus l\u00e1bios est\u00e3o rachando no calor? Essa misturinha com mel e a\u00e7\u00facar \u00e9 o al\u00edvio mais r\u00e1pido e natural que voc\u00ea vai encontrar.","og_url":"https:\/\/www.em.com.br\/emfoco\/2025\/11\/24\/ela-so-usou-2-ingredientes-da-cozinha-e-acabou-com-os-labios-rachados\/","og_site_name":"Estado de Minas - Em foco","article_published_time":"2025-11-24T16:15:00+00:00","article_modified_time":"2025-11-24T01:12:05+00:00","og_image":[{"width":1280,"height":720,"url":"https:\/\/www.em.com.br\/emfoco\/wp-content\/uploads\/2025\/11\/Labios-rachados_1763758625201.jpg","type":"image\/jpeg"}],"author":"Gabriel Martins","twitter_card":"summary_large_image","twitter_misc":{"Escrito por":"Gabriel Martins","Est. tempo de leitura":"3 minutos"},"schema":{"@context":"https:\/\/schema.org","@graph":[{"@type":"WebPage","@id":"https:\/\/www.em.com.br\/emfoco\/2025\/11\/24\/ela-so-usou-2-ingredientes-da-cozinha-e-acabou-com-os-labios-rachados\/","url":"https:\/\/www.em.com.br\/emfoco\/2025\/11\/24\/ela-so-usou-2-ingredientes-da-cozinha-e-acabou-com-os-labios-rachados\/","name":"Ela s\u00f3 usou 2 ingredientes da cozinha e acabou com os l\u00e1bios rachados - Estado de Minas - Em foco","isPartOf":{"@id":"https:\/\/www.em.com.br\/emfoco\/#website"},"primaryImageOfPage":{"@id":"https:\/\/www.em.com.br\/emfoco\/2025\/11\/24\/ela-so-usou-2-ingredientes-da-cozinha-e-acabou-com-os-labios-rachados\/#primaryimage"},"image":{"@id":"https:\/\/www.em.com.br\/emfoco\/2025\/11\/24\/ela-so-usou-2-ingredientes-da-cozinha-e-acabou-com-os-labios-rachados\/#primaryimage"},"thumbnailUrl":"https:\/\/www.em.com.br\/emfoco\/wp-content\/uploads\/2025\/11\/Labios-rachados_1763758625201.jpg","datePublished":"2025-11-24T16:15:00+00:00","dateModified":"2025-11-24T01:12:05+00:00","author":{"@id":"https:\/\/www.em.com.br\/emfoco\/#\/schema\/person\/1c9ddeab18b98abeffef834667bcf08a"},"description":"Seus l\u00e1bios est\u00e3o rachando no calor? Essa misturinha com mel e a\u00e7\u00facar \u00e9 o al\u00edvio mais r\u00e1pido e natural que voc\u00ea vai encontrar.","breadcrumb":{"@id":"https:\/\/www.em.com.br\/emfoco\/2025\/11\/24\/ela-so-usou-2-ingredientes-da-cozinha-e-acabou-com-os-labios-rachados\/#breadcrumb"},"inLanguage":"pt-BR","potentialAction":[{"@type":"ReadAction","target":["https:\/\/www.em.com.br\/emfoco\/2025\/11\/24\/ela-so-usou-2-ingredientes-da-cozinha-e-acabou-com-os-labios-rachados\/"]}]},{"@type":"ImageObject","inLanguage":"pt-BR","@id":"https:\/\/www.em.com.br\/emfoco\/2025\/11\/24\/ela-so-usou-2-ingredientes-da-cozinha-e-acabou-com-os-labios-rachados\/#primaryimage","url":"https:\/\/www.em.com.br\/emfoco\/wp-content\/uploads\/2025\/11\/Labios-rachados_1763758625201.jpg","contentUrl":"https:\/\/www.em.com.br\/emfoco\/wp-content\/uploads\/2025\/11\/Labios-rachados_1763758625201.jpg","width":1280,"height":720,"caption":"Os l\u00e1bios perdem hidrata\u00e7\u00e3o rapidamente no calor e exigem renova\u00e7\u00e3o constante - Cr\u00e9ditos: depositphotos.com \/ serezniy"},{"@type":"BreadcrumbList","@id":"https:\/\/www.em.com.br\/emfoco\/2025\/11\/24\/ela-so-usou-2-ingredientes-da-cozinha-e-acabou-com-os-labios-rachados\/#breadcrumb","itemListElement":[{"@type":"ListItem","position":1,"name":"In\u00edcio","item":"https:\/\/www.em.com.br\/emfoco\/"},{"@type":"ListItem","position":2,"name":"Ela s\u00f3 usou 2 ingredientes da cozinha e acabou com os l\u00e1bios rachados"}]},{"@type":"WebSite","@id":"https:\/\/www.em.com.br\/emfoco\/#website","url":"https:\/\/www.em.com.br\/emfoco\/","name":"Estado de Minas - Em foco","description":"Acompanhe as \u00faltimas not\u00edcias e fique bem informado sobre tudo o que acontece em Minas Gerais, Brasil e no mundo.","potentialAction":[{"@type":"SearchAction","target":{"@type":"EntryPoint","urlTemplate":"https:\/\/www.em.com.br\/emfoco\/?s={search_term_string}"},"query-input":{"@type":"PropertyValueSpecification","valueRequired":true,"valueName":"search_term_string"}}],"inLanguage":"pt-BR"},{"@type":"Person","@id":"https:\/\/www.em.com.br\/emfoco\/#\/schema\/person\/1c9ddeab18b98abeffef834667bcf08a","name":"Gabriel Martins","image":{"@type":"ImageObject","inLanguage":"pt-BR","@id":"https:\/\/www.em.com.br\/emfoco\/#\/schema\/person\/image\/","url":"https:\/\/secure.gravatar.com\/avatar\/f0f1e2efdfd88f1ad2cb08c5c2731e50?s=96&d=mm&r=g","contentUrl":"https:\/\/secure.gravatar.com\/avatar\/f0f1e2efdfd88f1ad2cb08c5c2731e50?s=96&d=mm&r=g","caption":"Gabriel Martins"},"sameAs":["https:\/\/www.em.com.br\/emfoco\/"],"url":"https:\/\/www.em.com.br\/emfoco\/author\/gabrielmartinsmyth\/"}]}},"_links":{"self":[{"href":"https:\/\/www.em.com.br\/emfoco\/wp-json\/wp\/v2\/posts\/130514","targetHints":{"allow":["GET"]}}],"collection":[{"href":"https:\/\/www.em.com.br\/emfoco\/wp-json\/wp\/v2\/posts"}],"about":[{"href":"https:\/\/www.em.com.br\/emfoco\/wp-json\/wp\/v2\/types\/post"}],"author":[{"embeddable":true,"href":"https:\/\/www.em.com.br\/emfoco\/wp-json\/wp\/v2\/users\/13"}],"replies":[{"embeddable":true,"href":"https:\/\/www.em.com.br\/emfoco\/wp-json\/wp\/v2\/comments?post=130514"}],"version-history":[{"count":1,"href":"https:\/\/www.em.com.br\/emfoco\/wp-json\/wp\/v2\/posts\/130514\/revisions"}],"predecessor-version":[{"id":130553,"href":"https:\/\/www.em.com.br\/emfoco\/wp-json\/wp\/v2\/posts\/130514\/revisions\/130553"}],"wp:featuredmedia":[{"embeddable":true,"href":"https:\/\/www.em.com.br\/emfoco\/wp-json\/wp\/v2\/media\/130544"}],"wp:attachment":[{"href":"https:\/\/www.em.com.br\/emfoco\/wp-json\/wp\/v2\/media?parent=130514"}],"wp:term":[{"taxonomy":"category","embeddable":true,"href":"https:\/\/www.em.com.br\/emfoco\/wp-json\/wp\/v2\/categories?post=130514"},{"taxonomy":"post_tag","embeddable":true,"href":"https:\/\/www.em.com.br\/emfoco\/wp-json\/wp\/v2\/tags?post=130514"}],"curies":[{"name":"wp","href":"https:\/\/api.w.org\/{rel}","templated":true}]}}