{"id":130513,"date":"2025-11-24T13:05:00","date_gmt":"2025-11-24T16:05:00","guid":{"rendered":"https:\/\/www.em.com.br\/emfoco\/?p=130513"},"modified":"2025-11-23T22:11:24","modified_gmt":"2025-11-24T01:11:24","slug":"como-limpar-a-airfryer-do-jeito-certo-e-sem-riscos-para-durar-muito-mais","status":"publish","type":"post","link":"https:\/\/www.em.com.br\/emfoco\/2025\/11\/24\/como-limpar-a-airfryer-do-jeito-certo-e-sem-riscos-para-durar-muito-mais\/","title":{"rendered":"Como limpar a airfryer do jeito certo e sem riscos para durar muito mais"},"content":{"rendered":"\n<p>Fazer a limpeza da <strong>airfryer<\/strong> da forma correta evita fuma\u00e7a, melhora o sabor dos alimentos e aumenta a vida \u00fatil do aparelho. O processo \u00e9 simples quando feito ap\u00f3s o equipamento esfriar, impedindo que gordura e res\u00edduos endure\u00e7am e dificultem a higieniza\u00e7\u00e3o.<\/p>\n\n\n\n<h2 class=\"wp-block-heading\">Por que a limpeza imediata da airfryer faz tanta diferen\u00e7a no uso di\u00e1rio?<\/h2>\n\n\n\n<p>Quando a <strong>gordura acumulada<\/strong> esfria, ela endurece e cria crostas dif\u00edceis de remover, afetando cheiro e sabor das pr\u00f3ximas receitas. Higienizar o cesto e a bandeja logo ap\u00f3s o aparelho amornar deixa o processo mais leve e protege o revestimento antiaderente.<\/p>\n\n\n\n<p>Al\u00e9m disso, manter a parte interna livre de sujeira evita que a <strong>fuma\u00e7a excessiva<\/strong> apare\u00e7a durante o uso, problema comum quando restos de alimentos queimam. Esse cuidado simples tamb\u00e9m reduz odores fortes e mant\u00e9m o desempenho da airfryer mais eficiente.<\/p>\n\n\n\n<figure class=\"wp-block-image size-large\"><img loading=\"lazy\" decoding=\"async\" width=\"1024\" height=\"576\" src=\"https:\/\/www.em.com.br\/emfoco\/wp-content\/uploads\/2025\/11\/airfryer-_1763758527199-1024x576.jpg\" alt=\"Como limpar a airfryer do jeito certo e sem riscos para durar muito mais\" class=\"wp-image-130541\" srcset=\"https:\/\/www.em.com.br\/emfoco\/wp-content\/uploads\/2025\/11\/airfryer-_1763758527199-1024x576.jpg 1024w, https:\/\/www.em.com.br\/emfoco\/wp-content\/uploads\/2025\/11\/airfryer-_1763758527199-300x169.jpg 300w, https:\/\/www.em.com.br\/emfoco\/wp-content\/uploads\/2025\/11\/airfryer-_1763758527199-768x432.jpg 768w, https:\/\/www.em.com.br\/emfoco\/wp-content\/uploads\/2025\/11\/airfryer-_1763758527199-750x422.jpg 750w, https:\/\/www.em.com.br\/emfoco\/wp-content\/uploads\/2025\/11\/airfryer-_1763758527199-1140x641.jpg 1140w, https:\/\/www.em.com.br\/emfoco\/wp-content\/uploads\/2025\/11\/airfryer-_1763758527199.jpg 1280w\" sizes=\"auto, (max-width: 1024px) 100vw, 1024px\" \/><figcaption class=\"wp-element-caption\">O cesto limpa facilmente quando segue imers\u00e3o curta e lavagem suave &#8211; Cr\u00e9ditos: depositphotos.com \/ escapejaja<\/figcaption><\/figure>\n\n\n\n<p><em>Leia mais: <strong><a href=\"https:\/\/www.em.com.br\/emfoco\/2025\/11\/21\/como-evitar-o-surgimento-de-mofo-em-casa-sem-gastar-com-produtos-caros\/\" target=\"_blank\" rel=\"noreferrer noopener\">Como evitar o surgimento de mofo em casa sem gastar com produtos caros<\/a><\/strong><\/em><\/p>\n\n\n\n<h2 class=\"wp-block-heading\">Quais etapas s\u00e3o essenciais para limpar o cesto e remover gordura acumulada?<\/h2>\n\n\n\n<p>O cesto e a bandeja interna podem ser limpos com facilidade quando seguem uma sequ\u00eancia simples de imers\u00e3o e lavagem suave. A lista abaixo mostra o passo a passo que solta sujeira sem danificar o material antiaderente.<\/p>\n\n\n\n<ul class=\"wp-block-list\">\n<li>Deixe cesto e bandeja de molho por 10 a 15 minutos em \u00e1gua morna com detergente para soltar a gordura.<\/li>\n\n\n\n<li>Lave com esponja macia para proteger o<a href=\"https:\/\/blog.vapza.com.br\/sem-grude-9-dicas-de-cuidados-com-panelas-antiaderentes\/\" target=\"_blank\" rel=\"noreferrer noopener\"> <strong>revestimento antiaderente<\/strong> <\/a>de arranh\u00f5es.<\/li>\n\n\n\n<li>Use pasta de bicarbonato + detergente para crostas resistentes, deixando agir alguns minutos antes de esfregar.<\/li>\n<\/ul>\n\n\n\n<h2 class=\"wp-block-heading\">Qual \u00e9 a forma correta de limpar a parte interna sem estragar o aparelho?<\/h2>\n\n\n\n<p>A parte interna da <strong>airfryer<\/strong> nunca deve ser submersa em \u00e1gua, pois isso danifica componentes el\u00e9tricos. O ideal \u00e9 passar um pano \u00famido com detergente ou vinagre, removendo gordura sem utilizar produtos abrasivos ou palha de a\u00e7o.<\/p>\n\n\n\n<p>Um pincel ou escova macia ajuda a soltar res\u00edduos presos em cantos e na sa\u00edda de ar, \u00e1reas onde a sujeira costuma acumular. Esse cuidado evita mau cheiro e garante que o fluxo de ar quente circule sem obstru\u00e7\u00f5es durante o uso.<\/p>\n\n\n\n<figure class=\"wp-block-image size-large\"><img loading=\"lazy\" decoding=\"async\" width=\"1024\" height=\"576\" src=\"https:\/\/www.em.com.br\/emfoco\/wp-content\/uploads\/2025\/11\/Lavando-louca_1763758562315-1024x576.jpg\" alt=\"Como limpar a airfryer do jeito certo e sem riscos para durar muito mais\" class=\"wp-image-130542\" srcset=\"https:\/\/www.em.com.br\/emfoco\/wp-content\/uploads\/2025\/11\/Lavando-louca_1763758562315-1024x576.jpg 1024w, https:\/\/www.em.com.br\/emfoco\/wp-content\/uploads\/2025\/11\/Lavando-louca_1763758562315-300x169.jpg 300w, https:\/\/www.em.com.br\/emfoco\/wp-content\/uploads\/2025\/11\/Lavando-louca_1763758562315-768x432.jpg 768w, https:\/\/www.em.com.br\/emfoco\/wp-content\/uploads\/2025\/11\/Lavando-louca_1763758562315-750x422.jpg 750w, https:\/\/www.em.com.br\/emfoco\/wp-content\/uploads\/2025\/11\/Lavando-louca_1763758562315-1140x641.jpg 1140w, https:\/\/www.em.com.br\/emfoco\/wp-content\/uploads\/2025\/11\/Lavando-louca_1763758562315.jpg 1280w\" sizes=\"auto, (max-width: 1024px) 100vw, 1024px\" \/><figcaption class=\"wp-element-caption\">A parte interna requer limpeza controlada para evitar danos el\u00e9tricos &#8211; Cr\u00e9ditos: depositphotos.com \/ overdriven<\/figcaption><\/figure>\n\n\n\n<h2 class=\"wp-block-heading\">Como limpar a resist\u00eancia e manter o aparelho funcionando com seguran\u00e7a?<\/h2>\n\n\n\n<p>A resist\u00eancia \u00e9 uma das partes mais importantes, e sua limpeza deve ser feita com cuidado extra. Antes das dicas, vale refor\u00e7ar que o aparelho deve estar frio e fora da tomada para evitar riscos durante o processo.<\/p>\n\n\n\n<ul class=\"wp-block-list\">\n<li>Passe um pano levemente umedecido em vinagre ou \u00e1gua morna para soltar respingos de \u00f3leo.<\/li>\n\n\n\n<li>Evite esfregar com for\u00e7a para n\u00e3o danificar a grade superior interna.<\/li>\n\n\n\n<li>Repita a limpeza a cada poucos usos para aumentar a <strong>durabilidade do aparelho<\/strong>.<\/li>\n<\/ul>\n","protected":false},"excerpt":{"rendered":"<p>Fazer a limpeza da airfryer da forma correta evita fuma\u00e7a, melhora o sabor dos alimentos e aumenta a vida \u00fatil do aparelho. O processo \u00e9 simples quando feito ap\u00f3s o equipamento esfriar, impedindo que gordura e res\u00edduos endure\u00e7am e dificultem a higieniza\u00e7\u00e3o. Por que a limpeza imediata da airfryer faz tanta diferen\u00e7a no uso di\u00e1rio? [&hellip;]<\/p>\n","protected":false},"author":13,"featured_media":130540,"comment_status":"open","ping_status":"open","sticky":false,"template":"","format":"standard","meta":{"jnews-multi-image_gallery":[],"jnews_single_post":{"format":"standard"},"jnews_primary_category":[],"jnews_social_meta":[],"jnews_override_counter":[],"footnotes":""},"categories":[8819,1],"tags":[4597,6071,19212],"class_list":["post-130513","post","type-post","status-publish","format-standard","has-post-thumbnail","hentry","category-curiosidades","category-noticias","tag-airfryer","tag-eletrodomestico","tag-limpar"],"yoast_head":"<!-- This site is optimized with the Yoast SEO plugin v23.8 - https:\/\/yoast.com\/wordpress\/plugins\/seo\/ -->\n<title>Como limpar a airfryer do jeito certo e sem riscos para durar muito mais - Estado de Minas - Em foco<\/title>\n<meta name=\"description\" content=\"Limpar a airfryer do jeito certo evita fuma\u00e7a e mau cheiro. Veja o passo a passo que melhora o sabor e protege o aparelho.\" \/>\n<meta name=\"robots\" content=\"index, follow, max-snippet:-1, max-image-preview:large, max-video-preview:-1\" \/>\n<link rel=\"canonical\" href=\"https:\/\/www.em.com.br\/emfoco\/2025\/11\/24\/como-limpar-a-airfryer-do-jeito-certo-e-sem-riscos-para-durar-muito-mais\/\" \/>\n<meta property=\"og:locale\" content=\"pt_BR\" \/>\n<meta property=\"og:type\" content=\"article\" \/>\n<meta property=\"og:title\" content=\"Como limpar a airfryer do jeito certo e sem riscos para durar muito mais - Estado de Minas - Em foco\" \/>\n<meta property=\"og:description\" content=\"Limpar a airfryer do jeito certo evita fuma\u00e7a e mau cheiro. Veja o passo a passo que melhora o sabor e protege o aparelho.\" \/>\n<meta property=\"og:url\" content=\"https:\/\/www.em.com.br\/emfoco\/2025\/11\/24\/como-limpar-a-airfryer-do-jeito-certo-e-sem-riscos-para-durar-muito-mais\/\" \/>\n<meta property=\"og:site_name\" content=\"Estado de Minas - Em foco\" \/>\n<meta property=\"article:published_time\" content=\"2025-11-24T16:05:00+00:00\" \/>\n<meta property=\"article:modified_time\" content=\"2025-11-24T01:11:24+00:00\" \/>\n<meta property=\"og:image\" content=\"https:\/\/www.em.com.br\/emfoco\/wp-content\/uploads\/2025\/11\/airfryer-_1763758475244.jpg\" \/>\n\t<meta property=\"og:image:width\" content=\"1280\" \/>\n\t<meta property=\"og:image:height\" content=\"720\" \/>\n\t<meta property=\"og:image:type\" content=\"image\/jpeg\" \/>\n<meta name=\"author\" content=\"Gabriel Martins\" \/>\n<meta name=\"twitter:card\" content=\"summary_large_image\" \/>\n<meta name=\"twitter:label1\" content=\"Escrito por\" \/>\n\t<meta name=\"twitter:data1\" content=\"Gabriel Martins\" \/>\n\t<meta name=\"twitter:label2\" content=\"Est. tempo de leitura\" \/>\n\t<meta name=\"twitter:data2\" content=\"4 minutos\" \/>\n<!-- \/ Yoast SEO plugin. -->","yoast_head_json":{"title":"Como limpar a airfryer do jeito certo e sem riscos para durar muito mais - Estado de Minas - Em foco","description":"Limpar a airfryer do jeito certo evita fuma\u00e7a e mau cheiro. Veja o passo a passo que melhora o sabor e protege o aparelho.","robots":{"index":"index","follow":"follow","max-snippet":"max-snippet:-1","max-image-preview":"max-image-preview:large","max-video-preview":"max-video-preview:-1"},"canonical":"https:\/\/www.em.com.br\/emfoco\/2025\/11\/24\/como-limpar-a-airfryer-do-jeito-certo-e-sem-riscos-para-durar-muito-mais\/","og_locale":"pt_BR","og_type":"article","og_title":"Como limpar a airfryer do jeito certo e sem riscos para durar muito mais - Estado de Minas - Em foco","og_description":"Limpar a airfryer do jeito certo evita fuma\u00e7a e mau cheiro. Veja o passo a passo que melhora o sabor e protege o aparelho.","og_url":"https:\/\/www.em.com.br\/emfoco\/2025\/11\/24\/como-limpar-a-airfryer-do-jeito-certo-e-sem-riscos-para-durar-muito-mais\/","og_site_name":"Estado de Minas - Em foco","article_published_time":"2025-11-24T16:05:00+00:00","article_modified_time":"2025-11-24T01:11:24+00:00","og_image":[{"width":1280,"height":720,"url":"https:\/\/www.em.com.br\/emfoco\/wp-content\/uploads\/2025\/11\/airfryer-_1763758475244.jpg","type":"image\/jpeg"}],"author":"Gabriel Martins","twitter_card":"summary_large_image","twitter_misc":{"Escrito por":"Gabriel Martins","Est. tempo de leitura":"4 minutos"},"schema":{"@context":"https:\/\/schema.org","@graph":[{"@type":"WebPage","@id":"https:\/\/www.em.com.br\/emfoco\/2025\/11\/24\/como-limpar-a-airfryer-do-jeito-certo-e-sem-riscos-para-durar-muito-mais\/","url":"https:\/\/www.em.com.br\/emfoco\/2025\/11\/24\/como-limpar-a-airfryer-do-jeito-certo-e-sem-riscos-para-durar-muito-mais\/","name":"Como limpar a airfryer do jeito certo e sem riscos para durar muito mais - Estado de Minas - Em foco","isPartOf":{"@id":"https:\/\/www.em.com.br\/emfoco\/#website"},"primaryImageOfPage":{"@id":"https:\/\/www.em.com.br\/emfoco\/2025\/11\/24\/como-limpar-a-airfryer-do-jeito-certo-e-sem-riscos-para-durar-muito-mais\/#primaryimage"},"image":{"@id":"https:\/\/www.em.com.br\/emfoco\/2025\/11\/24\/como-limpar-a-airfryer-do-jeito-certo-e-sem-riscos-para-durar-muito-mais\/#primaryimage"},"thumbnailUrl":"https:\/\/www.em.com.br\/emfoco\/wp-content\/uploads\/2025\/11\/airfryer-_1763758475244.jpg","datePublished":"2025-11-24T16:05:00+00:00","dateModified":"2025-11-24T01:11:24+00:00","author":{"@id":"https:\/\/www.em.com.br\/emfoco\/#\/schema\/person\/1c9ddeab18b98abeffef834667bcf08a"},"description":"Limpar a airfryer do jeito certo evita fuma\u00e7a e mau cheiro. Veja o passo a passo que melhora o sabor e protege o aparelho.","breadcrumb":{"@id":"https:\/\/www.em.com.br\/emfoco\/2025\/11\/24\/como-limpar-a-airfryer-do-jeito-certo-e-sem-riscos-para-durar-muito-mais\/#breadcrumb"},"inLanguage":"pt-BR","potentialAction":[{"@type":"ReadAction","target":["https:\/\/www.em.com.br\/emfoco\/2025\/11\/24\/como-limpar-a-airfryer-do-jeito-certo-e-sem-riscos-para-durar-muito-mais\/"]}]},{"@type":"ImageObject","inLanguage":"pt-BR","@id":"https:\/\/www.em.com.br\/emfoco\/2025\/11\/24\/como-limpar-a-airfryer-do-jeito-certo-e-sem-riscos-para-durar-muito-mais\/#primaryimage","url":"https:\/\/www.em.com.br\/emfoco\/wp-content\/uploads\/2025\/11\/airfryer-_1763758475244.jpg","contentUrl":"https:\/\/www.em.com.br\/emfoco\/wp-content\/uploads\/2025\/11\/airfryer-_1763758475244.jpg","width":1280,"height":720,"caption":"Limpar a airfryer morna evita crostas duras e melhora o desempenho - Cr\u00e9ditos: depositphotos.com \/ zephyr18"},{"@type":"BreadcrumbList","@id":"https:\/\/www.em.com.br\/emfoco\/2025\/11\/24\/como-limpar-a-airfryer-do-jeito-certo-e-sem-riscos-para-durar-muito-mais\/#breadcrumb","itemListElement":[{"@type":"ListItem","position":1,"name":"In\u00edcio","item":"https:\/\/www.em.com.br\/emfoco\/"},{"@type":"ListItem","position":2,"name":"Como limpar a airfryer do jeito certo e sem riscos para durar muito mais"}]},{"@type":"WebSite","@id":"https:\/\/www.em.com.br\/emfoco\/#website","url":"https:\/\/www.em.com.br\/emfoco\/","name":"Estado de Minas - Em foco","description":"Acompanhe as \u00faltimas not\u00edcias e fique bem informado sobre tudo o que acontece em Minas Gerais, Brasil e no mundo.","potentialAction":[{"@type":"SearchAction","target":{"@type":"EntryPoint","urlTemplate":"https:\/\/www.em.com.br\/emfoco\/?s={search_term_string}"},"query-input":{"@type":"PropertyValueSpecification","valueRequired":true,"valueName":"search_term_string"}}],"inLanguage":"pt-BR"},{"@type":"Person","@id":"https:\/\/www.em.com.br\/emfoco\/#\/schema\/person\/1c9ddeab18b98abeffef834667bcf08a","name":"Gabriel Martins","image":{"@type":"ImageObject","inLanguage":"pt-BR","@id":"https:\/\/www.em.com.br\/emfoco\/#\/schema\/person\/image\/","url":"https:\/\/secure.gravatar.com\/avatar\/f0f1e2efdfd88f1ad2cb08c5c2731e50?s=96&d=mm&r=g","contentUrl":"https:\/\/secure.gravatar.com\/avatar\/f0f1e2efdfd88f1ad2cb08c5c2731e50?s=96&d=mm&r=g","caption":"Gabriel Martins"},"sameAs":["https:\/\/www.em.com.br\/emfoco\/"],"url":"https:\/\/www.em.com.br\/emfoco\/author\/gabrielmartinsmyth\/"}]}},"_links":{"self":[{"href":"https:\/\/www.em.com.br\/emfoco\/wp-json\/wp\/v2\/posts\/130513","targetHints":{"allow":["GET"]}}],"collection":[{"href":"https:\/\/www.em.com.br\/emfoco\/wp-json\/wp\/v2\/posts"}],"about":[{"href":"https:\/\/www.em.com.br\/emfoco\/wp-json\/wp\/v2\/types\/post"}],"author":[{"embeddable":true,"href":"https:\/\/www.em.com.br\/emfoco\/wp-json\/wp\/v2\/users\/13"}],"replies":[{"embeddable":true,"href":"https:\/\/www.em.com.br\/emfoco\/wp-json\/wp\/v2\/comments?post=130513"}],"version-history":[{"count":1,"href":"https:\/\/www.em.com.br\/emfoco\/wp-json\/wp\/v2\/posts\/130513\/revisions"}],"predecessor-version":[{"id":130543,"href":"https:\/\/www.em.com.br\/emfoco\/wp-json\/wp\/v2\/posts\/130513\/revisions\/130543"}],"wp:featuredmedia":[{"embeddable":true,"href":"https:\/\/www.em.com.br\/emfoco\/wp-json\/wp\/v2\/media\/130540"}],"wp:attachment":[{"href":"https:\/\/www.em.com.br\/emfoco\/wp-json\/wp\/v2\/media?parent=130513"}],"wp:term":[{"taxonomy":"category","embeddable":true,"href":"https:\/\/www.em.com.br\/emfoco\/wp-json\/wp\/v2\/categories?post=130513"},{"taxonomy":"post_tag","embeddable":true,"href":"https:\/\/www.em.com.br\/emfoco\/wp-json\/wp\/v2\/tags?post=130513"}],"curies":[{"name":"wp","href":"https:\/\/api.w.org\/{rel}","templated":true}]}}