{"id":13050,"date":"2025-02-03T21:00:00","date_gmt":"2025-02-04T00:00:00","guid":{"rendered":"https:\/\/www.em.com.br\/emfoco\/?p=13050"},"modified":"2025-02-01T09:08:06","modified_gmt":"2025-02-01T12:08:06","slug":"tudo-o-que-voce-precisa-saber-sobre-o-novo-ipad-air-m3-da-apple","status":"publish","type":"post","link":"https:\/\/www.em.com.br\/emfoco\/2025\/02\/03\/tudo-o-que-voce-precisa-saber-sobre-o-novo-ipad-air-m3-da-apple\/","title":{"rendered":"Tudo o que voc\u00ea precisa saber sobre o novo iPad Air M3 da Apple!"},"content":{"rendered":"\n<p>A <strong>Apple<\/strong> est\u00e1 se preparando para lan\u00e7ar uma nova vers\u00e3o de seu popular tablet, o <strong><a href=\"https:\/\/www.apple.com\/br\/ipad-air\/\" target=\"_blank\" rel=\"noreferrer noopener\">iPad Air<\/a><\/strong>, agora equipado com o <strong>processador M3<\/strong>. Isso marca uma atualiza\u00e7\u00e3o significativa na linha, mantendo as op\u00e7\u00f5es de tela de 11 e 13 polegadas. Enquanto rumores anteriores sugeriram que o dispositivo poderia receber o<strong> chip M4<\/strong>, a escolha pelo M3 mostra uma clara estrat\u00e9gia de diferencia\u00e7\u00e3o de produtos da Apple.<\/p>\n\n\n\n<p>De acordo com o analista<strong> Evan Blass<\/strong>, a decis\u00e3o de introduzir o M3 no <strong>iPad Air<\/strong> refor\u00e7a a distin\u00e7\u00e3o entre os modelos voltados para o consumidor m\u00e9dio e os mais profissionais, que continuar\u00e3o a ser equipados com o chip M4. Este \u00faltimo permanecer\u00e1 exclusivo para os <strong>iPad Pro<\/strong> e computadores <strong>Mac<\/strong>, consolidando a linha diferenciada de produtos da Apple.<\/p>\n\n\n\n<h2 class=\"wp-block-heading\">Por que o Processador M3 e n\u00e3o o M4?<\/h2>\n\n\n\n<p>A pergunta sobre a escolha do processador M3 em vez do mais recente M4 levanta especula\u00e7\u00f5es sobre a estrat\u00e9gia de mercado da Apple. Ao manter o M4 para dispositivos Pro, a empresa parece estar sustentando um posicionamento que evita a canibaliza\u00e7\u00e3o entre seus produtos. Assim, o iPad Air M3 se posiciona como uma op\u00e7\u00e3o poderosa para quem busca desempenho sem investir em um modelo Pro.<\/p>\n\n\n\n<p>A distin\u00e7\u00e3o entre os produtos \u00e9 uma estrat\u00e9gia comum na Apple. A empresa frequentemente utiliza diferentes especifica\u00e7\u00f5es e faixas de pre\u00e7os para segmentar seus produtos entre consumidores m\u00e9dios e profissionais, garantindo que cada linha atenda a expectativas espec\u00edficas enquanto maximiza suas margens de lucro.<\/p>\n\n\n\n<figure class=\"wp-block-image size-large\"><img loading=\"lazy\" decoding=\"async\" width=\"1024\" height=\"576\" src=\"https:\/\/www.em.com.br\/emfoco\/wp-content\/uploads\/2025\/02\/esse-19-1024x576.jpg\" alt=\"Tudo o que voc\u00ea precisa saber sobre o novo iPad Air M3 da Apple!\" class=\"wp-image-15748\" srcset=\"https:\/\/www.em.com.br\/emfoco\/wp-content\/uploads\/2025\/02\/esse-19-1024x576.jpg 1024w, https:\/\/www.em.com.br\/emfoco\/wp-content\/uploads\/2025\/02\/esse-19-300x169.jpg 300w, https:\/\/www.em.com.br\/emfoco\/wp-content\/uploads\/2025\/02\/esse-19-768x432.jpg 768w, https:\/\/www.em.com.br\/emfoco\/wp-content\/uploads\/2025\/02\/esse-19-750x422.jpg 750w, https:\/\/www.em.com.br\/emfoco\/wp-content\/uploads\/2025\/02\/esse-19-1140x641.jpg 1140w, https:\/\/www.em.com.br\/emfoco\/wp-content\/uploads\/2025\/02\/esse-19.jpg 1280w\" sizes=\"auto, (max-width: 1024px) 100vw, 1024px\" \/><figcaption class=\"wp-element-caption\">Imagem Ilustrativa iPad Air M3 &#8211; Divulga\u00e7\u00e3o Apple<\/figcaption><\/figure>\n\n\n\n<h2 class=\"wp-block-heading\">Qual \u00e9 a estrat\u00e9gia de diferencia\u00e7\u00e3o de produtos da Apple?<\/h2>\n\n\n\n<p>Mais do que uma simples escolha de hardware, a estrat\u00e9gia da Apple envolve um cuidadoso planejamento de marketing e diferencia\u00e7\u00e3o de produtos. Assim, modelos como o <strong>iPhone SE 4<\/strong> s\u00e3o introduzidos para delinear claramente as ofertas de entrada em rela\u00e7\u00e3o \u00e0s linhas principais de <strong><a href=\"https:\/\/www.em.com.br\/emfoco\/2025\/01\/05\/galaxy-s25-ultra-o-que-esperar-do-novo-rei-dos-smartphones\/\" target=\"_blank\" rel=\"noreferrer noopener\">smartphones<\/a><\/strong>, como o aguardado <strong>iPhone 16<\/strong>. Este modelo SE n\u00e3o \u00e9 apenas uma vers\u00e3o reduzida, mas um produto cuidadosamente posicionado no mercado.<\/p>\n\n\n\n<p>Dentro dessa l\u00f3gica, o lan\u00e7amento simult\u00e2neo de um novo iPad b\u00e1sico, apelidado de \u201ciPad 11\u201d, complementa o an\u00fancio do iPad Air M3. A Apple adota uma abordagem cont\u00ednua de atualiza\u00e7\u00e3o em suas linhas, o que j\u00e1 foi antecipado por uma s\u00e9rie de vazamentos que refor\u00e7am seus planos para a moderniza\u00e7\u00e3o dos dispositivos de gama m\u00e9dia.<\/p>\n\n\n\n<h2 class=\"wp-block-heading\">O que esperar do lan\u00e7amento do iPad Air M3?<\/h2>\n\n\n\n<p>O lan\u00e7amento dos novos tablets est\u00e1 previsto para mar\u00e7o, junto com o iPhone SE 4. A expectativa \u00e9 que a introdu\u00e7\u00e3o desses novos modelos seja um marco na atualiza\u00e7\u00e3o da linha intermedi\u00e1ria da Apple, permitindo que a empresa continue a competir fortemente no mercado de dispositivos m\u00f3veis. Embora n\u00e3o esteja confirmado se o an\u00fancio ser\u00e1 por comunicado de imprensa ou evento dedicado, a expectativa \u00e9 alta entre consumidores e analistas.<\/p>\n\n\n\n<p>A atualiza\u00e7\u00e3o do iPad Air representa a aposta da Apple em aliar moderniza\u00e7\u00e3o e performance, sem entrar no territ\u00f3rio dominado pelos modelos Pro. Esses lan\u00e7amentos s\u00e3o fundamentais para manter o iPad Air como um dos fortes competidores no mercado de tablets, oferecendo uma combina\u00e7\u00e3o de acessibilidade e pot\u00eancia.<\/p>\n","protected":false},"excerpt":{"rendered":"<p>A Apple est\u00e1 se preparando para lan\u00e7ar uma nova vers\u00e3o de seu popular tablet, o iPad Air, agora equipado com o processador M3. Isso marca uma atualiza\u00e7\u00e3o significativa na linha, mantendo as op\u00e7\u00f5es de tela de 11 e 13 polegadas. Enquanto rumores anteriores sugeriram que o dispositivo poderia receber o chip M4, a escolha pelo [&hellip;]<\/p>\n","protected":false},"author":5,"featured_media":15749,"comment_status":"open","ping_status":"open","sticky":false,"template":"","format":"standard","meta":{"jnews-multi-image_gallery":[],"jnews_single_post":{"format":"standard"},"jnews_primary_category":[],"jnews_social_meta":[],"jnews_override_counter":[],"footnotes":""},"categories":[29,1],"tags":[3662,4032,4031,3028],"class_list":["post-13050","post","type-post","status-publish","format-standard","has-post-thumbnail","hentry","category-entretenimento","category-noticias","tag-apple","tag-ipad","tag-ipad-air","tag-lancamento"],"yoast_head":"<!-- This site is optimized with the Yoast SEO plugin v23.8 - https:\/\/yoast.com\/wordpress\/plugins\/seo\/ -->\n<title>Tudo o que voc\u00ea precisa saber sobre o novo iPad Air M3 da Apple! - Estado de Minas - Em foco<\/title>\n<meta name=\"description\" content=\"A Apple apresenta o iPad Air M3: um tablet com o poder de um computador, em um design compacto e port\u00e1til.\" \/>\n<meta name=\"robots\" content=\"index, follow, max-snippet:-1, max-image-preview:large, max-video-preview:-1\" \/>\n<link rel=\"canonical\" href=\"https:\/\/www.em.com.br\/emfoco\/2025\/02\/03\/tudo-o-que-voce-precisa-saber-sobre-o-novo-ipad-air-m3-da-apple\/\" \/>\n<meta property=\"og:locale\" content=\"pt_BR\" \/>\n<meta property=\"og:type\" content=\"article\" \/>\n<meta property=\"og:title\" content=\"Tudo o que voc\u00ea precisa saber sobre o novo iPad Air M3 da Apple! - Estado de Minas - Em foco\" \/>\n<meta property=\"og:description\" content=\"A Apple apresenta o iPad Air M3: um tablet com o poder de um computador, em um design compacto e port\u00e1til.\" \/>\n<meta property=\"og:url\" content=\"https:\/\/www.em.com.br\/emfoco\/2025\/02\/03\/tudo-o-que-voce-precisa-saber-sobre-o-novo-ipad-air-m3-da-apple\/\" \/>\n<meta property=\"og:site_name\" content=\"Estado de Minas - Em foco\" \/>\n<meta property=\"article:published_time\" content=\"2025-02-04T00:00:00+00:00\" \/>\n<meta property=\"article:modified_time\" content=\"2025-02-01T12:08:06+00:00\" \/>\n<meta property=\"og:image\" content=\"https:\/\/www.em.com.br\/emfoco\/wp-content\/uploads\/2025\/02\/esse-1-17.jpg\" \/>\n\t<meta property=\"og:image:width\" content=\"1280\" \/>\n\t<meta property=\"og:image:height\" content=\"720\" \/>\n\t<meta property=\"og:image:type\" content=\"image\/jpeg\" \/>\n<meta name=\"author\" content=\"N\u00fabia Rangel\" \/>\n<meta name=\"twitter:card\" content=\"summary_large_image\" \/>\n<meta name=\"twitter:label1\" content=\"Escrito por\" \/>\n\t<meta name=\"twitter:data1\" content=\"N\u00fabia Rangel\" \/>\n\t<meta name=\"twitter:label2\" content=\"Est. tempo de leitura\" \/>\n\t<meta name=\"twitter:data2\" content=\"4 minutos\" \/>\n<!-- \/ Yoast SEO plugin. -->","yoast_head_json":{"title":"Tudo o que voc\u00ea precisa saber sobre o novo iPad Air M3 da Apple! - Estado de Minas - Em foco","description":"A Apple apresenta o iPad Air M3: um tablet com o poder de um computador, em um design compacto e port\u00e1til.","robots":{"index":"index","follow":"follow","max-snippet":"max-snippet:-1","max-image-preview":"max-image-preview:large","max-video-preview":"max-video-preview:-1"},"canonical":"https:\/\/www.em.com.br\/emfoco\/2025\/02\/03\/tudo-o-que-voce-precisa-saber-sobre-o-novo-ipad-air-m3-da-apple\/","og_locale":"pt_BR","og_type":"article","og_title":"Tudo o que voc\u00ea precisa saber sobre o novo iPad Air M3 da Apple! - Estado de Minas - Em foco","og_description":"A Apple apresenta o iPad Air M3: um tablet com o poder de um computador, em um design compacto e port\u00e1til.","og_url":"https:\/\/www.em.com.br\/emfoco\/2025\/02\/03\/tudo-o-que-voce-precisa-saber-sobre-o-novo-ipad-air-m3-da-apple\/","og_site_name":"Estado de Minas - Em foco","article_published_time":"2025-02-04T00:00:00+00:00","article_modified_time":"2025-02-01T12:08:06+00:00","og_image":[{"width":1280,"height":720,"url":"https:\/\/www.em.com.br\/emfoco\/wp-content\/uploads\/2025\/02\/esse-1-17.jpg","type":"image\/jpeg"}],"author":"N\u00fabia Rangel","twitter_card":"summary_large_image","twitter_misc":{"Escrito por":"N\u00fabia Rangel","Est. tempo de leitura":"4 minutos"},"schema":{"@context":"https:\/\/schema.org","@graph":[{"@type":"WebPage","@id":"https:\/\/www.em.com.br\/emfoco\/2025\/02\/03\/tudo-o-que-voce-precisa-saber-sobre-o-novo-ipad-air-m3-da-apple\/","url":"https:\/\/www.em.com.br\/emfoco\/2025\/02\/03\/tudo-o-que-voce-precisa-saber-sobre-o-novo-ipad-air-m3-da-apple\/","name":"Tudo o que voc\u00ea precisa saber sobre o novo iPad Air M3 da Apple! - Estado de Minas - Em foco","isPartOf":{"@id":"https:\/\/www.em.com.br\/emfoco\/#website"},"primaryImageOfPage":{"@id":"https:\/\/www.em.com.br\/emfoco\/2025\/02\/03\/tudo-o-que-voce-precisa-saber-sobre-o-novo-ipad-air-m3-da-apple\/#primaryimage"},"image":{"@id":"https:\/\/www.em.com.br\/emfoco\/2025\/02\/03\/tudo-o-que-voce-precisa-saber-sobre-o-novo-ipad-air-m3-da-apple\/#primaryimage"},"thumbnailUrl":"https:\/\/www.em.com.br\/emfoco\/wp-content\/uploads\/2025\/02\/esse-1-17.jpg","datePublished":"2025-02-04T00:00:00+00:00","dateModified":"2025-02-01T12:08:06+00:00","author":{"@id":"https:\/\/www.em.com.br\/emfoco\/#\/schema\/person\/524437ef54f8a5d32591b143307f2e20"},"description":"A Apple apresenta o iPad Air M3: um tablet com o poder de um computador, em um design compacto e port\u00e1til.","breadcrumb":{"@id":"https:\/\/www.em.com.br\/emfoco\/2025\/02\/03\/tudo-o-que-voce-precisa-saber-sobre-o-novo-ipad-air-m3-da-apple\/#breadcrumb"},"inLanguage":"pt-BR","potentialAction":[{"@type":"ReadAction","target":["https:\/\/www.em.com.br\/emfoco\/2025\/02\/03\/tudo-o-que-voce-precisa-saber-sobre-o-novo-ipad-air-m3-da-apple\/"]}]},{"@type":"ImageObject","inLanguage":"pt-BR","@id":"https:\/\/www.em.com.br\/emfoco\/2025\/02\/03\/tudo-o-que-voce-precisa-saber-sobre-o-novo-ipad-air-m3-da-apple\/#primaryimage","url":"https:\/\/www.em.com.br\/emfoco\/wp-content\/uploads\/2025\/02\/esse-1-17.jpg","contentUrl":"https:\/\/www.em.com.br\/emfoco\/wp-content\/uploads\/2025\/02\/esse-1-17.jpg","width":1280,"height":720,"caption":"Imagem Ilustrativa iPad Air - Divulga\u00e7\u00e3o Apple"},{"@type":"BreadcrumbList","@id":"https:\/\/www.em.com.br\/emfoco\/2025\/02\/03\/tudo-o-que-voce-precisa-saber-sobre-o-novo-ipad-air-m3-da-apple\/#breadcrumb","itemListElement":[{"@type":"ListItem","position":1,"name":"In\u00edcio","item":"https:\/\/www.em.com.br\/emfoco\/"},{"@type":"ListItem","position":2,"name":"Tudo o que voc\u00ea precisa saber sobre o novo iPad Air M3 da Apple!"}]},{"@type":"WebSite","@id":"https:\/\/www.em.com.br\/emfoco\/#website","url":"https:\/\/www.em.com.br\/emfoco\/","name":"Estado de Minas - Em foco","description":"Acompanhe as \u00faltimas not\u00edcias e fique bem informado sobre tudo o que acontece em Minas Gerais, Brasil e no mundo.","potentialAction":[{"@type":"SearchAction","target":{"@type":"EntryPoint","urlTemplate":"https:\/\/www.em.com.br\/emfoco\/?s={search_term_string}"},"query-input":{"@type":"PropertyValueSpecification","valueRequired":true,"valueName":"search_term_string"}}],"inLanguage":"pt-BR"},{"@type":"Person","@id":"https:\/\/www.em.com.br\/emfoco\/#\/schema\/person\/524437ef54f8a5d32591b143307f2e20","name":"N\u00fabia Rangel","image":{"@type":"ImageObject","inLanguage":"pt-BR","@id":"https:\/\/www.em.com.br\/emfoco\/#\/schema\/person\/image\/","url":"https:\/\/secure.gravatar.com\/avatar\/47cff2827a5ba23c37e8068c86817ea4?s=96&d=mm&r=g","contentUrl":"https:\/\/secure.gravatar.com\/avatar\/47cff2827a5ba23c37e8068c86817ea4?s=96&d=mm&r=g","caption":"N\u00fabia Rangel"},"sameAs":["https:\/\/www.em.com.br\/emfoco\/"],"url":"https:\/\/www.em.com.br\/emfoco\/author\/nubiamyth\/"}]}},"_links":{"self":[{"href":"https:\/\/www.em.com.br\/emfoco\/wp-json\/wp\/v2\/posts\/13050","targetHints":{"allow":["GET"]}}],"collection":[{"href":"https:\/\/www.em.com.br\/emfoco\/wp-json\/wp\/v2\/posts"}],"about":[{"href":"https:\/\/www.em.com.br\/emfoco\/wp-json\/wp\/v2\/types\/post"}],"author":[{"embeddable":true,"href":"https:\/\/www.em.com.br\/emfoco\/wp-json\/wp\/v2\/users\/5"}],"replies":[{"embeddable":true,"href":"https:\/\/www.em.com.br\/emfoco\/wp-json\/wp\/v2\/comments?post=13050"}],"version-history":[{"count":3,"href":"https:\/\/www.em.com.br\/emfoco\/wp-json\/wp\/v2\/posts\/13050\/revisions"}],"predecessor-version":[{"id":15750,"href":"https:\/\/www.em.com.br\/emfoco\/wp-json\/wp\/v2\/posts\/13050\/revisions\/15750"}],"wp:featuredmedia":[{"embeddable":true,"href":"https:\/\/www.em.com.br\/emfoco\/wp-json\/wp\/v2\/media\/15749"}],"wp:attachment":[{"href":"https:\/\/www.em.com.br\/emfoco\/wp-json\/wp\/v2\/media?parent=13050"}],"wp:term":[{"taxonomy":"category","embeddable":true,"href":"https:\/\/www.em.com.br\/emfoco\/wp-json\/wp\/v2\/categories?post=13050"},{"taxonomy":"post_tag","embeddable":true,"href":"https:\/\/www.em.com.br\/emfoco\/wp-json\/wp\/v2\/tags?post=13050"}],"curies":[{"name":"wp","href":"https:\/\/api.w.org\/{rel}","templated":true}]}}