{"id":130450,"date":"2025-11-24T06:55:00","date_gmt":"2025-11-24T09:55:00","guid":{"rendered":"https:\/\/www.em.com.br\/emfoco\/?p=130450"},"modified":"2025-11-21T17:05:10","modified_gmt":"2025-11-21T20:05:10","slug":"fim-de-dia-puxado-essa-rotina-de-5-minutos-ajuda-voce-a-se-recompor","status":"publish","type":"post","link":"https:\/\/www.em.com.br\/emfoco\/2025\/11\/24\/fim-de-dia-puxado-essa-rotina-de-5-minutos-ajuda-voce-a-se-recompor\/","title":{"rendered":"Fim de dia puxado? Essa rotina de 5 minutos ajuda voc\u00ea a se recompor"},"content":{"rendered":"\n<p>Recuperar a energia no fim do dia \u00e9 poss\u00edvel com uma rotina curta e acess\u00edvel. Com apenas tr\u00eas exerc\u00edcios simples, voc\u00ea libera tens\u00f5es, melhora a circula\u00e7\u00e3o e ganha novo f\u00f4lego para seguir a noite com mais leveza.<\/p>\n\n\n\n<h2 class=\"wp-block-heading\">Como a respira\u00e7\u00e3o profunda ajuda a retomar a energia?<\/h2>\n\n\n\n<p>A <strong>respira\u00e7\u00e3o diafragm\u00e1tica<\/strong> \u00e9 uma t\u00e9cnica que reduz o estresse acumulado e melhora a oxigena\u00e7\u00e3o. Ao inspirar por quatro segundos, segurar por dois e soltar lentamente, o corpo desacelera e cria sensa\u00e7\u00e3o imediata de al\u00edvio.<\/p>\n\n\n\n<p>Esse exerc\u00edcio pode ser feito sentado ou deitado, sem qualquer <strong><a href=\"https:\/\/vidasaudavel.einstein.br\/atividades-fisicas-em-casa\/\" target=\"_blank\" rel=\"noreferrer noopener\">preparo f\u00edsico<\/a><\/strong>. Em poucos segundos, a pr\u00e1tica diminui tens\u00f5es mentais e prepara o organismo para recuperar a disposi\u00e7\u00e3o, mesmo ap\u00f3s um dia puxado.<\/p>\n\n\n\n<figure class=\"wp-block-image size-large\"><img loading=\"lazy\" decoding=\"async\" width=\"1024\" height=\"576\" src=\"https:\/\/www.em.com.br\/emfoco\/wp-content\/uploads\/2025\/11\/Respiracao-profunda_1763755456906-1024x576.jpg\" alt=\"Fim de dia puxado? Essa rotina de 5 minutos ajuda voc\u00ea a se recompor\" class=\"wp-image-130489\" srcset=\"https:\/\/www.em.com.br\/emfoco\/wp-content\/uploads\/2025\/11\/Respiracao-profunda_1763755456906-1024x576.jpg 1024w, https:\/\/www.em.com.br\/emfoco\/wp-content\/uploads\/2025\/11\/Respiracao-profunda_1763755456906-300x169.jpg 300w, https:\/\/www.em.com.br\/emfoco\/wp-content\/uploads\/2025\/11\/Respiracao-profunda_1763755456906-768x432.jpg 768w, https:\/\/www.em.com.br\/emfoco\/wp-content\/uploads\/2025\/11\/Respiracao-profunda_1763755456906-750x422.jpg 750w, https:\/\/www.em.com.br\/emfoco\/wp-content\/uploads\/2025\/11\/Respiracao-profunda_1763755456906-1140x641.jpg 1140w, https:\/\/www.em.com.br\/emfoco\/wp-content\/uploads\/2025\/11\/Respiracao-profunda_1763755456906.jpg 1280w\" sizes=\"auto, (max-width: 1024px) 100vw, 1024px\" \/><figcaption class=\"wp-element-caption\">Respirar conscientemente ajuda a recuperar disposi\u00e7\u00e3o ap\u00f3s um dia puxado &#8211; Cr\u00e9ditos: depositphotos.com \/ brizmaker<\/figcaption><\/figure>\n\n\n\n<p><em>Leia mais: <strong><a href=\"https:\/\/www.em.com.br\/emfoco\/2025\/11\/19\/exercicios-rapidos-em-casa-que-deixam-o-abdomen-mais-rigido-e-a-cintura-mais-fina\/\" target=\"_blank\" rel=\"noreferrer noopener\">Exerc\u00edcios r\u00e1pidos em casa que deixam o abd\u00f4men mais r\u00edgido e a cintura mais fina<\/a><\/strong><\/em><\/p>\n\n\n\n<h2 class=\"wp-block-heading\">Quais movimentos simples aliviam as tens\u00f5es acumuladas?<\/h2>\n\n\n\n<p>O alongamento da <strong>cadeia posterior<\/strong> \u00e9 um dos mais eficientes para quem chega cansado. Para facilitar a execu\u00e7\u00e3o, voc\u00ea pode seguir alguns passos simples que tornam o movimento mais seguro e eficaz.<\/p>\n\n\n\n<ul class=\"wp-block-list\">\n<li>Flexione o tronco para frente de forma lenta<\/li>\n\n\n\n<li>Mantenha a posi\u00e7\u00e3o por 20 a 30 segundos<\/li>\n\n\n\n<li>Sinta o al\u00edvio gradual na lombar e nas pernas<\/li>\n<\/ul>\n\n\n\n<h2 class=\"wp-block-heading\">Por que movimentos de mobilidade melhoram a circula\u00e7\u00e3o?<\/h2>\n\n\n\n<p>A mobilidade leve, como rota\u00e7\u00f5es de ombro e pesco\u00e7o, ativa a <strong>circula\u00e7\u00e3o<\/strong> e reduz a rigidez acumulada durante o dia. S\u00e3o movimentos f\u00e1ceis que despertam o corpo sem exigir esfor\u00e7o.<\/p>\n\n\n\n<p>A postura do <strong>gato-vaca<\/strong> tamb\u00e9m solta a regi\u00e3o das costas e melhora a fluidez dos movimentos. Em menos de cinco minutos, essa combina\u00e7\u00e3o j\u00e1 traz leveza e melhora no conforto corporal.<\/p>\n\n\n\n<figure class=\"wp-block-image size-large\"><img loading=\"lazy\" decoding=\"async\" width=\"1024\" height=\"576\" src=\"https:\/\/www.em.com.br\/emfoco\/wp-content\/uploads\/2025\/11\/Alongando-pescoco_1763755489666-1024x576.jpg\" alt=\"Fim de dia puxado? Essa rotina de 5 minutos ajuda voc\u00ea a se recompor\" class=\"wp-image-130490\" srcset=\"https:\/\/www.em.com.br\/emfoco\/wp-content\/uploads\/2025\/11\/Alongando-pescoco_1763755489666-1024x576.jpg 1024w, https:\/\/www.em.com.br\/emfoco\/wp-content\/uploads\/2025\/11\/Alongando-pescoco_1763755489666-300x169.jpg 300w, https:\/\/www.em.com.br\/emfoco\/wp-content\/uploads\/2025\/11\/Alongando-pescoco_1763755489666-768x432.jpg 768w, https:\/\/www.em.com.br\/emfoco\/wp-content\/uploads\/2025\/11\/Alongando-pescoco_1763755489666-750x422.jpg 750w, https:\/\/www.em.com.br\/emfoco\/wp-content\/uploads\/2025\/11\/Alongando-pescoco_1763755489666-1140x641.jpg 1140w, https:\/\/www.em.com.br\/emfoco\/wp-content\/uploads\/2025\/11\/Alongando-pescoco_1763755489666.jpg 1280w\" sizes=\"auto, (max-width: 1024px) 100vw, 1024px\" \/><figcaption class=\"wp-element-caption\">Movimentos no pesco\u00e7o reduzem tens\u00e3o acumulada ao longo do dia &#8211; Cr\u00e9ditos: depositphotos.com \/ bertys30<\/figcaption><\/figure>\n\n\n\n<h2 class=\"wp-block-heading\">Quais dicas tornam essa rotina ainda mais eficiente?<\/h2>\n\n\n\n<p>Como esses tr\u00eas exerc\u00edcios n\u00e3o exigem for\u00e7a nem condicionamento, eles s\u00e3o ideais para quem sente o corpo travado ao final do dia. Para facilitar a pr\u00e1tica di\u00e1ria, algumas orienta\u00e7\u00f5es podem potencializar os resultados.<\/p>\n\n\n\n<ul class=\"wp-block-list\">\n<li>Mantenha o ritmo lento para ampliar o relaxamento<\/li>\n\n\n\n<li>Use a respira\u00e7\u00e3o profunda durante toda a sequ\u00eancia<\/li>\n\n\n\n<li>Pratique diariamente para sentir efeitos crescentes<\/li>\n<\/ul>\n","protected":false},"excerpt":{"rendered":"<p>Recuperar a energia no fim do dia \u00e9 poss\u00edvel com uma rotina curta e acess\u00edvel. Com apenas tr\u00eas exerc\u00edcios simples, voc\u00ea libera tens\u00f5es, melhora a circula\u00e7\u00e3o e ganha novo f\u00f4lego para seguir a noite com mais leveza. Como a respira\u00e7\u00e3o profunda ajuda a retomar a energia? A respira\u00e7\u00e3o diafragm\u00e1tica \u00e9 uma t\u00e9cnica que reduz o [&hellip;]<\/p>\n","protected":false},"author":13,"featured_media":130488,"comment_status":"open","ping_status":"open","sticky":false,"template":"","format":"standard","meta":{"jnews-multi-image_gallery":[],"jnews_single_post":{"format":"standard"},"jnews_primary_category":[],"jnews_social_meta":[],"jnews_override_counter":[],"footnotes":""},"categories":[9053],"tags":[10141,4874,19155],"class_list":["post-130450","post","type-post","status-publish","format-standard","has-post-thumbnail","hentry","category-saude","tag-disposicao","tag-exercicios-fisicos","tag-preparo-fisico"],"yoast_head":"<!-- This site is optimized with the Yoast SEO plugin v23.8 - https:\/\/yoast.com\/wordpress\/plugins\/seo\/ -->\n<title>Fim de dia puxado? Essa rotina de 5 minutos ajuda voc\u00ea a se recompor - Estado de Minas - Em foco<\/title>\n<meta name=\"description\" content=\"Cansa\u00e7o acumulado e corpo travado? Respira\u00e7\u00e3o profunda e movimentos leves ajudam a recuperar energia antes do sono. Veja como fazer.\" \/>\n<meta name=\"robots\" content=\"index, follow, max-snippet:-1, max-image-preview:large, max-video-preview:-1\" \/>\n<link rel=\"canonical\" href=\"https:\/\/www.em.com.br\/emfoco\/2025\/11\/24\/fim-de-dia-puxado-essa-rotina-de-5-minutos-ajuda-voce-a-se-recompor\/\" \/>\n<meta property=\"og:locale\" content=\"pt_BR\" \/>\n<meta property=\"og:type\" content=\"article\" \/>\n<meta property=\"og:title\" content=\"Fim de dia puxado? Essa rotina de 5 minutos ajuda voc\u00ea a se recompor - Estado de Minas - Em foco\" \/>\n<meta property=\"og:description\" content=\"Cansa\u00e7o acumulado e corpo travado? Respira\u00e7\u00e3o profunda e movimentos leves ajudam a recuperar energia antes do sono. Veja como fazer.\" \/>\n<meta property=\"og:url\" content=\"https:\/\/www.em.com.br\/emfoco\/2025\/11\/24\/fim-de-dia-puxado-essa-rotina-de-5-minutos-ajuda-voce-a-se-recompor\/\" \/>\n<meta property=\"og:site_name\" content=\"Estado de Minas - Em foco\" \/>\n<meta property=\"article:published_time\" content=\"2025-11-24T09:55:00+00:00\" \/>\n<meta property=\"article:modified_time\" content=\"2025-11-21T20:05:10+00:00\" \/>\n<meta property=\"og:image\" content=\"https:\/\/www.em.com.br\/emfoco\/wp-content\/uploads\/2025\/11\/Cansaco_1763755429093.jpg\" \/>\n\t<meta property=\"og:image:width\" content=\"1280\" \/>\n\t<meta property=\"og:image:height\" content=\"720\" \/>\n\t<meta property=\"og:image:type\" content=\"image\/jpeg\" \/>\n<meta name=\"author\" content=\"Gabriel Martins\" \/>\n<meta name=\"twitter:card\" content=\"summary_large_image\" \/>\n<meta name=\"twitter:label1\" content=\"Escrito por\" \/>\n\t<meta name=\"twitter:data1\" content=\"Gabriel Martins\" \/>\n\t<meta name=\"twitter:label2\" content=\"Est. tempo de leitura\" \/>\n\t<meta name=\"twitter:data2\" content=\"3 minutos\" \/>\n<!-- \/ Yoast SEO plugin. -->","yoast_head_json":{"title":"Fim de dia puxado? Essa rotina de 5 minutos ajuda voc\u00ea a se recompor - Estado de Minas - Em foco","description":"Cansa\u00e7o acumulado e corpo travado? Respira\u00e7\u00e3o profunda e movimentos leves ajudam a recuperar energia antes do sono. Veja como fazer.","robots":{"index":"index","follow":"follow","max-snippet":"max-snippet:-1","max-image-preview":"max-image-preview:large","max-video-preview":"max-video-preview:-1"},"canonical":"https:\/\/www.em.com.br\/emfoco\/2025\/11\/24\/fim-de-dia-puxado-essa-rotina-de-5-minutos-ajuda-voce-a-se-recompor\/","og_locale":"pt_BR","og_type":"article","og_title":"Fim de dia puxado? Essa rotina de 5 minutos ajuda voc\u00ea a se recompor - Estado de Minas - Em foco","og_description":"Cansa\u00e7o acumulado e corpo travado? Respira\u00e7\u00e3o profunda e movimentos leves ajudam a recuperar energia antes do sono. Veja como fazer.","og_url":"https:\/\/www.em.com.br\/emfoco\/2025\/11\/24\/fim-de-dia-puxado-essa-rotina-de-5-minutos-ajuda-voce-a-se-recompor\/","og_site_name":"Estado de Minas - Em foco","article_published_time":"2025-11-24T09:55:00+00:00","article_modified_time":"2025-11-21T20:05:10+00:00","og_image":[{"width":1280,"height":720,"url":"https:\/\/www.em.com.br\/emfoco\/wp-content\/uploads\/2025\/11\/Cansaco_1763755429093.jpg","type":"image\/jpeg"}],"author":"Gabriel Martins","twitter_card":"summary_large_image","twitter_misc":{"Escrito por":"Gabriel Martins","Est. tempo de leitura":"3 minutos"},"schema":{"@context":"https:\/\/schema.org","@graph":[{"@type":"WebPage","@id":"https:\/\/www.em.com.br\/emfoco\/2025\/11\/24\/fim-de-dia-puxado-essa-rotina-de-5-minutos-ajuda-voce-a-se-recompor\/","url":"https:\/\/www.em.com.br\/emfoco\/2025\/11\/24\/fim-de-dia-puxado-essa-rotina-de-5-minutos-ajuda-voce-a-se-recompor\/","name":"Fim de dia puxado? Essa rotina de 5 minutos ajuda voc\u00ea a se recompor - Estado de Minas - Em foco","isPartOf":{"@id":"https:\/\/www.em.com.br\/emfoco\/#website"},"primaryImageOfPage":{"@id":"https:\/\/www.em.com.br\/emfoco\/2025\/11\/24\/fim-de-dia-puxado-essa-rotina-de-5-minutos-ajuda-voce-a-se-recompor\/#primaryimage"},"image":{"@id":"https:\/\/www.em.com.br\/emfoco\/2025\/11\/24\/fim-de-dia-puxado-essa-rotina-de-5-minutos-ajuda-voce-a-se-recompor\/#primaryimage"},"thumbnailUrl":"https:\/\/www.em.com.br\/emfoco\/wp-content\/uploads\/2025\/11\/Cansaco_1763755429093.jpg","datePublished":"2025-11-24T09:55:00+00:00","dateModified":"2025-11-21T20:05:10+00:00","author":{"@id":"https:\/\/www.em.com.br\/emfoco\/#\/schema\/person\/1c9ddeab18b98abeffef834667bcf08a"},"description":"Cansa\u00e7o acumulado e corpo travado? Respira\u00e7\u00e3o profunda e movimentos leves ajudam a recuperar energia antes do sono. Veja como fazer.","breadcrumb":{"@id":"https:\/\/www.em.com.br\/emfoco\/2025\/11\/24\/fim-de-dia-puxado-essa-rotina-de-5-minutos-ajuda-voce-a-se-recompor\/#breadcrumb"},"inLanguage":"pt-BR","potentialAction":[{"@type":"ReadAction","target":["https:\/\/www.em.com.br\/emfoco\/2025\/11\/24\/fim-de-dia-puxado-essa-rotina-de-5-minutos-ajuda-voce-a-se-recompor\/"]}]},{"@type":"ImageObject","inLanguage":"pt-BR","@id":"https:\/\/www.em.com.br\/emfoco\/2025\/11\/24\/fim-de-dia-puxado-essa-rotina-de-5-minutos-ajuda-voce-a-se-recompor\/#primaryimage","url":"https:\/\/www.em.com.br\/emfoco\/wp-content\/uploads\/2025\/11\/Cansaco_1763755429093.jpg","contentUrl":"https:\/\/www.em.com.br\/emfoco\/wp-content\/uploads\/2025\/11\/Cansaco_1763755429093.jpg","width":1280,"height":720,"caption":"A respira\u00e7\u00e3o profunda acalma o corpo rapidamente e restaura energia mental - Cr\u00e9ditos: depositphotos.com \/ pressmaster"},{"@type":"BreadcrumbList","@id":"https:\/\/www.em.com.br\/emfoco\/2025\/11\/24\/fim-de-dia-puxado-essa-rotina-de-5-minutos-ajuda-voce-a-se-recompor\/#breadcrumb","itemListElement":[{"@type":"ListItem","position":1,"name":"In\u00edcio","item":"https:\/\/www.em.com.br\/emfoco\/"},{"@type":"ListItem","position":2,"name":"Fim de dia puxado? Essa rotina de 5 minutos ajuda voc\u00ea a se recompor"}]},{"@type":"WebSite","@id":"https:\/\/www.em.com.br\/emfoco\/#website","url":"https:\/\/www.em.com.br\/emfoco\/","name":"Estado de Minas - Em foco","description":"Acompanhe as \u00faltimas not\u00edcias e fique bem informado sobre tudo o que acontece em Minas Gerais, Brasil e no mundo.","potentialAction":[{"@type":"SearchAction","target":{"@type":"EntryPoint","urlTemplate":"https:\/\/www.em.com.br\/emfoco\/?s={search_term_string}"},"query-input":{"@type":"PropertyValueSpecification","valueRequired":true,"valueName":"search_term_string"}}],"inLanguage":"pt-BR"},{"@type":"Person","@id":"https:\/\/www.em.com.br\/emfoco\/#\/schema\/person\/1c9ddeab18b98abeffef834667bcf08a","name":"Gabriel Martins","image":{"@type":"ImageObject","inLanguage":"pt-BR","@id":"https:\/\/www.em.com.br\/emfoco\/#\/schema\/person\/image\/","url":"https:\/\/secure.gravatar.com\/avatar\/f0f1e2efdfd88f1ad2cb08c5c2731e50?s=96&d=mm&r=g","contentUrl":"https:\/\/secure.gravatar.com\/avatar\/f0f1e2efdfd88f1ad2cb08c5c2731e50?s=96&d=mm&r=g","caption":"Gabriel Martins"},"sameAs":["https:\/\/www.em.com.br\/emfoco\/"],"url":"https:\/\/www.em.com.br\/emfoco\/author\/gabrielmartinsmyth\/"}]}},"_links":{"self":[{"href":"https:\/\/www.em.com.br\/emfoco\/wp-json\/wp\/v2\/posts\/130450","targetHints":{"allow":["GET"]}}],"collection":[{"href":"https:\/\/www.em.com.br\/emfoco\/wp-json\/wp\/v2\/posts"}],"about":[{"href":"https:\/\/www.em.com.br\/emfoco\/wp-json\/wp\/v2\/types\/post"}],"author":[{"embeddable":true,"href":"https:\/\/www.em.com.br\/emfoco\/wp-json\/wp\/v2\/users\/13"}],"replies":[{"embeddable":true,"href":"https:\/\/www.em.com.br\/emfoco\/wp-json\/wp\/v2\/comments?post=130450"}],"version-history":[{"count":1,"href":"https:\/\/www.em.com.br\/emfoco\/wp-json\/wp\/v2\/posts\/130450\/revisions"}],"predecessor-version":[{"id":130491,"href":"https:\/\/www.em.com.br\/emfoco\/wp-json\/wp\/v2\/posts\/130450\/revisions\/130491"}],"wp:featuredmedia":[{"embeddable":true,"href":"https:\/\/www.em.com.br\/emfoco\/wp-json\/wp\/v2\/media\/130488"}],"wp:attachment":[{"href":"https:\/\/www.em.com.br\/emfoco\/wp-json\/wp\/v2\/media?parent=130450"}],"wp:term":[{"taxonomy":"category","embeddable":true,"href":"https:\/\/www.em.com.br\/emfoco\/wp-json\/wp\/v2\/categories?post=130450"},{"taxonomy":"post_tag","embeddable":true,"href":"https:\/\/www.em.com.br\/emfoco\/wp-json\/wp\/v2\/tags?post=130450"}],"curies":[{"name":"wp","href":"https:\/\/api.w.org\/{rel}","templated":true}]}}