{"id":130433,"date":"2025-11-22T12:55:21","date_gmt":"2025-11-22T15:55:21","guid":{"rendered":"https:\/\/www.em.com.br\/emfoco\/?p=130433"},"modified":"2025-11-21T16:01:13","modified_gmt":"2025-11-21T19:01:13","slug":"os-penteados-que-vao-dominar-a-cabeca-das-mulheres-em-2025-e-nunca-saem-de-moda","status":"publish","type":"post","link":"https:\/\/www.em.com.br\/emfoco\/2025\/11\/22\/os-penteados-que-vao-dominar-a-cabeca-das-mulheres-em-2025-e-nunca-saem-de-moda\/","title":{"rendered":"Os penteados que v\u00e3o dominar a cabe\u00e7a das mulheres em 2025 e nunca saem de moda"},"content":{"rendered":"\n<p>A moda dos cabelos \u00e9 uma forma poderosa de se expressar. Penteados como as <b>coletas laterais<\/b> ou mo\u00f1os cl\u00e1ssicos se mant\u00eam atuais porque s\u00e3o simples, sofisticados e sempre adapt\u00e1veis a qualquer proposta de look.<\/p>\n\n\n\n<p>Outro cl\u00e1ssico que nunca sai de cena s\u00e3o as <b>tran\u00e7as volumosas<\/b>, sin\u00f4nimo de versatilidade e charme. Para dias em que o cabelo precisa de controle, o efeito wet segue favorito pela praticidade e toque moderno que oferece rapidamente.<\/p>\n\n\n\n<h2 class=\"wp-block-heading\">Veja os 10 penteados atemporais e tend\u00eancias em alta para 2025<\/h2>\n\n\n\n<p>Selecionamos uma lista especial com 10 penteados que unem charme, eleg\u00e2ncia e versatilidade, ideais para qualquer tipo de cabelo e ocasi\u00e3o ao longo de <b>2025<\/b>.<\/p>\n\n\n\n<ul class=\"wp-block-list\">\n<li><b>Coque lateral<\/b><\/li>\n<\/ul>\n\n\n\n<iframe loading=\"lazy\" src=\"https:\/\/assets.pinterest.com\/ext\/embed.html?id=294493263134307457\" height=\"505\" width=\"345\" frameborder=\"0\" scrolling=\"no\" ><\/iframe>\n\n\n\n<ul class=\"wp-block-list\">\n<li>Coque baixo cl\u00e1ssico<\/li>\n<\/ul>\n\n\n\n<iframe loading=\"lazy\" src=\"https:\/\/assets.pinterest.com\/ext\/embed.html?id=36732553207170496\" height=\"503\" width=\"345\" frameborder=\"0\" scrolling=\"no\" ><\/iframe>\n\n\n\n<ul class=\"wp-block-list\">\n<li>Tran\u00e7as volumosas<\/li>\n<\/ul>\n\n\n\n<iframe loading=\"lazy\" src=\"https:\/\/assets.pinterest.com\/ext\/embed.html?id=140806233227694\" height=\"714\" width=\"345\" frameborder=\"0\" scrolling=\"no\" ><\/iframe>\n\n\n\n<ul class=\"wp-block-list\">\n<li>Efeito molhado<\/li>\n<\/ul>\n\n\n\n<iframe loading=\"lazy\" src=\"https:\/\/assets.pinterest.com\/ext\/embed.html?id=43769427621525299\" height=\"606\" width=\"345\" frameborder=\"0\" scrolling=\"no\" ><\/iframe>\n\n\n\n<ul class=\"wp-block-list\">\n<li>coque aberto<\/li>\n<\/ul>\n\n\n\n<iframe loading=\"lazy\" src=\"https:\/\/assets.pinterest.com\/ext\/embed.html?id=1759287348824821\" height=\"714\" width=\"345\" frameborder=\"0\" scrolling=\"no\" ><\/iframe>\n\n\n\n<ul class=\"wp-block-list\">\n<li>Coque alto estilizado<\/li>\n<\/ul>\n\n\n\n<iframe loading=\"lazy\" src=\"https:\/\/assets.pinterest.com\/ext\/embed.html?id=422281212006359\" height=\"714\" width=\"345\" frameborder=\"0\" scrolling=\"no\" ><\/iframe>\n\n\n\n<ul class=\"wp-block-list\">\n<li>Tran\u00e7a &#8216;bubble&#8217;<\/li>\n<\/ul>\n\n\n\n<iframe loading=\"lazy\" src=\"https:\/\/assets.pinterest.com\/ext\/embed.html?id=905716175043310562\" height=\"634\" width=\"345\" frameborder=\"0\" scrolling=\"no\" ><\/iframe>\n\n\n\n<ul class=\"wp-block-list\">\n<li>Semi-coque<\/li>\n<\/ul>\n\n\n\n<iframe loading=\"lazy\" src=\"https:\/\/assets.pinterest.com\/ext\/embed.html?id=12596073953615005\" height=\"479\" width=\"345\" frameborder=\"0\" scrolling=\"no\" ><\/iframe>\n\n\n\n<ul class=\"wp-block-list\">\n<li>Ondas ladeadas<\/li>\n<\/ul>\n\n\n\n<iframe loading=\"lazy\" src=\"https:\/\/assets.pinterest.com\/ext\/embed.html?id=95420085852387214\" height=\"618\" width=\"345\" frameborder=\"0\" scrolling=\"no\" ><\/iframe>\n\n\n\n<ul class=\"wp-block-list\">\n<li>Rabo de cavalo com n\u00f3s<\/li>\n<\/ul>\n\n\n\n<iframe loading=\"lazy\" src=\"https:\/\/assets.pinterest.com\/ext\/embed.html?id=985231164652342\" height=\"560\" width=\"345\" frameborder=\"0\" scrolling=\"no\" ><\/iframe>\n\n\n\n<h2 class=\"wp-block-heading\">Saiba quais s\u00e3o os penteados mais procurados em 2025<\/h2>\n\n\n\n<p>Em <b>2025<\/b>, estilos como a coleta aberta lideram o ranking de favoritos, trazendo leveza e movimento ao visual. Da mesma forma, mo\u00f1os altos e baixos, customiz\u00e1veis com acess\u00f3rios ou mechas soltas, surpreendem como op\u00e7\u00f5es vers\u00e1teis e atuais entre fashionistas e <b>celebridades<\/b>. A inova\u00e7\u00e3o aparece tamb\u00e9m nas tran\u00e7as e torcidos, que s\u00e3o recriados em estilos tradicionais para se alinhar \u00e0 modernidade.<\/p>\n\n\n\n<h2 class=\"wp-block-heading\">Como criar penteados incr\u00edveis sem complica\u00e7\u00f5es<\/h2>\n\n\n\n<p>Para conseguir visuais marcantes com facilidade, o <b>semi-coque<\/b> est\u00e1 entre as melhores apostas. Ele proporciona um toque moderno e descomplicado, al\u00e9m de poder ser incrementado facilmente com acess\u00f3rios como tiaras ou scrunchies.<\/p>\n\n\n\n<p>Al\u00e9m disso, ondas ladeadas s\u00e3o uma excelente estrat\u00e9gia para adicionar <b>glamour<\/b> ao look cotidiano. Basta finalizar com um pouco de spray fixador para manter a textura dos cachos por longas horas.<\/p>\n\n\n<div class=\"wp-block-image\">\n<figure class=\"aligncenter size-large\"><img loading=\"lazy\" decoding=\"async\" width=\"1024\" height=\"576\" src=\"https:\/\/www.em.com.br\/emfoco\/wp-content\/uploads\/2025\/07\/Taylor-Swift_1751473699528-1024x576.jpg\" alt=\"A tend\u00eancia de bolsas que Taylor Swift antecipou antes de todo mundo\" class=\"wp-image-70366\" srcset=\"https:\/\/www.em.com.br\/emfoco\/wp-content\/uploads\/2025\/07\/Taylor-Swift_1751473699528-1024x576.jpg 1024w, https:\/\/www.em.com.br\/emfoco\/wp-content\/uploads\/2025\/07\/Taylor-Swift_1751473699528-300x169.jpg 300w, https:\/\/www.em.com.br\/emfoco\/wp-content\/uploads\/2025\/07\/Taylor-Swift_1751473699528-768x432.jpg 768w, https:\/\/www.em.com.br\/emfoco\/wp-content\/uploads\/2025\/07\/Taylor-Swift_1751473699528-750x422.jpg 750w, https:\/\/www.em.com.br\/emfoco\/wp-content\/uploads\/2025\/07\/Taylor-Swift_1751473699528-1140x641.jpg 1140w, https:\/\/www.em.com.br\/emfoco\/wp-content\/uploads\/2025\/07\/Taylor-Swift_1751473699528.jpg 1280w\" sizes=\"auto, (max-width: 1024px) 100vw, 1024px\" \/><figcaption class=\"wp-element-caption\">Celebridades continuam ditando tend\u00eancias quando o assunto \u00e9 cabelo  &#8211; Cr\u00e9ditos: depositphotos.com \/ Image Press Agency<\/figcaption><\/figure><\/div>\n\n\n<p>Leia tamb\u00e9m:&nbsp;<a href=\"https:\/\/www.em.com.br\/emfoco\/2025\/11\/21\/10-ideias-de-penteados-para-brilhar-nas-festas-de-natal-e-ano-novo\/\" target=\"_blank\" rel=\"noopener\">10 ideias de penteados para brilhar nas festas de Natal e Ano Novo<\/a><\/p>\n\n\n\n<h2 class=\"wp-block-heading\">Os penteados das celebridades influenciam os estilos do dia a dia<\/h2>\n\n\n\n<p><b>Celebridades<\/b> continuam ditando tend\u00eancias quando o assunto \u00e9 cabelo. Muitas vezes, penteados usados em tapetes vermelhos viram refer\u00eancia para quem busca um visual cl\u00e1ssico, como os cabelos longos e polidos de \u00edcones atuais.<\/p>\n\n\n\n<p>Recentemente, o n\u00f3 em coletas ganhou for\u00e7a ao ser adotado por fashionistas e influenciadores. Apesar de simples, ele demonstra que detalhes minimalistas podem transformar totalmente o estilo do dia a dia, influenciando tamb\u00e9m as passarelas internacionais como as de <b>Paris<\/b> e Mil\u00e3o.<\/p>\n\n\n\n<h2 class=\"wp-block-heading\">Penteados estilizados podem facilitar a rotina de beleza<\/h2>\n\n\n\n<p>O uso de penteados elegantes \u00e9 s\u00edmbolo de autoconfian\u00e7a para muitas pessoas. O mo\u00f1o semi-recogido com leve \u201c<a href=\"https:\/\/br.pinterest.com\/search\/pins\/?q=messy&amp;rs=typed\" target=\"_blank\" rel=\"noreferrer noopener\">messy<\/a>\u201d \u00e9 pr\u00e1tico, f\u00e1cil de adaptar a diferentes contextos e perfeito para quem aprecia um visual moderno sem esfor\u00e7o.<\/p>\n\n\n\n<p>Quem busca inova\u00e7\u00e3o pode apostar em acess\u00f3rios, como <b>p\u00e9rolas<\/b> ou presilhas brilhantes. Esse tipo de adorno mostra como as tend\u00eancias de cabelo evoluem constantemente, acompanhando a criatividade e as necessidades do p\u00fablico atual.<\/p>\n","protected":false},"excerpt":{"rendered":"<p>A moda dos cabelos \u00e9 uma forma poderosa de se expressar. Penteados como as coletas laterais ou mo\u00f1os cl\u00e1ssicos se mant\u00eam atuais porque s\u00e3o simples, sofisticados e sempre adapt\u00e1veis a qualquer proposta de look. Outro cl\u00e1ssico que nunca sai de cena s\u00e3o as tran\u00e7as volumosas, sin\u00f4nimo de versatilidade e charme. Para dias em que o [&hellip;]<\/p>\n","protected":false},"author":9,"featured_media":125252,"comment_status":"open","ping_status":"open","sticky":false,"template":"","format":"standard","meta":{"jnews-multi-image_gallery":[],"jnews_single_post":{"format":"standard"},"jnews_primary_category":[],"jnews_social_meta":[],"jnews_override_counter":[],"footnotes":""},"categories":[8691,8819,1],"tags":[2616,4906,8078],"class_list":["post-130433","post","type-post","status-publish","format-standard","has-post-thumbnail","hentry","category-bem-estar","category-curiosidades","category-noticias","tag-beleza","tag-corte-de-cabelo","tag-penteado"],"yoast_head":"<!-- This site is optimized with the Yoast SEO plugin v23.8 - https:\/\/yoast.com\/wordpress\/plugins\/seo\/ -->\n<title>Os penteados que v\u00e3o dominar a cabe\u00e7a das mulheres em 2025 e nunca saem de moda - Estado de Minas - Em foco<\/title>\n<meta name=\"description\" content=\"A franja renova o visual e valoriza os tra\u00e7os. Descubra o estilo ideal para seu formato de rosto e veja inspira\u00e7\u00f5es modernas.\" \/>\n<meta name=\"robots\" content=\"index, follow, max-snippet:-1, max-image-preview:large, max-video-preview:-1\" \/>\n<link rel=\"canonical\" href=\"https:\/\/www.em.com.br\/emfoco\/2025\/11\/22\/os-penteados-que-vao-dominar-a-cabeca-das-mulheres-em-2025-e-nunca-saem-de-moda\/\" \/>\n<meta property=\"og:locale\" content=\"pt_BR\" \/>\n<meta property=\"og:type\" content=\"article\" \/>\n<meta property=\"og:title\" content=\"Os penteados que v\u00e3o dominar a cabe\u00e7a das mulheres em 2025 e nunca saem de moda - Estado de Minas - Em foco\" \/>\n<meta property=\"og:description\" content=\"A franja renova o visual e valoriza os tra\u00e7os. Descubra o estilo ideal para seu formato de rosto e veja inspira\u00e7\u00f5es modernas.\" \/>\n<meta property=\"og:url\" content=\"https:\/\/www.em.com.br\/emfoco\/2025\/11\/22\/os-penteados-que-vao-dominar-a-cabeca-das-mulheres-em-2025-e-nunca-saem-de-moda\/\" \/>\n<meta property=\"og:site_name\" content=\"Estado de Minas - Em foco\" \/>\n<meta property=\"article:published_time\" content=\"2025-11-22T15:55:21+00:00\" \/>\n<meta property=\"article:modified_time\" content=\"2025-11-21T19:01:13+00:00\" \/>\n<meta property=\"og:image\" content=\"https:\/\/www.em.com.br\/emfoco\/wp-content\/uploads\/2025\/11\/Design-sem-nome-63.png\" \/>\n\t<meta property=\"og:image:width\" content=\"1280\" \/>\n\t<meta property=\"og:image:height\" content=\"720\" \/>\n\t<meta property=\"og:image:type\" content=\"image\/png\" \/>\n<meta name=\"author\" content=\"Daniely Cardoso\" \/>\n<meta name=\"twitter:card\" content=\"summary_large_image\" \/>\n<meta name=\"twitter:label1\" content=\"Escrito por\" \/>\n\t<meta name=\"twitter:data1\" content=\"Daniely Cardoso\" \/>\n\t<meta name=\"twitter:label2\" content=\"Est. tempo de leitura\" \/>\n\t<meta name=\"twitter:data2\" content=\"3 minutos\" \/>\n<!-- \/ Yoast SEO plugin. -->","yoast_head_json":{"title":"Os penteados que v\u00e3o dominar a cabe\u00e7a das mulheres em 2025 e nunca saem de moda - Estado de Minas - Em foco","description":"A franja renova o visual e valoriza os tra\u00e7os. Descubra o estilo ideal para seu formato de rosto e veja inspira\u00e7\u00f5es modernas.","robots":{"index":"index","follow":"follow","max-snippet":"max-snippet:-1","max-image-preview":"max-image-preview:large","max-video-preview":"max-video-preview:-1"},"canonical":"https:\/\/www.em.com.br\/emfoco\/2025\/11\/22\/os-penteados-que-vao-dominar-a-cabeca-das-mulheres-em-2025-e-nunca-saem-de-moda\/","og_locale":"pt_BR","og_type":"article","og_title":"Os penteados que v\u00e3o dominar a cabe\u00e7a das mulheres em 2025 e nunca saem de moda - Estado de Minas - Em foco","og_description":"A franja renova o visual e valoriza os tra\u00e7os. Descubra o estilo ideal para seu formato de rosto e veja inspira\u00e7\u00f5es modernas.","og_url":"https:\/\/www.em.com.br\/emfoco\/2025\/11\/22\/os-penteados-que-vao-dominar-a-cabeca-das-mulheres-em-2025-e-nunca-saem-de-moda\/","og_site_name":"Estado de Minas - Em foco","article_published_time":"2025-11-22T15:55:21+00:00","article_modified_time":"2025-11-21T19:01:13+00:00","og_image":[{"width":1280,"height":720,"url":"https:\/\/www.em.com.br\/emfoco\/wp-content\/uploads\/2025\/11\/Design-sem-nome-63.png","type":"image\/png"}],"author":"Daniely Cardoso","twitter_card":"summary_large_image","twitter_misc":{"Escrito por":"Daniely Cardoso","Est. tempo de leitura":"3 minutos"},"schema":{"@context":"https:\/\/schema.org","@graph":[{"@type":"WebPage","@id":"https:\/\/www.em.com.br\/emfoco\/2025\/11\/22\/os-penteados-que-vao-dominar-a-cabeca-das-mulheres-em-2025-e-nunca-saem-de-moda\/","url":"https:\/\/www.em.com.br\/emfoco\/2025\/11\/22\/os-penteados-que-vao-dominar-a-cabeca-das-mulheres-em-2025-e-nunca-saem-de-moda\/","name":"Os penteados que v\u00e3o dominar a cabe\u00e7a das mulheres em 2025 e nunca saem de moda - Estado de Minas - Em foco","isPartOf":{"@id":"https:\/\/www.em.com.br\/emfoco\/#website"},"primaryImageOfPage":{"@id":"https:\/\/www.em.com.br\/emfoco\/2025\/11\/22\/os-penteados-que-vao-dominar-a-cabeca-das-mulheres-em-2025-e-nunca-saem-de-moda\/#primaryimage"},"image":{"@id":"https:\/\/www.em.com.br\/emfoco\/2025\/11\/22\/os-penteados-que-vao-dominar-a-cabeca-das-mulheres-em-2025-e-nunca-saem-de-moda\/#primaryimage"},"thumbnailUrl":"https:\/\/www.em.com.br\/emfoco\/wp-content\/uploads\/2025\/11\/Design-sem-nome-63.png","datePublished":"2025-11-22T15:55:21+00:00","dateModified":"2025-11-21T19:01:13+00:00","author":{"@id":"https:\/\/www.em.com.br\/emfoco\/#\/schema\/person\/0a8186d72f2c3a5c6276d90b41f271a0"},"description":"A franja renova o visual e valoriza os tra\u00e7os. Descubra o estilo ideal para seu formato de rosto e veja inspira\u00e7\u00f5es modernas.","breadcrumb":{"@id":"https:\/\/www.em.com.br\/emfoco\/2025\/11\/22\/os-penteados-que-vao-dominar-a-cabeca-das-mulheres-em-2025-e-nunca-saem-de-moda\/#breadcrumb"},"inLanguage":"pt-BR","potentialAction":[{"@type":"ReadAction","target":["https:\/\/www.em.com.br\/emfoco\/2025\/11\/22\/os-penteados-que-vao-dominar-a-cabeca-das-mulheres-em-2025-e-nunca-saem-de-moda\/"]}]},{"@type":"ImageObject","inLanguage":"pt-BR","@id":"https:\/\/www.em.com.br\/emfoco\/2025\/11\/22\/os-penteados-que-vao-dominar-a-cabeca-das-mulheres-em-2025-e-nunca-saem-de-moda\/#primaryimage","url":"https:\/\/www.em.com.br\/emfoco\/wp-content\/uploads\/2025\/11\/Design-sem-nome-63.png","contentUrl":"https:\/\/www.em.com.br\/emfoco\/wp-content\/uploads\/2025\/11\/Design-sem-nome-63.png","width":1280,"height":720,"caption":"Penteados soltos e ondulados s\u00e3o excelentes para criar a ilus\u00e3o de volume"},{"@type":"BreadcrumbList","@id":"https:\/\/www.em.com.br\/emfoco\/2025\/11\/22\/os-penteados-que-vao-dominar-a-cabeca-das-mulheres-em-2025-e-nunca-saem-de-moda\/#breadcrumb","itemListElement":[{"@type":"ListItem","position":1,"name":"In\u00edcio","item":"https:\/\/www.em.com.br\/emfoco\/"},{"@type":"ListItem","position":2,"name":"Os penteados que v\u00e3o dominar a cabe\u00e7a das mulheres em 2025 e nunca saem de moda"}]},{"@type":"WebSite","@id":"https:\/\/www.em.com.br\/emfoco\/#website","url":"https:\/\/www.em.com.br\/emfoco\/","name":"Estado de Minas - Em foco","description":"Acompanhe as \u00faltimas not\u00edcias e fique bem informado sobre tudo o que acontece em Minas Gerais, Brasil e no mundo.","potentialAction":[{"@type":"SearchAction","target":{"@type":"EntryPoint","urlTemplate":"https:\/\/www.em.com.br\/emfoco\/?s={search_term_string}"},"query-input":{"@type":"PropertyValueSpecification","valueRequired":true,"valueName":"search_term_string"}}],"inLanguage":"pt-BR"},{"@type":"Person","@id":"https:\/\/www.em.com.br\/emfoco\/#\/schema\/person\/0a8186d72f2c3a5c6276d90b41f271a0","name":"Daniely Cardoso","image":{"@type":"ImageObject","inLanguage":"pt-BR","@id":"https:\/\/www.em.com.br\/emfoco\/#\/schema\/person\/image\/","url":"https:\/\/secure.gravatar.com\/avatar\/4b80ddbd124d1f071b626d52d62e5dff?s=96&d=mm&r=g","contentUrl":"https:\/\/secure.gravatar.com\/avatar\/4b80ddbd124d1f071b626d52d62e5dff?s=96&d=mm&r=g","caption":"Daniely Cardoso"},"url":"https:\/\/www.em.com.br\/emfoco\/author\/danielymyth\/"}]}},"_links":{"self":[{"href":"https:\/\/www.em.com.br\/emfoco\/wp-json\/wp\/v2\/posts\/130433","targetHints":{"allow":["GET"]}}],"collection":[{"href":"https:\/\/www.em.com.br\/emfoco\/wp-json\/wp\/v2\/posts"}],"about":[{"href":"https:\/\/www.em.com.br\/emfoco\/wp-json\/wp\/v2\/types\/post"}],"author":[{"embeddable":true,"href":"https:\/\/www.em.com.br\/emfoco\/wp-json\/wp\/v2\/users\/9"}],"replies":[{"embeddable":true,"href":"https:\/\/www.em.com.br\/emfoco\/wp-json\/wp\/v2\/comments?post=130433"}],"version-history":[{"count":4,"href":"https:\/\/www.em.com.br\/emfoco\/wp-json\/wp\/v2\/posts\/130433\/revisions"}],"predecessor-version":[{"id":130482,"href":"https:\/\/www.em.com.br\/emfoco\/wp-json\/wp\/v2\/posts\/130433\/revisions\/130482"}],"wp:featuredmedia":[{"embeddable":true,"href":"https:\/\/www.em.com.br\/emfoco\/wp-json\/wp\/v2\/media\/125252"}],"wp:attachment":[{"href":"https:\/\/www.em.com.br\/emfoco\/wp-json\/wp\/v2\/media?parent=130433"}],"wp:term":[{"taxonomy":"category","embeddable":true,"href":"https:\/\/www.em.com.br\/emfoco\/wp-json\/wp\/v2\/categories?post=130433"},{"taxonomy":"post_tag","embeddable":true,"href":"https:\/\/www.em.com.br\/emfoco\/wp-json\/wp\/v2\/tags?post=130433"}],"curies":[{"name":"wp","href":"https:\/\/api.w.org\/{rel}","templated":true}]}}