{"id":13040,"date":"2025-02-03T20:20:00","date_gmt":"2025-02-03T23:20:00","guid":{"rendered":"https:\/\/www.em.com.br\/emfoco\/?p=13040"},"modified":"2025-02-01T09:04:55","modified_gmt":"2025-02-01T12:04:55","slug":"boa-noticia-para-aposentados-inss-simplifica-acesso-a-antecipacao-salarial","status":"publish","type":"post","link":"https:\/\/www.em.com.br\/emfoco\/2025\/02\/03\/boa-noticia-para-aposentados-inss-simplifica-acesso-a-antecipacao-salarial\/","title":{"rendered":"Boa not\u00edcia para aposentados! INSS simplifica acesso \u00e0 antecipa\u00e7\u00e3o salarial!"},"content":{"rendered":"\n<p>Em um avan\u00e7o significativo para os benefici\u00e1rios do <strong>Instituto Nacional do Seguro Social<\/strong> (INSS), foi introduzido um novo meio para tornar a antecipa\u00e7\u00e3o salarial mais acess\u00edvel. A partir de agora, aposentados, pensionistas e benefici\u00e1rios de aux\u00edlios de longa dura\u00e7\u00e3o poder\u00e3o solicitar a antecipa\u00e7\u00e3o de R$ 150, prevista no programa <strong><a href=\"https:\/\/www.gov.br\/inss\/pt-br\/noticias\/regras-para-liberar-antecipacao-do-programa-meu-inss-vale-sao-simplificadas\" target=\"_blank\" rel=\"noreferrer noopener\">Meu INSS Vale+<\/a><\/strong>, sem a necessidade de desbloqueio pr\u00e9vio da margem consign\u00e1vel. Esta mudan\u00e7a, delineada pela Instru\u00e7\u00e3o <strong>Normativa 179<\/strong>, de 17 de janeiro de 2025, promete simplificar o acesso a recursos financeiros em momentos de necessidade.<\/p>\n\n\n\n<p>Para ter acesso \u00e0 antecipa\u00e7\u00e3o salarial, os benefici\u00e1rios dever\u00e3o usar um cart\u00e3o com<strong><a href=\"https:\/\/www.em.com.br\/emfoco\/2025\/01\/09\/a-revolucao-da-computacao-quantica-esta-mais-proxima-do-que-imaginamos\/\" target=\"_blank\" rel=\"noreferrer noopener\"> chip<\/a><\/strong> e senha pessoal para confirma\u00e7\u00e3o das transa\u00e7\u00f5es. Alternativamente, para aquelas pessoas que optarem pela utiliza\u00e7\u00e3o de um cart\u00e3o virtual, o uso da biometria ser\u00e1 necess\u00e1rio. A medida visa agilizar o processo de concess\u00e3o do benef\u00edcio, eliminando a espera prolongada que muitos enfrentavam, especialmente em \u00e1reas geograficamente distantes.<\/p>\n\n\n\n<h2 class=\"wp-block-heading\">Quais s\u00e3o as novas regras para a antecipa\u00e7\u00e3o de sal\u00e1rio?<\/h2>\n\n\n\n<p>De acordo com a <strong>Portaria 1.257<\/strong>, emitida concomitantemente \u00e0 instru\u00e7\u00e3o normativa, s\u00e3o estipuladas diretrizes claras para as institui\u00e7\u00f5es financeiras respons\u00e1veis pela opera\u00e7\u00e3o desses adiantamentos salariais. Um ponto relevante \u00e9 que o valor antecipado n\u00e3o ser\u00e1 considerado para o c\u00e1lculo da margem consign\u00e1vel, evitando que impacte outras modalidades de empr\u00e9stimo dispon\u00edveis aos benefici\u00e1rios.<\/p>\n\n\n\n<p>A normativa tamb\u00e9m estabelece que, caso n\u00e3o haja valores dispon\u00edveis no m\u00eas para cobrir a antecipa\u00e7\u00e3o salarial, o saldo ser\u00e1 descontado no benef\u00edcio do m\u00eas seguinte, no entanto, n\u00e3o \u00e9 permitido contrair antecipa\u00e7\u00e3o se n\u00e3o houver margem dispon\u00edvel.<\/p>\n\n\n\n<figure class=\"wp-block-image size-large\"><img loading=\"lazy\" decoding=\"async\" width=\"1024\" height=\"576\" src=\"https:\/\/www.em.com.br\/emfoco\/wp-content\/uploads\/2025\/01\/INSS_1736772502695-1024x576.jpg\" alt=\"BPC: um direito seu! Saiba como garantir o benef\u00edcio e melhorar sua qualidade de vida\" class=\"wp-image-10348\" srcset=\"https:\/\/www.em.com.br\/emfoco\/wp-content\/uploads\/2025\/01\/INSS_1736772502695-1024x576.jpg 1024w, https:\/\/www.em.com.br\/emfoco\/wp-content\/uploads\/2025\/01\/INSS_1736772502695-300x169.jpg 300w, https:\/\/www.em.com.br\/emfoco\/wp-content\/uploads\/2025\/01\/INSS_1736772502695-768x432.jpg 768w, https:\/\/www.em.com.br\/emfoco\/wp-content\/uploads\/2025\/01\/INSS_1736772502695-750x422.jpg 750w, https:\/\/www.em.com.br\/emfoco\/wp-content\/uploads\/2025\/01\/INSS_1736772502695-1140x641.jpg 1140w, https:\/\/www.em.com.br\/emfoco\/wp-content\/uploads\/2025\/01\/INSS_1736772502695.jpg 1280w\" sizes=\"auto, (max-width: 1024px) 100vw, 1024px\" \/><figcaption class=\"wp-element-caption\">Imagem Ilustrativa do INSS &#8211; Cr\u00e9ditos: depositphotos.com \/ AngelaMacario<\/figcaption><\/figure>\n\n\n\n<h2 class=\"wp-block-heading\">Como se preparar para oferecer o cart\u00e3o Meu INSS Vale+?<\/h2>\n\n\n\n<p>As institui\u00e7\u00f5es financeiras interessadas em oferecer o cart\u00e3o <strong>Meu INSS Vale+<\/strong> devem manifestar interesse enviando um of\u00edcio para a <strong>Diretoria de Benef\u00edcios e Relacionamento com o Cidad\u00e3o<\/strong>. Esse passo \u00e9 vital para iniciar o processo de colabora\u00e7\u00e3o, seguindo o <strong>Acordo de Coopera\u00e7\u00e3o T\u00e9cnica <\/strong>necess\u00e1rio. O modelo a ser seguido \u00e9 similar ao estabelecido pela<strong> Instru\u00e7\u00e3o Normativa PRES\/INSS n\u00ba 175 de 2024<\/strong>.<\/p>\n\n\n\n<p>A libera\u00e7\u00e3o do valor antecipado no cart\u00e3o dever\u00e1 ocorrer em at\u00e9 cinco dias \u00fateis ap\u00f3s a efetiva\u00e7\u00e3o do contrato pelo benefici\u00e1rio, assegurando maior rapidez e efici\u00eancia no acesso aos recursos.<\/p>\n\n\n\n<h2 class=\"wp-block-heading\">Requisitos e Restri\u00e7\u00f5es para o Benefici\u00e1rio<\/h2>\n\n\n\n<p>Para poder usar o benef\u00edcio de antecipa\u00e7\u00e3o salarial, \u00e9 essencial que o interessado esteja vinculado a uma institui\u00e7\u00e3o financeira que tenha, no m\u00ednimo, 12 meses de experi\u00eancia nesse tipo de servi\u00e7o e que possua um acordo formalizado com o INSS. Ademais, a opera\u00e7\u00e3o necessita de um cart\u00e3o f\u00edsico com chip e senha, contratado por meio de institui\u00e7\u00f5es financeiras credenciadas.<\/p>\n\n\n\n<p>Importante destacar que, segundo o presidente do INSS, <strong>Alessandro Stefanutto<\/strong>, o valor antecipado n\u00e3o est\u00e1 dispon\u00edvel para saques, transfer\u00eancias via PIX, ou apostas, real\u00e7ando assim a sua destina\u00e7\u00e3o exclusiva para despesas do dia a dia.<\/p>\n\n\n\n<h2 class=\"wp-block-heading\">Acessibilidade ampliada para Aposentados e Pensionistas<\/h2>\n\n\n\n<p>A implementa\u00e7\u00e3o dessas novas diretrizes visa reduzir o tempo de espera e as burocracias enfrentadas por benefici\u00e1rios em regi\u00f5es isoladas. A inten\u00e7\u00e3o clara \u00e9 facilitar o acesso ao Meu INSS Vale+, garantindo que os aposentados e pensionistas consigam suprir suas necessidades b\u00e1sicas de maneira \u00e1gil e segura, proporcionando maior tranquilidade financeira.<\/p>\n\n\n\n<p>Com estas mudan\u00e7as, espera-se que o novo sistema agilize o processo e atenda de forma mais eficaz os cidad\u00e3os que dependem desse suporte financeiro crucial para suas despesas cotidianas, melhorando significativamente a qualidade de vida desses brasileiros.<\/p>\n","protected":false},"excerpt":{"rendered":"<p>Em um avan\u00e7o significativo para os benefici\u00e1rios do Instituto Nacional do Seguro Social (INSS), foi introduzido um novo meio para tornar a antecipa\u00e7\u00e3o salarial mais acess\u00edvel. A partir de agora, aposentados, pensionistas e benefici\u00e1rios de aux\u00edlios de longa dura\u00e7\u00e3o poder\u00e3o solicitar a antecipa\u00e7\u00e3o de R$ 150, prevista no programa Meu INSS Vale+, sem a necessidade [&hellip;]<\/p>\n","protected":false},"author":5,"featured_media":12439,"comment_status":"open","ping_status":"open","sticky":false,"template":"","format":"standard","meta":{"jnews-multi-image_gallery":[],"jnews_single_post":{"format":"standard"},"jnews_primary_category":[],"jnews_social_meta":[],"jnews_override_counter":[],"footnotes":""},"categories":[28,1],"tags":[4028,701,174,1390],"class_list":["post-13040","post","type-post","status-publish","format-standard","has-post-thumbnail","hentry","category-economia","category-noticias","tag-antecipacao-salarial","tag-beneficiarios-inss","tag-inss","tag-pagamentos-inss"],"yoast_head":"<!-- This site is optimized with the Yoast SEO plugin v23.8 - https:\/\/yoast.com\/wordpress\/plugins\/seo\/ -->\n<title>Boa not\u00edcia para aposentados! INSS simplifica acesso \u00e0 antecipa\u00e7\u00e3o salarial! - Estado de Minas - Em foco<\/title>\n<meta name=\"description\" content=\"O INSS oferece uma nova op\u00e7\u00e3o para antecipar seu benef\u00edcio. Conhe\u00e7a o Meu INSS Vale+ e descubra como solicitar o seu.\" \/>\n<meta name=\"robots\" content=\"index, follow, max-snippet:-1, max-image-preview:large, max-video-preview:-1\" \/>\n<link rel=\"canonical\" href=\"https:\/\/www.em.com.br\/emfoco\/2025\/02\/03\/boa-noticia-para-aposentados-inss-simplifica-acesso-a-antecipacao-salarial\/\" \/>\n<meta property=\"og:locale\" content=\"pt_BR\" \/>\n<meta property=\"og:type\" content=\"article\" \/>\n<meta property=\"og:title\" content=\"Boa not\u00edcia para aposentados! INSS simplifica acesso \u00e0 antecipa\u00e7\u00e3o salarial! - Estado de Minas - Em foco\" \/>\n<meta property=\"og:description\" content=\"O INSS oferece uma nova op\u00e7\u00e3o para antecipar seu benef\u00edcio. Conhe\u00e7a o Meu INSS Vale+ e descubra como solicitar o seu.\" \/>\n<meta property=\"og:url\" content=\"https:\/\/www.em.com.br\/emfoco\/2025\/02\/03\/boa-noticia-para-aposentados-inss-simplifica-acesso-a-antecipacao-salarial\/\" \/>\n<meta property=\"og:site_name\" content=\"Estado de Minas - Em foco\" \/>\n<meta property=\"article:published_time\" content=\"2025-02-03T23:20:00+00:00\" \/>\n<meta property=\"article:modified_time\" content=\"2025-02-01T12:04:55+00:00\" \/>\n<meta property=\"og:image\" content=\"https:\/\/www.em.com.br\/emfoco\/wp-content\/uploads\/2025\/01\/idosos-com-dinheiro_1737479538600.jpg\" \/>\n\t<meta property=\"og:image:width\" content=\"1280\" \/>\n\t<meta property=\"og:image:height\" content=\"720\" \/>\n\t<meta property=\"og:image:type\" content=\"image\/jpeg\" \/>\n<meta name=\"author\" content=\"N\u00fabia Rangel\" \/>\n<meta name=\"twitter:card\" content=\"summary_large_image\" \/>\n<meta name=\"twitter:label1\" content=\"Escrito por\" \/>\n\t<meta name=\"twitter:data1\" content=\"N\u00fabia Rangel\" \/>\n\t<meta name=\"twitter:label2\" content=\"Est. tempo de leitura\" \/>\n\t<meta name=\"twitter:data2\" content=\"4 minutos\" \/>\n<!-- \/ Yoast SEO plugin. -->","yoast_head_json":{"title":"Boa not\u00edcia para aposentados! INSS simplifica acesso \u00e0 antecipa\u00e7\u00e3o salarial! - Estado de Minas - Em foco","description":"O INSS oferece uma nova op\u00e7\u00e3o para antecipar seu benef\u00edcio. Conhe\u00e7a o Meu INSS Vale+ e descubra como solicitar o seu.","robots":{"index":"index","follow":"follow","max-snippet":"max-snippet:-1","max-image-preview":"max-image-preview:large","max-video-preview":"max-video-preview:-1"},"canonical":"https:\/\/www.em.com.br\/emfoco\/2025\/02\/03\/boa-noticia-para-aposentados-inss-simplifica-acesso-a-antecipacao-salarial\/","og_locale":"pt_BR","og_type":"article","og_title":"Boa not\u00edcia para aposentados! INSS simplifica acesso \u00e0 antecipa\u00e7\u00e3o salarial! - Estado de Minas - Em foco","og_description":"O INSS oferece uma nova op\u00e7\u00e3o para antecipar seu benef\u00edcio. Conhe\u00e7a o Meu INSS Vale+ e descubra como solicitar o seu.","og_url":"https:\/\/www.em.com.br\/emfoco\/2025\/02\/03\/boa-noticia-para-aposentados-inss-simplifica-acesso-a-antecipacao-salarial\/","og_site_name":"Estado de Minas - Em foco","article_published_time":"2025-02-03T23:20:00+00:00","article_modified_time":"2025-02-01T12:04:55+00:00","og_image":[{"width":1280,"height":720,"url":"https:\/\/www.em.com.br\/emfoco\/wp-content\/uploads\/2025\/01\/idosos-com-dinheiro_1737479538600.jpg","type":"image\/jpeg"}],"author":"N\u00fabia Rangel","twitter_card":"summary_large_image","twitter_misc":{"Escrito por":"N\u00fabia Rangel","Est. tempo de leitura":"4 minutos"},"schema":{"@context":"https:\/\/schema.org","@graph":[{"@type":"WebPage","@id":"https:\/\/www.em.com.br\/emfoco\/2025\/02\/03\/boa-noticia-para-aposentados-inss-simplifica-acesso-a-antecipacao-salarial\/","url":"https:\/\/www.em.com.br\/emfoco\/2025\/02\/03\/boa-noticia-para-aposentados-inss-simplifica-acesso-a-antecipacao-salarial\/","name":"Boa not\u00edcia para aposentados! INSS simplifica acesso \u00e0 antecipa\u00e7\u00e3o salarial! - Estado de Minas - Em foco","isPartOf":{"@id":"https:\/\/www.em.com.br\/emfoco\/#website"},"primaryImageOfPage":{"@id":"https:\/\/www.em.com.br\/emfoco\/2025\/02\/03\/boa-noticia-para-aposentados-inss-simplifica-acesso-a-antecipacao-salarial\/#primaryimage"},"image":{"@id":"https:\/\/www.em.com.br\/emfoco\/2025\/02\/03\/boa-noticia-para-aposentados-inss-simplifica-acesso-a-antecipacao-salarial\/#primaryimage"},"thumbnailUrl":"https:\/\/www.em.com.br\/emfoco\/wp-content\/uploads\/2025\/01\/idosos-com-dinheiro_1737479538600.jpg","datePublished":"2025-02-03T23:20:00+00:00","dateModified":"2025-02-01T12:04:55+00:00","author":{"@id":"https:\/\/www.em.com.br\/emfoco\/#\/schema\/person\/524437ef54f8a5d32591b143307f2e20"},"description":"O INSS oferece uma nova op\u00e7\u00e3o para antecipar seu benef\u00edcio. Conhe\u00e7a o Meu INSS Vale+ e descubra como solicitar o seu.","breadcrumb":{"@id":"https:\/\/www.em.com.br\/emfoco\/2025\/02\/03\/boa-noticia-para-aposentados-inss-simplifica-acesso-a-antecipacao-salarial\/#breadcrumb"},"inLanguage":"pt-BR","potentialAction":[{"@type":"ReadAction","target":["https:\/\/www.em.com.br\/emfoco\/2025\/02\/03\/boa-noticia-para-aposentados-inss-simplifica-acesso-a-antecipacao-salarial\/"]}]},{"@type":"ImageObject","inLanguage":"pt-BR","@id":"https:\/\/www.em.com.br\/emfoco\/2025\/02\/03\/boa-noticia-para-aposentados-inss-simplifica-acesso-a-antecipacao-salarial\/#primaryimage","url":"https:\/\/www.em.com.br\/emfoco\/wp-content\/uploads\/2025\/01\/idosos-com-dinheiro_1737479538600.jpg","contentUrl":"https:\/\/www.em.com.br\/emfoco\/wp-content\/uploads\/2025\/01\/idosos-com-dinheiro_1737479538600.jpg","width":1280,"height":720,"caption":"Senhora com dinheiro - Cr\u00e9ditos: depositphotos.com \/ Krakenimages.com"},{"@type":"BreadcrumbList","@id":"https:\/\/www.em.com.br\/emfoco\/2025\/02\/03\/boa-noticia-para-aposentados-inss-simplifica-acesso-a-antecipacao-salarial\/#breadcrumb","itemListElement":[{"@type":"ListItem","position":1,"name":"In\u00edcio","item":"https:\/\/www.em.com.br\/emfoco\/"},{"@type":"ListItem","position":2,"name":"Boa not\u00edcia para aposentados! INSS simplifica acesso \u00e0 antecipa\u00e7\u00e3o salarial!"}]},{"@type":"WebSite","@id":"https:\/\/www.em.com.br\/emfoco\/#website","url":"https:\/\/www.em.com.br\/emfoco\/","name":"Estado de Minas - Em foco","description":"Acompanhe as \u00faltimas not\u00edcias e fique bem informado sobre tudo o que acontece em Minas Gerais, Brasil e no mundo.","potentialAction":[{"@type":"SearchAction","target":{"@type":"EntryPoint","urlTemplate":"https:\/\/www.em.com.br\/emfoco\/?s={search_term_string}"},"query-input":{"@type":"PropertyValueSpecification","valueRequired":true,"valueName":"search_term_string"}}],"inLanguage":"pt-BR"},{"@type":"Person","@id":"https:\/\/www.em.com.br\/emfoco\/#\/schema\/person\/524437ef54f8a5d32591b143307f2e20","name":"N\u00fabia Rangel","image":{"@type":"ImageObject","inLanguage":"pt-BR","@id":"https:\/\/www.em.com.br\/emfoco\/#\/schema\/person\/image\/","url":"https:\/\/secure.gravatar.com\/avatar\/47cff2827a5ba23c37e8068c86817ea4?s=96&d=mm&r=g","contentUrl":"https:\/\/secure.gravatar.com\/avatar\/47cff2827a5ba23c37e8068c86817ea4?s=96&d=mm&r=g","caption":"N\u00fabia Rangel"},"sameAs":["https:\/\/www.em.com.br\/emfoco\/"],"url":"https:\/\/www.em.com.br\/emfoco\/author\/nubiamyth\/"}]}},"_links":{"self":[{"href":"https:\/\/www.em.com.br\/emfoco\/wp-json\/wp\/v2\/posts\/13040","targetHints":{"allow":["GET"]}}],"collection":[{"href":"https:\/\/www.em.com.br\/emfoco\/wp-json\/wp\/v2\/posts"}],"about":[{"href":"https:\/\/www.em.com.br\/emfoco\/wp-json\/wp\/v2\/types\/post"}],"author":[{"embeddable":true,"href":"https:\/\/www.em.com.br\/emfoco\/wp-json\/wp\/v2\/users\/5"}],"replies":[{"embeddable":true,"href":"https:\/\/www.em.com.br\/emfoco\/wp-json\/wp\/v2\/comments?post=13040"}],"version-history":[{"count":3,"href":"https:\/\/www.em.com.br\/emfoco\/wp-json\/wp\/v2\/posts\/13040\/revisions"}],"predecessor-version":[{"id":15746,"href":"https:\/\/www.em.com.br\/emfoco\/wp-json\/wp\/v2\/posts\/13040\/revisions\/15746"}],"wp:featuredmedia":[{"embeddable":true,"href":"https:\/\/www.em.com.br\/emfoco\/wp-json\/wp\/v2\/media\/12439"}],"wp:attachment":[{"href":"https:\/\/www.em.com.br\/emfoco\/wp-json\/wp\/v2\/media?parent=13040"}],"wp:term":[{"taxonomy":"category","embeddable":true,"href":"https:\/\/www.em.com.br\/emfoco\/wp-json\/wp\/v2\/categories?post=13040"},{"taxonomy":"post_tag","embeddable":true,"href":"https:\/\/www.em.com.br\/emfoco\/wp-json\/wp\/v2\/tags?post=13040"}],"curies":[{"name":"wp","href":"https:\/\/api.w.org\/{rel}","templated":true}]}}