{"id":130377,"date":"2025-11-22T17:25:00","date_gmt":"2025-11-22T20:25:00","guid":{"rendered":"https:\/\/www.em.com.br\/emfoco\/?p=130377"},"modified":"2025-11-21T19:12:41","modified_gmt":"2025-11-21T22:12:41","slug":"escolher-o-iphone-certo-salva-sua-carteira-e-gera-grande-economia-nesta-black-friday","status":"publish","type":"post","link":"https:\/\/www.em.com.br\/emfoco\/2025\/11\/22\/escolher-o-iphone-certo-salva-sua-carteira-e-gera-grande-economia-nesta-black-friday\/","title":{"rendered":"Escolher o iPhone certo salva sua carteira e gera grande economia nesta Black Friday"},"content":{"rendered":"\n<p>A <strong>Black Friday de 2025<\/strong> aproxima-se como uma excelente oportunidade para consumidores que estejam em busca de um <strong>iPhone <\/strong>com bom custo-benef\u00edcio. Modelos como o <strong>iPhone 15<\/strong> e o <strong>iPhone 16<\/strong> destacam-se pelas boas especifica\u00e7\u00f5es e pre\u00e7os mais acess\u00edveis em compara\u00e7\u00e3o ao lan\u00e7amento, enquanto alternativas mais antigas, caso do <em>iPhone 12<\/em>, j\u00e1 n\u00e3o oferecem a mesma compatibilidade com atualiza\u00e7\u00f5es e recursos modernos.<\/p>\n\n\n\n<h2 class=\"wp-block-heading\">Vale a pena investir em um iPhone nas promo\u00e7\u00f5es da Black Friday 2025?<\/h2>\n\n\n\n<p>Os consumidores que pretendem comprar um <strong>iPhone <\/strong>nesta data podem encontrar descontos relevantes, especialmente em modelos lan\u00e7ados recentemente. Ainda assim, \u00e9 importante estar atento ao custo-benef\u00edcio de cada op\u00e7\u00e3o considerando especifica\u00e7\u00f5es e o tempo de suporte garantido.<\/p>\n\n\n\n<p>Quem prefere economizar agora sem abrir m\u00e3o da efici\u00eancia pode apostar nos modelos mais novos, que recebem atualiza\u00e7\u00f5es de software e t\u00eam tecnologia mais avan\u00e7ada, garantindo uso prolongado e menos necessidade de trocas futuras.<\/p>\n\n\n<div class=\"wp-block-image\">\n<figure class=\"aligncenter size-large\"><img loading=\"lazy\" decoding=\"async\" width=\"1024\" height=\"576\" src=\"https:\/\/www.em.com.br\/emfoco\/wp-content\/uploads\/2025\/11\/cartao-de-credito_1761463192497-1024x576.jpg\" alt=\"Bandeira de cart\u00e3o agora paga a sua compra se o banco falhar\" class=\"wp-image-126670\" srcset=\"https:\/\/www.em.com.br\/emfoco\/wp-content\/uploads\/2025\/11\/cartao-de-credito_1761463192497-1024x576.jpg 1024w, https:\/\/www.em.com.br\/emfoco\/wp-content\/uploads\/2025\/11\/cartao-de-credito_1761463192497-300x169.jpg 300w, https:\/\/www.em.com.br\/emfoco\/wp-content\/uploads\/2025\/11\/cartao-de-credito_1761463192497-768x432.jpg 768w, https:\/\/www.em.com.br\/emfoco\/wp-content\/uploads\/2025\/11\/cartao-de-credito_1761463192497-750x422.jpg 750w, https:\/\/www.em.com.br\/emfoco\/wp-content\/uploads\/2025\/11\/cartao-de-credito_1761463192497-1140x641.jpg 1140w, https:\/\/www.em.com.br\/emfoco\/wp-content\/uploads\/2025\/11\/cartao-de-credito_1761463192497.jpg 1280w\" sizes=\"auto, (max-width: 1024px) 100vw, 1024px\" \/><figcaption class=\"wp-element-caption\">Escolha o iPhone certo e economize nesta Black Friday &#8211; Cr\u00e9ditos: depositphotos.com \/ AndrewLozovyi<\/figcaption><\/figure><\/div>\n\n\n<h2 class=\"wp-block-heading\">Quais modelos de iPhone merecem destaque na Black Friday 2025?<\/h2>\n\n\n\n<p>No cen\u00e1rio de ofertas, o <strong>iPhone 16e<\/strong> desponta como uma das melhores alternativas para quem busca um aparelho econ\u00f4mico, aliado a recursos de intelig\u00eancia artificial e tela <strong>Super Retina XDR OLED<\/strong>. Por sua vez, quem valoriza performance superior pode considerar o <strong>iPhone 16 Pro<\/strong> como alternativa premium.<\/p>\n\n\n\n<p>Al\u00e9m dessas op\u00e7\u00f5es, destacam-se algumas vantagens que tornam esses modelos especialmente atraentes para o consumidor brasileiro:<\/p>\n\n\n\n<ul class=\"wp-block-list\">\n<li>Compatibilidade com <strong><a href=\"https:\/\/www.apple.com\/br\/apple-intelligence\/\" target=\"_blank\" rel=\"noreferrer noopener\">Apple Intelligence<\/a><\/strong> e futuras atualiza\u00e7\u00f5es de iOS<\/li>\n\n\n\n<li>Bateria de longa dura\u00e7\u00e3o e carregamento eficiente<\/li>\n\n\n\n<li>Design robusto e resist\u00eancia \u00e0 \u00e1gua e poeira<\/li>\n\n\n\n<li>Qualidade aprimorada de c\u00e2meras e tela de alta defini\u00e7\u00e3o<\/li>\n<\/ul>\n\n\n\n<p>Leia mais: <a href=\"https:\/\/www.em.com.br\/emfoco\/2025\/11\/04\/saiba-o-valor-justo-para-comprar-o-iphone-16-na-black-friday\/\" target=\"_blank\" rel=\"noreferrer noopener\">Saiba o valor justo para comprar o iPhone na Black Friday<\/a><\/p>\n\n\n\n<h2 class=\"wp-block-heading\">Por que evitar iPhones antigos durante as promo\u00e7\u00f5es de 2025?<\/h2>\n\n\n<div class=\"wp-block-image\">\n<figure class=\"aligncenter size-large\"><img loading=\"lazy\" decoding=\"async\" width=\"1024\" height=\"576\" src=\"https:\/\/www.em.com.br\/emfoco\/wp-content\/uploads\/2025\/11\/iphone_1763605816704-1024x576.jpg\" alt=\"\" class=\"wp-image-130392\" srcset=\"https:\/\/www.em.com.br\/emfoco\/wp-content\/uploads\/2025\/11\/iphone_1763605816704-1024x576.jpg 1024w, https:\/\/www.em.com.br\/emfoco\/wp-content\/uploads\/2025\/11\/iphone_1763605816704-300x169.jpg 300w, https:\/\/www.em.com.br\/emfoco\/wp-content\/uploads\/2025\/11\/iphone_1763605816704-768x432.jpg 768w, https:\/\/www.em.com.br\/emfoco\/wp-content\/uploads\/2025\/11\/iphone_1763605816704-750x422.jpg 750w, https:\/\/www.em.com.br\/emfoco\/wp-content\/uploads\/2025\/11\/iphone_1763605816704-1140x641.jpg 1140w, https:\/\/www.em.com.br\/emfoco\/wp-content\/uploads\/2025\/11\/iphone_1763605816704.jpg 1280w\" sizes=\"auto, (max-width: 1024px) 100vw, 1024px\" \/><figcaption class=\"wp-element-caption\">Escolha o iPhone certo e economize nesta Black Friday &#8211; Cr\u00e9ditos: depositphotos.com \/ HayDmitriy<\/figcaption><\/figure><\/div>\n\n\n<p>Modelos como o <strong>iPhone 12<\/strong> e o <strong>iPhone SE (3\u00aa gera\u00e7\u00e3o)<\/strong> podem at\u00e9 apresentar pre\u00e7os baixos, mas suas configura\u00e7\u00f5es limitadas e o iminente fim das atualiza\u00e7\u00f5es de software comprometem o uso a m\u00e9dio prazo. Essas op\u00e7\u00f5es, al\u00e9m de terem desempenho inferior, t\u00eam menor durabilidade frente \u00e0s exig\u00eancias de aplicativos atuais.<\/p>\n\n\n\n<p>A descontinua\u00e7\u00e3o e a r\u00e1pida obsolesc\u00eancia de modelos mais antigos dificultam ainda mais a revenda, tornando o investimento pouco vantajoso quando comparado \u00e0s alternativas atuais.<\/p>\n\n\n\n<p>Leia mais: <a href=\"https:\/\/www.em.com.br\/emfoco\/2025\/09\/23\/cinco-celulares-que-competem-com-o-iphone-17-pro\/\" target=\"_blank\" rel=\"noreferrer noopener\">Cinco celulares que competem com o iPhone 17 Pro<\/a><\/p>\n\n\n\n<h2 class=\"wp-block-heading\">Como selecionar o iPhone ideal para comprar na Black Friday deste ano?<\/h2>\n\n\n\n<p>Na escolha do <strong>iPhone <\/strong>ideal, \u00e9 essencial avaliar n\u00e3o s\u00f3 o valor, mas a combina\u00e7\u00e3o entre desempenho, autonomia e suporte a novas tecnologias. Modelos como o <strong>iPhone 15<\/strong> e o <strong>iPhone 16<\/strong> costumam apresentar o melhor equil\u00edbrio entre esses fatores nas promo\u00e7\u00f5es sazonais.<\/p>\n\n\n\n<p>A an\u00e1lise do tempo de atualiza\u00e7\u00e3o de software, processador recente e suporte a recursos como o <strong>Apple Intelligence<\/strong> garantem que o <strong>iPhone <\/strong>comprado este ano continue eficiente e seguro por muito mais tempo, evitando trocas frequentes e obsolesc\u00eancia precoce.<\/p>\n","protected":false},"excerpt":{"rendered":"<p>A Black Friday de 2025 aproxima-se como uma excelente oportunidade para consumidores que estejam em busca de um iPhone com bom custo-benef\u00edcio. Modelos como o iPhone 15 e o iPhone 16 destacam-se pelas boas especifica\u00e7\u00f5es e pre\u00e7os mais acess\u00edveis em compara\u00e7\u00e3o ao lan\u00e7amento, enquanto alternativas mais antigas, caso do iPhone 12, j\u00e1 n\u00e3o oferecem a [&hellip;]<\/p>\n","protected":false},"author":20,"featured_media":130391,"comment_status":"open","ping_status":"open","sticky":false,"template":"","format":"standard","meta":{"jnews-multi-image_gallery":[],"jnews_single_post":{"format":"standard"},"jnews_primary_category":[],"jnews_social_meta":[],"jnews_override_counter":[],"footnotes":""},"categories":[28,1],"tags":[1144,1928,3608],"class_list":["post-130377","post","type-post","status-publish","format-standard","has-post-thumbnail","hentry","category-economia","category-noticias","tag-black-friday","tag-compras","tag-iphone"],"yoast_head":"<!-- This site is optimized with the Yoast SEO plugin v23.8 - https:\/\/yoast.com\/wordpress\/plugins\/seo\/ -->\n<title>Escolher o iPhone certo salva sua carteira e gera grande economia nesta Black Friday - Estado de Minas - Em foco<\/title>\n<meta name=\"description\" content=\"Escolher o iPhone certo nesta Black Friday ajuda a economizar, protegendo sua carteira e aproveitando promo\u00e7\u00f5es vantajosas com sabedoria.\" \/>\n<meta name=\"robots\" content=\"index, follow, max-snippet:-1, max-image-preview:large, max-video-preview:-1\" \/>\n<link rel=\"canonical\" href=\"https:\/\/www.em.com.br\/emfoco\/2025\/11\/22\/escolher-o-iphone-certo-salva-sua-carteira-e-gera-grande-economia-nesta-black-friday\/\" \/>\n<meta property=\"og:locale\" content=\"pt_BR\" \/>\n<meta property=\"og:type\" content=\"article\" \/>\n<meta property=\"og:title\" content=\"Escolher o iPhone certo salva sua carteira e gera grande economia nesta Black Friday - Estado de Minas - Em foco\" \/>\n<meta property=\"og:description\" content=\"Escolher o iPhone certo nesta Black Friday ajuda a economizar, protegendo sua carteira e aproveitando promo\u00e7\u00f5es vantajosas com sabedoria.\" \/>\n<meta property=\"og:url\" content=\"https:\/\/www.em.com.br\/emfoco\/2025\/11\/22\/escolher-o-iphone-certo-salva-sua-carteira-e-gera-grande-economia-nesta-black-friday\/\" \/>\n<meta property=\"og:site_name\" content=\"Estado de Minas - Em foco\" \/>\n<meta property=\"article:published_time\" content=\"2025-11-22T20:25:00+00:00\" \/>\n<meta property=\"article:modified_time\" content=\"2025-11-21T22:12:41+00:00\" \/>\n<meta property=\"og:image\" content=\"https:\/\/www.em.com.br\/emfoco\/wp-content\/uploads\/2025\/11\/iphone_1763605828279.jpg\" \/>\n\t<meta property=\"og:image:width\" content=\"1280\" \/>\n\t<meta property=\"og:image:height\" content=\"720\" \/>\n\t<meta property=\"og:image:type\" content=\"image\/jpeg\" \/>\n<meta name=\"author\" content=\"Ingrid Diniz\" \/>\n<meta name=\"twitter:card\" content=\"summary_large_image\" \/>\n<meta name=\"twitter:label1\" content=\"Escrito por\" \/>\n\t<meta name=\"twitter:data1\" content=\"Ingrid Diniz\" \/>\n\t<meta name=\"twitter:label2\" content=\"Est. tempo de leitura\" \/>\n\t<meta name=\"twitter:data2\" content=\"4 minutos\" \/>\n<!-- \/ Yoast SEO plugin. -->","yoast_head_json":{"title":"Escolher o iPhone certo salva sua carteira e gera grande economia nesta Black Friday - Estado de Minas - Em foco","description":"Escolher o iPhone certo nesta Black Friday ajuda a economizar, protegendo sua carteira e aproveitando promo\u00e7\u00f5es vantajosas com sabedoria.","robots":{"index":"index","follow":"follow","max-snippet":"max-snippet:-1","max-image-preview":"max-image-preview:large","max-video-preview":"max-video-preview:-1"},"canonical":"https:\/\/www.em.com.br\/emfoco\/2025\/11\/22\/escolher-o-iphone-certo-salva-sua-carteira-e-gera-grande-economia-nesta-black-friday\/","og_locale":"pt_BR","og_type":"article","og_title":"Escolher o iPhone certo salva sua carteira e gera grande economia nesta Black Friday - Estado de Minas - Em foco","og_description":"Escolher o iPhone certo nesta Black Friday ajuda a economizar, protegendo sua carteira e aproveitando promo\u00e7\u00f5es vantajosas com sabedoria.","og_url":"https:\/\/www.em.com.br\/emfoco\/2025\/11\/22\/escolher-o-iphone-certo-salva-sua-carteira-e-gera-grande-economia-nesta-black-friday\/","og_site_name":"Estado de Minas - Em foco","article_published_time":"2025-11-22T20:25:00+00:00","article_modified_time":"2025-11-21T22:12:41+00:00","og_image":[{"width":1280,"height":720,"url":"https:\/\/www.em.com.br\/emfoco\/wp-content\/uploads\/2025\/11\/iphone_1763605828279.jpg","type":"image\/jpeg"}],"author":"Ingrid Diniz","twitter_card":"summary_large_image","twitter_misc":{"Escrito por":"Ingrid Diniz","Est. tempo de leitura":"4 minutos"},"schema":{"@context":"https:\/\/schema.org","@graph":[{"@type":"WebPage","@id":"https:\/\/www.em.com.br\/emfoco\/2025\/11\/22\/escolher-o-iphone-certo-salva-sua-carteira-e-gera-grande-economia-nesta-black-friday\/","url":"https:\/\/www.em.com.br\/emfoco\/2025\/11\/22\/escolher-o-iphone-certo-salva-sua-carteira-e-gera-grande-economia-nesta-black-friday\/","name":"Escolher o iPhone certo salva sua carteira e gera grande economia nesta Black Friday - Estado de Minas - Em foco","isPartOf":{"@id":"https:\/\/www.em.com.br\/emfoco\/#website"},"primaryImageOfPage":{"@id":"https:\/\/www.em.com.br\/emfoco\/2025\/11\/22\/escolher-o-iphone-certo-salva-sua-carteira-e-gera-grande-economia-nesta-black-friday\/#primaryimage"},"image":{"@id":"https:\/\/www.em.com.br\/emfoco\/2025\/11\/22\/escolher-o-iphone-certo-salva-sua-carteira-e-gera-grande-economia-nesta-black-friday\/#primaryimage"},"thumbnailUrl":"https:\/\/www.em.com.br\/emfoco\/wp-content\/uploads\/2025\/11\/iphone_1763605828279.jpg","datePublished":"2025-11-22T20:25:00+00:00","dateModified":"2025-11-21T22:12:41+00:00","author":{"@id":"https:\/\/www.em.com.br\/emfoco\/#\/schema\/person\/649e610b4eb8fff87ff394e54fe17b2b"},"description":"Escolher o iPhone certo nesta Black Friday ajuda a economizar, protegendo sua carteira e aproveitando promo\u00e7\u00f5es vantajosas com sabedoria.","breadcrumb":{"@id":"https:\/\/www.em.com.br\/emfoco\/2025\/11\/22\/escolher-o-iphone-certo-salva-sua-carteira-e-gera-grande-economia-nesta-black-friday\/#breadcrumb"},"inLanguage":"pt-BR","potentialAction":[{"@type":"ReadAction","target":["https:\/\/www.em.com.br\/emfoco\/2025\/11\/22\/escolher-o-iphone-certo-salva-sua-carteira-e-gera-grande-economia-nesta-black-friday\/"]}]},{"@type":"ImageObject","inLanguage":"pt-BR","@id":"https:\/\/www.em.com.br\/emfoco\/2025\/11\/22\/escolher-o-iphone-certo-salva-sua-carteira-e-gera-grande-economia-nesta-black-friday\/#primaryimage","url":"https:\/\/www.em.com.br\/emfoco\/wp-content\/uploads\/2025\/11\/iphone_1763605828279.jpg","contentUrl":"https:\/\/www.em.com.br\/emfoco\/wp-content\/uploads\/2025\/11\/iphone_1763605828279.jpg","width":1280,"height":720,"caption":"Escolha o iPhone certo e economize nesta Black Friday - Cr\u00e9ditos: depositphotos.com \/ VitalikRadko"},{"@type":"BreadcrumbList","@id":"https:\/\/www.em.com.br\/emfoco\/2025\/11\/22\/escolher-o-iphone-certo-salva-sua-carteira-e-gera-grande-economia-nesta-black-friday\/#breadcrumb","itemListElement":[{"@type":"ListItem","position":1,"name":"In\u00edcio","item":"https:\/\/www.em.com.br\/emfoco\/"},{"@type":"ListItem","position":2,"name":"Escolher o iPhone certo salva sua carteira e gera grande economia nesta Black Friday"}]},{"@type":"WebSite","@id":"https:\/\/www.em.com.br\/emfoco\/#website","url":"https:\/\/www.em.com.br\/emfoco\/","name":"Estado de Minas - Em foco","description":"Acompanhe as \u00faltimas not\u00edcias e fique bem informado sobre tudo o que acontece em Minas Gerais, Brasil e no mundo.","potentialAction":[{"@type":"SearchAction","target":{"@type":"EntryPoint","urlTemplate":"https:\/\/www.em.com.br\/emfoco\/?s={search_term_string}"},"query-input":{"@type":"PropertyValueSpecification","valueRequired":true,"valueName":"search_term_string"}}],"inLanguage":"pt-BR"},{"@type":"Person","@id":"https:\/\/www.em.com.br\/emfoco\/#\/schema\/person\/649e610b4eb8fff87ff394e54fe17b2b","name":"Ingrid Diniz","image":{"@type":"ImageObject","inLanguage":"pt-BR","@id":"https:\/\/www.em.com.br\/emfoco\/#\/schema\/person\/image\/","url":"https:\/\/secure.gravatar.com\/avatar\/a3baa1449ec5c39b4c42babc9d4f3951?s=96&d=mm&r=g","contentUrl":"https:\/\/secure.gravatar.com\/avatar\/a3baa1449ec5c39b4c42babc9d4f3951?s=96&d=mm&r=g","caption":"Ingrid Diniz"},"sameAs":["https:\/\/www.em.com.br\/"],"url":"https:\/\/www.em.com.br\/emfoco\/author\/ingridmyth\/"}]}},"_links":{"self":[{"href":"https:\/\/www.em.com.br\/emfoco\/wp-json\/wp\/v2\/posts\/130377","targetHints":{"allow":["GET"]}}],"collection":[{"href":"https:\/\/www.em.com.br\/emfoco\/wp-json\/wp\/v2\/posts"}],"about":[{"href":"https:\/\/www.em.com.br\/emfoco\/wp-json\/wp\/v2\/types\/post"}],"author":[{"embeddable":true,"href":"https:\/\/www.em.com.br\/emfoco\/wp-json\/wp\/v2\/users\/20"}],"replies":[{"embeddable":true,"href":"https:\/\/www.em.com.br\/emfoco\/wp-json\/wp\/v2\/comments?post=130377"}],"version-history":[{"count":2,"href":"https:\/\/www.em.com.br\/emfoco\/wp-json\/wp\/v2\/posts\/130377\/revisions"}],"predecessor-version":[{"id":130601,"href":"https:\/\/www.em.com.br\/emfoco\/wp-json\/wp\/v2\/posts\/130377\/revisions\/130601"}],"wp:featuredmedia":[{"embeddable":true,"href":"https:\/\/www.em.com.br\/emfoco\/wp-json\/wp\/v2\/media\/130391"}],"wp:attachment":[{"href":"https:\/\/www.em.com.br\/emfoco\/wp-json\/wp\/v2\/media?parent=130377"}],"wp:term":[{"taxonomy":"category","embeddable":true,"href":"https:\/\/www.em.com.br\/emfoco\/wp-json\/wp\/v2\/categories?post=130377"},{"taxonomy":"post_tag","embeddable":true,"href":"https:\/\/www.em.com.br\/emfoco\/wp-json\/wp\/v2\/tags?post=130377"}],"curies":[{"name":"wp","href":"https:\/\/api.w.org\/{rel}","templated":true}]}}