{"id":130362,"date":"2025-11-22T09:35:00","date_gmt":"2025-11-22T12:35:00","guid":{"rendered":"https:\/\/www.em.com.br\/emfoco\/?p=130362"},"modified":"2025-11-21T19:08:59","modified_gmt":"2025-11-21T22:08:59","slug":"a-mudanca-do-clima-em-bh-exige-atencao-para-garantir-a-protecao-da-sua-familia","status":"publish","type":"post","link":"https:\/\/www.em.com.br\/emfoco\/2025\/11\/22\/a-mudanca-do-clima-em-bh-exige-atencao-para-garantir-a-protecao-da-sua-familia\/","title":{"rendered":"A mudan\u00e7a do clima em BH exige aten\u00e7\u00e3o para garantir a prote\u00e7\u00e3o da sua fam\u00edlia"},"content":{"rendered":"\n<p>Novembro em <strong>Belo Horizonte<\/strong> marca o in\u00edcio do per\u00edodo chuvoso, trazendo consigo mudan\u00e7as expressivas no clima ap\u00f3s meses de seca, com temperaturas amenas entre 20\u00b0C e 28\u00b0C, chuvas frequentes e maior umidade, o que impacta diretamente a rotina dos moradores da capital mineira.<\/p>\n\n\n\n<h2 class=\"wp-block-heading\">Como o clima inst\u00e1vel de novembro afeta as atividades urbanas em Belo Horizonte?<\/h2>\n\n\n\n<p>A altern\u00e2ncia entre sol forte e chuvas intensas exige flexibilidade de quem vive ou visita <strong><a href=\"https:\/\/prefeitura.pbh.gov.br\/\" target=\"_blank\" rel=\"noreferrer noopener\">Belo Horizonte<\/a><\/strong>. O planejamento de atividades ao ar livre torna-se fundamental para evitar contratempos causados pelas mudan\u00e7as repentinas do tempo.<\/p>\n\n\n\n<p>Eventos culturais, esportivos e at\u00e9 mesmo os deslocamentos di\u00e1rios frequentemente precisam ser ajustados. Essa adapta\u00e7\u00e3o \u00e9 essencial para manter a rotina sem grandes interrup\u00e7\u00f5es durante o m\u00eas.<\/p>\n\n\n<div class=\"wp-block-image\">\n<figure class=\"aligncenter size-large\"><img loading=\"lazy\" decoding=\"async\" width=\"1024\" height=\"576\" src=\"https:\/\/www.em.com.br\/emfoco\/wp-content\/uploads\/2025\/08\/transito_1754715404607-1024x576.jpg\" alt=\"Confira a previs\u00e3o do clima para hoje em Belo Horizonte\" class=\"wp-image-89047\" srcset=\"https:\/\/www.em.com.br\/emfoco\/wp-content\/uploads\/2025\/08\/transito_1754715404607-1024x576.jpg 1024w, https:\/\/www.em.com.br\/emfoco\/wp-content\/uploads\/2025\/08\/transito_1754715404607-300x169.jpg 300w, https:\/\/www.em.com.br\/emfoco\/wp-content\/uploads\/2025\/08\/transito_1754715404607-768x432.jpg 768w, https:\/\/www.em.com.br\/emfoco\/wp-content\/uploads\/2025\/08\/transito_1754715404607-750x422.jpg 750w, https:\/\/www.em.com.br\/emfoco\/wp-content\/uploads\/2025\/08\/transito_1754715404607-1140x641.jpg 1140w, https:\/\/www.em.com.br\/emfoco\/wp-content\/uploads\/2025\/08\/transito_1754715404607.jpg 1280w\" sizes=\"auto, (max-width: 1024px) 100vw, 1024px\" \/><figcaption class=\"wp-element-caption\">Clima em BH exige aten\u00e7\u00e3o para proteger sua fam\u00edlia &#8211; Cr\u00e9ditos: depositphotos.com \/ XXLPhoto<\/figcaption><\/figure><\/div>\n\n\n<h2 class=\"wp-block-heading\">O que explica a umidade elevada em novembro?<\/h2>\n\n\n\n<p>O aumento da umidade do ar est\u00e1 diretamente ligado ao volume maior de chuvas t\u00edpicas da transi\u00e7\u00e3o entre primavera e ver\u00e3o. Isso faz com que o clima fique abafado, tornando as tardes mais quentes e exigindo aten\u00e7\u00e3o redobrada \u00e0 sa\u00fade.<\/p>\n\n\n\n<p>Al\u00e9m disso, essa atmosfera \u00famida pode favorecer a prolifera\u00e7\u00e3o de insetos, como mosquitos, e tornar ambientes internos menos confort\u00e1veis, especialmente para quem tem alergias respirat\u00f3rias.<\/p>\n\n\n\n<p>Leia mais: <a href=\"https:\/\/www.em.com.br\/emfoco\/2025\/11\/20\/oms-emite-alerta-de-seguranca-devido-ao-clima-umido-de-bh\/\" target=\"_blank\" rel=\"noreferrer noopener\">OMS emite alerta de seguran\u00e7a devido ao clima \u00famido nessa capital de Minas Gerais<\/a><\/p>\n\n\n\n<h2 class=\"wp-block-heading\">Quais cuidados s\u00e3o recomendados para enfrentar o clima em novembro?<\/h2>\n\n\n\n<p>Em fun\u00e7\u00e3o das temperaturas elevadas e da maior umidade, algumas precau\u00e7\u00f5es simples ajudam a aproveitar o m\u00eas com mais seguran\u00e7a e bem-estar. Adotar esses h\u00e1bitos pode minimizar desconfortos e riscos.<\/p>\n\n\n\n<p>Confira algumas medidas importantes para proteger-se:<\/p>\n\n\n\n<ul class=\"wp-block-list\">\n<li>Utilizar protetor solar diariamente para prevenir queimaduras e danos \u00e0 pele.<\/li>\n\n\n\n<li>Manter-se bem hidratado devido ao aumento da transpira\u00e7\u00e3o.<\/li>\n\n\n\n<li>Acompanhar previs\u00f5es do tempo para planejar sa\u00eddas e evitar chuvas fortes.<\/li>\n\n\n\n<li>Usar roupas leves e acess\u00f3rios como guarda-chuva.<\/li>\n<\/ul>\n\n\n\n<h2 class=\"wp-block-heading\">Como os belorizontinos se adaptam \u00e0s r\u00e1pidas varia\u00e7\u00f5es clim\u00e1ticas?<\/h2>\n\n\n<div class=\"wp-block-image\">\n<figure class=\"aligncenter size-large\"><img loading=\"lazy\" decoding=\"async\" width=\"1024\" height=\"576\" src=\"https:\/\/www.em.com.br\/emfoco\/wp-content\/uploads\/2025\/11\/cafeteira_1761411166188-1024x576.jpg\" alt=\"OMS emite alerta de seguran\u00e7a devido ao clima \u00famido de BH\" class=\"wp-image-125792\" srcset=\"https:\/\/www.em.com.br\/emfoco\/wp-content\/uploads\/2025\/11\/cafeteira_1761411166188-1024x576.jpg 1024w, https:\/\/www.em.com.br\/emfoco\/wp-content\/uploads\/2025\/11\/cafeteira_1761411166188-300x169.jpg 300w, https:\/\/www.em.com.br\/emfoco\/wp-content\/uploads\/2025\/11\/cafeteira_1761411166188-768x432.jpg 768w, https:\/\/www.em.com.br\/emfoco\/wp-content\/uploads\/2025\/11\/cafeteira_1761411166188-750x422.jpg 750w, https:\/\/www.em.com.br\/emfoco\/wp-content\/uploads\/2025\/11\/cafeteira_1761411166188-1140x641.jpg 1140w, https:\/\/www.em.com.br\/emfoco\/wp-content\/uploads\/2025\/11\/cafeteira_1761411166188.jpg 1280w\" sizes=\"auto, (max-width: 1024px) 100vw, 1024px\" \/><figcaption class=\"wp-element-caption\">Clima em BH exige aten\u00e7\u00e3o para proteger sua fam\u00edlia &#8211; Cr\u00e9ditos: depositphotos.com \/ KostyaKlimenko<\/figcaption><\/figure><\/div>\n\n\n<p>A popula\u00e7\u00e3o de <strong>Belo Horizonte<\/strong> est\u00e1 acostumada com a imprevisibilidade de novembro, adotando estrat\u00e9gias pr\u00e1ticas em sua rotina. Planejamento e flexibilidade fazem parte do dia a dia, especialmente para quem depende de ambientes externos.<\/p>\n\n\n\n<p>Buscar abrigos em caso de tempestades e ajustar compromissos de acordo com o tempo s\u00e3o exemplos comuns dessas adapta\u00e7\u00f5es, refletindo a resili\u00eancia dos moradores diante das mudan\u00e7as clim\u00e1ticas t\u00edpicas do m\u00eas.<\/p>\n\n\n\n<p>Leia mais: <a href=\"https:\/\/www.em.com.br\/emfoco\/2025\/11\/19\/o-clima-agradavel-de-16c-a-29c-e-ideal-para-o-passeio-ao-ar-livre\/\" target=\"_blank\" rel=\"noreferrer noopener\">O clima agrad\u00e1vel de 16\u00b0C a 29\u00b0C \u00e9 ideal para o passeio ao ar livre<\/a><\/p>\n\n\n\n<h2 class=\"wp-block-heading\">Per\u00edodo de renova\u00e7\u00e3o e adapta\u00e7\u00e3o constante<\/h2>\n\n\n\n<p>Em s\u00edntese, novembro representa um momento de renova\u00e7\u00e3o para a cidade, com chuvas que trazem mais verde ap\u00f3s a seca e temperaturas agrad\u00e1veis que alternam entre dias ensolarados e per\u00edodos \u00famidos. Com adapta\u00e7\u00f5es e cuidados, os moradores aproveitam ao m\u00e1ximo essa fase din\u00e2mica da capital mineira.<\/p>\n","protected":false},"excerpt":{"rendered":"<p>Novembro em Belo Horizonte marca o in\u00edcio do per\u00edodo chuvoso, trazendo consigo mudan\u00e7as expressivas no clima ap\u00f3s meses de seca, com temperaturas amenas entre 20\u00b0C e 28\u00b0C, chuvas frequentes e maior umidade, o que impacta diretamente a rotina dos moradores da capital mineira. Como o clima inst\u00e1vel de novembro afeta as atividades urbanas em Belo [&hellip;]<\/p>\n","protected":false},"author":20,"featured_media":57204,"comment_status":"open","ping_status":"open","sticky":false,"template":"","format":"standard","meta":{"jnews-multi-image_gallery":[],"jnews_single_post":{"format":"standard"},"jnews_primary_category":[],"jnews_social_meta":[],"jnews_override_counter":[],"footnotes":""},"categories":[28,1],"tags":[154,152,344],"class_list":["post-130362","post","type-post","status-publish","format-standard","has-post-thumbnail","hentry","category-economia","category-noticias","tag-belo-horizonte","tag-clima","tag-novembro"],"yoast_head":"<!-- This site is optimized with the Yoast SEO plugin v23.8 - https:\/\/yoast.com\/wordpress\/plugins\/seo\/ -->\n<title>A mudan\u00e7a do clima em BH exige aten\u00e7\u00e3o para garantir a prote\u00e7\u00e3o da sua fam\u00edlia - Estado de Minas - Em foco<\/title>\n<meta name=\"description\" content=\"A mudan\u00e7a do clima em BH pede cuidados redobrados para proteger sua fam\u00edlia, com a\u00e7\u00f5es simples que refor\u00e7am seguran\u00e7a e bem-estar di\u00e1rio.\" \/>\n<meta name=\"robots\" content=\"index, follow, max-snippet:-1, max-image-preview:large, max-video-preview:-1\" \/>\n<link rel=\"canonical\" href=\"https:\/\/www.em.com.br\/emfoco\/2025\/11\/22\/a-mudanca-do-clima-em-bh-exige-atencao-para-garantir-a-protecao-da-sua-familia\/\" \/>\n<meta property=\"og:locale\" content=\"pt_BR\" \/>\n<meta property=\"og:type\" content=\"article\" \/>\n<meta property=\"og:title\" content=\"A mudan\u00e7a do clima em BH exige aten\u00e7\u00e3o para garantir a prote\u00e7\u00e3o da sua fam\u00edlia - Estado de Minas - Em foco\" \/>\n<meta property=\"og:description\" content=\"A mudan\u00e7a do clima em BH pede cuidados redobrados para proteger sua fam\u00edlia, com a\u00e7\u00f5es simples que refor\u00e7am seguran\u00e7a e bem-estar di\u00e1rio.\" \/>\n<meta property=\"og:url\" content=\"https:\/\/www.em.com.br\/emfoco\/2025\/11\/22\/a-mudanca-do-clima-em-bh-exige-atencao-para-garantir-a-protecao-da-sua-familia\/\" \/>\n<meta property=\"og:site_name\" content=\"Estado de Minas - Em foco\" \/>\n<meta property=\"article:published_time\" content=\"2025-11-22T12:35:00+00:00\" \/>\n<meta property=\"article:modified_time\" content=\"2025-11-21T22:08:59+00:00\" \/>\n<meta property=\"og:image\" content=\"https:\/\/www.em.com.br\/emfoco\/wp-content\/uploads\/2025\/06\/pais_1749223256560.jpg\" \/>\n\t<meta property=\"og:image:width\" content=\"1280\" \/>\n\t<meta property=\"og:image:height\" content=\"720\" \/>\n\t<meta property=\"og:image:type\" content=\"image\/jpeg\" \/>\n<meta name=\"author\" content=\"Ingrid Diniz\" \/>\n<meta name=\"twitter:card\" content=\"summary_large_image\" \/>\n<meta name=\"twitter:label1\" content=\"Escrito por\" \/>\n\t<meta name=\"twitter:data1\" content=\"Ingrid Diniz\" \/>\n\t<meta name=\"twitter:label2\" content=\"Est. tempo de leitura\" \/>\n\t<meta name=\"twitter:data2\" content=\"4 minutos\" \/>\n<!-- \/ Yoast SEO plugin. -->","yoast_head_json":{"title":"A mudan\u00e7a do clima em BH exige aten\u00e7\u00e3o para garantir a prote\u00e7\u00e3o da sua fam\u00edlia - Estado de Minas - Em foco","description":"A mudan\u00e7a do clima em BH pede cuidados redobrados para proteger sua fam\u00edlia, com a\u00e7\u00f5es simples que refor\u00e7am seguran\u00e7a e bem-estar di\u00e1rio.","robots":{"index":"index","follow":"follow","max-snippet":"max-snippet:-1","max-image-preview":"max-image-preview:large","max-video-preview":"max-video-preview:-1"},"canonical":"https:\/\/www.em.com.br\/emfoco\/2025\/11\/22\/a-mudanca-do-clima-em-bh-exige-atencao-para-garantir-a-protecao-da-sua-familia\/","og_locale":"pt_BR","og_type":"article","og_title":"A mudan\u00e7a do clima em BH exige aten\u00e7\u00e3o para garantir a prote\u00e7\u00e3o da sua fam\u00edlia - Estado de Minas - Em foco","og_description":"A mudan\u00e7a do clima em BH pede cuidados redobrados para proteger sua fam\u00edlia, com a\u00e7\u00f5es simples que refor\u00e7am seguran\u00e7a e bem-estar di\u00e1rio.","og_url":"https:\/\/www.em.com.br\/emfoco\/2025\/11\/22\/a-mudanca-do-clima-em-bh-exige-atencao-para-garantir-a-protecao-da-sua-familia\/","og_site_name":"Estado de Minas - Em foco","article_published_time":"2025-11-22T12:35:00+00:00","article_modified_time":"2025-11-21T22:08:59+00:00","og_image":[{"width":1280,"height":720,"url":"https:\/\/www.em.com.br\/emfoco\/wp-content\/uploads\/2025\/06\/pais_1749223256560.jpg","type":"image\/jpeg"}],"author":"Ingrid Diniz","twitter_card":"summary_large_image","twitter_misc":{"Escrito por":"Ingrid Diniz","Est. tempo de leitura":"4 minutos"},"schema":{"@context":"https:\/\/schema.org","@graph":[{"@type":"WebPage","@id":"https:\/\/www.em.com.br\/emfoco\/2025\/11\/22\/a-mudanca-do-clima-em-bh-exige-atencao-para-garantir-a-protecao-da-sua-familia\/","url":"https:\/\/www.em.com.br\/emfoco\/2025\/11\/22\/a-mudanca-do-clima-em-bh-exige-atencao-para-garantir-a-protecao-da-sua-familia\/","name":"A mudan\u00e7a do clima em BH exige aten\u00e7\u00e3o para garantir a prote\u00e7\u00e3o da sua fam\u00edlia - Estado de Minas - Em foco","isPartOf":{"@id":"https:\/\/www.em.com.br\/emfoco\/#website"},"primaryImageOfPage":{"@id":"https:\/\/www.em.com.br\/emfoco\/2025\/11\/22\/a-mudanca-do-clima-em-bh-exige-atencao-para-garantir-a-protecao-da-sua-familia\/#primaryimage"},"image":{"@id":"https:\/\/www.em.com.br\/emfoco\/2025\/11\/22\/a-mudanca-do-clima-em-bh-exige-atencao-para-garantir-a-protecao-da-sua-familia\/#primaryimage"},"thumbnailUrl":"https:\/\/www.em.com.br\/emfoco\/wp-content\/uploads\/2025\/06\/pais_1749223256560.jpg","datePublished":"2025-11-22T12:35:00+00:00","dateModified":"2025-11-21T22:08:59+00:00","author":{"@id":"https:\/\/www.em.com.br\/emfoco\/#\/schema\/person\/649e610b4eb8fff87ff394e54fe17b2b"},"description":"A mudan\u00e7a do clima em BH pede cuidados redobrados para proteger sua fam\u00edlia, com a\u00e7\u00f5es simples que refor\u00e7am seguran\u00e7a e bem-estar di\u00e1rio.","breadcrumb":{"@id":"https:\/\/www.em.com.br\/emfoco\/2025\/11\/22\/a-mudanca-do-clima-em-bh-exige-atencao-para-garantir-a-protecao-da-sua-familia\/#breadcrumb"},"inLanguage":"pt-BR","potentialAction":[{"@type":"ReadAction","target":["https:\/\/www.em.com.br\/emfoco\/2025\/11\/22\/a-mudanca-do-clima-em-bh-exige-atencao-para-garantir-a-protecao-da-sua-familia\/"]}]},{"@type":"ImageObject","inLanguage":"pt-BR","@id":"https:\/\/www.em.com.br\/emfoco\/2025\/11\/22\/a-mudanca-do-clima-em-bh-exige-atencao-para-garantir-a-protecao-da-sua-familia\/#primaryimage","url":"https:\/\/www.em.com.br\/emfoco\/wp-content\/uploads\/2025\/06\/pais_1749223256560.jpg","contentUrl":"https:\/\/www.em.com.br\/emfoco\/wp-content\/uploads\/2025\/06\/pais_1749223256560.jpg","width":1280,"height":720,"caption":"Clima em BH exige aten\u00e7\u00e3o para proteger sua fam\u00edlia - Cr\u00e9ditos: depositphotos.com \/ photobac"},{"@type":"BreadcrumbList","@id":"https:\/\/www.em.com.br\/emfoco\/2025\/11\/22\/a-mudanca-do-clima-em-bh-exige-atencao-para-garantir-a-protecao-da-sua-familia\/#breadcrumb","itemListElement":[{"@type":"ListItem","position":1,"name":"In\u00edcio","item":"https:\/\/www.em.com.br\/emfoco\/"},{"@type":"ListItem","position":2,"name":"A mudan\u00e7a do clima em BH exige aten\u00e7\u00e3o para garantir a prote\u00e7\u00e3o da sua fam\u00edlia"}]},{"@type":"WebSite","@id":"https:\/\/www.em.com.br\/emfoco\/#website","url":"https:\/\/www.em.com.br\/emfoco\/","name":"Estado de Minas - Em foco","description":"Acompanhe as \u00faltimas not\u00edcias e fique bem informado sobre tudo o que acontece em Minas Gerais, Brasil e no mundo.","potentialAction":[{"@type":"SearchAction","target":{"@type":"EntryPoint","urlTemplate":"https:\/\/www.em.com.br\/emfoco\/?s={search_term_string}"},"query-input":{"@type":"PropertyValueSpecification","valueRequired":true,"valueName":"search_term_string"}}],"inLanguage":"pt-BR"},{"@type":"Person","@id":"https:\/\/www.em.com.br\/emfoco\/#\/schema\/person\/649e610b4eb8fff87ff394e54fe17b2b","name":"Ingrid Diniz","image":{"@type":"ImageObject","inLanguage":"pt-BR","@id":"https:\/\/www.em.com.br\/emfoco\/#\/schema\/person\/image\/","url":"https:\/\/secure.gravatar.com\/avatar\/a3baa1449ec5c39b4c42babc9d4f3951?s=96&d=mm&r=g","contentUrl":"https:\/\/secure.gravatar.com\/avatar\/a3baa1449ec5c39b4c42babc9d4f3951?s=96&d=mm&r=g","caption":"Ingrid Diniz"},"sameAs":["https:\/\/www.em.com.br\/"],"url":"https:\/\/www.em.com.br\/emfoco\/author\/ingridmyth\/"}]}},"_links":{"self":[{"href":"https:\/\/www.em.com.br\/emfoco\/wp-json\/wp\/v2\/posts\/130362","targetHints":{"allow":["GET"]}}],"collection":[{"href":"https:\/\/www.em.com.br\/emfoco\/wp-json\/wp\/v2\/posts"}],"about":[{"href":"https:\/\/www.em.com.br\/emfoco\/wp-json\/wp\/v2\/types\/post"}],"author":[{"embeddable":true,"href":"https:\/\/www.em.com.br\/emfoco\/wp-json\/wp\/v2\/users\/20"}],"replies":[{"embeddable":true,"href":"https:\/\/www.em.com.br\/emfoco\/wp-json\/wp\/v2\/comments?post=130362"}],"version-history":[{"count":2,"href":"https:\/\/www.em.com.br\/emfoco\/wp-json\/wp\/v2\/posts\/130362\/revisions"}],"predecessor-version":[{"id":130598,"href":"https:\/\/www.em.com.br\/emfoco\/wp-json\/wp\/v2\/posts\/130362\/revisions\/130598"}],"wp:featuredmedia":[{"embeddable":true,"href":"https:\/\/www.em.com.br\/emfoco\/wp-json\/wp\/v2\/media\/57204"}],"wp:attachment":[{"href":"https:\/\/www.em.com.br\/emfoco\/wp-json\/wp\/v2\/media?parent=130362"}],"wp:term":[{"taxonomy":"category","embeddable":true,"href":"https:\/\/www.em.com.br\/emfoco\/wp-json\/wp\/v2\/categories?post=130362"},{"taxonomy":"post_tag","embeddable":true,"href":"https:\/\/www.em.com.br\/emfoco\/wp-json\/wp\/v2\/tags?post=130362"}],"curies":[{"name":"wp","href":"https:\/\/api.w.org\/{rel}","templated":true}]}}