{"id":130352,"date":"2025-11-22T17:35:23","date_gmt":"2025-11-22T20:35:23","guid":{"rendered":"https:\/\/www.em.com.br\/emfoco\/?p=130352"},"modified":"2025-11-21T15:42:31","modified_gmt":"2025-11-21T18:42:31","slug":"o-guia-definitivo-para-quem-ama-orquideas-mas-sempre-mata-a-planta","status":"publish","type":"post","link":"https:\/\/www.em.com.br\/emfoco\/2025\/11\/22\/o-guia-definitivo-para-quem-ama-orquideas-mas-sempre-mata-a-planta\/","title":{"rendered":"O guia definitivo para quem ama orqu\u00eddeas mas sempre mata a planta"},"content":{"rendered":"\n<p>As orqu\u00eddeas <strong>Phalaenopsis<\/strong> s\u00e3o apreciadas por sua beleza e facilidade de cultivo, tornando-se populares para quem deseja flores ex\u00f3ticas dentro de casa. Origin\u00e1rias das regi\u00f5es tropicais da <strong>\u00c1sia<\/strong>, essas orqu\u00eddeas oferecem flores vibrantes e de longa dura\u00e7\u00e3o, mas exigem cuidados espec\u00edficos para garantir florescimento regular e saud\u00e1vel.<\/p>\n\n\n\n<h2 class=\"wp-block-heading\">Como regar a orqu\u00eddea Phalaenopsis para evitar problemas?<\/h2>\n\n\n\n<p>A <strong>rega<\/strong> \u00e9 um ponto cr\u00edtico no cuidado das <strong>Phalaenopsis<\/strong>. O excesso de \u00e1gua pode provocar o apodrecimento das ra\u00edzes, comprometendo a planta. Por isso, o ideal \u00e9 regar apenas quando o substrato estiver quase seco, o que normalmente ocorre uma vez por semana em ambientes internos.<\/p>\n\n\n<div class=\"wp-block-image\">\n<figure class=\"aligncenter size-large\"><img loading=\"lazy\" decoding=\"async\" width=\"1024\" height=\"576\" src=\"https:\/\/www.em.com.br\/emfoco\/wp-content\/uploads\/2025\/10\/orquidea_1761585387942-1024x576.jpg\" alt=\"\" class=\"wp-image-119969\" srcset=\"https:\/\/www.em.com.br\/emfoco\/wp-content\/uploads\/2025\/10\/orquidea_1761585387942-1024x576.jpg 1024w, https:\/\/www.em.com.br\/emfoco\/wp-content\/uploads\/2025\/10\/orquidea_1761585387942-300x169.jpg 300w, https:\/\/www.em.com.br\/emfoco\/wp-content\/uploads\/2025\/10\/orquidea_1761585387942-768x432.jpg 768w, https:\/\/www.em.com.br\/emfoco\/wp-content\/uploads\/2025\/10\/orquidea_1761585387942-750x422.jpg 750w, https:\/\/www.em.com.br\/emfoco\/wp-content\/uploads\/2025\/10\/orquidea_1761585387942-1140x641.jpg 1140w, https:\/\/www.em.com.br\/emfoco\/wp-content\/uploads\/2025\/10\/orquidea_1761585387942.jpg 1280w\" sizes=\"auto, (max-width: 1024px) 100vw, 1024px\" \/><figcaption class=\"wp-element-caption\">orquidea &#8211; Cr\u00e9ditos: depositphotos.com \/ Myimagine<\/figcaption><\/figure><\/div>\n\n\n<p>Leia tamb\u00e9m:&nbsp;<a href=\"https:\/\/www.em.com.br\/emfoco\/2025\/11\/17\/como-criar-um-jardim-com-flores-que-atraem-abelhas-e-borboletas-e-dao-vida-ao-seu-quintal\/\" target=\"_blank\" rel=\"noopener\">Como criar um jardim com flores que atraem abelhas e borboletas e d\u00e3o vida ao seu quintal<\/a><\/p>\n\n\n\n<p>Para ajudar, observe alguns cuidados importantes durante o processo de rega:<\/p>\n\n\n\n<ul class=\"wp-block-list\">\n<li>Teste a <strong>umidade<\/strong> do substrato com o dedo \u2013 s\u00f3 regue se estiver quase seco.<\/li>\n\n\n\n<li>Use \u00e1gua sem <strong>cloro<\/strong>, em temperatura ambiente.<\/li>\n\n\n\n<li>Evite ac\u00famulo de \u00e1gua na base das folhas, prevenindo doen\u00e7as.<\/li>\n<\/ul>\n\n\n\n<h2 class=\"wp-block-heading\">Ilumina\u00e7\u00e3o adequada faz diferen\u00e7a para o florescimento?<\/h2>\n\n\n\n<p>Ambientes com luz <strong>indireta<\/strong> s\u00e3o ideais para as orqu\u00eddeas <strong>Phalaenopsis<\/strong>, pois luz solar direta pode queimar suas folhas delicadas. Pr\u00f3ximas a janelas com cortina leve ou vidro fosco, elas recebem a luminosidade filtrada ideal.<\/p>\n\n\n\n<p>No inverno ou em ambientes pouco iluminados, <strong>l\u00e2mpadas fluorescentes<\/strong> podem ser utilizadas para complementar a luz natural. Manter a temperatura entre 18\u00b0C e 30\u00b0C \u00e9 importante para simular o clima tropical dessas plantas. Umidade relativa pr\u00f3xima de 60% tamb\u00e9m contribui para um crescimento mais saud\u00e1vel.<\/p>\n\n\n\n<h2 class=\"wp-block-heading\">Quais s\u00e3o os principais cuidados ap\u00f3s a flora\u00e7\u00e3o?<\/h2>\n\n\n\n<p>O <strong>p\u00f3s-flora\u00e7\u00e3o<\/strong> \u00e9 o per\u00edodo em que a <strong>Phalaenopsis<\/strong> descansa e se prepara para a pr\u00f3xima esta\u00e7\u00e3o de flores. Nesse momento, \u00e9 necess\u00e1rio reduzir a rega e suspender temporariamente a aduba\u00e7\u00e3o para respeitar o ciclo natural da planta.<\/p>\n\n\n\n<p>Para incentivar novas flora\u00e7\u00f5es e manter a sa\u00fade do exemplar, considere:<\/p>\n\n\n\n<ul class=\"wp-block-list\">\n<li>Cortar a <strong>haste<\/strong> cerca de 2 cm acima de um n\u00f3 para estimular novas hastes.<\/li>\n\n\n\n<li>Proporcionar temperaturas mais baixas durante a noite, o que pode incentivar<br>brota\u00e7\u00f5es.<\/li>\n<\/ul>\n\n\n\n<p>Veja um v\u00eddeo abaixo do canal <a class=\"yt-simple-endpoint style-scope yt-formatted-string\" spellcheck=\"false\" href=\"https:\/\/www.youtube.com\/@MinhasPlantas\" target=\"_blank\" rel=\"noopener\">Minhas Plantas<\/a> sobre os diferentes tipos de orqu\u00eddeas:<\/p>\n\n\n\n<figure class=\"wp-block-embed is-type-video is-provider-youtube wp-block-embed-youtube wp-embed-aspect-16-9 wp-has-aspect-ratio\"><div class=\"wp-block-embed__wrapper\">\n<div class=\"jeg_video_container jeg_video_content\"><iframe loading=\"lazy\" title=\"3 TIPOS de ORQU\u00cdDEA PHALAENOPSIS\" width=\"500\" height=\"281\" src=\"https:\/\/www.youtube.com\/embed\/mXXpLQJ8Jys?feature=oembed\" frameborder=\"0\" allow=\"accelerometer; autoplay; clipboard-write; encrypted-media; gyroscope; picture-in-picture; web-share\" referrerpolicy=\"strict-origin-when-cross-origin\" allowfullscreen><\/iframe><\/div>\n<\/div><\/figure>\n\n\n\n<h2 class=\"wp-block-heading\">A fertiliza\u00e7\u00e3o correta \u00e9 essencial para um bom crescimento?<\/h2>\n\n\n\n<p>Durante o <strong>crescimento<\/strong> ativo da orqu\u00eddea, a fertiliza\u00e7\u00e3o tem papel fundamental. Utilize fertilizantes espec\u00edficos a cada duas semanas, sempre dilu\u00eddos conforme indicado na embalagem. Produtos ricos em <strong>nitrog\u00eanio<\/strong> s\u00e3o melhores para folhas, enquanto os com mais f\u00f3sforo ajudam a florescer.<\/p>\n\n\n\n<p>Evite o excesso, pois fertilizar al\u00e9m do necess\u00e1rio pode prejudicar a planta. Monitorar o <strong>desenvolvimento<\/strong> e adequar a frequ\u00eancia \u00e9 a chave para manter <strong>Phalaenopsis<\/strong> saud\u00e1veis e floridas.<\/p>\n\n\n\n<p>Cuidar de uma orqu\u00eddea <strong>Phalaenopsis<\/strong> pode parecer desafiador no in\u00edcio, mas ao compreender suas necessidades de rega, luz e nutri\u00e7\u00e3o, a experi\u00eancia se torna prazerosa e recompensadora. Com aten\u00e7\u00e3o e dedica\u00e7\u00e3o, \u00e9 poss\u00edvel desfrutar de flores belas ano ap\u00f3s ano, valorizando o ambiente com <strong>eleg\u00e2ncia<\/strong> e um toque de natureza.<\/p>\n","protected":false},"excerpt":{"rendered":"<p>As orqu\u00eddeas Phalaenopsis s\u00e3o apreciadas por sua beleza e facilidade de cultivo, tornando-se populares para quem deseja flores ex\u00f3ticas dentro de casa. Origin\u00e1rias das regi\u00f5es tropicais da \u00c1sia, essas orqu\u00eddeas oferecem flores vibrantes e de longa dura\u00e7\u00e3o, mas exigem cuidados espec\u00edficos para garantir florescimento regular e saud\u00e1vel. Como regar a orqu\u00eddea Phalaenopsis para evitar problemas? [&hellip;]<\/p>\n","protected":false},"author":9,"featured_media":130417,"comment_status":"open","ping_status":"open","sticky":false,"template":"","format":"standard","meta":{"jnews-multi-image_gallery":[],"jnews_single_post":{"format":"standard"},"jnews_primary_category":[],"jnews_social_meta":[],"jnews_override_counter":[],"footnotes":""},"categories":[8691,8819,1],"tags":[7701,3357,3356],"class_list":["post-130352","post","type-post","status-publish","format-standard","has-post-thumbnail","hentry","category-bem-estar","category-curiosidades","category-noticias","tag-como-plantar","tag-flores","tag-orquidea"],"yoast_head":"<!-- This site is optimized with the Yoast SEO plugin v23.8 - https:\/\/yoast.com\/wordpress\/plugins\/seo\/ -->\n<title>O guia definitivo para quem ama orqu\u00eddeas mas sempre mata a planta - Estado de Minas - Em foco<\/title>\n<meta name=\"description\" content=\"A orqu\u00eddea phalaenopsis exige luz indireta e substrato espec\u00edfico. Entenda a rega e a poda para garantir flores duradouras.\" \/>\n<meta name=\"robots\" content=\"index, follow, max-snippet:-1, max-image-preview:large, max-video-preview:-1\" \/>\n<link rel=\"canonical\" href=\"https:\/\/www.em.com.br\/emfoco\/2025\/11\/22\/o-guia-definitivo-para-quem-ama-orquideas-mas-sempre-mata-a-planta\/\" \/>\n<meta property=\"og:locale\" content=\"pt_BR\" \/>\n<meta property=\"og:type\" content=\"article\" \/>\n<meta property=\"og:title\" content=\"O guia definitivo para quem ama orqu\u00eddeas mas sempre mata a planta - Estado de Minas - Em foco\" \/>\n<meta property=\"og:description\" content=\"A orqu\u00eddea phalaenopsis exige luz indireta e substrato espec\u00edfico. Entenda a rega e a poda para garantir flores duradouras.\" \/>\n<meta property=\"og:url\" content=\"https:\/\/www.em.com.br\/emfoco\/2025\/11\/22\/o-guia-definitivo-para-quem-ama-orquideas-mas-sempre-mata-a-planta\/\" \/>\n<meta property=\"og:site_name\" content=\"Estado de Minas - Em foco\" \/>\n<meta property=\"article:published_time\" content=\"2025-11-22T20:35:23+00:00\" \/>\n<meta property=\"article:modified_time\" content=\"2025-11-21T18:42:31+00:00\" \/>\n<meta property=\"og:image\" content=\"https:\/\/www.em.com.br\/emfoco\/wp-content\/uploads\/2025\/11\/orquidea-Phalaenopsis_1763745585617.jpg\" \/>\n\t<meta property=\"og:image:width\" content=\"1280\" \/>\n\t<meta property=\"og:image:height\" content=\"720\" \/>\n\t<meta property=\"og:image:type\" content=\"image\/jpeg\" \/>\n<meta name=\"author\" content=\"Daniely Cardoso\" \/>\n<meta name=\"twitter:card\" content=\"summary_large_image\" \/>\n<meta name=\"twitter:label1\" content=\"Escrito por\" \/>\n\t<meta name=\"twitter:data1\" content=\"Daniely Cardoso\" \/>\n\t<meta name=\"twitter:label2\" content=\"Est. tempo de leitura\" \/>\n\t<meta name=\"twitter:data2\" content=\"4 minutos\" \/>\n<!-- \/ Yoast SEO plugin. -->","yoast_head_json":{"title":"O guia definitivo para quem ama orqu\u00eddeas mas sempre mata a planta - Estado de Minas - Em foco","description":"A orqu\u00eddea phalaenopsis exige luz indireta e substrato espec\u00edfico. Entenda a rega e a poda para garantir flores duradouras.","robots":{"index":"index","follow":"follow","max-snippet":"max-snippet:-1","max-image-preview":"max-image-preview:large","max-video-preview":"max-video-preview:-1"},"canonical":"https:\/\/www.em.com.br\/emfoco\/2025\/11\/22\/o-guia-definitivo-para-quem-ama-orquideas-mas-sempre-mata-a-planta\/","og_locale":"pt_BR","og_type":"article","og_title":"O guia definitivo para quem ama orqu\u00eddeas mas sempre mata a planta - Estado de Minas - Em foco","og_description":"A orqu\u00eddea phalaenopsis exige luz indireta e substrato espec\u00edfico. Entenda a rega e a poda para garantir flores duradouras.","og_url":"https:\/\/www.em.com.br\/emfoco\/2025\/11\/22\/o-guia-definitivo-para-quem-ama-orquideas-mas-sempre-mata-a-planta\/","og_site_name":"Estado de Minas - Em foco","article_published_time":"2025-11-22T20:35:23+00:00","article_modified_time":"2025-11-21T18:42:31+00:00","og_image":[{"width":1280,"height":720,"url":"https:\/\/www.em.com.br\/emfoco\/wp-content\/uploads\/2025\/11\/orquidea-Phalaenopsis_1763745585617.jpg","type":"image\/jpeg"}],"author":"Daniely Cardoso","twitter_card":"summary_large_image","twitter_misc":{"Escrito por":"Daniely Cardoso","Est. tempo de leitura":"4 minutos"},"schema":{"@context":"https:\/\/schema.org","@graph":[{"@type":"WebPage","@id":"https:\/\/www.em.com.br\/emfoco\/2025\/11\/22\/o-guia-definitivo-para-quem-ama-orquideas-mas-sempre-mata-a-planta\/","url":"https:\/\/www.em.com.br\/emfoco\/2025\/11\/22\/o-guia-definitivo-para-quem-ama-orquideas-mas-sempre-mata-a-planta\/","name":"O guia definitivo para quem ama orqu\u00eddeas mas sempre mata a planta - Estado de Minas - Em foco","isPartOf":{"@id":"https:\/\/www.em.com.br\/emfoco\/#website"},"primaryImageOfPage":{"@id":"https:\/\/www.em.com.br\/emfoco\/2025\/11\/22\/o-guia-definitivo-para-quem-ama-orquideas-mas-sempre-mata-a-planta\/#primaryimage"},"image":{"@id":"https:\/\/www.em.com.br\/emfoco\/2025\/11\/22\/o-guia-definitivo-para-quem-ama-orquideas-mas-sempre-mata-a-planta\/#primaryimage"},"thumbnailUrl":"https:\/\/www.em.com.br\/emfoco\/wp-content\/uploads\/2025\/11\/orquidea-Phalaenopsis_1763745585617.jpg","datePublished":"2025-11-22T20:35:23+00:00","dateModified":"2025-11-21T18:42:31+00:00","author":{"@id":"https:\/\/www.em.com.br\/emfoco\/#\/schema\/person\/0a8186d72f2c3a5c6276d90b41f271a0"},"description":"A orqu\u00eddea phalaenopsis exige luz indireta e substrato espec\u00edfico. Entenda a rega e a poda para garantir flores duradouras.","breadcrumb":{"@id":"https:\/\/www.em.com.br\/emfoco\/2025\/11\/22\/o-guia-definitivo-para-quem-ama-orquideas-mas-sempre-mata-a-planta\/#breadcrumb"},"inLanguage":"pt-BR","potentialAction":[{"@type":"ReadAction","target":["https:\/\/www.em.com.br\/emfoco\/2025\/11\/22\/o-guia-definitivo-para-quem-ama-orquideas-mas-sempre-mata-a-planta\/"]}]},{"@type":"ImageObject","inLanguage":"pt-BR","@id":"https:\/\/www.em.com.br\/emfoco\/2025\/11\/22\/o-guia-definitivo-para-quem-ama-orquideas-mas-sempre-mata-a-planta\/#primaryimage","url":"https:\/\/www.em.com.br\/emfoco\/wp-content\/uploads\/2025\/11\/orquidea-Phalaenopsis_1763745585617.jpg","contentUrl":"https:\/\/www.em.com.br\/emfoco\/wp-content\/uploads\/2025\/11\/orquidea-Phalaenopsis_1763745585617.jpg","width":1280,"height":720,"caption":"A rega por imers\u00e3o \u00e9 quando voc\u00ea mergulha o vaso da orqu\u00eddea em um recipiente com \u00e1gua limpa por alguns minutos - Cr\u00e9ditos: depositphotos.com \/ serezniy"},{"@type":"BreadcrumbList","@id":"https:\/\/www.em.com.br\/emfoco\/2025\/11\/22\/o-guia-definitivo-para-quem-ama-orquideas-mas-sempre-mata-a-planta\/#breadcrumb","itemListElement":[{"@type":"ListItem","position":1,"name":"In\u00edcio","item":"https:\/\/www.em.com.br\/emfoco\/"},{"@type":"ListItem","position":2,"name":"O guia definitivo para quem ama orqu\u00eddeas mas sempre mata a planta"}]},{"@type":"WebSite","@id":"https:\/\/www.em.com.br\/emfoco\/#website","url":"https:\/\/www.em.com.br\/emfoco\/","name":"Estado de Minas - Em foco","description":"Acompanhe as \u00faltimas not\u00edcias e fique bem informado sobre tudo o que acontece em Minas Gerais, Brasil e no mundo.","potentialAction":[{"@type":"SearchAction","target":{"@type":"EntryPoint","urlTemplate":"https:\/\/www.em.com.br\/emfoco\/?s={search_term_string}"},"query-input":{"@type":"PropertyValueSpecification","valueRequired":true,"valueName":"search_term_string"}}],"inLanguage":"pt-BR"},{"@type":"Person","@id":"https:\/\/www.em.com.br\/emfoco\/#\/schema\/person\/0a8186d72f2c3a5c6276d90b41f271a0","name":"Daniely Cardoso","image":{"@type":"ImageObject","inLanguage":"pt-BR","@id":"https:\/\/www.em.com.br\/emfoco\/#\/schema\/person\/image\/","url":"https:\/\/secure.gravatar.com\/avatar\/4b80ddbd124d1f071b626d52d62e5dff?s=96&d=mm&r=g","contentUrl":"https:\/\/secure.gravatar.com\/avatar\/4b80ddbd124d1f071b626d52d62e5dff?s=96&d=mm&r=g","caption":"Daniely Cardoso"},"url":"https:\/\/www.em.com.br\/emfoco\/author\/danielymyth\/"}]}},"_links":{"self":[{"href":"https:\/\/www.em.com.br\/emfoco\/wp-json\/wp\/v2\/posts\/130352","targetHints":{"allow":["GET"]}}],"collection":[{"href":"https:\/\/www.em.com.br\/emfoco\/wp-json\/wp\/v2\/posts"}],"about":[{"href":"https:\/\/www.em.com.br\/emfoco\/wp-json\/wp\/v2\/types\/post"}],"author":[{"embeddable":true,"href":"https:\/\/www.em.com.br\/emfoco\/wp-json\/wp\/v2\/users\/9"}],"replies":[{"embeddable":true,"href":"https:\/\/www.em.com.br\/emfoco\/wp-json\/wp\/v2\/comments?post=130352"}],"version-history":[{"count":4,"href":"https:\/\/www.em.com.br\/emfoco\/wp-json\/wp\/v2\/posts\/130352\/revisions"}],"predecessor-version":[{"id":130459,"href":"https:\/\/www.em.com.br\/emfoco\/wp-json\/wp\/v2\/posts\/130352\/revisions\/130459"}],"wp:featuredmedia":[{"embeddable":true,"href":"https:\/\/www.em.com.br\/emfoco\/wp-json\/wp\/v2\/media\/130417"}],"wp:attachment":[{"href":"https:\/\/www.em.com.br\/emfoco\/wp-json\/wp\/v2\/media?parent=130352"}],"wp:term":[{"taxonomy":"category","embeddable":true,"href":"https:\/\/www.em.com.br\/emfoco\/wp-json\/wp\/v2\/categories?post=130352"},{"taxonomy":"post_tag","embeddable":true,"href":"https:\/\/www.em.com.br\/emfoco\/wp-json\/wp\/v2\/tags?post=130352"}],"curies":[{"name":"wp","href":"https:\/\/api.w.org\/{rel}","templated":true}]}}