{"id":130341,"date":"2025-11-22T22:05:47","date_gmt":"2025-11-23T01:05:47","guid":{"rendered":"https:\/\/www.em.com.br\/emfoco\/?p=130341"},"modified":"2025-11-21T15:48:26","modified_gmt":"2025-11-21T18:48:26","slug":"por-que-gastar-com-cremes-caros-nao-adianta-se-voce-nao-sabe-o-seu-tipo-de-fio","status":"publish","type":"post","link":"https:\/\/www.em.com.br\/emfoco\/2025\/11\/22\/por-que-gastar-com-cremes-caros-nao-adianta-se-voce-nao-sabe-o-seu-tipo-de-fio\/","title":{"rendered":"Por que gastar com cremes caros n\u00e3o adianta se voc\u00ea n\u00e3o sabe o seu tipo de fio"},"content":{"rendered":"\n<p>Compreender o <strong>tipo de cabelo<\/strong> \u00e9 essencial para selecionar cuidados e produtos que realmente funcionam para as suas necessidades, contribuindo de forma significativa para a <strong>sa\u00fade capilar<\/strong> ao longo do tempo.<\/p>\n\n\n\n<h2 class=\"wp-block-heading\">Quais s\u00e3o os diferentes tipos de cabelo e como essa classifica\u00e7\u00e3o influencia nos cuidados?<\/h2>\n\n\n\n<p>A classifica\u00e7\u00e3o dos tipos de cabelo ajuda a orientar as escolhas referentes \u00e0 <strong>rotina de cuidados<\/strong> e \u00e0 sele\u00e7\u00e3o de produtos espec\u00edficos. Saber diferenciar <strong>texturas<\/strong>, padr\u00f5es de ondula\u00e7\u00e3o e necessidades \u00e9 crucial para garantir fios bonitos e saud\u00e1veis.<\/p>\n\n\n\n<p>Os especialistas costumam dividir os cabelos em quatro grupos principais e diversas <strong>subcategorias<\/strong>, permitindo uma abordagem mais personalizada. Confira a seguir os tipos principais:<\/p>\n\n\n\n<ul class=\"wp-block-list\">\n<li><strong>Tipo 1:<\/strong> Cabelos <strong>lisos<\/strong>, naturalmente alinhados e sem ondas.<\/li>\n\n\n\n<li><strong>Tipo 2:<\/strong> Cabelos <strong>ondulados<\/strong>, que apresentam curvaturas leves a marcantes.<\/li>\n\n\n\n<li><strong>Tipo 3:<\/strong> Cabelos cacheados, com <strong>cachos<\/strong> bem definidos e tend\u00eancia \u00e0 fragilidade.<\/li>\n\n\n\n<li><strong>Tipo 4:<\/strong> Cabelos <strong>crespos<\/strong>, volumosos e com cachos muito fechados e densos.<\/li>\n<\/ul>\n\n\n<div class=\"wp-block-image\">\n<figure class=\"aligncenter size-large\"><img loading=\"lazy\" decoding=\"async\" width=\"1024\" height=\"576\" src=\"https:\/\/www.em.com.br\/emfoco\/wp-content\/uploads\/2025\/03\/cabelo-cacheado_1741182045969-1024x576.jpg\" alt=\"3 cremes acess\u00edveis que transformam seus cachos em ondas perfeitas\" class=\"wp-image-25520\" srcset=\"https:\/\/www.em.com.br\/emfoco\/wp-content\/uploads\/2025\/03\/cabelo-cacheado_1741182045969-1024x576.jpg 1024w, https:\/\/www.em.com.br\/emfoco\/wp-content\/uploads\/2025\/03\/cabelo-cacheado_1741182045969-300x169.jpg 300w, https:\/\/www.em.com.br\/emfoco\/wp-content\/uploads\/2025\/03\/cabelo-cacheado_1741182045969-768x432.jpg 768w, https:\/\/www.em.com.br\/emfoco\/wp-content\/uploads\/2025\/03\/cabelo-cacheado_1741182045969-750x422.jpg 750w, https:\/\/www.em.com.br\/emfoco\/wp-content\/uploads\/2025\/03\/cabelo-cacheado_1741182045969-1140x641.jpg 1140w, https:\/\/www.em.com.br\/emfoco\/wp-content\/uploads\/2025\/03\/cabelo-cacheado_1741182045969.jpg 1280w\" sizes=\"auto, (max-width: 1024px) 100vw, 1024px\" \/><figcaption class=\"wp-element-caption\">Para reconhecer o seu tipo de cabelo, \u00e9 fundamental observar a textura e a forma naturais dos fio &#8211; Cr\u00e9ditos: depositphotos.com \/ IgorVetushko<\/figcaption><\/figure><\/div>\n\n\n<p>Leia tamb\u00e9m:&nbsp;<a href=\"https:\/\/www.em.com.br\/emfoco\/2025\/11\/20\/a-planta-milagrosa-que-renova-a-pele-e-ainda-deixa-o-cabelo-mais-forte-e-hidratado\/\" target=\"_blank\" rel=\"noopener\">A planta milagrosa que renova a pele e ainda deixa o cabelo mais forte e hidratado<\/a><\/p>\n\n\n\n<h2 class=\"wp-block-heading\">Como identificar qual \u00e9 o seu tipo de cabelo corretamente?<\/h2>\n\n\n\n<p>Para reconhecer o seu <strong>tipo<\/strong> de cabelo, \u00e9 fundamental observar a <strong>textura<\/strong> e a forma naturais dos fios sempre que eles estiverem limpos e livres de produtos. Esta an\u00e1lise deve ser feita com o cabelo totalmente seco, pois produtos e umidade alteram a apar\u00eancia original.<\/p>\n\n\n\n<iframe loading=\"lazy\" src=\"https:\/\/assets.pinterest.com\/ext\/embed.html?id=64105994690576771\" height=\"575\" width=\"345\" frameborder=\"0\" scrolling=\"no\" ><\/iframe>\n\n\n\n<p>Observe atentamente o comportamento dos seus fios e siga um passo a passo para chegar \u00e0 resposta. Experimente o seguinte <strong>m\u00e9todo<\/strong> para facilitar a identifica\u00e7\u00e3o:<\/p>\n\n\n\n<ol class=\"wp-block-list\">\n<li>Lave os fios e deixe-os secar naturalmente, sem aplicar qualquer <strong>produto<\/strong>.<\/li>\n\n\n\n<li>Verifique se os fios s\u00e3o retos, formam ondas, cachos ou <strong>crespos<\/strong> apertados.<\/li>\n\n\n\n<li>Observe tamb\u00e9m se h\u00e1 tend\u00eancia a <strong>frizz<\/strong>, volume e como fica a defini\u00e7\u00e3o do cabelo.<\/li>\n<\/ol>\n\n\n\n<p>Veja um v\u00eddeo abaixo de como descobrir seu tipo de cabelo pelo canal <a class=\"yt-simple-endpoint style-scope yt-formatted-string\" spellcheck=\"false\" href=\"https:\/\/www.youtube.com\/@aceiteseuscachos\" target=\"_blank\" rel=\"noopener\">Aceite seus Cachos :<\/a><\/p>\n\n\n\n<figure class=\"wp-block-embed is-type-video is-provider-youtube wp-block-embed-youtube wp-embed-aspect-16-9 wp-has-aspect-ratio\"><div class=\"wp-block-embed__wrapper\">\n<div class=\"jeg_video_container jeg_video_content\"><iframe loading=\"lazy\" title=\"TIPOS DE CABELO: Teste R\u00c1PIDO Revela seu Tipo de Cabelo! {Com Exemplos}\" width=\"500\" height=\"281\" src=\"https:\/\/www.youtube.com\/embed\/znF_POp8igw?feature=oembed\" frameborder=\"0\" allow=\"accelerometer; autoplay; clipboard-write; encrypted-media; gyroscope; picture-in-picture; web-share\" referrerpolicy=\"strict-origin-when-cross-origin\" allowfullscreen><\/iframe><\/div>\n<\/div><\/figure>\n\n\n\n<h2 class=\"wp-block-heading\">Quais cuidados cada tipo de cabelo exige na rotina de beleza?<\/h2>\n\n\n\n<p>Ap\u00f3s reconhecer seu <strong>tipo de cabelo<\/strong>, voc\u00ea poder\u00e1 ajustar a rotina de beleza e <strong>sa\u00fade capilar<\/strong> para obter melhores resultados. Cada tipo possui necessidades pr\u00f3prias quanto \u00e0 hidrata\u00e7\u00e3o, leveza e defini\u00e7\u00e3o dos fios.<\/p>\n\n\n\n<p>Veja a seguir quais <strong>cuidados<\/strong> s\u00e3o recomendados para cada categoria de cabelo e quais tipos de <strong>produtos<\/strong> podem potencializar a beleza natural:<\/p>\n\n\n\n<ul class=\"wp-block-list\">\n<li><strong>Tipo 1:<\/strong> Prefira produtos <strong>leves<\/strong> e evite f\u00f3rmulas oleosas ou pesadas, para n\u00e3o deixar os fios com aspecto pesado.<\/li>\n\n\n\n<li><strong>Tipo 2:<\/strong> Invista em <strong>cremes modeladores<\/strong> leves, que realcem as ondas e mantenham a leveza.<\/li>\n\n\n\n<li><strong>Tipo 3:<\/strong> Mantenha uma rotina de <strong>hidrata\u00e7\u00e3o<\/strong> frequente para preservar cachos definidos e nutridos.<\/li>\n\n\n\n<li><strong>Tipo 4:<\/strong> Aposte em produtos <strong>ultra-hidratantes<\/strong> e que proporcionem defini\u00e7\u00e3o eficaz, reduzindo o frizz.<\/li>\n<\/ul>\n\n\n\n<p>Observe as <strong>rea\u00e7\u00f5es<\/strong> do cabelo ao longo das esta\u00e7\u00f5es e <strong>altera\u00e7\u00f5es hormonais<\/strong>, adaptando sempre os cuidados conforme necess\u00e1rio para garantir fios sempre saud\u00e1veis e bonitos.<\/p>\n","protected":false},"excerpt":{"rendered":"<p>Compreender o tipo de cabelo \u00e9 essencial para selecionar cuidados e produtos que realmente funcionam para as suas necessidades, contribuindo de forma significativa para a sa\u00fade capilar ao longo do tempo. Quais s\u00e3o os diferentes tipos de cabelo e como essa classifica\u00e7\u00e3o influencia nos cuidados? A classifica\u00e7\u00e3o dos tipos de cabelo ajuda a orientar as [&hellip;]<\/p>\n","protected":false},"author":9,"featured_media":120728,"comment_status":"open","ping_status":"open","sticky":false,"template":"","format":"standard","meta":{"jnews-multi-image_gallery":[],"jnews_single_post":{"format":"standard"},"jnews_primary_category":[],"jnews_social_meta":[],"jnews_override_counter":[],"footnotes":""},"categories":[8691,8819,1],"tags":[712,2616,19154],"class_list":["post-130341","post","type-post","status-publish","format-standard","has-post-thumbnail","hentry","category-bem-estar","category-curiosidades","category-noticias","tag-autocuidado","tag-beleza","tag-tipo-de-cabelo"],"yoast_head":"<!-- This site is optimized with the Yoast SEO plugin v23.8 - https:\/\/yoast.com\/wordpress\/plugins\/seo\/ -->\n<title>Por que gastar com cremes caros n\u00e3o adianta se voc\u00ea n\u00e3o sabe o seu tipo de fio - Estado de Minas - Em foco<\/title>\n<meta name=\"description\" content=\"Identificar seu tipo de cabelo \u00e9 vital para a sa\u00fade dos fios. Fa\u00e7a o teste da secagem natural e descubra os produtos ideais para sua textura.\" \/>\n<meta name=\"robots\" content=\"index, follow, max-snippet:-1, max-image-preview:large, max-video-preview:-1\" \/>\n<link rel=\"canonical\" href=\"https:\/\/www.em.com.br\/emfoco\/2025\/11\/22\/por-que-gastar-com-cremes-caros-nao-adianta-se-voce-nao-sabe-o-seu-tipo-de-fio\/\" \/>\n<meta property=\"og:locale\" content=\"pt_BR\" \/>\n<meta property=\"og:type\" content=\"article\" \/>\n<meta property=\"og:title\" content=\"Por que gastar com cremes caros n\u00e3o adianta se voc\u00ea n\u00e3o sabe o seu tipo de fio - Estado de Minas - Em foco\" \/>\n<meta property=\"og:description\" content=\"Identificar seu tipo de cabelo \u00e9 vital para a sa\u00fade dos fios. Fa\u00e7a o teste da secagem natural e descubra os produtos ideais para sua textura.\" \/>\n<meta property=\"og:url\" content=\"https:\/\/www.em.com.br\/emfoco\/2025\/11\/22\/por-que-gastar-com-cremes-caros-nao-adianta-se-voce-nao-sabe-o-seu-tipo-de-fio\/\" \/>\n<meta property=\"og:site_name\" content=\"Estado de Minas - Em foco\" \/>\n<meta property=\"article:published_time\" content=\"2025-11-23T01:05:47+00:00\" \/>\n<meta property=\"article:modified_time\" content=\"2025-11-21T18:48:26+00:00\" \/>\n<meta property=\"og:image\" content=\"https:\/\/www.em.com.br\/emfoco\/wp-content\/uploads\/2025\/10\/mascara-capilar_1761709305901.jpg\" \/>\n\t<meta property=\"og:image:width\" content=\"1280\" \/>\n\t<meta property=\"og:image:height\" content=\"720\" \/>\n\t<meta property=\"og:image:type\" content=\"image\/jpeg\" \/>\n<meta name=\"author\" content=\"Daniely Cardoso\" \/>\n<meta name=\"twitter:card\" content=\"summary_large_image\" \/>\n<meta name=\"twitter:label1\" content=\"Escrito por\" \/>\n\t<meta name=\"twitter:data1\" content=\"Daniely Cardoso\" \/>\n\t<meta name=\"twitter:label2\" content=\"Est. tempo de leitura\" \/>\n\t<meta name=\"twitter:data2\" content=\"4 minutos\" \/>\n<!-- \/ Yoast SEO plugin. -->","yoast_head_json":{"title":"Por que gastar com cremes caros n\u00e3o adianta se voc\u00ea n\u00e3o sabe o seu tipo de fio - Estado de Minas - Em foco","description":"Identificar seu tipo de cabelo \u00e9 vital para a sa\u00fade dos fios. Fa\u00e7a o teste da secagem natural e descubra os produtos ideais para sua textura.","robots":{"index":"index","follow":"follow","max-snippet":"max-snippet:-1","max-image-preview":"max-image-preview:large","max-video-preview":"max-video-preview:-1"},"canonical":"https:\/\/www.em.com.br\/emfoco\/2025\/11\/22\/por-que-gastar-com-cremes-caros-nao-adianta-se-voce-nao-sabe-o-seu-tipo-de-fio\/","og_locale":"pt_BR","og_type":"article","og_title":"Por que gastar com cremes caros n\u00e3o adianta se voc\u00ea n\u00e3o sabe o seu tipo de fio - Estado de Minas - Em foco","og_description":"Identificar seu tipo de cabelo \u00e9 vital para a sa\u00fade dos fios. Fa\u00e7a o teste da secagem natural e descubra os produtos ideais para sua textura.","og_url":"https:\/\/www.em.com.br\/emfoco\/2025\/11\/22\/por-que-gastar-com-cremes-caros-nao-adianta-se-voce-nao-sabe-o-seu-tipo-de-fio\/","og_site_name":"Estado de Minas - Em foco","article_published_time":"2025-11-23T01:05:47+00:00","article_modified_time":"2025-11-21T18:48:26+00:00","og_image":[{"width":1280,"height":720,"url":"https:\/\/www.em.com.br\/emfoco\/wp-content\/uploads\/2025\/10\/mascara-capilar_1761709305901.jpg","type":"image\/jpeg"}],"author":"Daniely Cardoso","twitter_card":"summary_large_image","twitter_misc":{"Escrito por":"Daniely Cardoso","Est. tempo de leitura":"4 minutos"},"schema":{"@context":"https:\/\/schema.org","@graph":[{"@type":"WebPage","@id":"https:\/\/www.em.com.br\/emfoco\/2025\/11\/22\/por-que-gastar-com-cremes-caros-nao-adianta-se-voce-nao-sabe-o-seu-tipo-de-fio\/","url":"https:\/\/www.em.com.br\/emfoco\/2025\/11\/22\/por-que-gastar-com-cremes-caros-nao-adianta-se-voce-nao-sabe-o-seu-tipo-de-fio\/","name":"Por que gastar com cremes caros n\u00e3o adianta se voc\u00ea n\u00e3o sabe o seu tipo de fio - Estado de Minas - Em foco","isPartOf":{"@id":"https:\/\/www.em.com.br\/emfoco\/#website"},"primaryImageOfPage":{"@id":"https:\/\/www.em.com.br\/emfoco\/2025\/11\/22\/por-que-gastar-com-cremes-caros-nao-adianta-se-voce-nao-sabe-o-seu-tipo-de-fio\/#primaryimage"},"image":{"@id":"https:\/\/www.em.com.br\/emfoco\/2025\/11\/22\/por-que-gastar-com-cremes-caros-nao-adianta-se-voce-nao-sabe-o-seu-tipo-de-fio\/#primaryimage"},"thumbnailUrl":"https:\/\/www.em.com.br\/emfoco\/wp-content\/uploads\/2025\/10\/mascara-capilar_1761709305901.jpg","datePublished":"2025-11-23T01:05:47+00:00","dateModified":"2025-11-21T18:48:26+00:00","author":{"@id":"https:\/\/www.em.com.br\/emfoco\/#\/schema\/person\/0a8186d72f2c3a5c6276d90b41f271a0"},"description":"Identificar seu tipo de cabelo \u00e9 vital para a sa\u00fade dos fios. Fa\u00e7a o teste da secagem natural e descubra os produtos ideais para sua textura.","breadcrumb":{"@id":"https:\/\/www.em.com.br\/emfoco\/2025\/11\/22\/por-que-gastar-com-cremes-caros-nao-adianta-se-voce-nao-sabe-o-seu-tipo-de-fio\/#breadcrumb"},"inLanguage":"pt-BR","potentialAction":[{"@type":"ReadAction","target":["https:\/\/www.em.com.br\/emfoco\/2025\/11\/22\/por-que-gastar-com-cremes-caros-nao-adianta-se-voce-nao-sabe-o-seu-tipo-de-fio\/"]}]},{"@type":"ImageObject","inLanguage":"pt-BR","@id":"https:\/\/www.em.com.br\/emfoco\/2025\/11\/22\/por-que-gastar-com-cremes-caros-nao-adianta-se-voce-nao-sabe-o-seu-tipo-de-fio\/#primaryimage","url":"https:\/\/www.em.com.br\/emfoco\/wp-content\/uploads\/2025\/10\/mascara-capilar_1761709305901.jpg","contentUrl":"https:\/\/www.em.com.br\/emfoco\/wp-content\/uploads\/2025\/10\/mascara-capilar_1761709305901.jpg","width":1280,"height":720,"caption":"cuidado com os cabelos \u00e9 uma preocupa\u00e7\u00e3o comum em todas as idades - Cr\u00e9ditos: depositphotos.com \/ sergio_pulp"},{"@type":"BreadcrumbList","@id":"https:\/\/www.em.com.br\/emfoco\/2025\/11\/22\/por-que-gastar-com-cremes-caros-nao-adianta-se-voce-nao-sabe-o-seu-tipo-de-fio\/#breadcrumb","itemListElement":[{"@type":"ListItem","position":1,"name":"In\u00edcio","item":"https:\/\/www.em.com.br\/emfoco\/"},{"@type":"ListItem","position":2,"name":"Por que gastar com cremes caros n\u00e3o adianta se voc\u00ea n\u00e3o sabe o seu tipo de fio"}]},{"@type":"WebSite","@id":"https:\/\/www.em.com.br\/emfoco\/#website","url":"https:\/\/www.em.com.br\/emfoco\/","name":"Estado de Minas - Em foco","description":"Acompanhe as \u00faltimas not\u00edcias e fique bem informado sobre tudo o que acontece em Minas Gerais, Brasil e no mundo.","potentialAction":[{"@type":"SearchAction","target":{"@type":"EntryPoint","urlTemplate":"https:\/\/www.em.com.br\/emfoco\/?s={search_term_string}"},"query-input":{"@type":"PropertyValueSpecification","valueRequired":true,"valueName":"search_term_string"}}],"inLanguage":"pt-BR"},{"@type":"Person","@id":"https:\/\/www.em.com.br\/emfoco\/#\/schema\/person\/0a8186d72f2c3a5c6276d90b41f271a0","name":"Daniely Cardoso","image":{"@type":"ImageObject","inLanguage":"pt-BR","@id":"https:\/\/www.em.com.br\/emfoco\/#\/schema\/person\/image\/","url":"https:\/\/secure.gravatar.com\/avatar\/4b80ddbd124d1f071b626d52d62e5dff?s=96&d=mm&r=g","contentUrl":"https:\/\/secure.gravatar.com\/avatar\/4b80ddbd124d1f071b626d52d62e5dff?s=96&d=mm&r=g","caption":"Daniely Cardoso"},"url":"https:\/\/www.em.com.br\/emfoco\/author\/danielymyth\/"}]}},"_links":{"self":[{"href":"https:\/\/www.em.com.br\/emfoco\/wp-json\/wp\/v2\/posts\/130341","targetHints":{"allow":["GET"]}}],"collection":[{"href":"https:\/\/www.em.com.br\/emfoco\/wp-json\/wp\/v2\/posts"}],"about":[{"href":"https:\/\/www.em.com.br\/emfoco\/wp-json\/wp\/v2\/types\/post"}],"author":[{"embeddable":true,"href":"https:\/\/www.em.com.br\/emfoco\/wp-json\/wp\/v2\/users\/9"}],"replies":[{"embeddable":true,"href":"https:\/\/www.em.com.br\/emfoco\/wp-json\/wp\/v2\/comments?post=130341"}],"version-history":[{"count":3,"href":"https:\/\/www.em.com.br\/emfoco\/wp-json\/wp\/v2\/posts\/130341\/revisions"}],"predecessor-version":[{"id":130469,"href":"https:\/\/www.em.com.br\/emfoco\/wp-json\/wp\/v2\/posts\/130341\/revisions\/130469"}],"wp:featuredmedia":[{"embeddable":true,"href":"https:\/\/www.em.com.br\/emfoco\/wp-json\/wp\/v2\/media\/120728"}],"wp:attachment":[{"href":"https:\/\/www.em.com.br\/emfoco\/wp-json\/wp\/v2\/media?parent=130341"}],"wp:term":[{"taxonomy":"category","embeddable":true,"href":"https:\/\/www.em.com.br\/emfoco\/wp-json\/wp\/v2\/categories?post=130341"},{"taxonomy":"post_tag","embeddable":true,"href":"https:\/\/www.em.com.br\/emfoco\/wp-json\/wp\/v2\/tags?post=130341"}],"curies":[{"name":"wp","href":"https:\/\/api.w.org\/{rel}","templated":true}]}}