{"id":13032,"date":"2025-02-03T15:20:00","date_gmt":"2025-02-03T18:20:00","guid":{"rendered":"https:\/\/www.em.com.br\/emfoco\/?p=13032"},"modified":"2025-01-31T23:03:39","modified_gmt":"2025-02-01T02:03:39","slug":"esse-e-o-ponto-turistico-perfeito-para-aventureiros","status":"publish","type":"post","link":"https:\/\/www.em.com.br\/emfoco\/2025\/02\/03\/esse-e-o-ponto-turistico-perfeito-para-aventureiros\/","title":{"rendered":"Esse \u00e9 o ponto tur\u00edstico perfeito para aventureiros!"},"content":{"rendered":"\n<p><strong>Concei\u00e7\u00e3o de Ibitipoca<\/strong>, situada em <strong><a href=\"https:\/\/www.em.com.br\/emfoco\/2025\/01\/04\/exportacoes-do-agronegocio-de-minas-gerais-batem-recordes-em-2024\/\" target=\"_blank\" rel=\"noreferrer noopener\">Minas Gerais<\/a><\/strong>, \u00e9 uma localidade com uma hist\u00f3ria rica e marcada por eventos significativos do per\u00edodo colonial brasileiro. Durante o s\u00e9culo XVIII, a regi\u00e3o desempenhou um papel crucial nas rotas de contrabando de ouro, ao servir de caminho alternativo para evitar a fiscaliza\u00e7\u00e3o portuguesa. Este papel estrat\u00e9gico ajudou a estabelecer a import\u00e2ncia de Ibitipoca nos registros hist\u00f3ricos.<\/p>\n\n\n\n<p>Al\u00e9m disso, a participa\u00e7\u00e3o de figuras hist\u00f3ricas, como o c\u00f4nego <strong>Manoel Rodrigues da Costa<\/strong>, ilustra a influ\u00eancia da regi\u00e3o em movimentos econ\u00f4micos e culturais. Ativo na<strong> Inconfid\u00eancia Mineira<\/strong>, Rodrigues da Costa tamb\u00e9m foi instrumental no desenvolvimento agr\u00edcola e industrial da \u00e1rea, promovendo inova\u00e7\u00f5es que levaram a um progresso tang\u00edvel durante o per\u00edodo.<\/p>\n\n\n\n<h2 class=\"wp-block-heading\">A influ\u00eancia do Parque Estadual de Ibitipoca no turismo atual<\/h2>\n\n\n\n<p>Fundado em 1973, o <strong><a href=\"https:\/\/www.ibitipoca.tur.br\/parque\/\" target=\"_blank\" rel=\"noreferrer noopener\">Parque Estadual do Ibitipoca<\/a><\/strong> \u00e9 um marco importante para o turismo ecol\u00f3gico na regi\u00e3o. Ocupando uma \u00e1rea de 1488 hectares, suas belezas naturais incluem forma\u00e7\u00f5es geol\u00f3gicas \u00fanicas, flora diversificada e uma fauna rica, formando um cen\u00e1rio ideal para amantes da natureza e turistas em busca de aventura.<\/p>\n\n\n\n<p>O parque tem transformado n\u00e3o apenas a experi\u00eancia dos visitantes, mas tamb\u00e9m a economia local, que agora est\u00e1 cada vez mais voltada para o ecoturismo. Essa transi\u00e7\u00e3o favorece pr\u00e1ticas sustent\u00e1veis, garantindo que as maravilhas naturais de Ibitipoca sejam mantidas para as gera\u00e7\u00f5es futuras enquanto impulsionam o desenvolvimento econ\u00f4mico da comunidade local.<\/p>\n\n\n\n<figure class=\"wp-block-image size-full\"><img loading=\"lazy\" decoding=\"async\" width=\"1280\" height=\"720\" src=\"https:\/\/www.em.com.br\/emfoco\/wp-content\/uploads\/2025\/02\/esse-1-14.jpg\" alt=\"Esse \u00e9 o ponto tur\u00edstico perfeito para aventureiros!\" class=\"wp-image-15623\" srcset=\"https:\/\/www.em.com.br\/emfoco\/wp-content\/uploads\/2025\/02\/esse-1-14.jpg 1280w, https:\/\/www.em.com.br\/emfoco\/wp-content\/uploads\/2025\/02\/esse-1-14-300x169.jpg 300w, https:\/\/www.em.com.br\/emfoco\/wp-content\/uploads\/2025\/02\/esse-1-14-1024x576.jpg 1024w, https:\/\/www.em.com.br\/emfoco\/wp-content\/uploads\/2025\/02\/esse-1-14-768x432.jpg 768w, https:\/\/www.em.com.br\/emfoco\/wp-content\/uploads\/2025\/02\/esse-1-14-750x422.jpg 750w, https:\/\/www.em.com.br\/emfoco\/wp-content\/uploads\/2025\/02\/esse-1-14-1140x641.jpg 1140w\" sizes=\"auto, (max-width: 1280px) 100vw, 1280px\" \/><figcaption class=\"wp-element-caption\">Ibitipoca &#8211; Cr\u00e9ditos: Flickr<\/figcaption><\/figure>\n\n\n\n<h2 class=\"wp-block-heading\">Patrim\u00f4nio arquitet\u00f4nico e as Igrejas de Ibitipoca<\/h2>\n\n\n\n<p>As igrejas hist\u00f3ricas de Ibitipoca representam um patrim\u00f4nio arquitet\u00f4nico valioso. A <strong>Igreja Matriz de Nossa Senhora da Concei\u00e7\u00e3o<\/strong>, constru\u00edda em meados do s\u00e9culo XVIII, destaca-se por sua arquitetura colonial imponente. Esta constru\u00e7\u00e3o \u00e9 emblem\u00e1tica do estilo de constru\u00e7\u00e3o da \u00e9poca, envolvendo m\u00e9todos e materiais que continuam a fascinar estudiosos.<\/p>\n\n\n\n<p>A <strong>Igreja Nossa Senhora do Ros\u00e1rio<\/strong> tamb\u00e9m possui grande relev\u00e2ncia, sendo um exemplo da influ\u00eancia africana na regi\u00e3o. Erguida ao longo do s\u00e9culo XIX, ela reflete as hist\u00f3rias e tradi\u00e7\u00f5es das comunidades negras e mant\u00e9m caracter\u00edsticas que atestam sua origem, tornando-se um s\u00edmbolo de resist\u00eancia cultural.<\/p>\n\n\n\n<h2 class=\"wp-block-heading\">Por que a biodiversidade de Ibitipoca \u00e9 destacada?<\/h2>\n\n\n\n<p>A biodiversidade presente em Ibitipoca tem sido um ponto de interesse desde as primeiras explora\u00e7\u00f5es cient\u00edficas no s\u00e9culo XIX. A presen\u00e7a de v\u00e1rias esp\u00e9cies de plantas e animais, muitas das quais documentadas por cientistas em suas primeiras expedi\u00e7\u00f5es, continua a ser um atrativo para pesquisas atuais.<\/p>\n\n\n\n<p>A ecologia variada do local, que integra florestas e campos abertos, oferece um ambiente prop\u00edcio para estudos da natureza e mudan\u00e7as clim\u00e1ticas. Isso n\u00e3o s\u00f3 atrai investigadores e ecologistas, mas tamb\u00e9m turistas interessados em entender e apreciar a robusta diversidade natural da regi\u00e3o.<\/p>\n\n\n\n<h2 class=\"wp-block-heading\">Concei\u00e7\u00e3o de Ibitipoca hoje \u00e9 cultura e turismo em harmonia<\/h2>\n\n\n\n<p>Hoje, Concei\u00e7\u00e3o de Ibitipoca brilha tanto por seu rico legado hist\u00f3rico quanto por suas exuberantes atra\u00e7\u00f5es naturais. A regi\u00e3o harmoniza suas tradi\u00e7\u00f5es culturais com o incentivo ao turismo sustent\u00e1vel, promovendo eventos que celebram seu patrim\u00f4nio enquanto preservam o meio ambiente.<\/p>\n\n\n\n<p>Essa combina\u00e7\u00e3o de conserva\u00e7\u00e3o cultural e desenvolvimento econ\u00f4mico tem transformado Ibitipoca em um destino preferido n\u00e3o apenas dentro do <strong>Brasil<\/strong>, mas tamb\u00e9m no cen\u00e1rio internacional. Este equil\u00edbrio promove a continuidade de uma experi\u00eancia aut\u00eantica e inspiradora para todos os que o visitam.<\/p>\n","protected":false},"excerpt":{"rendered":"<p>Concei\u00e7\u00e3o de Ibitipoca, situada em Minas Gerais, \u00e9 uma localidade com uma hist\u00f3ria rica e marcada por eventos significativos do per\u00edodo colonial brasileiro. Durante o s\u00e9culo XVIII, a regi\u00e3o desempenhou um papel crucial nas rotas de contrabando de ouro, ao servir de caminho alternativo para evitar a fiscaliza\u00e7\u00e3o portuguesa. Este papel estrat\u00e9gico ajudou a estabelecer [&hellip;]<\/p>\n","protected":false},"author":5,"featured_media":15624,"comment_status":"open","ping_status":"open","sticky":false,"template":"","format":"standard","meta":{"jnews-multi-image_gallery":[],"jnews_single_post":{"format":"standard"},"jnews_primary_category":[],"jnews_social_meta":[],"jnews_override_counter":[],"footnotes":""},"categories":[26,1],"tags":[4026,1410,1958,2504,1192],"class_list":["post-13032","post","type-post","status-publish","format-standard","has-post-thumbnail","hentry","category-cidades","category-noticias","tag-acampamento","tag-ibitipoca","tag-minas-geras","tag-parque","tag-sudeste"],"yoast_head":"<!-- This site is optimized with the Yoast SEO plugin v23.8 - https:\/\/yoast.com\/wordpress\/plugins\/seo\/ -->\n<title>Esse \u00e9 o ponto tur\u00edstico perfeito para aventureiros! - Estado de Minas - Em foco<\/title>\n<meta name=\"description\" content=\"Conhe\u00e7a as belezas naturais e hist\u00f3ricas de Ibitipoca. Um destino perfeito para quem busca aventura, cultura e tranquilidade.\" \/>\n<meta name=\"robots\" content=\"index, follow, max-snippet:-1, max-image-preview:large, max-video-preview:-1\" \/>\n<link rel=\"canonical\" href=\"https:\/\/www.em.com.br\/emfoco\/2025\/02\/03\/esse-e-o-ponto-turistico-perfeito-para-aventureiros\/\" \/>\n<meta property=\"og:locale\" content=\"pt_BR\" \/>\n<meta property=\"og:type\" content=\"article\" \/>\n<meta property=\"og:title\" content=\"Esse \u00e9 o ponto tur\u00edstico perfeito para aventureiros! - Estado de Minas - Em foco\" \/>\n<meta property=\"og:description\" content=\"Conhe\u00e7a as belezas naturais e hist\u00f3ricas de Ibitipoca. Um destino perfeito para quem busca aventura, cultura e tranquilidade.\" \/>\n<meta property=\"og:url\" content=\"https:\/\/www.em.com.br\/emfoco\/2025\/02\/03\/esse-e-o-ponto-turistico-perfeito-para-aventureiros\/\" \/>\n<meta property=\"og:site_name\" content=\"Estado de Minas - Em foco\" \/>\n<meta property=\"article:published_time\" content=\"2025-02-03T18:20:00+00:00\" \/>\n<meta property=\"article:modified_time\" content=\"2025-02-01T02:03:39+00:00\" \/>\n<meta property=\"og:image\" content=\"https:\/\/www.em.com.br\/emfoco\/wp-content\/uploads\/2025\/02\/esse-16.jpg\" \/>\n\t<meta property=\"og:image:width\" content=\"1280\" \/>\n\t<meta property=\"og:image:height\" content=\"720\" \/>\n\t<meta property=\"og:image:type\" content=\"image\/jpeg\" \/>\n<meta name=\"author\" content=\"N\u00fabia Rangel\" \/>\n<meta name=\"twitter:card\" content=\"summary_large_image\" \/>\n<meta name=\"twitter:label1\" content=\"Escrito por\" \/>\n\t<meta name=\"twitter:data1\" content=\"N\u00fabia Rangel\" \/>\n\t<meta name=\"twitter:label2\" content=\"Est. tempo de leitura\" \/>\n\t<meta name=\"twitter:data2\" content=\"4 minutos\" \/>\n<!-- \/ Yoast SEO plugin. -->","yoast_head_json":{"title":"Esse \u00e9 o ponto tur\u00edstico perfeito para aventureiros! - Estado de Minas - Em foco","description":"Conhe\u00e7a as belezas naturais e hist\u00f3ricas de Ibitipoca. Um destino perfeito para quem busca aventura, cultura e tranquilidade.","robots":{"index":"index","follow":"follow","max-snippet":"max-snippet:-1","max-image-preview":"max-image-preview:large","max-video-preview":"max-video-preview:-1"},"canonical":"https:\/\/www.em.com.br\/emfoco\/2025\/02\/03\/esse-e-o-ponto-turistico-perfeito-para-aventureiros\/","og_locale":"pt_BR","og_type":"article","og_title":"Esse \u00e9 o ponto tur\u00edstico perfeito para aventureiros! - Estado de Minas - Em foco","og_description":"Conhe\u00e7a as belezas naturais e hist\u00f3ricas de Ibitipoca. Um destino perfeito para quem busca aventura, cultura e tranquilidade.","og_url":"https:\/\/www.em.com.br\/emfoco\/2025\/02\/03\/esse-e-o-ponto-turistico-perfeito-para-aventureiros\/","og_site_name":"Estado de Minas - Em foco","article_published_time":"2025-02-03T18:20:00+00:00","article_modified_time":"2025-02-01T02:03:39+00:00","og_image":[{"width":1280,"height":720,"url":"https:\/\/www.em.com.br\/emfoco\/wp-content\/uploads\/2025\/02\/esse-16.jpg","type":"image\/jpeg"}],"author":"N\u00fabia Rangel","twitter_card":"summary_large_image","twitter_misc":{"Escrito por":"N\u00fabia Rangel","Est. tempo de leitura":"4 minutos"},"schema":{"@context":"https:\/\/schema.org","@graph":[{"@type":"WebPage","@id":"https:\/\/www.em.com.br\/emfoco\/2025\/02\/03\/esse-e-o-ponto-turistico-perfeito-para-aventureiros\/","url":"https:\/\/www.em.com.br\/emfoco\/2025\/02\/03\/esse-e-o-ponto-turistico-perfeito-para-aventureiros\/","name":"Esse \u00e9 o ponto tur\u00edstico perfeito para aventureiros! - Estado de Minas - Em foco","isPartOf":{"@id":"https:\/\/www.em.com.br\/emfoco\/#website"},"primaryImageOfPage":{"@id":"https:\/\/www.em.com.br\/emfoco\/2025\/02\/03\/esse-e-o-ponto-turistico-perfeito-para-aventureiros\/#primaryimage"},"image":{"@id":"https:\/\/www.em.com.br\/emfoco\/2025\/02\/03\/esse-e-o-ponto-turistico-perfeito-para-aventureiros\/#primaryimage"},"thumbnailUrl":"https:\/\/www.em.com.br\/emfoco\/wp-content\/uploads\/2025\/02\/esse-16.jpg","datePublished":"2025-02-03T18:20:00+00:00","dateModified":"2025-02-01T02:03:39+00:00","author":{"@id":"https:\/\/www.em.com.br\/emfoco\/#\/schema\/person\/524437ef54f8a5d32591b143307f2e20"},"description":"Conhe\u00e7a as belezas naturais e hist\u00f3ricas de Ibitipoca. Um destino perfeito para quem busca aventura, cultura e tranquilidade.","breadcrumb":{"@id":"https:\/\/www.em.com.br\/emfoco\/2025\/02\/03\/esse-e-o-ponto-turistico-perfeito-para-aventureiros\/#breadcrumb"},"inLanguage":"pt-BR","potentialAction":[{"@type":"ReadAction","target":["https:\/\/www.em.com.br\/emfoco\/2025\/02\/03\/esse-e-o-ponto-turistico-perfeito-para-aventureiros\/"]}]},{"@type":"ImageObject","inLanguage":"pt-BR","@id":"https:\/\/www.em.com.br\/emfoco\/2025\/02\/03\/esse-e-o-ponto-turistico-perfeito-para-aventureiros\/#primaryimage","url":"https:\/\/www.em.com.br\/emfoco\/wp-content\/uploads\/2025\/02\/esse-16.jpg","contentUrl":"https:\/\/www.em.com.br\/emfoco\/wp-content\/uploads\/2025\/02\/esse-16.jpg","width":1280,"height":720,"caption":"Ibitipoca - Cr\u00e9ditos: depositphotos.com \/ Junot"},{"@type":"BreadcrumbList","@id":"https:\/\/www.em.com.br\/emfoco\/2025\/02\/03\/esse-e-o-ponto-turistico-perfeito-para-aventureiros\/#breadcrumb","itemListElement":[{"@type":"ListItem","position":1,"name":"In\u00edcio","item":"https:\/\/www.em.com.br\/emfoco\/"},{"@type":"ListItem","position":2,"name":"Esse \u00e9 o ponto tur\u00edstico perfeito para aventureiros!"}]},{"@type":"WebSite","@id":"https:\/\/www.em.com.br\/emfoco\/#website","url":"https:\/\/www.em.com.br\/emfoco\/","name":"Estado de Minas - Em foco","description":"Acompanhe as \u00faltimas not\u00edcias e fique bem informado sobre tudo o que acontece em Minas Gerais, Brasil e no mundo.","potentialAction":[{"@type":"SearchAction","target":{"@type":"EntryPoint","urlTemplate":"https:\/\/www.em.com.br\/emfoco\/?s={search_term_string}"},"query-input":{"@type":"PropertyValueSpecification","valueRequired":true,"valueName":"search_term_string"}}],"inLanguage":"pt-BR"},{"@type":"Person","@id":"https:\/\/www.em.com.br\/emfoco\/#\/schema\/person\/524437ef54f8a5d32591b143307f2e20","name":"N\u00fabia Rangel","image":{"@type":"ImageObject","inLanguage":"pt-BR","@id":"https:\/\/www.em.com.br\/emfoco\/#\/schema\/person\/image\/","url":"https:\/\/secure.gravatar.com\/avatar\/47cff2827a5ba23c37e8068c86817ea4?s=96&d=mm&r=g","contentUrl":"https:\/\/secure.gravatar.com\/avatar\/47cff2827a5ba23c37e8068c86817ea4?s=96&d=mm&r=g","caption":"N\u00fabia Rangel"},"sameAs":["https:\/\/www.em.com.br\/emfoco\/"],"url":"https:\/\/www.em.com.br\/emfoco\/author\/nubiamyth\/"}]}},"_links":{"self":[{"href":"https:\/\/www.em.com.br\/emfoco\/wp-json\/wp\/v2\/posts\/13032","targetHints":{"allow":["GET"]}}],"collection":[{"href":"https:\/\/www.em.com.br\/emfoco\/wp-json\/wp\/v2\/posts"}],"about":[{"href":"https:\/\/www.em.com.br\/emfoco\/wp-json\/wp\/v2\/types\/post"}],"author":[{"embeddable":true,"href":"https:\/\/www.em.com.br\/emfoco\/wp-json\/wp\/v2\/users\/5"}],"replies":[{"embeddable":true,"href":"https:\/\/www.em.com.br\/emfoco\/wp-json\/wp\/v2\/comments?post=13032"}],"version-history":[{"count":3,"href":"https:\/\/www.em.com.br\/emfoco\/wp-json\/wp\/v2\/posts\/13032\/revisions"}],"predecessor-version":[{"id":15625,"href":"https:\/\/www.em.com.br\/emfoco\/wp-json\/wp\/v2\/posts\/13032\/revisions\/15625"}],"wp:featuredmedia":[{"embeddable":true,"href":"https:\/\/www.em.com.br\/emfoco\/wp-json\/wp\/v2\/media\/15624"}],"wp:attachment":[{"href":"https:\/\/www.em.com.br\/emfoco\/wp-json\/wp\/v2\/media?parent=13032"}],"wp:term":[{"taxonomy":"category","embeddable":true,"href":"https:\/\/www.em.com.br\/emfoco\/wp-json\/wp\/v2\/categories?post=13032"},{"taxonomy":"post_tag","embeddable":true,"href":"https:\/\/www.em.com.br\/emfoco\/wp-json\/wp\/v2\/tags?post=13032"}],"curies":[{"name":"wp","href":"https:\/\/api.w.org\/{rel}","templated":true}]}}