{"id":13027,"date":"2025-02-03T14:20:00","date_gmt":"2025-02-03T17:20:00","guid":{"rendered":"https:\/\/www.em.com.br\/emfoco\/?p=13027"},"modified":"2025-01-31T23:00:00","modified_gmt":"2025-02-01T02:00:00","slug":"o-paraiso-termal-que-voce-precisa-conhecer","status":"publish","type":"post","link":"https:\/\/www.em.com.br\/emfoco\/2025\/02\/03\/o-paraiso-termal-que-voce-precisa-conhecer\/","title":{"rendered":"O para\u00edso termal que voc\u00ea precisa conhecer!"},"content":{"rendered":"\n<p><strong>Pocinhos do Rio Verde<\/strong>, situado na pitoresca cidade de<strong> Caldas<\/strong>, no sul de <strong><a href=\"https:\/\/www.em.com.br\/emfoco\/2025\/01\/04\/exportacoes-do-agronegocio-de-minas-gerais-batem-recordes-em-2024\/\" target=\"_blank\" rel=\"noreferrer noopener\">Minas Gerais<\/a><\/strong>, destaca-se como um destino cobi\u00e7ado por suas \u00e1guas termais e paisagens naturais deslumbrantes. Este local atrai visitantes em busca de tranquilidade e de um ref\u00fagio nas fontes aquecidas naturalmente, conhecidas por suas propriedades terap\u00eauticas.<\/p>\n\n\n\n<p>Com uma hist\u00f3ria rica, o balne\u00e1rio \u00e9 um ponto de encontro n\u00e3o apenas para turistas que procuram aliviar o estresse, mas tamb\u00e9m para aqueles que desejam explorar o ecoturismo oferecido na regi\u00e3o. Trilhas exuberantes e cachoeiras c\u00eanicas comp\u00f5em o cen\u00e1rio, tornando Pocinhos do Rio Verde um destino imperd\u00edvel para os amantes da natureza.<\/p>\n\n\n\n<h2 class=\"wp-block-heading\">Por que as \u00c1guas Termais de Pocinhos do Rio Verde s\u00e3o t\u00e3o populares?<\/h2>\n\n\n\n<p>As \u00e1guas termais de Pocinhos do Rio Verde s\u00e3o procuradas por sua fama de propriedades curativas. Rica em minerais como <strong><a href=\"https:\/\/www.gov.br\/anm\/pt-br\/centrais-de-conteudo\/dnpm\/paginas\/balanco-mineral\/arquivos\/balanco-mineral-brasileiro-2001-enxofre#:~:text=O%20enxofre%20%C3%A9%20um%20elemento,e%20cinza%20at%C3%A9%20o%20vermelho.\" target=\"_blank\" rel=\"noreferrer noopener\">enxofre<\/a><\/strong>, essas \u00e1guas eficazes em tratamentos para a pele e no al\u00edvio de dores musculares s\u00e3o aquecidas naturalmente a uma temperatura que \u00e9 perfeita para o relaxamento. A sensa\u00e7\u00e3o de imers\u00e3o nestas fontes naturais complementa o ambiente pac\u00edfico da regi\u00e3o.<\/p>\n\n\n\n<p>Consideradas ben\u00e9ficas por muitos frequentadores, as \u00e1guas termais prometem uma experi\u00eancia n\u00e3o apenas relaxante mas tamb\u00e9m revitalizadora. Pessoas que visitam o balne\u00e1rio frequentemente relatam experi\u00eancias de melhora em suas condi\u00e7\u00f5es f\u00edsicas e renova\u00e7\u00e3o mental, caracterizando o local como um santu\u00e1rio de bem-estar.<\/p>\n\n\n\n<figure class=\"wp-block-image size-full\"><img loading=\"lazy\" decoding=\"async\" width=\"1280\" height=\"720\" src=\"https:\/\/www.em.com.br\/emfoco\/wp-content\/uploads\/2025\/02\/esse-1-13.jpg\" alt=\"O para\u00edso termal que voc\u00ea precisa conhecer!\" class=\"wp-image-15618\" srcset=\"https:\/\/www.em.com.br\/emfoco\/wp-content\/uploads\/2025\/02\/esse-1-13.jpg 1280w, https:\/\/www.em.com.br\/emfoco\/wp-content\/uploads\/2025\/02\/esse-1-13-300x169.jpg 300w, https:\/\/www.em.com.br\/emfoco\/wp-content\/uploads\/2025\/02\/esse-1-13-1024x576.jpg 1024w, https:\/\/www.em.com.br\/emfoco\/wp-content\/uploads\/2025\/02\/esse-1-13-768x432.jpg 768w, https:\/\/www.em.com.br\/emfoco\/wp-content\/uploads\/2025\/02\/esse-1-13-750x422.jpg 750w, https:\/\/www.em.com.br\/emfoco\/wp-content\/uploads\/2025\/02\/esse-1-13-1140x641.jpg 1140w\" sizes=\"auto, (max-width: 1280px) 100vw, 1280px\" \/><figcaption class=\"wp-element-caption\">Balne\u00e1rio de Pocinhos do Rio Verde &#8211; Cr\u00e9ditos: Prefeitura de Caldas<\/figcaption><\/figure>\n\n\n\n<h2 class=\"wp-block-heading\">Quais atividades podem ser aproveitadas em Pocinhos do Rio Verde?<\/h2>\n\n\n\n<p>Al\u00e9m das famosas \u00e1guas termais, Pocinhos do Rio Verde oferece v\u00e1rias atividades ao ar livre que cativam os apreciadores de ecoturismo. Trilhas rodeadas por vegeta\u00e7\u00e3o nativa levam a vistas espetaculares e cachoeiras escondidas, criando oportunidades ideais para caminhadas e conviv\u00eancia com a natureza.<\/p>\n\n\n\n<ul class=\"wp-block-list\">\n<li><strong>Cachoeira dos Macacos:<\/strong> Um ponto escondido para um mergulho refrescante.<\/li>\n\n\n\n<li><strong>Trilha da Pedra Branca:<\/strong> Caminhada que proporciona uma vista panor\u00e2mica das serras.<\/li>\n\n\n\n<li><strong>Observa\u00e7\u00e3o da Fauna e Flora:<\/strong> Experi\u00eancia de descobrir a biodiversidade local em tours guiados.<\/li>\n<\/ul>\n\n\n\n<h2 class=\"wp-block-heading\">Onde se hospedar em Pocinhos do Rio Verde?<\/h2>\n\n\n\n<p>Para uma experi\u00eancia completa em Pocinhos do Rio Verde, escolher o local certo para se hospedar \u00e9 crucial. O <em><strong>Grand Hotel Pocinhos<\/strong><\/em> \u00e9 uma das op\u00e7\u00f5es mais tradicionais, mesclando o charme hist\u00f3rico com confortos modernos. Com uma longa trajet\u00f3ria de boas-vindas a viajantes, o hotel oferece gastronomia local aut\u00eantica e uma hist\u00f3ria rica, refletida na arquitetura e nos servi\u00e7os oferecidos.<\/p>\n\n\n\n<p>Esta acomoda\u00e7\u00e3o cl\u00e1ssica proporciona um ambiente acolhedor e familiar, garantindo que os h\u00f3spedes desfrutem do melhor que Pocinhos do Rio Verde pode proporcionar, desde banhos relaxantes at\u00e9 o deleite culin\u00e1rio de pratos t\u00edpicos mineiros.<\/p>\n\n\n\n<h2 class=\"wp-block-heading\">Como planejar uma visita ideal a Pocinhos do Rio Verde?<\/h2>\n\n\n\n<p>Planejar uma viagem a Pocinhos do Rio Verde requer aten\u00e7\u00e3o aos detalhes para aproveitar ao m\u00e1ximo o que o local oferece. Reservas antecipadas de hospedagem e passeios garantem uma experi\u00eancia descomplicada e satisfat\u00f3ria. Considerar o clima e a temporada \u00e9 importante para escolher a melhor \u00e9poca para visitar, cada esta\u00e7\u00e3o trazendo uma beleza distinta \u00e0 regi\u00e3o.<\/p>\n\n\n\n<p>Pocinhos do Rio Verde, com suas belezas naturais e ambiente acolhedor, convida os visitantes a experimentar seus encantos, oferecendo uma pausa revigorante da rotina urbana e um espa\u00e7o onde \u00e9 poss\u00edvel se reconectar consigo mesmo e com a natureza ao redor.<\/p>\n","protected":false},"excerpt":{"rendered":"<p>Pocinhos do Rio Verde, situado na pitoresca cidade de Caldas, no sul de Minas Gerais, destaca-se como um destino cobi\u00e7ado por suas \u00e1guas termais e paisagens naturais deslumbrantes. Este local atrai visitantes em busca de tranquilidade e de um ref\u00fagio nas fontes aquecidas naturalmente, conhecidas por suas propriedades terap\u00eauticas. Com uma hist\u00f3ria rica, o balne\u00e1rio [&hellip;]<\/p>\n","protected":false},"author":5,"featured_media":15620,"comment_status":"open","ping_status":"open","sticky":false,"template":"","format":"standard","meta":{"jnews-multi-image_gallery":[],"jnews_single_post":{"format":"standard"},"jnews_primary_category":[],"jnews_social_meta":[],"jnews_override_counter":[],"footnotes":""},"categories":[26,1],"tags":[158,1120,1192,157],"class_list":["post-13027","post","type-post","status-publish","format-standard","has-post-thumbnail","hentry","category-cidades","category-noticias","tag-brasil","tag-pocinhos-do-rio-verde","tag-sudeste","tag-turismo"],"yoast_head":"<!-- This site is optimized with the Yoast SEO plugin v23.8 - https:\/\/yoast.com\/wordpress\/plugins\/seo\/ -->\n<title>O para\u00edso termal que voc\u00ea precisa conhecer! - Estado de Minas - Em foco<\/title>\n<meta name=\"description\" content=\"Desfrute de paisagens exuberantes e trilhas encantadoras em um dos destinos mais procurados de Minas Gerais.\" \/>\n<meta name=\"robots\" content=\"index, follow, max-snippet:-1, max-image-preview:large, max-video-preview:-1\" \/>\n<link rel=\"canonical\" href=\"https:\/\/www.em.com.br\/emfoco\/2025\/02\/03\/o-paraiso-termal-que-voce-precisa-conhecer\/\" \/>\n<meta property=\"og:locale\" content=\"pt_BR\" \/>\n<meta property=\"og:type\" content=\"article\" \/>\n<meta property=\"og:title\" content=\"O para\u00edso termal que voc\u00ea precisa conhecer! - Estado de Minas - Em foco\" \/>\n<meta property=\"og:description\" content=\"Desfrute de paisagens exuberantes e trilhas encantadoras em um dos destinos mais procurados de Minas Gerais.\" \/>\n<meta property=\"og:url\" content=\"https:\/\/www.em.com.br\/emfoco\/2025\/02\/03\/o-paraiso-termal-que-voce-precisa-conhecer\/\" \/>\n<meta property=\"og:site_name\" content=\"Estado de Minas - Em foco\" \/>\n<meta property=\"article:published_time\" content=\"2025-02-03T17:20:00+00:00\" \/>\n<meta property=\"article:modified_time\" content=\"2025-02-01T02:00:00+00:00\" \/>\n<meta property=\"og:image\" content=\"https:\/\/www.em.com.br\/emfoco\/wp-content\/uploads\/2025\/02\/esse-15.jpg\" \/>\n\t<meta property=\"og:image:width\" content=\"1280\" \/>\n\t<meta property=\"og:image:height\" content=\"720\" \/>\n\t<meta property=\"og:image:type\" content=\"image\/jpeg\" \/>\n<meta name=\"author\" content=\"N\u00fabia Rangel\" \/>\n<meta name=\"twitter:card\" content=\"summary_large_image\" \/>\n<meta name=\"twitter:label1\" content=\"Escrito por\" \/>\n\t<meta name=\"twitter:data1\" content=\"N\u00fabia Rangel\" \/>\n\t<meta name=\"twitter:label2\" content=\"Est. tempo de leitura\" \/>\n\t<meta name=\"twitter:data2\" content=\"4 minutos\" \/>\n<!-- \/ Yoast SEO plugin. -->","yoast_head_json":{"title":"O para\u00edso termal que voc\u00ea precisa conhecer! - Estado de Minas - Em foco","description":"Desfrute de paisagens exuberantes e trilhas encantadoras em um dos destinos mais procurados de Minas Gerais.","robots":{"index":"index","follow":"follow","max-snippet":"max-snippet:-1","max-image-preview":"max-image-preview:large","max-video-preview":"max-video-preview:-1"},"canonical":"https:\/\/www.em.com.br\/emfoco\/2025\/02\/03\/o-paraiso-termal-que-voce-precisa-conhecer\/","og_locale":"pt_BR","og_type":"article","og_title":"O para\u00edso termal que voc\u00ea precisa conhecer! - Estado de Minas - Em foco","og_description":"Desfrute de paisagens exuberantes e trilhas encantadoras em um dos destinos mais procurados de Minas Gerais.","og_url":"https:\/\/www.em.com.br\/emfoco\/2025\/02\/03\/o-paraiso-termal-que-voce-precisa-conhecer\/","og_site_name":"Estado de Minas - Em foco","article_published_time":"2025-02-03T17:20:00+00:00","article_modified_time":"2025-02-01T02:00:00+00:00","og_image":[{"width":1280,"height":720,"url":"https:\/\/www.em.com.br\/emfoco\/wp-content\/uploads\/2025\/02\/esse-15.jpg","type":"image\/jpeg"}],"author":"N\u00fabia Rangel","twitter_card":"summary_large_image","twitter_misc":{"Escrito por":"N\u00fabia Rangel","Est. tempo de leitura":"4 minutos"},"schema":{"@context":"https:\/\/schema.org","@graph":[{"@type":"WebPage","@id":"https:\/\/www.em.com.br\/emfoco\/2025\/02\/03\/o-paraiso-termal-que-voce-precisa-conhecer\/","url":"https:\/\/www.em.com.br\/emfoco\/2025\/02\/03\/o-paraiso-termal-que-voce-precisa-conhecer\/","name":"O para\u00edso termal que voc\u00ea precisa conhecer! - Estado de Minas - Em foco","isPartOf":{"@id":"https:\/\/www.em.com.br\/emfoco\/#website"},"primaryImageOfPage":{"@id":"https:\/\/www.em.com.br\/emfoco\/2025\/02\/03\/o-paraiso-termal-que-voce-precisa-conhecer\/#primaryimage"},"image":{"@id":"https:\/\/www.em.com.br\/emfoco\/2025\/02\/03\/o-paraiso-termal-que-voce-precisa-conhecer\/#primaryimage"},"thumbnailUrl":"https:\/\/www.em.com.br\/emfoco\/wp-content\/uploads\/2025\/02\/esse-15.jpg","datePublished":"2025-02-03T17:20:00+00:00","dateModified":"2025-02-01T02:00:00+00:00","author":{"@id":"https:\/\/www.em.com.br\/emfoco\/#\/schema\/person\/524437ef54f8a5d32591b143307f2e20"},"description":"Desfrute de paisagens exuberantes e trilhas encantadoras em um dos destinos mais procurados de Minas Gerais.","breadcrumb":{"@id":"https:\/\/www.em.com.br\/emfoco\/2025\/02\/03\/o-paraiso-termal-que-voce-precisa-conhecer\/#breadcrumb"},"inLanguage":"pt-BR","potentialAction":[{"@type":"ReadAction","target":["https:\/\/www.em.com.br\/emfoco\/2025\/02\/03\/o-paraiso-termal-que-voce-precisa-conhecer\/"]}]},{"@type":"ImageObject","inLanguage":"pt-BR","@id":"https:\/\/www.em.com.br\/emfoco\/2025\/02\/03\/o-paraiso-termal-que-voce-precisa-conhecer\/#primaryimage","url":"https:\/\/www.em.com.br\/emfoco\/wp-content\/uploads\/2025\/02\/esse-15.jpg","contentUrl":"https:\/\/www.em.com.br\/emfoco\/wp-content\/uploads\/2025\/02\/esse-15.jpg","width":1280,"height":720,"caption":"Balne\u00e1rio de Pocinhos do Rio Verde - Cr\u00e9ditos: Prefeitura de Caldas"},{"@type":"BreadcrumbList","@id":"https:\/\/www.em.com.br\/emfoco\/2025\/02\/03\/o-paraiso-termal-que-voce-precisa-conhecer\/#breadcrumb","itemListElement":[{"@type":"ListItem","position":1,"name":"In\u00edcio","item":"https:\/\/www.em.com.br\/emfoco\/"},{"@type":"ListItem","position":2,"name":"O para\u00edso termal que voc\u00ea precisa conhecer!"}]},{"@type":"WebSite","@id":"https:\/\/www.em.com.br\/emfoco\/#website","url":"https:\/\/www.em.com.br\/emfoco\/","name":"Estado de Minas - Em foco","description":"Acompanhe as \u00faltimas not\u00edcias e fique bem informado sobre tudo o que acontece em Minas Gerais, Brasil e no mundo.","potentialAction":[{"@type":"SearchAction","target":{"@type":"EntryPoint","urlTemplate":"https:\/\/www.em.com.br\/emfoco\/?s={search_term_string}"},"query-input":{"@type":"PropertyValueSpecification","valueRequired":true,"valueName":"search_term_string"}}],"inLanguage":"pt-BR"},{"@type":"Person","@id":"https:\/\/www.em.com.br\/emfoco\/#\/schema\/person\/524437ef54f8a5d32591b143307f2e20","name":"N\u00fabia Rangel","image":{"@type":"ImageObject","inLanguage":"pt-BR","@id":"https:\/\/www.em.com.br\/emfoco\/#\/schema\/person\/image\/","url":"https:\/\/secure.gravatar.com\/avatar\/47cff2827a5ba23c37e8068c86817ea4?s=96&d=mm&r=g","contentUrl":"https:\/\/secure.gravatar.com\/avatar\/47cff2827a5ba23c37e8068c86817ea4?s=96&d=mm&r=g","caption":"N\u00fabia Rangel"},"sameAs":["https:\/\/www.em.com.br\/emfoco\/"],"url":"https:\/\/www.em.com.br\/emfoco\/author\/nubiamyth\/"}]}},"_links":{"self":[{"href":"https:\/\/www.em.com.br\/emfoco\/wp-json\/wp\/v2\/posts\/13027","targetHints":{"allow":["GET"]}}],"collection":[{"href":"https:\/\/www.em.com.br\/emfoco\/wp-json\/wp\/v2\/posts"}],"about":[{"href":"https:\/\/www.em.com.br\/emfoco\/wp-json\/wp\/v2\/types\/post"}],"author":[{"embeddable":true,"href":"https:\/\/www.em.com.br\/emfoco\/wp-json\/wp\/v2\/users\/5"}],"replies":[{"embeddable":true,"href":"https:\/\/www.em.com.br\/emfoco\/wp-json\/wp\/v2\/comments?post=13027"}],"version-history":[{"count":3,"href":"https:\/\/www.em.com.br\/emfoco\/wp-json\/wp\/v2\/posts\/13027\/revisions"}],"predecessor-version":[{"id":15621,"href":"https:\/\/www.em.com.br\/emfoco\/wp-json\/wp\/v2\/posts\/13027\/revisions\/15621"}],"wp:featuredmedia":[{"embeddable":true,"href":"https:\/\/www.em.com.br\/emfoco\/wp-json\/wp\/v2\/media\/15620"}],"wp:attachment":[{"href":"https:\/\/www.em.com.br\/emfoco\/wp-json\/wp\/v2\/media?parent=13027"}],"wp:term":[{"taxonomy":"category","embeddable":true,"href":"https:\/\/www.em.com.br\/emfoco\/wp-json\/wp\/v2\/categories?post=13027"},{"taxonomy":"post_tag","embeddable":true,"href":"https:\/\/www.em.com.br\/emfoco\/wp-json\/wp\/v2\/tags?post=13027"}],"curies":[{"name":"wp","href":"https:\/\/api.w.org\/{rel}","templated":true}]}}