{"id":13026,"date":"2025-02-03T13:40:00","date_gmt":"2025-02-03T16:40:00","guid":{"rendered":"https:\/\/www.em.com.br\/emfoco\/?p=13026"},"modified":"2025-01-31T22:56:39","modified_gmt":"2025-02-01T01:56:39","slug":"a-cidade-que-te-conquista-pelo-coracao-e-pela-alma","status":"publish","type":"post","link":"https:\/\/www.em.com.br\/emfoco\/2025\/02\/03\/a-cidade-que-te-conquista-pelo-coracao-e-pela-alma\/","title":{"rendered":"A cidade que te conquista pelo cora\u00e7\u00e3o e pela alma!"},"content":{"rendered":"\n<p>Situada em uma regi\u00e3o de montanhas, <strong><a href=\"https:\/\/prefeitura.pbh.gov.br\/\" target=\"_blank\" rel=\"noreferrer noopener\">Belo Horizonte<\/a><\/strong> destaca-se pelo seu clima agrad\u00e1vel, com temperaturas em torno de 20\u202f\u00b0C ao longo do ano. A cidade, al\u00e9m de oferecer um ambiente confort\u00e1vel, \u00e9 rica em manifesta\u00e7\u00f5es culturais e art\u00edsticas que atraem tanto moradores quanto visitantes de diferentes partes do mundo.<\/p>\n\n\n\n<p>A diversidade cultural \u00e9 um dos grandes trunfos de Belo Horizonte, manifestando-se de forma exuberante em seus espa\u00e7os dedicados \u00e0 arte e \u00e0 hist\u00f3ria. Esses locais, integrados e facilmente acess\u00edveis, formam um panorama completo para quem deseja explorar o legado cultural de <strong><a href=\"https:\/\/www.em.com.br\/emfoco\/2025\/01\/04\/exportacoes-do-agronegocio-de-minas-gerais-batem-recordes-em-2024\/\" target=\"_blank\" rel=\"noreferrer noopener\">Minas Gerais<\/a><\/strong>.<\/p>\n\n\n\n<h2 class=\"wp-block-heading\">Explorando o Circuito Liberdade<\/h2>\n\n\n\n<p>O <strong>Circuito Liberdade<\/strong> \u00e9 um complexo cultural estrategicamente localizado no centro da cidade. Composto por v\u00e1rias institui\u00e7\u00f5es, oferece uma gama de experi\u00eancias em arte, cultura e educa\u00e7\u00e3o. Cada uma das institui\u00e7\u00f5es do circuito possui um enfoque \u00fanico, promovendo um rico interc\u00e2mbio de ideias e conhecimentos.<\/p>\n\n\n\n<h2 class=\"wp-block-heading\">Pontos principais do Circuito Liberdade<\/h2>\n\n\n\n<ul class=\"wp-block-list\">\n<li><strong>Centro Cultural Banco do Brasil:<\/strong> Oferece uma programa\u00e7\u00e3o diversificada que inclui exposi\u00e7\u00f5es de arte contempor\u00e2nea, teatro e cinema, al\u00e9m de experi\u00eancias educativas.<\/li>\n\n\n\n<li><strong>Casa FIAT de Cultura:<\/strong> Este espa\u00e7o abriga exposi\u00e7\u00f5es internacionais e nacionais e promove uma s\u00e9rie de eventos que estimulam o interc\u00e2mbio art\u00edstico e cultural.<\/li>\n\n\n\n<li><strong>Memorial Minas Gerais VALE:<\/strong> Focado na hist\u00f3ria do estado, este museu emprega uma abordagem interativa para envolver os visitantes em uma viagem pelo passado de Minas Gerais.<\/li>\n\n\n\n<li><strong>MM Gerdau \u2013 Museu das Minas e do Metal:<\/strong> Dedicado \u00e0s ind\u00fastrias extrativas, o museu exibe a relev\u00e2ncia das riquezas minerais para a economia mineira atrav\u00e9s de exposi\u00e7\u00f5es interativas.<\/li>\n<\/ul>\n\n\n\n<figure class=\"wp-block-image size-large\"><img loading=\"lazy\" decoding=\"async\" width=\"1024\" height=\"576\" src=\"https:\/\/www.em.com.br\/emfoco\/wp-content\/uploads\/2025\/02\/esse-14-1024x576.jpg\" alt=\"A cidade que te conquista pelo cora\u00e7\u00e3o e pela alma!\" class=\"wp-image-15616\" srcset=\"https:\/\/www.em.com.br\/emfoco\/wp-content\/uploads\/2025\/02\/esse-14-1024x576.jpg 1024w, https:\/\/www.em.com.br\/emfoco\/wp-content\/uploads\/2025\/02\/esse-14-300x169.jpg 300w, https:\/\/www.em.com.br\/emfoco\/wp-content\/uploads\/2025\/02\/esse-14-768x432.jpg 768w, https:\/\/www.em.com.br\/emfoco\/wp-content\/uploads\/2025\/02\/esse-14-750x422.jpg 750w, https:\/\/www.em.com.br\/emfoco\/wp-content\/uploads\/2025\/02\/esse-14-1140x641.jpg 1140w, https:\/\/www.em.com.br\/emfoco\/wp-content\/uploads\/2025\/02\/esse-14.jpg 1280w\" sizes=\"auto, (max-width: 1024px) 100vw, 1024px\" \/><figcaption class=\"wp-element-caption\">MM Gerdau &#8211; Museu das Minas e do Metal em Belo Horizonte &#8211; Cr\u00e9ditos: Wikimedia Commons<\/figcaption><\/figure>\n\n\n\n<h2 class=\"wp-block-heading\">Outros destinos Imperd\u00edveis em Belo Horizonte<\/h2>\n\n\n\n<p>A cidade tamb\u00e9m abriga a renomada <strong>Lagoa da Pampulha<\/strong>, reconhecida por sua arquitetura inovadora e paisagens impressionantes, e o animado <strong>Mercado Central<\/strong>, onde os visitantes encontram uma ampla gama de produtos locais e especialidades culin\u00e1rias que refletem a aut\u00eantica cultura mineira.<\/p>\n\n\n\n<h2 class=\"wp-block-heading\">Aventuras culturais e naturais<\/h2>\n\n\n\n<p>Belo Horizonte n\u00e3o apenas fascina por sua cena cultural vibrante, mas tamb\u00e9m proporciona \u00f3timos espa\u00e7os para atividades ao ar livre. Seus parques municipais s\u00e3o perfeitos para quem procura relaxamento e contato com a natureza. Al\u00e9m disso, a poucos quil\u00f4metros da capital mineira, o <em><strong>Instituto Inhotim<\/strong><\/em> oferece uma experi\u00eancia \u00fanica ao combinar arte contempor\u00e2nea com jardins exuberantes, sendo o maior museu a c\u00e9u aberto do mundo e uma visita imperd\u00edvel para quem deseja explorar mais.<\/p>\n","protected":false},"excerpt":{"rendered":"<p>Situada em uma regi\u00e3o de montanhas, Belo Horizonte destaca-se pelo seu clima agrad\u00e1vel, com temperaturas em torno de 20\u202f\u00b0C ao longo do ano. A cidade, al\u00e9m de oferecer um ambiente confort\u00e1vel, \u00e9 rica em manifesta\u00e7\u00f5es culturais e art\u00edsticas que atraem tanto moradores quanto visitantes de diferentes partes do mundo. A diversidade cultural \u00e9 um dos [&hellip;]<\/p>\n","protected":false},"author":5,"featured_media":1915,"comment_status":"open","ping_status":"open","sticky":false,"template":"","format":"standard","meta":{"jnews-multi-image_gallery":[],"jnews_single_post":{"format":"standard"},"jnews_primary_category":[],"jnews_social_meta":[],"jnews_override_counter":[],"footnotes":""},"categories":[26,1],"tags":[154,1860,207,1192,157],"class_list":["post-13026","post","type-post","status-publish","format-standard","has-post-thumbnail","hentry","category-cidades","category-noticias","tag-belo-horizonte","tag-bh","tag-minas-gerais","tag-sudeste","tag-turismo"],"yoast_head":"<!-- This site is optimized with the Yoast SEO plugin v23.8 - https:\/\/yoast.com\/wordpress\/plugins\/seo\/ -->\n<title>A cidade que te conquista pelo cora\u00e7\u00e3o e pela alma! - Estado de Minas - Em foco<\/title>\n<meta name=\"description\" content=\"Belo Horizonte \u00e9 muito mais do que uma capital! Conhe\u00e7a a rica hist\u00f3ria, a vibrante cultura e a beleza natural da cidade mineira.\" \/>\n<meta name=\"robots\" content=\"index, follow, max-snippet:-1, max-image-preview:large, max-video-preview:-1\" \/>\n<link rel=\"canonical\" href=\"https:\/\/www.em.com.br\/emfoco\/2025\/02\/03\/a-cidade-que-te-conquista-pelo-coracao-e-pela-alma\/\" \/>\n<meta property=\"og:locale\" content=\"pt_BR\" \/>\n<meta property=\"og:type\" content=\"article\" \/>\n<meta property=\"og:title\" content=\"A cidade que te conquista pelo cora\u00e7\u00e3o e pela alma! - Estado de Minas - Em foco\" \/>\n<meta property=\"og:description\" content=\"Belo Horizonte \u00e9 muito mais do que uma capital! Conhe\u00e7a a rica hist\u00f3ria, a vibrante cultura e a beleza natural da cidade mineira.\" \/>\n<meta property=\"og:url\" content=\"https:\/\/www.em.com.br\/emfoco\/2025\/02\/03\/a-cidade-que-te-conquista-pelo-coracao-e-pela-alma\/\" \/>\n<meta property=\"og:site_name\" content=\"Estado de Minas - Em foco\" \/>\n<meta property=\"article:published_time\" content=\"2025-02-03T16:40:00+00:00\" \/>\n<meta property=\"article:modified_time\" content=\"2025-02-01T01:56:39+00:00\" \/>\n<meta property=\"og:image\" content=\"https:\/\/www.em.com.br\/emfoco\/wp-content\/uploads\/2024\/11\/Belo-Horizonte_1732807047989.jpg\" \/>\n\t<meta property=\"og:image:width\" content=\"1280\" \/>\n\t<meta property=\"og:image:height\" content=\"720\" \/>\n\t<meta property=\"og:image:type\" content=\"image\/jpeg\" \/>\n<meta name=\"author\" content=\"N\u00fabia Rangel\" \/>\n<meta name=\"twitter:card\" content=\"summary_large_image\" \/>\n<meta name=\"twitter:label1\" content=\"Escrito por\" \/>\n\t<meta name=\"twitter:data1\" content=\"N\u00fabia Rangel\" \/>\n\t<meta name=\"twitter:label2\" content=\"Est. tempo de leitura\" \/>\n\t<meta name=\"twitter:data2\" content=\"3 minutos\" \/>\n<!-- \/ Yoast SEO plugin. -->","yoast_head_json":{"title":"A cidade que te conquista pelo cora\u00e7\u00e3o e pela alma! - Estado de Minas - Em foco","description":"Belo Horizonte \u00e9 muito mais do que uma capital! Conhe\u00e7a a rica hist\u00f3ria, a vibrante cultura e a beleza natural da cidade mineira.","robots":{"index":"index","follow":"follow","max-snippet":"max-snippet:-1","max-image-preview":"max-image-preview:large","max-video-preview":"max-video-preview:-1"},"canonical":"https:\/\/www.em.com.br\/emfoco\/2025\/02\/03\/a-cidade-que-te-conquista-pelo-coracao-e-pela-alma\/","og_locale":"pt_BR","og_type":"article","og_title":"A cidade que te conquista pelo cora\u00e7\u00e3o e pela alma! - Estado de Minas - Em foco","og_description":"Belo Horizonte \u00e9 muito mais do que uma capital! Conhe\u00e7a a rica hist\u00f3ria, a vibrante cultura e a beleza natural da cidade mineira.","og_url":"https:\/\/www.em.com.br\/emfoco\/2025\/02\/03\/a-cidade-que-te-conquista-pelo-coracao-e-pela-alma\/","og_site_name":"Estado de Minas - Em foco","article_published_time":"2025-02-03T16:40:00+00:00","article_modified_time":"2025-02-01T01:56:39+00:00","og_image":[{"width":1280,"height":720,"url":"https:\/\/www.em.com.br\/emfoco\/wp-content\/uploads\/2024\/11\/Belo-Horizonte_1732807047989.jpg","type":"image\/jpeg"}],"author":"N\u00fabia Rangel","twitter_card":"summary_large_image","twitter_misc":{"Escrito por":"N\u00fabia Rangel","Est. tempo de leitura":"3 minutos"},"schema":{"@context":"https:\/\/schema.org","@graph":[{"@type":"WebPage","@id":"https:\/\/www.em.com.br\/emfoco\/2025\/02\/03\/a-cidade-que-te-conquista-pelo-coracao-e-pela-alma\/","url":"https:\/\/www.em.com.br\/emfoco\/2025\/02\/03\/a-cidade-que-te-conquista-pelo-coracao-e-pela-alma\/","name":"A cidade que te conquista pelo cora\u00e7\u00e3o e pela alma! - Estado de Minas - Em foco","isPartOf":{"@id":"https:\/\/www.em.com.br\/emfoco\/#website"},"primaryImageOfPage":{"@id":"https:\/\/www.em.com.br\/emfoco\/2025\/02\/03\/a-cidade-que-te-conquista-pelo-coracao-e-pela-alma\/#primaryimage"},"image":{"@id":"https:\/\/www.em.com.br\/emfoco\/2025\/02\/03\/a-cidade-que-te-conquista-pelo-coracao-e-pela-alma\/#primaryimage"},"thumbnailUrl":"https:\/\/www.em.com.br\/emfoco\/wp-content\/uploads\/2024\/11\/Belo-Horizonte_1732807047989.jpg","datePublished":"2025-02-03T16:40:00+00:00","dateModified":"2025-02-01T01:56:39+00:00","author":{"@id":"https:\/\/www.em.com.br\/emfoco\/#\/schema\/person\/524437ef54f8a5d32591b143307f2e20"},"description":"Belo Horizonte \u00e9 muito mais do que uma capital! Conhe\u00e7a a rica hist\u00f3ria, a vibrante cultura e a beleza natural da cidade mineira.","breadcrumb":{"@id":"https:\/\/www.em.com.br\/emfoco\/2025\/02\/03\/a-cidade-que-te-conquista-pelo-coracao-e-pela-alma\/#breadcrumb"},"inLanguage":"pt-BR","potentialAction":[{"@type":"ReadAction","target":["https:\/\/www.em.com.br\/emfoco\/2025\/02\/03\/a-cidade-que-te-conquista-pelo-coracao-e-pela-alma\/"]}]},{"@type":"ImageObject","inLanguage":"pt-BR","@id":"https:\/\/www.em.com.br\/emfoco\/2025\/02\/03\/a-cidade-que-te-conquista-pelo-coracao-e-pela-alma\/#primaryimage","url":"https:\/\/www.em.com.br\/emfoco\/wp-content\/uploads\/2024\/11\/Belo-Horizonte_1732807047989.jpg","contentUrl":"https:\/\/www.em.com.br\/emfoco\/wp-content\/uploads\/2024\/11\/Belo-Horizonte_1732807047989.jpg","width":1280,"height":720,"caption":"Belo Horizonte - Cr\u00e9ditos: depositphotos.com"},{"@type":"BreadcrumbList","@id":"https:\/\/www.em.com.br\/emfoco\/2025\/02\/03\/a-cidade-que-te-conquista-pelo-coracao-e-pela-alma\/#breadcrumb","itemListElement":[{"@type":"ListItem","position":1,"name":"In\u00edcio","item":"https:\/\/www.em.com.br\/emfoco\/"},{"@type":"ListItem","position":2,"name":"A cidade que te conquista pelo cora\u00e7\u00e3o e pela alma!"}]},{"@type":"WebSite","@id":"https:\/\/www.em.com.br\/emfoco\/#website","url":"https:\/\/www.em.com.br\/emfoco\/","name":"Estado de Minas - Em foco","description":"Acompanhe as \u00faltimas not\u00edcias e fique bem informado sobre tudo o que acontece em Minas Gerais, Brasil e no mundo.","potentialAction":[{"@type":"SearchAction","target":{"@type":"EntryPoint","urlTemplate":"https:\/\/www.em.com.br\/emfoco\/?s={search_term_string}"},"query-input":{"@type":"PropertyValueSpecification","valueRequired":true,"valueName":"search_term_string"}}],"inLanguage":"pt-BR"},{"@type":"Person","@id":"https:\/\/www.em.com.br\/emfoco\/#\/schema\/person\/524437ef54f8a5d32591b143307f2e20","name":"N\u00fabia Rangel","image":{"@type":"ImageObject","inLanguage":"pt-BR","@id":"https:\/\/www.em.com.br\/emfoco\/#\/schema\/person\/image\/","url":"https:\/\/secure.gravatar.com\/avatar\/47cff2827a5ba23c37e8068c86817ea4?s=96&d=mm&r=g","contentUrl":"https:\/\/secure.gravatar.com\/avatar\/47cff2827a5ba23c37e8068c86817ea4?s=96&d=mm&r=g","caption":"N\u00fabia Rangel"},"sameAs":["https:\/\/www.em.com.br\/emfoco\/"],"url":"https:\/\/www.em.com.br\/emfoco\/author\/nubiamyth\/"}]}},"_links":{"self":[{"href":"https:\/\/www.em.com.br\/emfoco\/wp-json\/wp\/v2\/posts\/13026","targetHints":{"allow":["GET"]}}],"collection":[{"href":"https:\/\/www.em.com.br\/emfoco\/wp-json\/wp\/v2\/posts"}],"about":[{"href":"https:\/\/www.em.com.br\/emfoco\/wp-json\/wp\/v2\/types\/post"}],"author":[{"embeddable":true,"href":"https:\/\/www.em.com.br\/emfoco\/wp-json\/wp\/v2\/users\/5"}],"replies":[{"embeddable":true,"href":"https:\/\/www.em.com.br\/emfoco\/wp-json\/wp\/v2\/comments?post=13026"}],"version-history":[{"count":3,"href":"https:\/\/www.em.com.br\/emfoco\/wp-json\/wp\/v2\/posts\/13026\/revisions"}],"predecessor-version":[{"id":15617,"href":"https:\/\/www.em.com.br\/emfoco\/wp-json\/wp\/v2\/posts\/13026\/revisions\/15617"}],"wp:featuredmedia":[{"embeddable":true,"href":"https:\/\/www.em.com.br\/emfoco\/wp-json\/wp\/v2\/media\/1915"}],"wp:attachment":[{"href":"https:\/\/www.em.com.br\/emfoco\/wp-json\/wp\/v2\/media?parent=13026"}],"wp:term":[{"taxonomy":"category","embeddable":true,"href":"https:\/\/www.em.com.br\/emfoco\/wp-json\/wp\/v2\/categories?post=13026"},{"taxonomy":"post_tag","embeddable":true,"href":"https:\/\/www.em.com.br\/emfoco\/wp-json\/wp\/v2\/tags?post=13026"}],"curies":[{"name":"wp","href":"https:\/\/api.w.org\/{rel}","templated":true}]}}