{"id":130069,"date":"2025-11-23T19:35:00","date_gmt":"2025-11-23T22:35:00","guid":{"rendered":"https:\/\/www.em.com.br\/emfoco\/?p=130069"},"modified":"2025-11-20T17:57:54","modified_gmt":"2025-11-20T20:57:54","slug":"as-ervas-que-mais-crescem-no-verao-e-transformam-qualquer-cantinho-em-horta-aromatica","status":"publish","type":"post","link":"https:\/\/www.em.com.br\/emfoco\/2025\/11\/23\/as-ervas-que-mais-crescem-no-verao-e-transformam-qualquer-cantinho-em-horta-aromatica\/","title":{"rendered":"As ervas que mais crescem no ver\u00e3o e transformam qualquer cantinho em horta arom\u00e1tica"},"content":{"rendered":"\n<p>Algumas <strong>ervas arom\u00e1ticas<\/strong> se desenvolvem muito r\u00e1pido no calor e exigem cuidados simples, tornando o ver\u00e3o uma \u00f3tima \u00e9poca para quem quer cultivar plantas cheirosas sem complica\u00e7\u00e3o. Essas esp\u00e9cies aproveitam o sol intenso, a temperatura elevada e regas leves para crescer de forma acelerada.<\/p>\n\n\n\n<h2 class=\"wp-block-heading\">Quais ervas se desenvolvem melhor no calor intenso?<\/h2>\n\n\n\n<p>Durante o ver\u00e3o, plantas que amam sol e clima quente apresentam crescimento acelerado, especialmente esp\u00e9cies como <strong>manjeric\u00e3o<\/strong> e <strong>hortel\u00e3<\/strong>. Elas respondem bem ao calor, produzem folhas rapidamente e s\u00e3o ideais para quem est\u00e1 come\u00e7ando no cultivo dom\u00e9stico.<\/p>\n\n\n\n<p>J\u00e1 ervas como alecrim, tomilho-lim\u00e3o e s\u00e1lvia se destacam pela <strong>resist\u00eancia<\/strong>, pois toleram altas temperaturas e exigem pouca interven\u00e7\u00e3o. Com solo leve e boa drenagem, crescem com facilidade e mant\u00eam aroma forte mesmo em dias muito quentes.<\/p>\n\n\n\n<figure class=\"wp-block-image size-large\"><img loading=\"lazy\" decoding=\"async\" width=\"1024\" height=\"576\" src=\"https:\/\/www.em.com.br\/emfoco\/wp-content\/uploads\/2025\/11\/Ervas-plantacao_1763672225518-1024x576.jpg\" alt=\"As ervas que mais crescem no ver\u00e3o e transformam qualquer cantinho em horta arom\u00e1tica\" class=\"wp-image-130096\" srcset=\"https:\/\/www.em.com.br\/emfoco\/wp-content\/uploads\/2025\/11\/Ervas-plantacao_1763672225518-1024x576.jpg 1024w, https:\/\/www.em.com.br\/emfoco\/wp-content\/uploads\/2025\/11\/Ervas-plantacao_1763672225518-300x169.jpg 300w, https:\/\/www.em.com.br\/emfoco\/wp-content\/uploads\/2025\/11\/Ervas-plantacao_1763672225518-768x432.jpg 768w, https:\/\/www.em.com.br\/emfoco\/wp-content\/uploads\/2025\/11\/Ervas-plantacao_1763672225518-750x422.jpg 750w, https:\/\/www.em.com.br\/emfoco\/wp-content\/uploads\/2025\/11\/Ervas-plantacao_1763672225518-1140x641.jpg 1140w, https:\/\/www.em.com.br\/emfoco\/wp-content\/uploads\/2025\/11\/Ervas-plantacao_1763672225518.jpg 1280w\" sizes=\"auto, (max-width: 1024px) 100vw, 1024px\" \/><figcaption class=\"wp-element-caption\">Calor intenso acelera brota\u00e7\u00f5es e deixa as folhas mais arom\u00e1ticas naturalmente &#8211; Cr\u00e9ditos: depositphotos.com \/ serezniy<\/figcaption><\/figure>\n\n\n\n<p><em>Leia mais: <strong><a href=\"https:\/\/www.em.com.br\/emfoco\/2025\/11\/15\/como-transformar-pequenos-vasos-em-uma-horta-cheia-de-pimentas\/\" target=\"_blank\" rel=\"noreferrer noopener\">Como transformar pequenos vasos em uma horta cheia de pimentas<\/a><\/strong><\/em><\/p>\n\n\n\n<h2 class=\"wp-block-heading\">Quais ervas valem a pena cultivar em casa no ver\u00e3o?<\/h2>\n\n\n\n<p>Como muitas plantas arom\u00e1ticas respondem r\u00e1pido ao calor, algumas esp\u00e9cies s\u00e3o especialmente pr\u00e1ticas para quem quer resultados \u00e1geis sem manuten\u00e7\u00e3o intensa. Para visualizar as melhores op\u00e7\u00f5es, reunimos abaixo as que mais prosperam na esta\u00e7\u00e3o quente.<\/p>\n\n\n\n<ul class=\"wp-block-list\">\n<li><strong>Manjeric\u00e3o<\/strong>: cresce r\u00e1pido e permite colheitas semanais, ficando mais cheio ap\u00f3s podas leves.<\/li>\n\n\n\n<li><strong>Hortel\u00e3<\/strong>: espalha-se sozinha, formando moitas densas mesmo com cuidados m\u00ednimos.<\/li>\n\n\n\n<li><strong>Alecrim<\/strong>: exige pouqu\u00edssima \u00e1gua e se mant\u00e9m saud\u00e1vel quando o solo n\u00e3o fica encharcado.<\/li>\n<\/ul>\n\n\n\n<h2 class=\"wp-block-heading\">Como cuidar dessas ervas para garantir crescimento acelerado?<\/h2>\n\n\n\n<p>Para que essas plantas cres\u00e7am bem, \u00e9 essencial usar um <strong>substrato drenado<\/strong>, j\u00e1 que o excesso de \u00e1gua pode comprometer ra\u00edzes mais sens\u00edveis. Vasos com furos e camada de drenagem ajudam a manter o equil\u00edbrio ideal durante o ver\u00e3o.<\/p>\n\n\n\n<p>Al\u00e9m disso, podas leves estimulam novas brota\u00e7\u00f5es e deixam as ervas mais volumosas. O cultivo fica ainda mais eficiente com aduba\u00e7\u00f5es simples, usando materiais naturais como <strong><a href=\"https:\/\/globorural.globo.com\/agricultura\/cafe\/noticia\/2023\/08\/borra-de-cafe-pode-ajudar-suas-plantas-e-suas-economias-saiba-como.ghtml\" target=\"_blank\" rel=\"noreferrer noopener\">borra de caf\u00e9<\/a><\/strong> ou cascas de ovo bem trituradas.<\/p>\n\n\n\n<figure class=\"wp-block-image size-large\"><img loading=\"lazy\" decoding=\"async\" width=\"1024\" height=\"576\" src=\"https:\/\/www.em.com.br\/emfoco\/wp-content\/uploads\/2025\/11\/Ervas-plantacao_1763672251214-1024x576.jpg\" alt=\"As ervas que mais crescem no ver\u00e3o e transformam qualquer cantinho em horta arom\u00e1tica\" class=\"wp-image-130097\" srcset=\"https:\/\/www.em.com.br\/emfoco\/wp-content\/uploads\/2025\/11\/Ervas-plantacao_1763672251214-1024x576.jpg 1024w, https:\/\/www.em.com.br\/emfoco\/wp-content\/uploads\/2025\/11\/Ervas-plantacao_1763672251214-300x169.jpg 300w, https:\/\/www.em.com.br\/emfoco\/wp-content\/uploads\/2025\/11\/Ervas-plantacao_1763672251214-768x432.jpg 768w, https:\/\/www.em.com.br\/emfoco\/wp-content\/uploads\/2025\/11\/Ervas-plantacao_1763672251214-750x422.jpg 750w, https:\/\/www.em.com.br\/emfoco\/wp-content\/uploads\/2025\/11\/Ervas-plantacao_1763672251214-1140x641.jpg 1140w, https:\/\/www.em.com.br\/emfoco\/wp-content\/uploads\/2025\/11\/Ervas-plantacao_1763672251214.jpg 1280w\" sizes=\"auto, (max-width: 1024px) 100vw, 1024px\" \/><figcaption class=\"wp-element-caption\">Sol pleno ativa \u00f3leos essenciais respons\u00e1veis pelo cheiro marcante das ervas &#8211; Cr\u00e9ditos: depositphotos.com \/ serezniy<\/figcaption><\/figure>\n\n\n\n<h2 class=\"wp-block-heading\">Quais cuidados extras deixam o cultivo ainda mais f\u00e1cil no calor?<\/h2>\n\n\n\n<p>No ver\u00e3o, pequenos ajustes tornam o cultivo mais eficiente, especialmente porque muitas ervas respondem rapidamente \u00e0 combina\u00e7\u00e3o de calor e luz. Assim, alguns h\u00e1bitos ajudam a manter o crescimento cont\u00ednuo, como mostram os pontos a seguir.<\/p>\n\n\n\n<ul class=\"wp-block-list\">\n<li>Mantenha regas moderadas para evitar encharcamento e garantir <strong>ra\u00edzes saud\u00e1veis<\/strong>.<\/li>\n\n\n\n<li>Posicione os vasos em \u00e1reas com sol pleno, essencial para ativar o crescimento r\u00e1pido.<\/li>\n\n\n\n<li>Use adubos org\u00e2nicos leves para incentivar o desenvolvimento sem exageros.<\/li>\n<\/ul>\n","protected":false},"excerpt":{"rendered":"<p>Algumas ervas arom\u00e1ticas se desenvolvem muito r\u00e1pido no calor e exigem cuidados simples, tornando o ver\u00e3o uma \u00f3tima \u00e9poca para quem quer cultivar plantas cheirosas sem complica\u00e7\u00e3o. Essas esp\u00e9cies aproveitam o sol intenso, a temperatura elevada e regas leves para crescer de forma acelerada. Quais ervas se desenvolvem melhor no calor intenso? Durante o ver\u00e3o, [&hellip;]<\/p>\n","protected":false},"author":13,"featured_media":130095,"comment_status":"open","ping_status":"open","sticky":false,"template":"","format":"standard","meta":{"jnews-multi-image_gallery":[],"jnews_single_post":{"format":"standard"},"jnews_primary_category":[],"jnews_social_meta":[],"jnews_override_counter":[],"footnotes":""},"categories":[8819],"tags":[6785,19126,9754],"class_list":["post-130069","post","type-post","status-publish","format-standard","has-post-thumbnail","hentry","category-curiosidades","tag-ervas-aromaticas","tag-ervas-resistentes","tag-plantas-resistentes"],"yoast_head":"<!-- This site is optimized with the Yoast SEO plugin v23.8 - https:\/\/yoast.com\/wordpress\/plugins\/seo\/ -->\n<title>As ervas que mais crescem no ver\u00e3o e transformam qualquer cantinho em horta arom\u00e1tica - Estado de Minas - Em foco<\/title>\n<meta name=\"description\" content=\"Essas ervas crescem mais r\u00e1pido no calor e exigem pouco cuidado. Ideal para quem quer uma horta arom\u00e1tica mesmo no ver\u00e3o intenso.\" \/>\n<meta name=\"robots\" content=\"index, follow, max-snippet:-1, max-image-preview:large, max-video-preview:-1\" \/>\n<link rel=\"canonical\" href=\"https:\/\/www.em.com.br\/emfoco\/2025\/11\/23\/as-ervas-que-mais-crescem-no-verao-e-transformam-qualquer-cantinho-em-horta-aromatica\/\" \/>\n<meta property=\"og:locale\" content=\"pt_BR\" \/>\n<meta property=\"og:type\" content=\"article\" \/>\n<meta property=\"og:title\" content=\"As ervas que mais crescem no ver\u00e3o e transformam qualquer cantinho em horta arom\u00e1tica - Estado de Minas - Em foco\" \/>\n<meta property=\"og:description\" content=\"Essas ervas crescem mais r\u00e1pido no calor e exigem pouco cuidado. Ideal para quem quer uma horta arom\u00e1tica mesmo no ver\u00e3o intenso.\" \/>\n<meta property=\"og:url\" content=\"https:\/\/www.em.com.br\/emfoco\/2025\/11\/23\/as-ervas-que-mais-crescem-no-verao-e-transformam-qualquer-cantinho-em-horta-aromatica\/\" \/>\n<meta property=\"og:site_name\" content=\"Estado de Minas - Em foco\" \/>\n<meta property=\"article:published_time\" content=\"2025-11-23T22:35:00+00:00\" \/>\n<meta property=\"article:modified_time\" content=\"2025-11-20T20:57:54+00:00\" \/>\n<meta property=\"og:image\" content=\"https:\/\/www.em.com.br\/emfoco\/wp-content\/uploads\/2025\/11\/Ervas-plantacao_1763672191291.jpg\" \/>\n\t<meta property=\"og:image:width\" content=\"1280\" \/>\n\t<meta property=\"og:image:height\" content=\"720\" \/>\n\t<meta property=\"og:image:type\" content=\"image\/jpeg\" \/>\n<meta name=\"author\" content=\"Gabriel Martins\" \/>\n<meta name=\"twitter:card\" content=\"summary_large_image\" \/>\n<meta name=\"twitter:label1\" content=\"Escrito por\" \/>\n\t<meta name=\"twitter:data1\" content=\"Gabriel Martins\" \/>\n\t<meta name=\"twitter:label2\" content=\"Est. tempo de leitura\" \/>\n\t<meta name=\"twitter:data2\" content=\"3 minutos\" \/>\n<!-- \/ Yoast SEO plugin. -->","yoast_head_json":{"title":"As ervas que mais crescem no ver\u00e3o e transformam qualquer cantinho em horta arom\u00e1tica - Estado de Minas - Em foco","description":"Essas ervas crescem mais r\u00e1pido no calor e exigem pouco cuidado. Ideal para quem quer uma horta arom\u00e1tica mesmo no ver\u00e3o intenso.","robots":{"index":"index","follow":"follow","max-snippet":"max-snippet:-1","max-image-preview":"max-image-preview:large","max-video-preview":"max-video-preview:-1"},"canonical":"https:\/\/www.em.com.br\/emfoco\/2025\/11\/23\/as-ervas-que-mais-crescem-no-verao-e-transformam-qualquer-cantinho-em-horta-aromatica\/","og_locale":"pt_BR","og_type":"article","og_title":"As ervas que mais crescem no ver\u00e3o e transformam qualquer cantinho em horta arom\u00e1tica - Estado de Minas - Em foco","og_description":"Essas ervas crescem mais r\u00e1pido no calor e exigem pouco cuidado. Ideal para quem quer uma horta arom\u00e1tica mesmo no ver\u00e3o intenso.","og_url":"https:\/\/www.em.com.br\/emfoco\/2025\/11\/23\/as-ervas-que-mais-crescem-no-verao-e-transformam-qualquer-cantinho-em-horta-aromatica\/","og_site_name":"Estado de Minas - Em foco","article_published_time":"2025-11-23T22:35:00+00:00","article_modified_time":"2025-11-20T20:57:54+00:00","og_image":[{"width":1280,"height":720,"url":"https:\/\/www.em.com.br\/emfoco\/wp-content\/uploads\/2025\/11\/Ervas-plantacao_1763672191291.jpg","type":"image\/jpeg"}],"author":"Gabriel Martins","twitter_card":"summary_large_image","twitter_misc":{"Escrito por":"Gabriel Martins","Est. tempo de leitura":"3 minutos"},"schema":{"@context":"https:\/\/schema.org","@graph":[{"@type":"WebPage","@id":"https:\/\/www.em.com.br\/emfoco\/2025\/11\/23\/as-ervas-que-mais-crescem-no-verao-e-transformam-qualquer-cantinho-em-horta-aromatica\/","url":"https:\/\/www.em.com.br\/emfoco\/2025\/11\/23\/as-ervas-que-mais-crescem-no-verao-e-transformam-qualquer-cantinho-em-horta-aromatica\/","name":"As ervas que mais crescem no ver\u00e3o e transformam qualquer cantinho em horta arom\u00e1tica - Estado de Minas - Em foco","isPartOf":{"@id":"https:\/\/www.em.com.br\/emfoco\/#website"},"primaryImageOfPage":{"@id":"https:\/\/www.em.com.br\/emfoco\/2025\/11\/23\/as-ervas-que-mais-crescem-no-verao-e-transformam-qualquer-cantinho-em-horta-aromatica\/#primaryimage"},"image":{"@id":"https:\/\/www.em.com.br\/emfoco\/2025\/11\/23\/as-ervas-que-mais-crescem-no-verao-e-transformam-qualquer-cantinho-em-horta-aromatica\/#primaryimage"},"thumbnailUrl":"https:\/\/www.em.com.br\/emfoco\/wp-content\/uploads\/2025\/11\/Ervas-plantacao_1763672191291.jpg","datePublished":"2025-11-23T22:35:00+00:00","dateModified":"2025-11-20T20:57:54+00:00","author":{"@id":"https:\/\/www.em.com.br\/emfoco\/#\/schema\/person\/1c9ddeab18b98abeffef834667bcf08a"},"description":"Essas ervas crescem mais r\u00e1pido no calor e exigem pouco cuidado. Ideal para quem quer uma horta arom\u00e1tica mesmo no ver\u00e3o intenso.","breadcrumb":{"@id":"https:\/\/www.em.com.br\/emfoco\/2025\/11\/23\/as-ervas-que-mais-crescem-no-verao-e-transformam-qualquer-cantinho-em-horta-aromatica\/#breadcrumb"},"inLanguage":"pt-BR","potentialAction":[{"@type":"ReadAction","target":["https:\/\/www.em.com.br\/emfoco\/2025\/11\/23\/as-ervas-que-mais-crescem-no-verao-e-transformam-qualquer-cantinho-em-horta-aromatica\/"]}]},{"@type":"ImageObject","inLanguage":"pt-BR","@id":"https:\/\/www.em.com.br\/emfoco\/2025\/11\/23\/as-ervas-que-mais-crescem-no-verao-e-transformam-qualquer-cantinho-em-horta-aromatica\/#primaryimage","url":"https:\/\/www.em.com.br\/emfoco\/wp-content\/uploads\/2025\/11\/Ervas-plantacao_1763672191291.jpg","contentUrl":"https:\/\/www.em.com.br\/emfoco\/wp-content\/uploads\/2025\/11\/Ervas-plantacao_1763672191291.jpg","width":1280,"height":720,"caption":"Ervas arom\u00e1ticas crescem mais r\u00e1pido no calor e facilitam o cultivo dom\u00e9stico - Cr\u00e9ditos: depositphotos.com \/ serezniy"},{"@type":"BreadcrumbList","@id":"https:\/\/www.em.com.br\/emfoco\/2025\/11\/23\/as-ervas-que-mais-crescem-no-verao-e-transformam-qualquer-cantinho-em-horta-aromatica\/#breadcrumb","itemListElement":[{"@type":"ListItem","position":1,"name":"In\u00edcio","item":"https:\/\/www.em.com.br\/emfoco\/"},{"@type":"ListItem","position":2,"name":"As ervas que mais crescem no ver\u00e3o e transformam qualquer cantinho em horta arom\u00e1tica"}]},{"@type":"WebSite","@id":"https:\/\/www.em.com.br\/emfoco\/#website","url":"https:\/\/www.em.com.br\/emfoco\/","name":"Estado de Minas - Em foco","description":"Acompanhe as \u00faltimas not\u00edcias e fique bem informado sobre tudo o que acontece em Minas Gerais, Brasil e no mundo.","potentialAction":[{"@type":"SearchAction","target":{"@type":"EntryPoint","urlTemplate":"https:\/\/www.em.com.br\/emfoco\/?s={search_term_string}"},"query-input":{"@type":"PropertyValueSpecification","valueRequired":true,"valueName":"search_term_string"}}],"inLanguage":"pt-BR"},{"@type":"Person","@id":"https:\/\/www.em.com.br\/emfoco\/#\/schema\/person\/1c9ddeab18b98abeffef834667bcf08a","name":"Gabriel Martins","image":{"@type":"ImageObject","inLanguage":"pt-BR","@id":"https:\/\/www.em.com.br\/emfoco\/#\/schema\/person\/image\/","url":"https:\/\/secure.gravatar.com\/avatar\/f0f1e2efdfd88f1ad2cb08c5c2731e50?s=96&d=mm&r=g","contentUrl":"https:\/\/secure.gravatar.com\/avatar\/f0f1e2efdfd88f1ad2cb08c5c2731e50?s=96&d=mm&r=g","caption":"Gabriel Martins"},"sameAs":["https:\/\/www.em.com.br\/emfoco\/"],"url":"https:\/\/www.em.com.br\/emfoco\/author\/gabrielmartinsmyth\/"}]}},"_links":{"self":[{"href":"https:\/\/www.em.com.br\/emfoco\/wp-json\/wp\/v2\/posts\/130069","targetHints":{"allow":["GET"]}}],"collection":[{"href":"https:\/\/www.em.com.br\/emfoco\/wp-json\/wp\/v2\/posts"}],"about":[{"href":"https:\/\/www.em.com.br\/emfoco\/wp-json\/wp\/v2\/types\/post"}],"author":[{"embeddable":true,"href":"https:\/\/www.em.com.br\/emfoco\/wp-json\/wp\/v2\/users\/13"}],"replies":[{"embeddable":true,"href":"https:\/\/www.em.com.br\/emfoco\/wp-json\/wp\/v2\/comments?post=130069"}],"version-history":[{"count":1,"href":"https:\/\/www.em.com.br\/emfoco\/wp-json\/wp\/v2\/posts\/130069\/revisions"}],"predecessor-version":[{"id":130098,"href":"https:\/\/www.em.com.br\/emfoco\/wp-json\/wp\/v2\/posts\/130069\/revisions\/130098"}],"wp:featuredmedia":[{"embeddable":true,"href":"https:\/\/www.em.com.br\/emfoco\/wp-json\/wp\/v2\/media\/130095"}],"wp:attachment":[{"href":"https:\/\/www.em.com.br\/emfoco\/wp-json\/wp\/v2\/media?parent=130069"}],"wp:term":[{"taxonomy":"category","embeddable":true,"href":"https:\/\/www.em.com.br\/emfoco\/wp-json\/wp\/v2\/categories?post=130069"},{"taxonomy":"post_tag","embeddable":true,"href":"https:\/\/www.em.com.br\/emfoco\/wp-json\/wp\/v2\/tags?post=130069"}],"curies":[{"name":"wp","href":"https:\/\/api.w.org\/{rel}","templated":true}]}}