{"id":130019,"date":"2025-11-22T15:05:00","date_gmt":"2025-11-22T18:05:00","guid":{"rendered":"https:\/\/www.em.com.br\/emfoco\/?p=130019"},"modified":"2025-11-20T16:16:13","modified_gmt":"2025-11-20T19:16:13","slug":"o-paraiso-sem-carros-e-com-praias-intocadas-que-poucos-conhecem-no-parana","status":"publish","type":"post","link":"https:\/\/www.em.com.br\/emfoco\/2025\/11\/22\/o-paraiso-sem-carros-e-com-praias-intocadas-que-poucos-conhecem-no-parana\/","title":{"rendered":"O para\u00edso sem carros e com praias intocadas que poucos conhecem no Paran\u00e1"},"content":{"rendered":"\n<p>A preservada <strong>Ilha do Mel<\/strong>, no Paran\u00e1, combina praias intocadas, trilhas naturais e vilarejos r\u00fasticos em um cen\u00e1rio sem carros e cheio de tranquilidade. O destino mant\u00e9m atmosfera \u00fanica e \u00e9 ideal para quem busca natureza aut\u00eantica e dias silenciosos \u00e0 beira-mar.<\/p>\n\n\n\n<h2 class=\"wp-block-heading\">Por que a Ilha do Mel \u00e9 um dos destinos mais preservados do Brasil?<\/h2>\n\n\n\n<p>A ilha \u00e9 considerada um santu\u00e1rio ecol\u00f3gico gra\u00e7as ao forte controle ambiental, \u00e1reas de prote\u00e7\u00e3o e limite di\u00e1rio de visitantes. Esse sistema mant\u00e9m o <strong>ambiente preservado<\/strong> o ano inteiro, garantindo praias limpas, fauna rica e sil\u00eancio raro no litoral brasileiro.<\/p>\n\n\n\n<p>O clima litor\u00e2neo traz ver\u00f5es quentes e \u00famidos, mas abril a julho e setembro a novembro s\u00e3o os per\u00edodos mais agrad\u00e1veis. Nesses meses, o ar fica mais fresco e as trilhas apresentam <strong>boa visibilidade<\/strong>, permitindo explorar mirantes e praias com mais conforto.<\/p>\n\n\n\n<p>Confira mais informa\u00e7\u00f5es sobre a Ilha do Mel compartilhada pelo canal do YouTube <strong>@TV Paran\u00e1 Turismo: <\/strong><\/p>\n\n\n\n<figure class=\"wp-block-embed is-type-video is-provider-youtube wp-block-embed-youtube wp-embed-aspect-16-9 wp-has-aspect-ratio\"><div class=\"wp-block-embed__wrapper\">\n<div class=\"jeg_video_container jeg_video_content\"><iframe loading=\"lazy\" title=\"Conhe\u00e7a Paran\u00e1: Ilha do Mel\" width=\"500\" height=\"281\" src=\"https:\/\/www.youtube.com\/embed\/jSkL-PMoP9M?feature=oembed\" frameborder=\"0\" allow=\"accelerometer; autoplay; clipboard-write; encrypted-media; gyroscope; picture-in-picture; web-share\" referrerpolicy=\"strict-origin-when-cross-origin\" allowfullscreen><\/iframe><\/div>\n<\/div><\/figure>\n\n\n\n<p><em>Leia mais: <strong><a href=\"https:\/\/www.em.com.br\/emfoco\/2025\/11\/17\/a-cidade-do-norte-que-virou-a-queridinha-dos-amantes-de-cultura-e-festivais\/\" target=\"_blank\" rel=\"noreferrer noopener\">A cidade do Norte que virou a queridinha dos amantes de cultura e festivais<\/a><\/strong><\/em><\/p>\n\n\n\n<h2 class=\"wp-block-heading\">Quais atra\u00e7\u00f5es revelam a autenticidade da Ilha do Mel?<\/h2>\n\n\n\n<p>A ilha re\u00fane paisagens naturais e constru\u00e7\u00f5es hist\u00f3ricas que contam s\u00e9culos de hist\u00f3ria do litoral paranaense. Para quem busca experi\u00eancias marcantes, as atra\u00e7\u00f5es misturam aventura leve, cultura e cen\u00e1rios deslumbrantes. Veja na lista abaixo os destaques mais procurados.<\/p>\n\n\n\n<ul class=\"wp-block-list\">\n<li><strong>Farol das Conchas<\/strong>, de 1872, com vista panor\u00e2mica do alto do morro.<\/li>\n\n\n\n<li><strong>Fortaleza de Nossa Senhora dos Prazeres<\/strong>, constru\u00edda em 1767.<\/li>\n\n\n\n<li><strong>Praias de Encantadas<\/strong>, <strong>Bras\u00edlia <\/strong>e <strong>Praia Grande<\/strong>, al\u00e9m da <strong>Gruta das Encantadas<\/strong>.<\/li>\n<\/ul>\n\n\n\n<h2 class=\"wp-block-heading\">Qual \u00e9 a hist\u00f3ria que torna o destino ainda mais especial?<\/h2>\n\n\n\n<p>A <strong><a href=\"https:\/\/www.parana.pr.gov.br\/servicos\/Cultura-e-Lazer\/Turismo\/Visitar-a-Ilha-do-Mel-6K3Wpvrm\" target=\"_blank\" rel=\"noreferrer noopener\">Ilha do Mel<\/a><\/strong> j\u00e1 foi ponto estrat\u00e9gico militar e rota para embarca\u00e7\u00f5es no s\u00e9culo XIX. Ao longo do tempo, fortalezas e estruturas costeiras foram preservadas, mantendo viva a <strong>mem\u00f3ria hist\u00f3rica<\/strong> da regi\u00e3o que ainda pode ser vista nas trilhas e ru\u00ednas locais.<\/p>\n\n\n\n<p>O Farol das Conchas \u00e9 um marco importante dessa trajet\u00f3ria, orientando navegadores desde 1872. J\u00e1 a Fortaleza dos Prazeres, acessada por caminhada costeira, refor\u00e7a o <strong>legado cultural<\/strong> que transforma a ilha em um destino que une natureza e hist\u00f3ria.<\/p>\n\n\n\n<h2 class=\"wp-block-heading\">O que fazer em um roteiro curto pela Ilha do Mel?<\/h2>\n\n\n\n<p>Os dois vilarejos principais oferecem experi\u00eancias para diferentes estilos, e um roteiro compacto permite aproveitar a ilha sem pressa. Para facilitar o planejamento, confira na lista abaixo sugest\u00f5es perfeitas para um dia completo nesse para\u00edso preservado.<\/p>\n\n\n\n<ul class=\"wp-block-list\">\n<li>Subir ao Farol das Conchas pela manh\u00e3 para ver a vista limpa.<\/li>\n\n\n\n<li>Explorar a Gruta das Encantadas com mar\u00e9 baixa e caminhar pelas praias.<\/li>\n\n\n\n<li>Finalizar o dia assistindo ao p\u00f4r do sol em Bras\u00edlia ou na fortaleza.<\/li>\n<\/ul>\n\n\n\n<p>Conhe\u00e7a mais dicas de visita compartilhadas pelo canal do TikTok <strong>@fomosviajar:<\/strong><\/p>\n\n\n\n<blockquote class=\"tiktok-embed\" cite=\"https:\/\/www.tiktok.com\/@fomosviajar\/video\/7518892461196954936\" data-video-id=\"7518892461196954936\" style=\"max-width: 605px;min-width: 325px;\" > <section> <a target=\"_blank\" title=\"@fomosviajar\" href=\"https:\/\/www.tiktok.com\/@fomosviajar?refer=embed\">@fomosviajar<\/a> \u2705Ilha do Mel &#8211; Paranagu\u00e1&#47;PR\u2705 J\u00e1 siga o @_fomosviajar para n\u00e3o perder nenhum lugar incr\u00edvel do Sul do Brasil \ud83c\udf0d\ud83d\ude0d \ud83d\udccdIlha do Mel &#8211; Paranagu\u00e1&#47;PR \u2139\ufe0fSE LIGA NAS INFORMA\u00c7\u00d5ES\u2139\ufe0f \ud83d\ude99 Proibido qualquer ve\u00edculo automotor;  \ud83d\udc9aMuito verde e natureza;  \ud83d\udea4O ponto de partida pode ser pelas cidades: \u27a1\ufe0fPontal do Sul (30 min);  \u27a1\ufe0fParanagu\u00e1 (1h30min);  \ud83e\udd11A passagem est\u00e1 entre 45 a 60,00 ida e volta para uma pessoa; \ud83d\ude97Precisa ficar em uma garagem que vai ter um custo de 25 a 30,00 por dia;  \ud83d\udd3cTamb\u00e9m tem a op\u00e7\u00e3o de fazer o passeio 360 (para conhecer a ilha e os principais pontos tur\u00edsticos) em 1 dia; com a @ \ud83e\udd6cOs alimentos na ilha s\u00e3o um pouco mais caros, o que \u00e9 compreens\u00edvel pela log\u00edstica e custo para chegar at\u00e9 l\u00e1;  \ud83c\udfd5\ufe0f\ud83c\udfe8 A ilha tem muitas op\u00e7\u00f5es de hospedagem desde camping a resort;  \ud83d\udcb5Baixa temporada tem menos op\u00e7\u00f5es, por\u00e9m pode encontrar lugares com at\u00e9 50% de desconto;  \ud83d\udccdOs principais pontos tur\u00edsticos s\u00e3o: Farol das conchas; Gruta das encantadas; Fortaleza Nossa Senhora dos Prazeres;  \ud83d\udcb0Todos os pontos tur\u00edsticos s\u00e3o gratuitos;  \ud83d\udccdTamb\u00e9m tem outros lugares menos falados mais que s\u00e3o lindos tamb\u00e9m: Morro do Sab\u00e3o; morro da cruz; Istmo; bacia da sereia;  \ud83d\udea4\ud83e\udd7e \u00e9 poss\u00edvel chegar at\u00e9 os locais de t\u00e1xi N\u00e1utico ou atrav\u00e9s de trilha, o que d\u00e1 para fazer tranquilamente com uma boa caminhada claro\u2026 tamb\u00e9m uma \u00f3tima op\u00e7\u00e3o \u00e9 ir pela trilha e retornar de t\u00e1xi N\u00e1utico;  \ud83c\udf05O Farol das Conchas \u00e9 procurado para o p\u00f4r do sol;  \ud83c\udfdd\ufe0fA ilha \u00e9 separada em duas vilas principais: Encantadas e Bras\u00edlia;  \ud83c\udf33 As moradias s\u00e3o integradas \u00e0 natureza e toda a ilha \u00e9 bel\u00edssima.  Conhece? Ou ficou com vontade de conhecer? J\u00e1 marque o @ de quem vai explorar mais esse cantinho do Paran\u00e1 com voc\u00ea \ud83d\ude0d <a title=\"ilhadomel\" target=\"_blank\" href=\"https:\/\/www.tiktok.com\/tag\/ilhadomel?refer=embed\">#ilhadomel<\/a> <a title=\"natureza\" target=\"_blank\" href=\"https:\/\/www.tiktok.com\/tag\/natureza?refer=embed\">#natureza<\/a> <a title=\"paran\u00e1\" target=\"_blank\" href=\"https:\/\/www.tiktok.com\/tag\/paran%C3%A1?refer=embed\">#paran\u00e1<\/a> <a title=\"paranagu\u00e1\" target=\"_blank\" href=\"https:\/\/www.tiktok.com\/tag\/paranagu%C3%A1?refer=embed\">#paranagu\u00e1<\/a> <a title=\"litoral\" target=\"_blank\" href=\"https:\/\/www.tiktok.com\/tag\/litoral?refer=embed\">#litoral<\/a> <a title=\"litoraldoparana\" target=\"_blank\" href=\"https:\/\/www.tiktok.com\/tag\/litoraldoparana?refer=embed\">#litoraldoparana<\/a> <a target=\"_blank\" title=\"\u266c Walking Around - Instrumental Version - Eldar Kedem\" href=\"https:\/\/www.tiktok.com\/music\/Walking-Around-Instrumental-Version-6982541212746008578?refer=embed\">\u266c Walking Around &#8211; Instrumental Version &#8211; Eldar Kedem<\/a> <\/section> <\/blockquote> <script async src=\"https:\/\/www.tiktok.com\/embed.js\"><\/script>\n\n\n\n<h2 class=\"wp-block-heading\">Como chegar e onde se hospedar na Ilha do Mel?<\/h2>\n\n\n\n<p>O acesso \u00e9 feito por travessias de barco saindo de <strong>Pontal do Sul<\/strong>, com percurso r\u00e1pido, ou de Paranagu\u00e1, em viagens mais longas. Na ilha, deslocamentos acontecem apenas a p\u00e9 ou de bicicleta, criando uma experi\u00eancia imersiva e silenciosa.<\/p>\n\n\n\n<ul class=\"wp-block-list\">\n<li>Pousadas simples em Encantadas para quem gosta de vida noturna leve.<\/li>\n\n\n\n<li>Op\u00e7\u00f5es mais tranquilas em Bras\u00edlia para quem busca descanso absoluto.<\/li>\n\n\n\n<li>Hospedagens r\u00fasticas com culin\u00e1ria de frutos do mar frescos e clima alternativo.<\/li>\n<\/ul>\n","protected":false},"excerpt":{"rendered":"<p>A preservada Ilha do Mel, no Paran\u00e1, combina praias intocadas, trilhas naturais e vilarejos r\u00fasticos em um cen\u00e1rio sem carros e cheio de tranquilidade. O destino mant\u00e9m atmosfera \u00fanica e \u00e9 ideal para quem busca natureza aut\u00eantica e dias silenciosos \u00e0 beira-mar. Por que a Ilha do Mel \u00e9 um dos destinos mais preservados do [&hellip;]<\/p>\n","protected":false},"author":13,"featured_media":100345,"comment_status":"open","ping_status":"open","sticky":false,"template":"","format":"standard","meta":{"jnews-multi-image_gallery":[],"jnews_single_post":{"format":"standard"},"jnews_primary_category":[],"jnews_social_meta":[],"jnews_override_counter":[],"footnotes":""},"categories":[26],"tags":[2896,15513,1209],"class_list":["post-130019","post","type-post","status-publish","format-standard","has-post-thumbnail","hentry","category-cidades","tag-destinos-turisticos","tag-ilha-do-mel","tag-parana"],"yoast_head":"<!-- This site is optimized with the Yoast SEO plugin v23.8 - https:\/\/yoast.com\/wordpress\/plugins\/seo\/ -->\n<title>O para\u00edso sem carros e com praias intocadas que poucos conhecem no Paran\u00e1 - Estado de Minas - Em foco<\/title>\n<meta name=\"description\" content=\"Sem carros e com controle de visitantes, a Ilha do Mel oferece trilhas, natureza e paz em um dos lugares mais \u00fanicos do Brasil.\" \/>\n<meta name=\"robots\" content=\"index, follow, max-snippet:-1, max-image-preview:large, max-video-preview:-1\" \/>\n<link rel=\"canonical\" href=\"https:\/\/www.em.com.br\/emfoco\/2025\/11\/22\/o-paraiso-sem-carros-e-com-praias-intocadas-que-poucos-conhecem-no-parana\/\" \/>\n<meta property=\"og:locale\" content=\"pt_BR\" \/>\n<meta property=\"og:type\" content=\"article\" \/>\n<meta property=\"og:title\" content=\"O para\u00edso sem carros e com praias intocadas que poucos conhecem no Paran\u00e1 - Estado de Minas - Em foco\" \/>\n<meta property=\"og:description\" content=\"Sem carros e com controle de visitantes, a Ilha do Mel oferece trilhas, natureza e paz em um dos lugares mais \u00fanicos do Brasil.\" \/>\n<meta property=\"og:url\" content=\"https:\/\/www.em.com.br\/emfoco\/2025\/11\/22\/o-paraiso-sem-carros-e-com-praias-intocadas-que-poucos-conhecem-no-parana\/\" \/>\n<meta property=\"og:site_name\" content=\"Estado de Minas - Em foco\" \/>\n<meta property=\"article:published_time\" content=\"2025-11-22T18:05:00+00:00\" \/>\n<meta property=\"article:modified_time\" content=\"2025-11-20T19:16:13+00:00\" \/>\n<meta property=\"og:image\" content=\"https:\/\/www.em.com.br\/emfoco\/wp-content\/uploads\/2025\/09\/Ilha-do-mel_1756922700401.jpg\" \/>\n\t<meta property=\"og:image:width\" content=\"1279\" \/>\n\t<meta property=\"og:image:height\" content=\"720\" \/>\n\t<meta property=\"og:image:type\" content=\"image\/jpeg\" \/>\n<meta name=\"author\" content=\"Gabriel Martins\" \/>\n<meta name=\"twitter:card\" content=\"summary_large_image\" \/>\n<meta name=\"twitter:label1\" content=\"Escrito por\" \/>\n\t<meta name=\"twitter:data1\" content=\"Gabriel Martins\" \/>\n\t<meta name=\"twitter:label2\" content=\"Est. tempo de leitura\" \/>\n\t<meta name=\"twitter:data2\" content=\"4 minutos\" \/>\n<!-- \/ Yoast SEO plugin. -->","yoast_head_json":{"title":"O para\u00edso sem carros e com praias intocadas que poucos conhecem no Paran\u00e1 - Estado de Minas - Em foco","description":"Sem carros e com controle de visitantes, a Ilha do Mel oferece trilhas, natureza e paz em um dos lugares mais \u00fanicos do Brasil.","robots":{"index":"index","follow":"follow","max-snippet":"max-snippet:-1","max-image-preview":"max-image-preview:large","max-video-preview":"max-video-preview:-1"},"canonical":"https:\/\/www.em.com.br\/emfoco\/2025\/11\/22\/o-paraiso-sem-carros-e-com-praias-intocadas-que-poucos-conhecem-no-parana\/","og_locale":"pt_BR","og_type":"article","og_title":"O para\u00edso sem carros e com praias intocadas que poucos conhecem no Paran\u00e1 - Estado de Minas - Em foco","og_description":"Sem carros e com controle de visitantes, a Ilha do Mel oferece trilhas, natureza e paz em um dos lugares mais \u00fanicos do Brasil.","og_url":"https:\/\/www.em.com.br\/emfoco\/2025\/11\/22\/o-paraiso-sem-carros-e-com-praias-intocadas-que-poucos-conhecem-no-parana\/","og_site_name":"Estado de Minas - Em foco","article_published_time":"2025-11-22T18:05:00+00:00","article_modified_time":"2025-11-20T19:16:13+00:00","og_image":[{"width":1279,"height":720,"url":"https:\/\/www.em.com.br\/emfoco\/wp-content\/uploads\/2025\/09\/Ilha-do-mel_1756922700401.jpg","type":"image\/jpeg"}],"author":"Gabriel Martins","twitter_card":"summary_large_image","twitter_misc":{"Escrito por":"Gabriel Martins","Est. tempo de leitura":"4 minutos"},"schema":{"@context":"https:\/\/schema.org","@graph":[{"@type":"WebPage","@id":"https:\/\/www.em.com.br\/emfoco\/2025\/11\/22\/o-paraiso-sem-carros-e-com-praias-intocadas-que-poucos-conhecem-no-parana\/","url":"https:\/\/www.em.com.br\/emfoco\/2025\/11\/22\/o-paraiso-sem-carros-e-com-praias-intocadas-que-poucos-conhecem-no-parana\/","name":"O para\u00edso sem carros e com praias intocadas que poucos conhecem no Paran\u00e1 - Estado de Minas - Em foco","isPartOf":{"@id":"https:\/\/www.em.com.br\/emfoco\/#website"},"primaryImageOfPage":{"@id":"https:\/\/www.em.com.br\/emfoco\/2025\/11\/22\/o-paraiso-sem-carros-e-com-praias-intocadas-que-poucos-conhecem-no-parana\/#primaryimage"},"image":{"@id":"https:\/\/www.em.com.br\/emfoco\/2025\/11\/22\/o-paraiso-sem-carros-e-com-praias-intocadas-que-poucos-conhecem-no-parana\/#primaryimage"},"thumbnailUrl":"https:\/\/www.em.com.br\/emfoco\/wp-content\/uploads\/2025\/09\/Ilha-do-mel_1756922700401.jpg","datePublished":"2025-11-22T18:05:00+00:00","dateModified":"2025-11-20T19:16:13+00:00","author":{"@id":"https:\/\/www.em.com.br\/emfoco\/#\/schema\/person\/1c9ddeab18b98abeffef834667bcf08a"},"description":"Sem carros e com controle de visitantes, a Ilha do Mel oferece trilhas, natureza e paz em um dos lugares mais \u00fanicos do Brasil.","breadcrumb":{"@id":"https:\/\/www.em.com.br\/emfoco\/2025\/11\/22\/o-paraiso-sem-carros-e-com-praias-intocadas-que-poucos-conhecem-no-parana\/#breadcrumb"},"inLanguage":"pt-BR","potentialAction":[{"@type":"ReadAction","target":["https:\/\/www.em.com.br\/emfoco\/2025\/11\/22\/o-paraiso-sem-carros-e-com-praias-intocadas-que-poucos-conhecem-no-parana\/"]}]},{"@type":"ImageObject","inLanguage":"pt-BR","@id":"https:\/\/www.em.com.br\/emfoco\/2025\/11\/22\/o-paraiso-sem-carros-e-com-praias-intocadas-que-poucos-conhecem-no-parana\/#primaryimage","url":"https:\/\/www.em.com.br\/emfoco\/wp-content\/uploads\/2025\/09\/Ilha-do-mel_1756922700401.jpg","contentUrl":"https:\/\/www.em.com.br\/emfoco\/wp-content\/uploads\/2025\/09\/Ilha-do-mel_1756922700401.jpg","width":1279,"height":720,"caption":"Ilha do Mel, Paran\u00e1 - Cr\u00e9ditos: depositphotos.com \/ icon72"},{"@type":"BreadcrumbList","@id":"https:\/\/www.em.com.br\/emfoco\/2025\/11\/22\/o-paraiso-sem-carros-e-com-praias-intocadas-que-poucos-conhecem-no-parana\/#breadcrumb","itemListElement":[{"@type":"ListItem","position":1,"name":"In\u00edcio","item":"https:\/\/www.em.com.br\/emfoco\/"},{"@type":"ListItem","position":2,"name":"O para\u00edso sem carros e com praias intocadas que poucos conhecem no Paran\u00e1"}]},{"@type":"WebSite","@id":"https:\/\/www.em.com.br\/emfoco\/#website","url":"https:\/\/www.em.com.br\/emfoco\/","name":"Estado de Minas - Em foco","description":"Acompanhe as \u00faltimas not\u00edcias e fique bem informado sobre tudo o que acontece em Minas Gerais, Brasil e no mundo.","potentialAction":[{"@type":"SearchAction","target":{"@type":"EntryPoint","urlTemplate":"https:\/\/www.em.com.br\/emfoco\/?s={search_term_string}"},"query-input":{"@type":"PropertyValueSpecification","valueRequired":true,"valueName":"search_term_string"}}],"inLanguage":"pt-BR"},{"@type":"Person","@id":"https:\/\/www.em.com.br\/emfoco\/#\/schema\/person\/1c9ddeab18b98abeffef834667bcf08a","name":"Gabriel Martins","image":{"@type":"ImageObject","inLanguage":"pt-BR","@id":"https:\/\/www.em.com.br\/emfoco\/#\/schema\/person\/image\/","url":"https:\/\/secure.gravatar.com\/avatar\/f0f1e2efdfd88f1ad2cb08c5c2731e50?s=96&d=mm&r=g","contentUrl":"https:\/\/secure.gravatar.com\/avatar\/f0f1e2efdfd88f1ad2cb08c5c2731e50?s=96&d=mm&r=g","caption":"Gabriel Martins"},"sameAs":["https:\/\/www.em.com.br\/emfoco\/"],"url":"https:\/\/www.em.com.br\/emfoco\/author\/gabrielmartinsmyth\/"}]}},"_links":{"self":[{"href":"https:\/\/www.em.com.br\/emfoco\/wp-json\/wp\/v2\/posts\/130019","targetHints":{"allow":["GET"]}}],"collection":[{"href":"https:\/\/www.em.com.br\/emfoco\/wp-json\/wp\/v2\/posts"}],"about":[{"href":"https:\/\/www.em.com.br\/emfoco\/wp-json\/wp\/v2\/types\/post"}],"author":[{"embeddable":true,"href":"https:\/\/www.em.com.br\/emfoco\/wp-json\/wp\/v2\/users\/13"}],"replies":[{"embeddable":true,"href":"https:\/\/www.em.com.br\/emfoco\/wp-json\/wp\/v2\/comments?post=130019"}],"version-history":[{"count":1,"href":"https:\/\/www.em.com.br\/emfoco\/wp-json\/wp\/v2\/posts\/130019\/revisions"}],"predecessor-version":[{"id":130023,"href":"https:\/\/www.em.com.br\/emfoco\/wp-json\/wp\/v2\/posts\/130019\/revisions\/130023"}],"wp:featuredmedia":[{"embeddable":true,"href":"https:\/\/www.em.com.br\/emfoco\/wp-json\/wp\/v2\/media\/100345"}],"wp:attachment":[{"href":"https:\/\/www.em.com.br\/emfoco\/wp-json\/wp\/v2\/media?parent=130019"}],"wp:term":[{"taxonomy":"category","embeddable":true,"href":"https:\/\/www.em.com.br\/emfoco\/wp-json\/wp\/v2\/categories?post=130019"},{"taxonomy":"post_tag","embeddable":true,"href":"https:\/\/www.em.com.br\/emfoco\/wp-json\/wp\/v2\/tags?post=130019"}],"curies":[{"name":"wp","href":"https:\/\/api.w.org\/{rel}","templated":true}]}}