{"id":129947,"date":"2025-11-21T12:55:09","date_gmt":"2025-11-21T15:55:09","guid":{"rendered":"https:\/\/www.em.com.br\/emfoco\/?p=129947"},"modified":"2025-11-20T21:57:44","modified_gmt":"2025-11-21T00:57:44","slug":"o-que-o-formato-do-seu-rosto-revela-sobre-o-estilo-de-corte-ideal-para-voce","status":"publish","type":"post","link":"https:\/\/www.em.com.br\/emfoco\/2025\/11\/21\/o-que-o-formato-do-seu-rosto-revela-sobre-o-estilo-de-corte-ideal-para-voce\/","title":{"rendered":"O que o formato do seu rosto revela sobre o estilo de corte ideal para voc\u00ea"},"content":{"rendered":"\n<p>Os <strong>rostos ovais<\/strong> possuem tra\u00e7os equilibrados, o que permite experimentar diversos estilos e cortes modernos sem comprometer a harmonia facial.<\/p>\n\n\n\n<h2 class=\"wp-block-heading\">Como escolher o corte ideal para valorizar rostos ovais?<\/h2>\n\n\n\n<p>O <strong>long bob<\/strong> \u00e9 uma op\u00e7\u00e3o bastante vers\u00e1til para rostos ovais e garante comprimento ideal logo abaixo do maxilar. Esse corte oferece movimento e leveza, evitando um visual sem vida. Al\u00e9m disso, quem busca inova\u00e7\u00e3o pode apostar em pontas levemente assim\u00e9tricas para potencializar o efeito fresco no visual, que \u00e9 tend\u00eancia em <strong>sal\u00f5es<\/strong> de beleza.<\/p>\n\n\n\n<p>Outra sugest\u00e3o \u00e9 optar pelo cabelo m\u00e9dio com <strong>camadas<\/strong>. As camadas proporcionam dimens\u00e3o, facilitando penteados presos ou soltos, al\u00e9m de adaptarem-se a diferentes texturas de fios. O resultado \u00e9 um estilo pr\u00e1tico, moderno e sofisticado para diversas ocasi\u00f5es.<\/p>\n\n\n\n<iframe loading=\"lazy\" src=\"https:\/\/assets.pinterest.com\/ext\/embed.html?id=189503096826388737\" height=\"658\" width=\"345\" frameborder=\"0\" scrolling=\"no\" ><\/iframe>\n\n\n\n<h2 class=\"wp-block-heading\">Quais cortes ajudam a equilibrar rostos alongados?<\/h2>\n\n\n\n<p>Para <strong>rostos alongados<\/strong>, a dica principal \u00e9 adotar cortes que ofere\u00e7am volume nas laterais. Isso ajuda a reduzir a sensa\u00e7\u00e3o de comprimento excessivo.<\/p>\n\n\n\n<p>Uma excelente estrat\u00e9gia \u00e9 escolher cortes na altura do maxilar combinados com <strong>franjas<\/strong>, pois proporcionam o efeito de rosto mais cheio. Estilos que destacam ondas naturais cumprem esse papel, al\u00e9m de garantir um visual descontra\u00eddo. Para facilitar sua escolha, veja exemplos ideais:<\/p>\n\n\n\n<ul class=\"wp-block-list\">\n<li><strong>Bob<\/strong> na altura do queixo com franja<\/li>\n\n\n\n<li>Corte m\u00e9dio com <strong>ondas desfeitas<\/strong><\/li>\n\n\n\n<li>Shaggy hair volumoso<\/li>\n<\/ul>\n\n\n\n<p>Leia tamb\u00e9m:&nbsp;<a href=\"https:\/\/www.em.com.br\/emfoco\/2025\/10\/19\/como-escolher-o-corte-perfeito-para-valorizar-o-formato-do-seu-rosto\/\" target=\"_blank\" rel=\"noopener\">Como escolher o corte perfeito para valorizar o formato do seu rosto<\/a><\/p>\n\n\n\n<h2 class=\"wp-block-heading\">Quais estilos suavizam as linhas dos rostos quadrados?<\/h2>\n\n\n\n<p>Para rostos quadrados, suavizar as linhas marcadas \u00e9 fundamental. O <strong>choppy bob<\/strong> com textura e ondas suaves destaca-se, pois cria movimento e disfar\u00e7a a rigidez dos tra\u00e7os.<\/p>\n\n\n\n<p>Cortes com <strong>franjas desfiadas<\/strong> ou arredondadas tamb\u00e9m s\u00e3o recomendados para um visual harmonioso. Aposte em acabamentos com navalha e fios desconectados para ainda mais leveza no visual do dia a dia. Profissionais recomendam alternar o acabamento dos fios para potencializar o efeito leve e moderno.<\/p>\n\n\n\n<h2 class=\"wp-block-heading\">Quais penteados alongam e valorizam rostos redondos?<\/h2>\n\n\n\n<p>Quem tem <strong>rosto redondo<\/strong> pode apostar em cortes e penteados que criam a ilus\u00e3o de alongamento, equilibrando as fei\u00e7\u00f5es.<\/p>\n\n\n\n<p>Os <strong>cabelos longos<\/strong> s\u00e3o aliados perfeitos, permitindo varia\u00e7\u00f5es desde lisos at\u00e9 ondulados. A <strong>franja lateral<\/strong> confere comprimento visual, e os bobs desfiados acrescentam \u00e2ngulos, afinando o maxilar de maneira moderna e atual. Veja um v\u00eddeo do <a href=\"https:\/\/www.youtube.com\/watch?v=-Fxtn3uEOtU\" target=\"_blank\" rel=\"noopener\">RODRIGO CINTRA<\/a> sobre escolher cortes para o formato de rosto:<\/p>\n\n\n\n<figure class=\"wp-block-embed is-type-video is-provider-youtube wp-block-embed-youtube wp-embed-aspect-16-9 wp-has-aspect-ratio\"><div class=\"wp-block-embed__wrapper\">\n<div class=\"jeg_video_container jeg_video_content\"><iframe loading=\"lazy\" title=\"VISAGISMO - Qual melhor corte de cabelo para seu formato de rosto.\" width=\"500\" height=\"281\" src=\"https:\/\/www.youtube.com\/embed\/-Fxtn3uEOtU?feature=oembed\" frameborder=\"0\" allow=\"accelerometer; autoplay; clipboard-write; encrypted-media; gyroscope; picture-in-picture; web-share\" referrerpolicy=\"strict-origin-when-cross-origin\" allowfullscreen><\/iframe><\/div>\n<\/div><\/figure>\n\n\n\n<h2 class=\"wp-block-heading\">Como valorizar rostos triangulares com cortes certos?<\/h2>\n\n\n\n<p>Rostos triangulares, conhecidos tamb\u00e9m como formato <strong>cora\u00e7\u00e3o<\/strong> ou diamante, ganham harmonia com cortes que equilibram a testa mais larga com o queixo estreito.<\/p>\n\n\n\n<p>O <strong>bob em camadas<\/strong> \u00e9 destaque, pois suaviza os tra\u00e7os faciais. Uma \u00f3tima combina\u00e7\u00e3o \u00e9 unir camadas longas, iniciando abaixo das ma\u00e7\u00e3s do rosto, com <strong>franja lateral<\/strong>, criando um degrad\u00ea suave que valoriza os contornos naturais do rosto.<\/p>\n","protected":false},"excerpt":{"rendered":"<p>Os rostos ovais possuem tra\u00e7os equilibrados, o que permite experimentar diversos estilos e cortes modernos sem comprometer a harmonia facial. Como escolher o corte ideal para valorizar rostos ovais? O long bob \u00e9 uma op\u00e7\u00e3o bastante vers\u00e1til para rostos ovais e garante comprimento ideal logo abaixo do maxilar. Esse corte oferece movimento e leveza, evitando [&hellip;]<\/p>\n","protected":false},"author":9,"featured_media":129954,"comment_status":"open","ping_status":"open","sticky":false,"template":"","format":"standard","meta":{"jnews-multi-image_gallery":[],"jnews_single_post":{"format":"standard"},"jnews_primary_category":[],"jnews_social_meta":[],"jnews_override_counter":[],"footnotes":""},"categories":[8691,8819,1],"tags":[4905,4977,6321],"class_list":["post-129947","post","type-post","status-publish","format-standard","has-post-thumbnail","hentry","category-bem-estar","category-curiosidades","category-noticias","tag-cabelo","tag-moda","tag-visual"],"yoast_head":"<!-- This site is optimized with the Yoast SEO plugin v23.8 - https:\/\/yoast.com\/wordpress\/plugins\/seo\/ -->\n<title>O que o formato do seu rosto revela sobre o estilo de corte ideal para voc\u00ea - Estado de Minas - Em foco<\/title>\n<meta name=\"description\" content=\"O corte ideal harmoniza seus tra\u00e7os. Entenda como o formato do rosto define o estilo perfeito para valorizar sua beleza natural.\" \/>\n<meta name=\"robots\" content=\"index, follow, max-snippet:-1, max-image-preview:large, max-video-preview:-1\" \/>\n<link rel=\"canonical\" href=\"https:\/\/www.em.com.br\/emfoco\/2025\/11\/21\/o-que-o-formato-do-seu-rosto-revela-sobre-o-estilo-de-corte-ideal-para-voce\/\" \/>\n<meta property=\"og:locale\" content=\"pt_BR\" \/>\n<meta property=\"og:type\" content=\"article\" \/>\n<meta property=\"og:title\" content=\"O que o formato do seu rosto revela sobre o estilo de corte ideal para voc\u00ea - Estado de Minas - Em foco\" \/>\n<meta property=\"og:description\" content=\"O corte ideal harmoniza seus tra\u00e7os. Entenda como o formato do rosto define o estilo perfeito para valorizar sua beleza natural.\" \/>\n<meta property=\"og:url\" content=\"https:\/\/www.em.com.br\/emfoco\/2025\/11\/21\/o-que-o-formato-do-seu-rosto-revela-sobre-o-estilo-de-corte-ideal-para-voce\/\" \/>\n<meta property=\"og:site_name\" content=\"Estado de Minas - Em foco\" \/>\n<meta property=\"article:published_time\" content=\"2025-11-21T15:55:09+00:00\" \/>\n<meta property=\"article:modified_time\" content=\"2025-11-21T00:57:44+00:00\" \/>\n<meta property=\"og:image\" content=\"https:\/\/www.em.com.br\/emfoco\/wp-content\/uploads\/2025\/11\/oculos-oval_1763661156012.jpg\" \/>\n\t<meta property=\"og:image:width\" content=\"1280\" \/>\n\t<meta property=\"og:image:height\" content=\"720\" \/>\n\t<meta property=\"og:image:type\" content=\"image\/jpeg\" \/>\n<meta name=\"author\" content=\"Daniely Cardoso\" \/>\n<meta name=\"twitter:card\" content=\"summary_large_image\" \/>\n<meta name=\"twitter:label1\" content=\"Escrito por\" \/>\n\t<meta name=\"twitter:data1\" content=\"Daniely Cardoso\" \/>\n\t<meta name=\"twitter:label2\" content=\"Est. tempo de leitura\" \/>\n\t<meta name=\"twitter:data2\" content=\"3 minutos\" \/>\n<!-- \/ Yoast SEO plugin. -->","yoast_head_json":{"title":"O que o formato do seu rosto revela sobre o estilo de corte ideal para voc\u00ea - Estado de Minas - Em foco","description":"O corte ideal harmoniza seus tra\u00e7os. Entenda como o formato do rosto define o estilo perfeito para valorizar sua beleza natural.","robots":{"index":"index","follow":"follow","max-snippet":"max-snippet:-1","max-image-preview":"max-image-preview:large","max-video-preview":"max-video-preview:-1"},"canonical":"https:\/\/www.em.com.br\/emfoco\/2025\/11\/21\/o-que-o-formato-do-seu-rosto-revela-sobre-o-estilo-de-corte-ideal-para-voce\/","og_locale":"pt_BR","og_type":"article","og_title":"O que o formato do seu rosto revela sobre o estilo de corte ideal para voc\u00ea - Estado de Minas - Em foco","og_description":"O corte ideal harmoniza seus tra\u00e7os. Entenda como o formato do rosto define o estilo perfeito para valorizar sua beleza natural.","og_url":"https:\/\/www.em.com.br\/emfoco\/2025\/11\/21\/o-que-o-formato-do-seu-rosto-revela-sobre-o-estilo-de-corte-ideal-para-voce\/","og_site_name":"Estado de Minas - Em foco","article_published_time":"2025-11-21T15:55:09+00:00","article_modified_time":"2025-11-21T00:57:44+00:00","og_image":[{"width":1280,"height":720,"url":"https:\/\/www.em.com.br\/emfoco\/wp-content\/uploads\/2025\/11\/oculos-oval_1763661156012.jpg","type":"image\/jpeg"}],"author":"Daniely Cardoso","twitter_card":"summary_large_image","twitter_misc":{"Escrito por":"Daniely Cardoso","Est. tempo de leitura":"3 minutos"},"schema":{"@context":"https:\/\/schema.org","@graph":[{"@type":"WebPage","@id":"https:\/\/www.em.com.br\/emfoco\/2025\/11\/21\/o-que-o-formato-do-seu-rosto-revela-sobre-o-estilo-de-corte-ideal-para-voce\/","url":"https:\/\/www.em.com.br\/emfoco\/2025\/11\/21\/o-que-o-formato-do-seu-rosto-revela-sobre-o-estilo-de-corte-ideal-para-voce\/","name":"O que o formato do seu rosto revela sobre o estilo de corte ideal para voc\u00ea - Estado de Minas - Em foco","isPartOf":{"@id":"https:\/\/www.em.com.br\/emfoco\/#website"},"primaryImageOfPage":{"@id":"https:\/\/www.em.com.br\/emfoco\/2025\/11\/21\/o-que-o-formato-do-seu-rosto-revela-sobre-o-estilo-de-corte-ideal-para-voce\/#primaryimage"},"image":{"@id":"https:\/\/www.em.com.br\/emfoco\/2025\/11\/21\/o-que-o-formato-do-seu-rosto-revela-sobre-o-estilo-de-corte-ideal-para-voce\/#primaryimage"},"thumbnailUrl":"https:\/\/www.em.com.br\/emfoco\/wp-content\/uploads\/2025\/11\/oculos-oval_1763661156012.jpg","datePublished":"2025-11-21T15:55:09+00:00","dateModified":"2025-11-21T00:57:44+00:00","author":{"@id":"https:\/\/www.em.com.br\/emfoco\/#\/schema\/person\/0a8186d72f2c3a5c6276d90b41f271a0"},"description":"O corte ideal harmoniza seus tra\u00e7os. Entenda como o formato do rosto define o estilo perfeito para valorizar sua beleza natural.","breadcrumb":{"@id":"https:\/\/www.em.com.br\/emfoco\/2025\/11\/21\/o-que-o-formato-do-seu-rosto-revela-sobre-o-estilo-de-corte-ideal-para-voce\/#breadcrumb"},"inLanguage":"pt-BR","potentialAction":[{"@type":"ReadAction","target":["https:\/\/www.em.com.br\/emfoco\/2025\/11\/21\/o-que-o-formato-do-seu-rosto-revela-sobre-o-estilo-de-corte-ideal-para-voce\/"]}]},{"@type":"ImageObject","inLanguage":"pt-BR","@id":"https:\/\/www.em.com.br\/emfoco\/2025\/11\/21\/o-que-o-formato-do-seu-rosto-revela-sobre-o-estilo-de-corte-ideal-para-voce\/#primaryimage","url":"https:\/\/www.em.com.br\/emfoco\/wp-content\/uploads\/2025\/11\/oculos-oval_1763661156012.jpg","contentUrl":"https:\/\/www.em.com.br\/emfoco\/wp-content\/uploads\/2025\/11\/oculos-oval_1763661156012.jpg","width":1280,"height":720,"caption":"A escolha do corte \u00e9 influenciada pelo formato de rosto - Cr\u00e9ditos: depositphotos.com \/ Olesssia"},{"@type":"BreadcrumbList","@id":"https:\/\/www.em.com.br\/emfoco\/2025\/11\/21\/o-que-o-formato-do-seu-rosto-revela-sobre-o-estilo-de-corte-ideal-para-voce\/#breadcrumb","itemListElement":[{"@type":"ListItem","position":1,"name":"In\u00edcio","item":"https:\/\/www.em.com.br\/emfoco\/"},{"@type":"ListItem","position":2,"name":"O que o formato do seu rosto revela sobre o estilo de corte ideal para voc\u00ea"}]},{"@type":"WebSite","@id":"https:\/\/www.em.com.br\/emfoco\/#website","url":"https:\/\/www.em.com.br\/emfoco\/","name":"Estado de Minas - Em foco","description":"Acompanhe as \u00faltimas not\u00edcias e fique bem informado sobre tudo o que acontece em Minas Gerais, Brasil e no mundo.","potentialAction":[{"@type":"SearchAction","target":{"@type":"EntryPoint","urlTemplate":"https:\/\/www.em.com.br\/emfoco\/?s={search_term_string}"},"query-input":{"@type":"PropertyValueSpecification","valueRequired":true,"valueName":"search_term_string"}}],"inLanguage":"pt-BR"},{"@type":"Person","@id":"https:\/\/www.em.com.br\/emfoco\/#\/schema\/person\/0a8186d72f2c3a5c6276d90b41f271a0","name":"Daniely Cardoso","image":{"@type":"ImageObject","inLanguage":"pt-BR","@id":"https:\/\/www.em.com.br\/emfoco\/#\/schema\/person\/image\/","url":"https:\/\/secure.gravatar.com\/avatar\/4b80ddbd124d1f071b626d52d62e5dff?s=96&d=mm&r=g","contentUrl":"https:\/\/secure.gravatar.com\/avatar\/4b80ddbd124d1f071b626d52d62e5dff?s=96&d=mm&r=g","caption":"Daniely Cardoso"},"url":"https:\/\/www.em.com.br\/emfoco\/author\/danielymyth\/"}]}},"_links":{"self":[{"href":"https:\/\/www.em.com.br\/emfoco\/wp-json\/wp\/v2\/posts\/129947","targetHints":{"allow":["GET"]}}],"collection":[{"href":"https:\/\/www.em.com.br\/emfoco\/wp-json\/wp\/v2\/posts"}],"about":[{"href":"https:\/\/www.em.com.br\/emfoco\/wp-json\/wp\/v2\/types\/post"}],"author":[{"embeddable":true,"href":"https:\/\/www.em.com.br\/emfoco\/wp-json\/wp\/v2\/users\/9"}],"replies":[{"embeddable":true,"href":"https:\/\/www.em.com.br\/emfoco\/wp-json\/wp\/v2\/comments?post=129947"}],"version-history":[{"count":3,"href":"https:\/\/www.em.com.br\/emfoco\/wp-json\/wp\/v2\/posts\/129947\/revisions"}],"predecessor-version":[{"id":129987,"href":"https:\/\/www.em.com.br\/emfoco\/wp-json\/wp\/v2\/posts\/129947\/revisions\/129987"}],"wp:featuredmedia":[{"embeddable":true,"href":"https:\/\/www.em.com.br\/emfoco\/wp-json\/wp\/v2\/media\/129954"}],"wp:attachment":[{"href":"https:\/\/www.em.com.br\/emfoco\/wp-json\/wp\/v2\/media?parent=129947"}],"wp:term":[{"taxonomy":"category","embeddable":true,"href":"https:\/\/www.em.com.br\/emfoco\/wp-json\/wp\/v2\/categories?post=129947"},{"taxonomy":"post_tag","embeddable":true,"href":"https:\/\/www.em.com.br\/emfoco\/wp-json\/wp\/v2\/tags?post=129947"}],"curies":[{"name":"wp","href":"https:\/\/api.w.org\/{rel}","templated":true}]}}