{"id":129936,"date":"2025-11-22T17:15:00","date_gmt":"2025-11-22T20:15:00","guid":{"rendered":"https:\/\/www.em.com.br\/emfoco\/?p=129936"},"modified":"2025-11-20T15:29:18","modified_gmt":"2025-11-20T18:29:18","slug":"a-bebida-antienvelhecimento-natural-que-revitaliza-o-corpo-em-poucos-minutos","status":"publish","type":"post","link":"https:\/\/www.em.com.br\/emfoco\/2025\/11\/22\/a-bebida-antienvelhecimento-natural-que-revitaliza-o-corpo-em-poucos-minutos\/","title":{"rendered":"A bebida antienvelhecimento natural que revitaliza o corpo em poucos minutos"},"content":{"rendered":"\n<p>O chamado <strong>elixir antienvelhecimento<\/strong> se tornou um ritual matinal para quem busca energia, pele luminosa e digest\u00e3o equilibrada. Feito com ingredientes naturais e nutritivos, esse suco combina vitaminas, enzimas e antioxidantes que revigoram o corpo logo no primeiro gole.<\/p>\n\n\n\n<h2 class=\"wp-block-heading\">Por que essa bebida \u00e9 considerada um elixir de juventude?<\/h2>\n\n\n\n<p>A for\u00e7a dessa mistura est\u00e1 na combina\u00e7\u00e3o de frutas, ra\u00edzes e fontes naturais de hidrata\u00e7\u00e3o que trabalham ao mesmo tempo. O abacaxi, rico em bromelina, ajuda na <strong>digest\u00e3o ativa<\/strong> e combate o incha\u00e7o, enquanto a \u00e1gua de coco rep\u00f5e minerais e favorece o equil\u00edbrio do organismo.<\/p>\n\n\n\n<p>Cenoura, gengibre e aloe vera completam esse conjunto com efeitos antioxidantes e calmantes que melhoram o brilho e a suavidade da pele. J\u00e1 o gel de chia funciona como um <strong>refor\u00e7o nutritivo<\/strong>, oferecendo \u00f4mega-3 que ajuda na elasticidade e na apar\u00eancia saud\u00e1vel.<\/p>\n\n\n\n<figure class=\"wp-block-image size-large\"><img loading=\"lazy\" decoding=\"async\" width=\"1024\" height=\"576\" src=\"https:\/\/www.em.com.br\/emfoco\/wp-content\/uploads\/2025\/11\/Vitamina-de-cenoura_1763663276760-1024x576.jpg\" alt=\"A bebida antienvelhecimento natural que revitaliza o corpo em poucos minutos\" class=\"wp-image-129990\" srcset=\"https:\/\/www.em.com.br\/emfoco\/wp-content\/uploads\/2025\/11\/Vitamina-de-cenoura_1763663276760-1024x576.jpg 1024w, https:\/\/www.em.com.br\/emfoco\/wp-content\/uploads\/2025\/11\/Vitamina-de-cenoura_1763663276760-300x169.jpg 300w, https:\/\/www.em.com.br\/emfoco\/wp-content\/uploads\/2025\/11\/Vitamina-de-cenoura_1763663276760-768x432.jpg 768w, https:\/\/www.em.com.br\/emfoco\/wp-content\/uploads\/2025\/11\/Vitamina-de-cenoura_1763663276760-750x422.jpg 750w, https:\/\/www.em.com.br\/emfoco\/wp-content\/uploads\/2025\/11\/Vitamina-de-cenoura_1763663276760-1140x641.jpg 1140w, https:\/\/www.em.com.br\/emfoco\/wp-content\/uploads\/2025\/11\/Vitamina-de-cenoura_1763663276760.jpg 1280w\" sizes=\"auto, (max-width: 1024px) 100vw, 1024px\" \/><figcaption class=\"wp-element-caption\">Gengibre estimula a circula\u00e7\u00e3o e aumenta a energia logo cedo &#8211; Cr\u00e9ditos: depositphotos.com \/ Multiart<\/figcaption><\/figure>\n\n\n\n<p><em>Leia mais: <strong><a href=\"https:\/\/www.em.com.br\/emfoco\/2025\/11\/20\/como-acabar-com-a-coceira-e-a-rigidez-da-pele-seca-usando-este-aliado-poderoso\/\" target=\"_blank\" rel=\"noreferrer noopener\">Como acabar com a coceira e a rigidez da pele seca usando este aliado poderoso<\/a><\/strong><\/em><\/p>\n\n\n\n<h2 class=\"wp-block-heading\">Quais ingredientes tornam esse elixir t\u00e3o poderoso?<\/h2>\n\n\n\n<p>Cada ingrediente foi escolhido pela sua capacidade de estimular a vitalidade de forma natural e direta. Para facilitar o preparo e mostrar por que essa bebida se tornou t\u00e3o popular, veja na lista abaixo os componentes essenciais e suas contribui\u00e7\u00f5es espec\u00edficas.<\/p>\n\n\n\n<ul class=\"wp-block-list\">\n<li><strong>Abacaxi<\/strong> com <a href=\"https:\/\/www.benegrip.com.br\/saude\/vitaminas\/beneficios-da-vitamina-c\" target=\"_blank\" rel=\"noreferrer noopener\"><strong>vitamina C<\/strong> <\/a>e <strong>enzimas <\/strong>que ativam o metabolismo.<\/li>\n\n\n\n<li><strong>Cenouras <\/strong>ricas em betacaroteno que protege as c\u00e9lulas.<\/li>\n\n\n\n<li><strong>\u00c1gua de coco<\/strong>, <strong>aloe vera<\/strong>, <strong>chia<\/strong> e gengibre que hidratam e revitalizam.<\/li>\n<\/ul>\n\n\n\n<h2 class=\"wp-block-heading\">Como esse suco atua no organismo no dia a dia?<\/h2>\n\n\n\n<p>O efeito da bebida aparece em poucos dias porque a combina\u00e7\u00e3o melhora a hidrata\u00e7\u00e3o interna e acelera os processos naturais do corpo. Isso resulta em <strong>pele mais vi\u00e7osa<\/strong>, digest\u00e3o leve e sensa\u00e7\u00e3o de clareza mental \u2014 benef\u00edcios percebidos por quem adota o ritual matinal.<\/p>\n\n\n\n<p>O impacto antioxidante tamb\u00e9m ajuda a minimizar sinais de cansa\u00e7o e suavizar a apar\u00eancia opaca da pele. Ao ser consumido regularmente, o elixir cria uma rotina de autocuidado que refor\u00e7a <strong>energia sustent\u00e1vel<\/strong> ao longo do dia.<\/p>\n\n\n\n<figure class=\"wp-block-image size-large\"><img loading=\"lazy\" decoding=\"async\" width=\"1024\" height=\"576\" src=\"https:\/\/www.em.com.br\/emfoco\/wp-content\/uploads\/2025\/11\/Vitamina-de-cenoura_1763663335658-1024x576.jpg\" alt=\"A bebida antienvelhecimento natural que revitaliza o corpo em poucos minutos\" class=\"wp-image-129991\" srcset=\"https:\/\/www.em.com.br\/emfoco\/wp-content\/uploads\/2025\/11\/Vitamina-de-cenoura_1763663335658-1024x576.jpg 1024w, https:\/\/www.em.com.br\/emfoco\/wp-content\/uploads\/2025\/11\/Vitamina-de-cenoura_1763663335658-300x169.jpg 300w, https:\/\/www.em.com.br\/emfoco\/wp-content\/uploads\/2025\/11\/Vitamina-de-cenoura_1763663335658-768x432.jpg 768w, https:\/\/www.em.com.br\/emfoco\/wp-content\/uploads\/2025\/11\/Vitamina-de-cenoura_1763663335658-750x422.jpg 750w, https:\/\/www.em.com.br\/emfoco\/wp-content\/uploads\/2025\/11\/Vitamina-de-cenoura_1763663335658-1140x641.jpg 1140w, https:\/\/www.em.com.br\/emfoco\/wp-content\/uploads\/2025\/11\/Vitamina-de-cenoura_1763663335658.jpg 1280w\" sizes=\"auto, (max-width: 1024px) 100vw, 1024px\" \/><figcaption class=\"wp-element-caption\">Mistura nutritiva fortalece o organismo e reduz sinais de cansa\u00e7o &#8211; Cr\u00e9ditos: depositphotos.com \/ Vladimir75<\/figcaption><\/figure>\n\n\n\n<h2 class=\"wp-block-heading\">Como preparar o elixir e aproveitar seus efeitos ao m\u00e1ximo?<\/h2>\n\n\n\n<p>O preparo \u00e9 simples e pode ser feito em poucos minutos, ideal para manh\u00e3s corridas. Para facilitar o uso di\u00e1rio e garantir o melhor resultado, veja abaixo o passo a passo com medidas e orienta\u00e7\u00f5es \u00fateis para obter um suco uniforme e nutritivo.<\/p>\n\n\n\n<ul class=\"wp-block-list\">\n<li>Bata abacaxi, cenoura, \u00e1gua de coco, aloe vera, chia e gengibre at\u00e9 formar um l\u00edquido sedoso e homog\u00eaneo.<\/li>\n\n\n\n<li>Adicione suco de laranja e lim\u00e3o para intensificar o <strong>poder desintoxicante<\/strong> e ajustar a acidez.<\/li>\n\n\n\n<li>Consuma gelado e em jejum para maximizar o efeito energ\u00e9tico e revitalizante.<\/li>\n<\/ul>\n","protected":false},"excerpt":{"rendered":"<p>O chamado elixir antienvelhecimento se tornou um ritual matinal para quem busca energia, pele luminosa e digest\u00e3o equilibrada. Feito com ingredientes naturais e nutritivos, esse suco combina vitaminas, enzimas e antioxidantes que revigoram o corpo logo no primeiro gole. Por que essa bebida \u00e9 considerada um elixir de juventude? A for\u00e7a dessa mistura est\u00e1 na [&hellip;]<\/p>\n","protected":false},"author":13,"featured_media":129989,"comment_status":"open","ping_status":"open","sticky":false,"template":"","format":"standard","meta":{"jnews-multi-image_gallery":[],"jnews_single_post":{"format":"standard"},"jnews_primary_category":[],"jnews_social_meta":[],"jnews_override_counter":[],"footnotes":""},"categories":[8819],"tags":[19106,627,1915],"class_list":["post-129936","post","type-post","status-publish","format-standard","has-post-thumbnail","hentry","category-curiosidades","tag-elixir-antienvelhecimento","tag-envelhecimento","tag-nutrientes"],"yoast_head":"<!-- This site is optimized with the Yoast SEO plugin v23.8 - https:\/\/yoast.com\/wordpress\/plugins\/seo\/ -->\n<title>A bebida antienvelhecimento natural que revitaliza o corpo em poucos minutos - Estado de Minas - Em foco<\/title>\n<meta name=\"description\" content=\"Rico em vitaminas e antioxidantes, esse suco revitaliza, hidrata e suaviza a pele logo nos primeiros dias de consumo di\u00e1rio.\" \/>\n<meta name=\"robots\" content=\"index, follow, max-snippet:-1, max-image-preview:large, max-video-preview:-1\" \/>\n<link rel=\"canonical\" href=\"https:\/\/www.em.com.br\/emfoco\/2025\/11\/22\/a-bebida-antienvelhecimento-natural-que-revitaliza-o-corpo-em-poucos-minutos\/\" \/>\n<meta property=\"og:locale\" content=\"pt_BR\" \/>\n<meta property=\"og:type\" content=\"article\" \/>\n<meta property=\"og:title\" content=\"A bebida antienvelhecimento natural que revitaliza o corpo em poucos minutos - Estado de Minas - Em foco\" \/>\n<meta property=\"og:description\" content=\"Rico em vitaminas e antioxidantes, esse suco revitaliza, hidrata e suaviza a pele logo nos primeiros dias de consumo di\u00e1rio.\" \/>\n<meta property=\"og:url\" content=\"https:\/\/www.em.com.br\/emfoco\/2025\/11\/22\/a-bebida-antienvelhecimento-natural-que-revitaliza-o-corpo-em-poucos-minutos\/\" \/>\n<meta property=\"og:site_name\" content=\"Estado de Minas - Em foco\" \/>\n<meta property=\"article:published_time\" content=\"2025-11-22T20:15:00+00:00\" \/>\n<meta property=\"article:modified_time\" content=\"2025-11-20T18:29:18+00:00\" \/>\n<meta property=\"og:image\" content=\"https:\/\/www.em.com.br\/emfoco\/wp-content\/uploads\/2025\/11\/Bebida-matinal_1763663237429.jpg\" \/>\n\t<meta property=\"og:image:width\" content=\"1280\" \/>\n\t<meta property=\"og:image:height\" content=\"720\" \/>\n\t<meta property=\"og:image:type\" content=\"image\/jpeg\" \/>\n<meta name=\"author\" content=\"Gabriel Martins\" \/>\n<meta name=\"twitter:card\" content=\"summary_large_image\" \/>\n<meta name=\"twitter:label1\" content=\"Escrito por\" \/>\n\t<meta name=\"twitter:data1\" content=\"Gabriel Martins\" \/>\n\t<meta name=\"twitter:label2\" content=\"Est. tempo de leitura\" \/>\n\t<meta name=\"twitter:data2\" content=\"4 minutos\" \/>\n<!-- \/ Yoast SEO plugin. -->","yoast_head_json":{"title":"A bebida antienvelhecimento natural que revitaliza o corpo em poucos minutos - Estado de Minas - Em foco","description":"Rico em vitaminas e antioxidantes, esse suco revitaliza, hidrata e suaviza a pele logo nos primeiros dias de consumo di\u00e1rio.","robots":{"index":"index","follow":"follow","max-snippet":"max-snippet:-1","max-image-preview":"max-image-preview:large","max-video-preview":"max-video-preview:-1"},"canonical":"https:\/\/www.em.com.br\/emfoco\/2025\/11\/22\/a-bebida-antienvelhecimento-natural-que-revitaliza-o-corpo-em-poucos-minutos\/","og_locale":"pt_BR","og_type":"article","og_title":"A bebida antienvelhecimento natural que revitaliza o corpo em poucos minutos - Estado de Minas - Em foco","og_description":"Rico em vitaminas e antioxidantes, esse suco revitaliza, hidrata e suaviza a pele logo nos primeiros dias de consumo di\u00e1rio.","og_url":"https:\/\/www.em.com.br\/emfoco\/2025\/11\/22\/a-bebida-antienvelhecimento-natural-que-revitaliza-o-corpo-em-poucos-minutos\/","og_site_name":"Estado de Minas - Em foco","article_published_time":"2025-11-22T20:15:00+00:00","article_modified_time":"2025-11-20T18:29:18+00:00","og_image":[{"width":1280,"height":720,"url":"https:\/\/www.em.com.br\/emfoco\/wp-content\/uploads\/2025\/11\/Bebida-matinal_1763663237429.jpg","type":"image\/jpeg"}],"author":"Gabriel Martins","twitter_card":"summary_large_image","twitter_misc":{"Escrito por":"Gabriel Martins","Est. tempo de leitura":"4 minutos"},"schema":{"@context":"https:\/\/schema.org","@graph":[{"@type":"WebPage","@id":"https:\/\/www.em.com.br\/emfoco\/2025\/11\/22\/a-bebida-antienvelhecimento-natural-que-revitaliza-o-corpo-em-poucos-minutos\/","url":"https:\/\/www.em.com.br\/emfoco\/2025\/11\/22\/a-bebida-antienvelhecimento-natural-que-revitaliza-o-corpo-em-poucos-minutos\/","name":"A bebida antienvelhecimento natural que revitaliza o corpo em poucos minutos - Estado de Minas - Em foco","isPartOf":{"@id":"https:\/\/www.em.com.br\/emfoco\/#website"},"primaryImageOfPage":{"@id":"https:\/\/www.em.com.br\/emfoco\/2025\/11\/22\/a-bebida-antienvelhecimento-natural-que-revitaliza-o-corpo-em-poucos-minutos\/#primaryimage"},"image":{"@id":"https:\/\/www.em.com.br\/emfoco\/2025\/11\/22\/a-bebida-antienvelhecimento-natural-que-revitaliza-o-corpo-em-poucos-minutos\/#primaryimage"},"thumbnailUrl":"https:\/\/www.em.com.br\/emfoco\/wp-content\/uploads\/2025\/11\/Bebida-matinal_1763663237429.jpg","datePublished":"2025-11-22T20:15:00+00:00","dateModified":"2025-11-20T18:29:18+00:00","author":{"@id":"https:\/\/www.em.com.br\/emfoco\/#\/schema\/person\/1c9ddeab18b98abeffef834667bcf08a"},"description":"Rico em vitaminas e antioxidantes, esse suco revitaliza, hidrata e suaviza a pele logo nos primeiros dias de consumo di\u00e1rio.","breadcrumb":{"@id":"https:\/\/www.em.com.br\/emfoco\/2025\/11\/22\/a-bebida-antienvelhecimento-natural-que-revitaliza-o-corpo-em-poucos-minutos\/#breadcrumb"},"inLanguage":"pt-BR","potentialAction":[{"@type":"ReadAction","target":["https:\/\/www.em.com.br\/emfoco\/2025\/11\/22\/a-bebida-antienvelhecimento-natural-que-revitaliza-o-corpo-em-poucos-minutos\/"]}]},{"@type":"ImageObject","inLanguage":"pt-BR","@id":"https:\/\/www.em.com.br\/emfoco\/2025\/11\/22\/a-bebida-antienvelhecimento-natural-que-revitaliza-o-corpo-em-poucos-minutos\/#primaryimage","url":"https:\/\/www.em.com.br\/emfoco\/wp-content\/uploads\/2025\/11\/Bebida-matinal_1763663237429.jpg","contentUrl":"https:\/\/www.em.com.br\/emfoco\/wp-content\/uploads\/2025\/11\/Bebida-matinal_1763663237429.jpg","width":1280,"height":720,"caption":"Elixir matinal combina nutrientes que revitalizam energia, pele e digest\u00e3o rapidamente - Cr\u00e9ditos: depositphotos.com \/ gpointstudio"},{"@type":"BreadcrumbList","@id":"https:\/\/www.em.com.br\/emfoco\/2025\/11\/22\/a-bebida-antienvelhecimento-natural-que-revitaliza-o-corpo-em-poucos-minutos\/#breadcrumb","itemListElement":[{"@type":"ListItem","position":1,"name":"In\u00edcio","item":"https:\/\/www.em.com.br\/emfoco\/"},{"@type":"ListItem","position":2,"name":"A bebida antienvelhecimento natural que revitaliza o corpo em poucos minutos"}]},{"@type":"WebSite","@id":"https:\/\/www.em.com.br\/emfoco\/#website","url":"https:\/\/www.em.com.br\/emfoco\/","name":"Estado de Minas - Em foco","description":"Acompanhe as \u00faltimas not\u00edcias e fique bem informado sobre tudo o que acontece em Minas Gerais, Brasil e no mundo.","potentialAction":[{"@type":"SearchAction","target":{"@type":"EntryPoint","urlTemplate":"https:\/\/www.em.com.br\/emfoco\/?s={search_term_string}"},"query-input":{"@type":"PropertyValueSpecification","valueRequired":true,"valueName":"search_term_string"}}],"inLanguage":"pt-BR"},{"@type":"Person","@id":"https:\/\/www.em.com.br\/emfoco\/#\/schema\/person\/1c9ddeab18b98abeffef834667bcf08a","name":"Gabriel Martins","image":{"@type":"ImageObject","inLanguage":"pt-BR","@id":"https:\/\/www.em.com.br\/emfoco\/#\/schema\/person\/image\/","url":"https:\/\/secure.gravatar.com\/avatar\/f0f1e2efdfd88f1ad2cb08c5c2731e50?s=96&d=mm&r=g","contentUrl":"https:\/\/secure.gravatar.com\/avatar\/f0f1e2efdfd88f1ad2cb08c5c2731e50?s=96&d=mm&r=g","caption":"Gabriel Martins"},"sameAs":["https:\/\/www.em.com.br\/emfoco\/"],"url":"https:\/\/www.em.com.br\/emfoco\/author\/gabrielmartinsmyth\/"}]}},"_links":{"self":[{"href":"https:\/\/www.em.com.br\/emfoco\/wp-json\/wp\/v2\/posts\/129936","targetHints":{"allow":["GET"]}}],"collection":[{"href":"https:\/\/www.em.com.br\/emfoco\/wp-json\/wp\/v2\/posts"}],"about":[{"href":"https:\/\/www.em.com.br\/emfoco\/wp-json\/wp\/v2\/types\/post"}],"author":[{"embeddable":true,"href":"https:\/\/www.em.com.br\/emfoco\/wp-json\/wp\/v2\/users\/13"}],"replies":[{"embeddable":true,"href":"https:\/\/www.em.com.br\/emfoco\/wp-json\/wp\/v2\/comments?post=129936"}],"version-history":[{"count":1,"href":"https:\/\/www.em.com.br\/emfoco\/wp-json\/wp\/v2\/posts\/129936\/revisions"}],"predecessor-version":[{"id":129992,"href":"https:\/\/www.em.com.br\/emfoco\/wp-json\/wp\/v2\/posts\/129936\/revisions\/129992"}],"wp:featuredmedia":[{"embeddable":true,"href":"https:\/\/www.em.com.br\/emfoco\/wp-json\/wp\/v2\/media\/129989"}],"wp:attachment":[{"href":"https:\/\/www.em.com.br\/emfoco\/wp-json\/wp\/v2\/media?parent=129936"}],"wp:term":[{"taxonomy":"category","embeddable":true,"href":"https:\/\/www.em.com.br\/emfoco\/wp-json\/wp\/v2\/categories?post=129936"},{"taxonomy":"post_tag","embeddable":true,"href":"https:\/\/www.em.com.br\/emfoco\/wp-json\/wp\/v2\/tags?post=129936"}],"curies":[{"name":"wp","href":"https:\/\/api.w.org\/{rel}","templated":true}]}}