{"id":129934,"date":"2025-11-22T20:25:00","date_gmt":"2025-11-22T23:25:00","guid":{"rendered":"https:\/\/www.em.com.br\/emfoco\/?p=129934"},"modified":"2025-11-20T15:39:07","modified_gmt":"2025-11-20T18:39:07","slug":"os-melhores-atalhos-de-organizacao-que-transformam-o-quarto-rapidamente","status":"publish","type":"post","link":"https:\/\/www.em.com.br\/emfoco\/2025\/11\/22\/os-melhores-atalhos-de-organizacao-que-transformam-o-quarto-rapidamente\/","title":{"rendered":"Os melhores atalhos de organiza\u00e7\u00e3o que transformam o quarto rapidamente"},"content":{"rendered":"\n<p>Alguns <strong>atalhos de organiza\u00e7\u00e3o<\/strong> conseguem mudar o quarto sem grandes reformas, apenas com ajustes simples no dia a dia. Esses m\u00e9todos, citados pela organizadora profissional Elizabeth Larkin, facilitam a rotina, reduzem o estresse e ajudam a manter o ambiente mais funcional.<\/p>\n\n\n\n<h2 class=\"wp-block-heading\">Por que pequenas a\u00e7\u00f5es deixam o quarto mais organizado?<\/h2>\n\n\n\n<p>Organizar n\u00e3o significa jogar tudo fora, mas ajustar detalhes que fazem diferen\u00e7a no cotidiano. Pequenos pontos como gavetas, prateleiras e superf\u00edcies podem melhorar a <strong>funcionalidade do espa\u00e7o<\/strong>, tornando a arruma\u00e7\u00e3o mais r\u00e1pida e intuitiva ao longo da semana.<\/p>\n\n\n\n<p>A especialista <strong>Elizabeth Larkin<\/strong> destaca que dividir o ambiente por categorias e criar sistemas simples reduz a bagun\u00e7a e facilita a manuten\u00e7\u00e3o. Essa vis\u00e3o de <strong><a href=\"https:\/\/www.designinteriores.com.br\/design-de-interiores\/5-dicas-para-melhorar-a-decoracao-da-sua-casa\/\" target=\"_blank\" rel=\"noreferrer noopener\">otimiza\u00e7\u00e3o visual <\/a><\/strong>transforma o quarto em um local mais pr\u00e1tico, sereno e confort\u00e1vel para come\u00e7ar e terminar o dia.<\/p>\n\n\n\n<figure class=\"wp-block-image size-large\"><img loading=\"lazy\" decoding=\"async\" width=\"1024\" height=\"576\" src=\"https:\/\/www.em.com.br\/emfoco\/wp-content\/uploads\/2025\/11\/organizacao-casa_1763663891258-1024x576.jpg\" alt=\"Os melhores atalhos de organiza\u00e7\u00e3o que transformam o quarto rapidamente\" class=\"wp-image-130007\" srcset=\"https:\/\/www.em.com.br\/emfoco\/wp-content\/uploads\/2025\/11\/organizacao-casa_1763663891258-1024x576.jpg 1024w, https:\/\/www.em.com.br\/emfoco\/wp-content\/uploads\/2025\/11\/organizacao-casa_1763663891258-300x169.jpg 300w, https:\/\/www.em.com.br\/emfoco\/wp-content\/uploads\/2025\/11\/organizacao-casa_1763663891258-768x432.jpg 768w, https:\/\/www.em.com.br\/emfoco\/wp-content\/uploads\/2025\/11\/organizacao-casa_1763663891258-750x422.jpg 750w, https:\/\/www.em.com.br\/emfoco\/wp-content\/uploads\/2025\/11\/organizacao-casa_1763663891258-1140x641.jpg 1140w, https:\/\/www.em.com.br\/emfoco\/wp-content\/uploads\/2025\/11\/organizacao-casa_1763663891258.jpg 1280w\" sizes=\"auto, (max-width: 1024px) 100vw, 1024px\" \/><figcaption class=\"wp-element-caption\">Dividir o espa\u00e7o por categorias reduz bagun\u00e7a e facilita a manuten\u00e7\u00e3o &#8211; Cr\u00e9ditos: depositphotos.com \/ serezniy<\/figcaption><\/figure>\n\n\n\n<p><em>Leia mais: <strong><a href=\"https:\/\/www.em.com.br\/emfoco\/2025\/11\/20\/o-metodo-de-5-minutos-que-deixa-qualquer-comodo-com-cara-de-faxina\/\" target=\"_blank\" rel=\"noreferrer noopener\">O m\u00e9todo de 5 minutos que deixa qualquer c\u00f4modo com cara de faxina<\/a><\/strong><\/em><\/p>\n\n\n\n<h2 class=\"wp-block-heading\">Quais atalhos ajudam a manter o quarto sempre funcional?<\/h2>\n\n\n\n<p>Alguns atalhos de armazenamento s\u00e3o f\u00e1ceis de aplicar e trazem benef\u00edcios imediatos, especialmente em espa\u00e7os pequenos. Eles ajudam a aproveitar \u00e1reas pouco usadas, evitar ac\u00famulo de itens e melhorar o fluxo visual. Confira na lista abaixo as sugest\u00f5es citadas pela especialista.<\/p>\n\n\n\n<ul class=\"wp-block-list\">\n<li>Aproveitar o espa\u00e7o sob a cama com caixas ou organizadores com rodinhas.<\/li>\n\n\n\n<li>Usar paredes para expor quadros, diplomas ou pinturas espalhadas.<\/li>\n\n\n\n<li>Dividir o quarto em se\u00e7\u00f5es para organizar por fun\u00e7\u00e3o, come\u00e7ando pelo guarda-roupa.<\/li>\n<\/ul>\n\n\n\n<h2 class=\"wp-block-heading\">Como pequenas mudan\u00e7as evitam bagun\u00e7a ao longo da semana?<\/h2>\n\n\n\n<p>Organizar objetos decorativos, como almofadas, em cestos pr\u00f3prios reduz poeira e facilita o uso di\u00e1rio. Esse tipo de solu\u00e7\u00e3o cria um <strong>sistema de armazenamento<\/strong> que impede que itens circulem pelo quarto sem destino definido, acumulando desordem.<\/p>\n\n\n\n<p>A mesa de cabeceira tamb\u00e9m \u00e9 essencial e deve ser pr\u00e1tica e minimalista, contendo apenas o necess\u00e1rio. Manter um <strong>layout funcional<\/strong> nesse ponto evita que o m\u00f3vel se transforme em dep\u00f3sito de pap\u00e9is, acess\u00f3rios e itens esquecidos ao fim do dia.<\/p>\n\n\n\n<figure class=\"wp-block-image size-large\"><img loading=\"lazy\" decoding=\"async\" width=\"1024\" height=\"576\" src=\"https:\/\/www.em.com.br\/emfoco\/wp-content\/uploads\/2025\/11\/organizacao-casa_1763663921707-1024x576.jpg\" alt=\"Os melhores atalhos de organiza\u00e7\u00e3o que transformam o quarto rapidamente\" class=\"wp-image-130008\" srcset=\"https:\/\/www.em.com.br\/emfoco\/wp-content\/uploads\/2025\/11\/organizacao-casa_1763663921707-1024x576.jpg 1024w, https:\/\/www.em.com.br\/emfoco\/wp-content\/uploads\/2025\/11\/organizacao-casa_1763663921707-300x169.jpg 300w, https:\/\/www.em.com.br\/emfoco\/wp-content\/uploads\/2025\/11\/organizacao-casa_1763663921707-768x432.jpg 768w, https:\/\/www.em.com.br\/emfoco\/wp-content\/uploads\/2025\/11\/organizacao-casa_1763663921707-750x422.jpg 750w, https:\/\/www.em.com.br\/emfoco\/wp-content\/uploads\/2025\/11\/organizacao-casa_1763663921707-1140x641.jpg 1140w, https:\/\/www.em.com.br\/emfoco\/wp-content\/uploads\/2025\/11\/organizacao-casa_1763663921707.jpg 1280w\" sizes=\"auto, (max-width: 1024px) 100vw, 1024px\" \/><figcaption class=\"wp-element-caption\">Cestos e caixas visuais evitam ac\u00famulo e mant\u00eam tudo acess\u00edvel &#8211; Cr\u00e9ditos: depositphotos.com \/ AllaSerebrina<\/figcaption><\/figure>\n\n\n\n<h2 class=\"wp-block-heading\">Quais itens simples mant\u00eam o quarto organizado todos os dias?<\/h2>\n\n\n\n<p>Alguns elementos b\u00e1sicos evitam que a bagun\u00e7a se espalhe e mant\u00eam o espa\u00e7o mais limpo sem grandes esfor\u00e7os. Esses itens funcionam como aliados pr\u00e1ticos na rotina, garantindo organiza\u00e7\u00e3o constante. Veja na lista abaixo os que mais fazem diferen\u00e7a.<\/p>\n\n\n\n<ul class=\"wp-block-list\">\n<li>Um cesto para roupas sujas que fique perto do arm\u00e1rio e evite pe\u00e7as espalhadas.<\/li>\n\n\n\n<li>Uma lixeira pequena para pap\u00e9is e objetos do dia a dia sem cheiro forte.<\/li>\n\n\n\n<li>Cestos e caixas visuais para separar categorias e reduzir o ac\u00famulo semanal.<\/li>\n<\/ul>\n","protected":false},"excerpt":{"rendered":"<p>Alguns atalhos de organiza\u00e7\u00e3o conseguem mudar o quarto sem grandes reformas, apenas com ajustes simples no dia a dia. Esses m\u00e9todos, citados pela organizadora profissional Elizabeth Larkin, facilitam a rotina, reduzem o estresse e ajudam a manter o ambiente mais funcional. Por que pequenas a\u00e7\u00f5es deixam o quarto mais organizado? Organizar n\u00e3o significa jogar tudo [&hellip;]<\/p>\n","protected":false},"author":13,"featured_media":130006,"comment_status":"open","ping_status":"open","sticky":false,"template":"","format":"standard","meta":{"jnews-multi-image_gallery":[],"jnews_single_post":{"format":"standard"},"jnews_primary_category":[],"jnews_social_meta":[],"jnews_override_counter":[],"footnotes":""},"categories":[8819],"tags":[2037,4478,19111],"class_list":["post-129934","post","type-post","status-publish","format-standard","has-post-thumbnail","hentry","category-curiosidades","tag-dicas-caseiras","tag-organizacao","tag-organizar-quarto"],"yoast_head":"<!-- This site is optimized with the Yoast SEO plugin v23.8 - https:\/\/yoast.com\/wordpress\/plugins\/seo\/ -->\n<title>Os melhores atalhos de organiza\u00e7\u00e3o que transformam o quarto rapidamente - Estado de Minas - Em foco<\/title>\n<meta name=\"description\" content=\"Esses atalhos simples de organiza\u00e7\u00e3o transformam o quarto em um espa\u00e7o funcional, calmo e livre de bagun\u00e7a sem precisar reforma.\" \/>\n<meta name=\"robots\" content=\"index, follow, max-snippet:-1, max-image-preview:large, max-video-preview:-1\" \/>\n<link rel=\"canonical\" href=\"https:\/\/www.em.com.br\/emfoco\/2025\/11\/22\/os-melhores-atalhos-de-organizacao-que-transformam-o-quarto-rapidamente\/\" \/>\n<meta property=\"og:locale\" content=\"pt_BR\" \/>\n<meta property=\"og:type\" content=\"article\" \/>\n<meta property=\"og:title\" content=\"Os melhores atalhos de organiza\u00e7\u00e3o que transformam o quarto rapidamente - Estado de Minas - Em foco\" \/>\n<meta property=\"og:description\" content=\"Esses atalhos simples de organiza\u00e7\u00e3o transformam o quarto em um espa\u00e7o funcional, calmo e livre de bagun\u00e7a sem precisar reforma.\" \/>\n<meta property=\"og:url\" content=\"https:\/\/www.em.com.br\/emfoco\/2025\/11\/22\/os-melhores-atalhos-de-organizacao-que-transformam-o-quarto-rapidamente\/\" \/>\n<meta property=\"og:site_name\" content=\"Estado de Minas - Em foco\" \/>\n<meta property=\"article:published_time\" content=\"2025-11-22T23:25:00+00:00\" \/>\n<meta property=\"article:modified_time\" content=\"2025-11-20T18:39:07+00:00\" \/>\n<meta property=\"og:image\" content=\"https:\/\/www.em.com.br\/emfoco\/wp-content\/uploads\/2025\/11\/organizacao-casa_1763663857683.jpg\" \/>\n\t<meta property=\"og:image:width\" content=\"1280\" \/>\n\t<meta property=\"og:image:height\" content=\"720\" \/>\n\t<meta property=\"og:image:type\" content=\"image\/jpeg\" \/>\n<meta name=\"author\" content=\"Gabriel Martins\" \/>\n<meta name=\"twitter:card\" content=\"summary_large_image\" \/>\n<meta name=\"twitter:label1\" content=\"Escrito por\" \/>\n\t<meta name=\"twitter:data1\" content=\"Gabriel Martins\" \/>\n\t<meta name=\"twitter:label2\" content=\"Est. tempo de leitura\" \/>\n\t<meta name=\"twitter:data2\" content=\"3 minutos\" \/>\n<!-- \/ Yoast SEO plugin. -->","yoast_head_json":{"title":"Os melhores atalhos de organiza\u00e7\u00e3o que transformam o quarto rapidamente - Estado de Minas - Em foco","description":"Esses atalhos simples de organiza\u00e7\u00e3o transformam o quarto em um espa\u00e7o funcional, calmo e livre de bagun\u00e7a sem precisar reforma.","robots":{"index":"index","follow":"follow","max-snippet":"max-snippet:-1","max-image-preview":"max-image-preview:large","max-video-preview":"max-video-preview:-1"},"canonical":"https:\/\/www.em.com.br\/emfoco\/2025\/11\/22\/os-melhores-atalhos-de-organizacao-que-transformam-o-quarto-rapidamente\/","og_locale":"pt_BR","og_type":"article","og_title":"Os melhores atalhos de organiza\u00e7\u00e3o que transformam o quarto rapidamente - Estado de Minas - Em foco","og_description":"Esses atalhos simples de organiza\u00e7\u00e3o transformam o quarto em um espa\u00e7o funcional, calmo e livre de bagun\u00e7a sem precisar reforma.","og_url":"https:\/\/www.em.com.br\/emfoco\/2025\/11\/22\/os-melhores-atalhos-de-organizacao-que-transformam-o-quarto-rapidamente\/","og_site_name":"Estado de Minas - Em foco","article_published_time":"2025-11-22T23:25:00+00:00","article_modified_time":"2025-11-20T18:39:07+00:00","og_image":[{"width":1280,"height":720,"url":"https:\/\/www.em.com.br\/emfoco\/wp-content\/uploads\/2025\/11\/organizacao-casa_1763663857683.jpg","type":"image\/jpeg"}],"author":"Gabriel Martins","twitter_card":"summary_large_image","twitter_misc":{"Escrito por":"Gabriel Martins","Est. tempo de leitura":"3 minutos"},"schema":{"@context":"https:\/\/schema.org","@graph":[{"@type":"WebPage","@id":"https:\/\/www.em.com.br\/emfoco\/2025\/11\/22\/os-melhores-atalhos-de-organizacao-que-transformam-o-quarto-rapidamente\/","url":"https:\/\/www.em.com.br\/emfoco\/2025\/11\/22\/os-melhores-atalhos-de-organizacao-que-transformam-o-quarto-rapidamente\/","name":"Os melhores atalhos de organiza\u00e7\u00e3o que transformam o quarto rapidamente - Estado de Minas - Em foco","isPartOf":{"@id":"https:\/\/www.em.com.br\/emfoco\/#website"},"primaryImageOfPage":{"@id":"https:\/\/www.em.com.br\/emfoco\/2025\/11\/22\/os-melhores-atalhos-de-organizacao-que-transformam-o-quarto-rapidamente\/#primaryimage"},"image":{"@id":"https:\/\/www.em.com.br\/emfoco\/2025\/11\/22\/os-melhores-atalhos-de-organizacao-que-transformam-o-quarto-rapidamente\/#primaryimage"},"thumbnailUrl":"https:\/\/www.em.com.br\/emfoco\/wp-content\/uploads\/2025\/11\/organizacao-casa_1763663857683.jpg","datePublished":"2025-11-22T23:25:00+00:00","dateModified":"2025-11-20T18:39:07+00:00","author":{"@id":"https:\/\/www.em.com.br\/emfoco\/#\/schema\/person\/1c9ddeab18b98abeffef834667bcf08a"},"description":"Esses atalhos simples de organiza\u00e7\u00e3o transformam o quarto em um espa\u00e7o funcional, calmo e livre de bagun\u00e7a sem precisar reforma.","breadcrumb":{"@id":"https:\/\/www.em.com.br\/emfoco\/2025\/11\/22\/os-melhores-atalhos-de-organizacao-que-transformam-o-quarto-rapidamente\/#breadcrumb"},"inLanguage":"pt-BR","potentialAction":[{"@type":"ReadAction","target":["https:\/\/www.em.com.br\/emfoco\/2025\/11\/22\/os-melhores-atalhos-de-organizacao-que-transformam-o-quarto-rapidamente\/"]}]},{"@type":"ImageObject","inLanguage":"pt-BR","@id":"https:\/\/www.em.com.br\/emfoco\/2025\/11\/22\/os-melhores-atalhos-de-organizacao-que-transformam-o-quarto-rapidamente\/#primaryimage","url":"https:\/\/www.em.com.br\/emfoco\/wp-content\/uploads\/2025\/11\/organizacao-casa_1763663857683.jpg","contentUrl":"https:\/\/www.em.com.br\/emfoco\/wp-content\/uploads\/2025\/11\/organizacao-casa_1763663857683.jpg","width":1280,"height":720,"caption":"Pequenos ajustes di\u00e1rios deixam o quarto organizado e muito mais funcional - Cr\u00e9ditos: depositphotos.com \/ haveseen"},{"@type":"BreadcrumbList","@id":"https:\/\/www.em.com.br\/emfoco\/2025\/11\/22\/os-melhores-atalhos-de-organizacao-que-transformam-o-quarto-rapidamente\/#breadcrumb","itemListElement":[{"@type":"ListItem","position":1,"name":"In\u00edcio","item":"https:\/\/www.em.com.br\/emfoco\/"},{"@type":"ListItem","position":2,"name":"Os melhores atalhos de organiza\u00e7\u00e3o que transformam o quarto rapidamente"}]},{"@type":"WebSite","@id":"https:\/\/www.em.com.br\/emfoco\/#website","url":"https:\/\/www.em.com.br\/emfoco\/","name":"Estado de Minas - Em foco","description":"Acompanhe as \u00faltimas not\u00edcias e fique bem informado sobre tudo o que acontece em Minas Gerais, Brasil e no mundo.","potentialAction":[{"@type":"SearchAction","target":{"@type":"EntryPoint","urlTemplate":"https:\/\/www.em.com.br\/emfoco\/?s={search_term_string}"},"query-input":{"@type":"PropertyValueSpecification","valueRequired":true,"valueName":"search_term_string"}}],"inLanguage":"pt-BR"},{"@type":"Person","@id":"https:\/\/www.em.com.br\/emfoco\/#\/schema\/person\/1c9ddeab18b98abeffef834667bcf08a","name":"Gabriel Martins","image":{"@type":"ImageObject","inLanguage":"pt-BR","@id":"https:\/\/www.em.com.br\/emfoco\/#\/schema\/person\/image\/","url":"https:\/\/secure.gravatar.com\/avatar\/f0f1e2efdfd88f1ad2cb08c5c2731e50?s=96&d=mm&r=g","contentUrl":"https:\/\/secure.gravatar.com\/avatar\/f0f1e2efdfd88f1ad2cb08c5c2731e50?s=96&d=mm&r=g","caption":"Gabriel Martins"},"sameAs":["https:\/\/www.em.com.br\/emfoco\/"],"url":"https:\/\/www.em.com.br\/emfoco\/author\/gabrielmartinsmyth\/"}]}},"_links":{"self":[{"href":"https:\/\/www.em.com.br\/emfoco\/wp-json\/wp\/v2\/posts\/129934","targetHints":{"allow":["GET"]}}],"collection":[{"href":"https:\/\/www.em.com.br\/emfoco\/wp-json\/wp\/v2\/posts"}],"about":[{"href":"https:\/\/www.em.com.br\/emfoco\/wp-json\/wp\/v2\/types\/post"}],"author":[{"embeddable":true,"href":"https:\/\/www.em.com.br\/emfoco\/wp-json\/wp\/v2\/users\/13"}],"replies":[{"embeddable":true,"href":"https:\/\/www.em.com.br\/emfoco\/wp-json\/wp\/v2\/comments?post=129934"}],"version-history":[{"count":1,"href":"https:\/\/www.em.com.br\/emfoco\/wp-json\/wp\/v2\/posts\/129934\/revisions"}],"predecessor-version":[{"id":130010,"href":"https:\/\/www.em.com.br\/emfoco\/wp-json\/wp\/v2\/posts\/129934\/revisions\/130010"}],"wp:featuredmedia":[{"embeddable":true,"href":"https:\/\/www.em.com.br\/emfoco\/wp-json\/wp\/v2\/media\/130006"}],"wp:attachment":[{"href":"https:\/\/www.em.com.br\/emfoco\/wp-json\/wp\/v2\/media?parent=129934"}],"wp:term":[{"taxonomy":"category","embeddable":true,"href":"https:\/\/www.em.com.br\/emfoco\/wp-json\/wp\/v2\/categories?post=129934"},{"taxonomy":"post_tag","embeddable":true,"href":"https:\/\/www.em.com.br\/emfoco\/wp-json\/wp\/v2\/tags?post=129934"}],"curies":[{"name":"wp","href":"https:\/\/api.w.org\/{rel}","templated":true}]}}