{"id":129903,"date":"2025-11-21T21:55:00","date_gmt":"2025-11-22T00:55:00","guid":{"rendered":"https:\/\/www.em.com.br\/emfoco\/?p=129903"},"modified":"2025-11-20T21:50:51","modified_gmt":"2025-11-21T00:50:51","slug":"veja-a-pratica-que-elimina-o-desperdicio-e-gera-grande-economia-na-cozinha","status":"publish","type":"post","link":"https:\/\/www.em.com.br\/emfoco\/2025\/11\/21\/veja-a-pratica-que-elimina-o-desperdicio-e-gera-grande-economia-na-cozinha\/","title":{"rendered":"Veja a pr\u00e1tica que elimina o desperd\u00edcio e gera grande economia na cozinha"},"content":{"rendered":"\n<p>Manter uma casa funcional enquanto se busca sustentabilidade e economia pode ser um desafio, especialmente para mulheres acima de 45 anos que equilibram diversas responsabilidades. O uso consciente dos pequenos eletrodom\u00e9sticos \u00e9 uma estrat\u00e9gia eficaz para reduzir contas de luz e prolongar a vida \u00fatil dos aparelhos, gerando benef\u00edcios ambientais e financeiros.<\/p>\n\n\n\n<h2 class=\"wp-block-heading\">Como usar cafeteiras de forma sustent\u00e1vel?<\/h2>\n\n\n\n<p>As cafeteiras, presentes em muitos lares, tornam-se grandes aliadas quando usadas corretamente. Preparar s\u00f3 a <strong>quantidade de caf\u00e9 necess\u00e1ria<\/strong> evita o desperd\u00edcio da bebida e reduz o consumo de energia, pois reaquecimentos constantes demandam mais eletricidade.<\/p>\n\n\n\n<p>Al\u00e9m disso, optar por desligar a cafeteira imediatamente ap\u00f3s o uso e preferir modelos com sistema de desligamento autom\u00e1tico s\u00e3o medidas simples para poupar energia e aumentar a seguran\u00e7a em casa. Utilizar filtros permanentes ao inv\u00e9s dos descart\u00e1veis \u00e9 outra dica para evitar mais res\u00edduos no dia a dia.<\/p>\n\n\n<div class=\"wp-block-image\">\n<figure class=\"aligncenter size-large\"><img loading=\"lazy\" decoding=\"async\" width=\"1024\" height=\"576\" src=\"https:\/\/www.em.com.br\/emfoco\/wp-content\/uploads\/2025\/11\/cafeteira_1761411115532-1024x576.jpg\" alt=\"A manuten\u00e7\u00e3o silenciosa prolonga a vida da cafeteira por anos a fio\" class=\"wp-image-125793\" srcset=\"https:\/\/www.em.com.br\/emfoco\/wp-content\/uploads\/2025\/11\/cafeteira_1761411115532-1024x576.jpg 1024w, https:\/\/www.em.com.br\/emfoco\/wp-content\/uploads\/2025\/11\/cafeteira_1761411115532-300x169.jpg 300w, https:\/\/www.em.com.br\/emfoco\/wp-content\/uploads\/2025\/11\/cafeteira_1761411115532-768x432.jpg 768w, https:\/\/www.em.com.br\/emfoco\/wp-content\/uploads\/2025\/11\/cafeteira_1761411115532-750x422.jpg 750w, https:\/\/www.em.com.br\/emfoco\/wp-content\/uploads\/2025\/11\/cafeteira_1761411115532-1140x641.jpg 1140w, https:\/\/www.em.com.br\/emfoco\/wp-content\/uploads\/2025\/11\/cafeteira_1761411115532.jpg 1280w\" sizes=\"auto, (max-width: 1024px) 100vw, 1024px\" \/><figcaption class=\"wp-element-caption\">Pr\u00e1tica simples que reduz desperd\u00edcio e aumenta a economia na cozinha &#8211; Cr\u00e9ditos: depositphotos.com \/ HayDmitriy<\/figcaption><\/figure><\/div>\n\n\n<h2 class=\"wp-block-heading\">Como otimizar o uso do micro-ondas?<\/h2>\n\n\n\n<p>O micro-ondas, s\u00edmbolo de praticidade, pode ser utilizado de maneira ainda mais econ\u00f4mica. Aquecer alimentos em por\u00e7\u00f5es menores diminui o tempo de funcionamento, contribuindo para uma <a href=\"https:\/\/www.gov.br\/mds\/pt-br\/acoes-e-programas\/suas\/beneficios-assistenciais\/tarifa-social-de-energia\" target=\"_blank\" rel=\"noreferrer noopener\">conta de luz reduzida<\/a> e resultados culin\u00e1rios melhores, j\u00e1 que o aquecimento acontece de forma uniforme.<\/p>\n\n\n\n<p>A seguir, veja dicas importantes para otimizar o uso do micro-ondas e garantir efici\u00eancia:<\/p>\n\n\n\n<ul class=\"wp-block-list\">\n<li>Divida os alimentos em por\u00e7\u00f5es pequenas para um aquecimento mais r\u00e1pido.<\/li>\n\n\n\n<li>Utilize recipientes apropriados para micro-ondas, evitando perdas de energia.<\/li>\n\n\n\n<li>Limpe o interior regularmente, pois res\u00edduos dificultam a efici\u00eancia do aparelho.<\/li>\n\n\n\n<li>Retire alimentos da geladeira um pouco antes, para economizar energia durante o aquecimento.<\/li>\n<\/ul>\n\n\n\n<h2 class=\"wp-block-heading\">Como usar o ferro de passar com efici\u00eancia?<\/h2>\n\n\n\n<p>Muitas pessoas consideram o ferro de passar um dos grandes vil\u00f5es do consumo energ\u00e9tico. No entanto, com alguns h\u00e1bitos, \u00e9 poss\u00edvel torn\u00e1-lo mais eficiente. Passar roupas em lotes aproveita o calor acumulado, reduzindo o tempo de uso e a necessidade de reaquecimento.<\/p>\n\n\n\n<p>Durante pausas, desligue o ferro para n\u00e3o desperdi\u00e7ar energia. Isso ajuda n\u00e3o apenas na economia, mas tamb\u00e9m na manuten\u00e7\u00e3o do aparelho, j\u00e1 que evita o superaquecimento e outros poss\u00edveis danos. Regular a temperatura de acordo com o tipo de tecido tamb\u00e9m contribui para uma maior efici\u00eancia e cuidado com as roupas.<\/p>\n\n\n\n<p>Leia mais: <a href=\"https:\/\/www.em.com.br\/emfoco\/2025\/11\/19\/o-jeito-mais-facil-de-ter-temperos-frescos-e-saborosos-todos-os-dias-na-sua-cozinha\/\" target=\"_blank\" rel=\"noreferrer noopener\">O jeito mais f\u00e1cil de ter temperos frescos e saborosos todos os dias na sua cozinha<\/a><\/p>\n\n\n\n<h2 class=\"wp-block-heading\">Por que desligar aparelhos ap\u00f3s o uso?<\/h2>\n\n\n\n<p>Retirar os eletrodom\u00e9sticos da tomada ap\u00f3s o uso \u00e9 uma medida simples, mas efetiva. Mesmo desligados, muitos aparelhos seguem consumindo energia, gerando o chamado &#8220;<strong>consumo silencioso<\/strong>&#8220;.<\/p>\n\n\n\n<p>Esse h\u00e1bito n\u00e3o s\u00f3 reduz o gasto energ\u00e9tico e corta custos na conta de luz, como tamb\u00e9m contribui para prolongar a vida \u00fatil dos aparelhos, minimizando desgastes el\u00e9tricos ao longo do tempo. Investir em tomadas inteligentes tamb\u00e9m pode facilitar o monitoramento e controle desses consumos ocultos.<\/p>\n\n\n\n<p>Em resumo, pequenas mudan\u00e7as na rotina com os eletrodom\u00e9sticos impactam positivamente no or\u00e7amento dom\u00e9stico e no tempo de vida desses equipamentos. Pr\u00e1ticas simples promovem um estilo de vida mais sustent\u00e1vel e funcional, facilitando o dia a dia de mulheres que desejam efici\u00eancia e economia em suas casas.<\/p>\n","protected":false},"excerpt":{"rendered":"<p>Manter uma casa funcional enquanto se busca sustentabilidade e economia pode ser um desafio, especialmente para mulheres acima de 45 anos que equilibram diversas responsabilidades. O uso consciente dos pequenos eletrodom\u00e9sticos \u00e9 uma estrat\u00e9gia eficaz para reduzir contas de luz e prolongar a vida \u00fatil dos aparelhos, gerando benef\u00edcios ambientais e financeiros. Como usar cafeteiras [&hellip;]<\/p>\n","protected":false},"author":20,"featured_media":114212,"comment_status":"open","ping_status":"open","sticky":false,"template":"","format":"standard","meta":{"jnews-multi-image_gallery":[],"jnews_single_post":{"format":"standard"},"jnews_primary_category":[],"jnews_social_meta":[],"jnews_override_counter":[],"footnotes":""},"categories":[28,1],"tags":[17024,5675],"class_list":["post-129903","post","type-post","status-publish","format-standard","has-post-thumbnail","hentry","category-economia","category-noticias","tag-contas","tag-eletrodomesticos"],"yoast_head":"<!-- This site is optimized with the Yoast SEO plugin v23.8 - https:\/\/yoast.com\/wordpress\/plugins\/seo\/ -->\n<title>Veja a pr\u00e1tica que elimina o desperd\u00edcio e gera grande economia na cozinha - Estado de Minas - Em foco<\/title>\n<meta name=\"description\" content=\"Veja a pr\u00e1tica que elimina o desperd\u00edcio e gera grande economia na cozinha com passos simples para otimizar gastos e aproveitar melhor tudo.\" \/>\n<meta name=\"robots\" content=\"index, follow, max-snippet:-1, max-image-preview:large, max-video-preview:-1\" \/>\n<link rel=\"canonical\" href=\"https:\/\/www.em.com.br\/emfoco\/2025\/11\/21\/veja-a-pratica-que-elimina-o-desperdicio-e-gera-grande-economia-na-cozinha\/\" \/>\n<meta property=\"og:locale\" content=\"pt_BR\" \/>\n<meta property=\"og:type\" content=\"article\" \/>\n<meta property=\"og:title\" content=\"Veja a pr\u00e1tica que elimina o desperd\u00edcio e gera grande economia na cozinha - Estado de Minas - Em foco\" \/>\n<meta property=\"og:description\" content=\"Veja a pr\u00e1tica que elimina o desperd\u00edcio e gera grande economia na cozinha com passos simples para otimizar gastos e aproveitar melhor tudo.\" \/>\n<meta property=\"og:url\" content=\"https:\/\/www.em.com.br\/emfoco\/2025\/11\/21\/veja-a-pratica-que-elimina-o-desperdicio-e-gera-grande-economia-na-cozinha\/\" \/>\n<meta property=\"og:site_name\" content=\"Estado de Minas - Em foco\" \/>\n<meta property=\"article:published_time\" content=\"2025-11-22T00:55:00+00:00\" \/>\n<meta property=\"article:modified_time\" content=\"2025-11-21T00:50:51+00:00\" \/>\n<meta property=\"og:image\" content=\"https:\/\/www.em.com.br\/emfoco\/wp-content\/uploads\/2025\/10\/cozinha-vintage_1757146975358.jpg\" \/>\n\t<meta property=\"og:image:width\" content=\"1280\" \/>\n\t<meta property=\"og:image:height\" content=\"720\" \/>\n\t<meta property=\"og:image:type\" content=\"image\/jpeg\" \/>\n<meta name=\"author\" content=\"Ingrid Diniz\" \/>\n<meta name=\"twitter:card\" content=\"summary_large_image\" \/>\n<meta name=\"twitter:label1\" content=\"Escrito por\" \/>\n\t<meta name=\"twitter:data1\" content=\"Ingrid Diniz\" \/>\n\t<meta name=\"twitter:label2\" content=\"Est. tempo de leitura\" \/>\n\t<meta name=\"twitter:data2\" content=\"4 minutos\" \/>\n<!-- \/ Yoast SEO plugin. -->","yoast_head_json":{"title":"Veja a pr\u00e1tica que elimina o desperd\u00edcio e gera grande economia na cozinha - Estado de Minas - Em foco","description":"Veja a pr\u00e1tica que elimina o desperd\u00edcio e gera grande economia na cozinha com passos simples para otimizar gastos e aproveitar melhor tudo.","robots":{"index":"index","follow":"follow","max-snippet":"max-snippet:-1","max-image-preview":"max-image-preview:large","max-video-preview":"max-video-preview:-1"},"canonical":"https:\/\/www.em.com.br\/emfoco\/2025\/11\/21\/veja-a-pratica-que-elimina-o-desperdicio-e-gera-grande-economia-na-cozinha\/","og_locale":"pt_BR","og_type":"article","og_title":"Veja a pr\u00e1tica que elimina o desperd\u00edcio e gera grande economia na cozinha - Estado de Minas - Em foco","og_description":"Veja a pr\u00e1tica que elimina o desperd\u00edcio e gera grande economia na cozinha com passos simples para otimizar gastos e aproveitar melhor tudo.","og_url":"https:\/\/www.em.com.br\/emfoco\/2025\/11\/21\/veja-a-pratica-que-elimina-o-desperdicio-e-gera-grande-economia-na-cozinha\/","og_site_name":"Estado de Minas - Em foco","article_published_time":"2025-11-22T00:55:00+00:00","article_modified_time":"2025-11-21T00:50:51+00:00","og_image":[{"width":1280,"height":720,"url":"https:\/\/www.em.com.br\/emfoco\/wp-content\/uploads\/2025\/10\/cozinha-vintage_1757146975358.jpg","type":"image\/jpeg"}],"author":"Ingrid Diniz","twitter_card":"summary_large_image","twitter_misc":{"Escrito por":"Ingrid Diniz","Est. tempo de leitura":"4 minutos"},"schema":{"@context":"https:\/\/schema.org","@graph":[{"@type":"WebPage","@id":"https:\/\/www.em.com.br\/emfoco\/2025\/11\/21\/veja-a-pratica-que-elimina-o-desperdicio-e-gera-grande-economia-na-cozinha\/","url":"https:\/\/www.em.com.br\/emfoco\/2025\/11\/21\/veja-a-pratica-que-elimina-o-desperdicio-e-gera-grande-economia-na-cozinha\/","name":"Veja a pr\u00e1tica que elimina o desperd\u00edcio e gera grande economia na cozinha - Estado de Minas - Em foco","isPartOf":{"@id":"https:\/\/www.em.com.br\/emfoco\/#website"},"primaryImageOfPage":{"@id":"https:\/\/www.em.com.br\/emfoco\/2025\/11\/21\/veja-a-pratica-que-elimina-o-desperdicio-e-gera-grande-economia-na-cozinha\/#primaryimage"},"image":{"@id":"https:\/\/www.em.com.br\/emfoco\/2025\/11\/21\/veja-a-pratica-que-elimina-o-desperdicio-e-gera-grande-economia-na-cozinha\/#primaryimage"},"thumbnailUrl":"https:\/\/www.em.com.br\/emfoco\/wp-content\/uploads\/2025\/10\/cozinha-vintage_1757146975358.jpg","datePublished":"2025-11-22T00:55:00+00:00","dateModified":"2025-11-21T00:50:51+00:00","author":{"@id":"https:\/\/www.em.com.br\/emfoco\/#\/schema\/person\/649e610b4eb8fff87ff394e54fe17b2b"},"description":"Veja a pr\u00e1tica que elimina o desperd\u00edcio e gera grande economia na cozinha com passos simples para otimizar gastos e aproveitar melhor tudo.","breadcrumb":{"@id":"https:\/\/www.em.com.br\/emfoco\/2025\/11\/21\/veja-a-pratica-que-elimina-o-desperdicio-e-gera-grande-economia-na-cozinha\/#breadcrumb"},"inLanguage":"pt-BR","potentialAction":[{"@type":"ReadAction","target":["https:\/\/www.em.com.br\/emfoco\/2025\/11\/21\/veja-a-pratica-que-elimina-o-desperdicio-e-gera-grande-economia-na-cozinha\/"]}]},{"@type":"ImageObject","inLanguage":"pt-BR","@id":"https:\/\/www.em.com.br\/emfoco\/2025\/11\/21\/veja-a-pratica-que-elimina-o-desperdicio-e-gera-grande-economia-na-cozinha\/#primaryimage","url":"https:\/\/www.em.com.br\/emfoco\/wp-content\/uploads\/2025\/10\/cozinha-vintage_1757146975358.jpg","contentUrl":"https:\/\/www.em.com.br\/emfoco\/wp-content\/uploads\/2025\/10\/cozinha-vintage_1757146975358.jpg","width":1280,"height":720,"caption":"Como criar uma casa relaxante no dia a dia - Cr\u00e9ditos: depositphotos.com \/ IgorVetushko"},{"@type":"BreadcrumbList","@id":"https:\/\/www.em.com.br\/emfoco\/2025\/11\/21\/veja-a-pratica-que-elimina-o-desperdicio-e-gera-grande-economia-na-cozinha\/#breadcrumb","itemListElement":[{"@type":"ListItem","position":1,"name":"In\u00edcio","item":"https:\/\/www.em.com.br\/emfoco\/"},{"@type":"ListItem","position":2,"name":"Veja a pr\u00e1tica que elimina o desperd\u00edcio e gera grande economia na cozinha"}]},{"@type":"WebSite","@id":"https:\/\/www.em.com.br\/emfoco\/#website","url":"https:\/\/www.em.com.br\/emfoco\/","name":"Estado de Minas - Em foco","description":"Acompanhe as \u00faltimas not\u00edcias e fique bem informado sobre tudo o que acontece em Minas Gerais, Brasil e no mundo.","potentialAction":[{"@type":"SearchAction","target":{"@type":"EntryPoint","urlTemplate":"https:\/\/www.em.com.br\/emfoco\/?s={search_term_string}"},"query-input":{"@type":"PropertyValueSpecification","valueRequired":true,"valueName":"search_term_string"}}],"inLanguage":"pt-BR"},{"@type":"Person","@id":"https:\/\/www.em.com.br\/emfoco\/#\/schema\/person\/649e610b4eb8fff87ff394e54fe17b2b","name":"Ingrid Diniz","image":{"@type":"ImageObject","inLanguage":"pt-BR","@id":"https:\/\/www.em.com.br\/emfoco\/#\/schema\/person\/image\/","url":"https:\/\/secure.gravatar.com\/avatar\/a3baa1449ec5c39b4c42babc9d4f3951?s=96&d=mm&r=g","contentUrl":"https:\/\/secure.gravatar.com\/avatar\/a3baa1449ec5c39b4c42babc9d4f3951?s=96&d=mm&r=g","caption":"Ingrid Diniz"},"sameAs":["https:\/\/www.em.com.br\/"],"url":"https:\/\/www.em.com.br\/emfoco\/author\/ingridmyth\/"}]}},"_links":{"self":[{"href":"https:\/\/www.em.com.br\/emfoco\/wp-json\/wp\/v2\/posts\/129903","targetHints":{"allow":["GET"]}}],"collection":[{"href":"https:\/\/www.em.com.br\/emfoco\/wp-json\/wp\/v2\/posts"}],"about":[{"href":"https:\/\/www.em.com.br\/emfoco\/wp-json\/wp\/v2\/types\/post"}],"author":[{"embeddable":true,"href":"https:\/\/www.em.com.br\/emfoco\/wp-json\/wp\/v2\/users\/20"}],"replies":[{"embeddable":true,"href":"https:\/\/www.em.com.br\/emfoco\/wp-json\/wp\/v2\/comments?post=129903"}],"version-history":[{"count":2,"href":"https:\/\/www.em.com.br\/emfoco\/wp-json\/wp\/v2\/posts\/129903\/revisions"}],"predecessor-version":[{"id":130222,"href":"https:\/\/www.em.com.br\/emfoco\/wp-json\/wp\/v2\/posts\/129903\/revisions\/130222"}],"wp:featuredmedia":[{"embeddable":true,"href":"https:\/\/www.em.com.br\/emfoco\/wp-json\/wp\/v2\/media\/114212"}],"wp:attachment":[{"href":"https:\/\/www.em.com.br\/emfoco\/wp-json\/wp\/v2\/media?parent=129903"}],"wp:term":[{"taxonomy":"category","embeddable":true,"href":"https:\/\/www.em.com.br\/emfoco\/wp-json\/wp\/v2\/categories?post=129903"},{"taxonomy":"post_tag","embeddable":true,"href":"https:\/\/www.em.com.br\/emfoco\/wp-json\/wp\/v2\/tags?post=129903"}],"curies":[{"name":"wp","href":"https:\/\/api.w.org\/{rel}","templated":true}]}}